{"id":1007,"date":"2022-08-18T07:33:00","date_gmt":"2022-08-18T05:33:00","guid":{"rendered":"https:\/\/mia.phtg.ch\/?p=1007"},"modified":"2022-08-18T07:31:41","modified_gmt":"2022-08-18T05:31:41","slug":"natech-digital-angebot-fuer-schulklassen-des-2-zyklus","status":"publish","type":"post","link":"https:\/\/mia.phtg.ch\/?p=1007","title":{"rendered":"NaTech digital &#8211; Angebot f\u00fcr Schulklassen des 2. Zyklus um ein Jahr verl\u00e4ngert!"},"content":{"rendered":"\n<p><strong>Die P\u00e4dagogischen Hochschule Thurgau bietet Projektwochen f\u00fcr Schulen an, bei denen das Experimentieren, T\u00fcfteln und Erfinden im Zentrum stehen. Naturwissenschaftliche und technische Themen werden dabei mit Medien und Informatik verkn\u00fcpft.&nbsp;<\/strong><\/p>\n\n\n\n<p><a rel=\"noreferrer noopener\" href=\"https:\/\/www.phtg.ch\/fileadmin\/dateiablage\/20_Weiterbildung\/INWB_Kurse\/Dokumente\/NaTech_digital_220513.pdf\" data-type=\"URL\" data-id=\"https:\/\/www.phtg.ch\/fileadmin\/dateiablage\/20_Weiterbildung\/INWB_Kurse\/Dokumente\/NaTech_digital_220513.pdf\" target=\"_blank\"><strong>Projektflyer NaTech digitalErkl\u00e4rvideos NaTech digitalMaterialien NaTech digita<\/strong><\/a><a href=\"https:\/\/www.phtg.ch\/weiterbildung\/uebersicht\/individuelle-weiterbildung\/medien-und-informatik\/natech-digital\/materialien\/\"><strong>l<\/strong><\/a><\/p>\n\n\n\n<p>In Kooperation mit der IHK (Industrie- und Handelskammer) wurden drei Themenbereiche fokussiert, zu welchen je eine Material-Kiste mit verschiedenen Experimentiermaterialien zum T\u00fcfteln entwickelt wurde. Die Kooperation konnte nun um ein Jahr verl\u00e4ngert werden, <strong>also bis Ende 2023!<\/strong><\/p>\n\n\n\n<h4 class=\"wp-block-heading\">Themen der Material-Kisten<\/h4>\n\n\n\n<ul class=\"wp-block-list\"><li><strong>Spiele entwickeln<\/strong> (Bsp. Heisser Draht oder Angelspiel)<\/li><li><strong>Smart Home<\/strong> (Bsp. Lichtanlage, die nur leuchtet, wenn jemand davor steht)<\/li><li><strong>Alltagsger\u00e4te selber bauen<\/strong> (Bsp. Ventilator, der sich ab 22 Grad selbst einschaltet)<\/li><\/ul>\n\n\n\n<p>Als Grundlage dient jeweils der Microcontroller<strong> <a aria-label=\" (\u00f6ffnet in neuem Tab)\" rel=\"noreferrer noopener\" href=\"https:\/\/calliope.cc\/\" target=\"_blank\">Calliope Mini<\/a><\/strong>, welchen die Sch\u00fclerinnen und Sch\u00fcler selber programmieren. <\/p>\n\n\n\n<h4 class=\"wp-block-heading\">Detaillierte Informationen<\/h4>\n\n\n\n<p>Die Projektwoche kann auf zwei unterschiedliche Varianten durchgef\u00fchrt werden: Das &#171;Rundum-sorglos-Paket&#187; oder das &#171;Mach-ich-selber-Paket&#187;. Weitere Informationen und Preise sind aus dem<strong> <a rel=\"noreferrer noopener\" href=\"https:\/\/www.phtg.ch\/fileadmin\/dateiablage\/20_Weiterbildung\/INWB_Kurse\/Dokumente\/NaTech_digital_220513.pdf\" data-type=\"URL\" data-id=\"https:\/\/www.phtg.ch\/fileadmin\/dateiablage\/20_Weiterbildung\/INWB_Kurse\/Dokumente\/NaTech_digital_220513.pdf\" target=\"_blank\">Flyer<\/a><\/strong> zu entnehmen.<\/p>\n\n\n\n<h4 class=\"wp-block-heading\">Einf\u00fchrungsveranstaltungen<\/h4>\n\n\n\n<p>Die Einf\u00fchrungsveranstaltung gibt Ihnen einen Einblick in die Organisation und die Inhalte der Projektwoche. Es k\u00f6nnen auch mehrere Lehrpersonen eines Schulhauses an der Einf\u00fchrung teilnehmen.<br>Termine der n\u00e4chsten Einf\u00fchrungsveranstaltungen an der PHTG von 13:30 bis 17:00 Uhr:<\/p>\n\n\n\n<ul class=\"wp-block-list\"><li><strong>11. Januar 2023<\/strong><\/li><li><strong>24. August 2023<\/strong><\/li><\/ul>\n\n\n\n<h4 class=\"wp-block-heading\">Anmeldung<\/h4>\n\n\n\n<p>Auf der <strong><a rel=\"noreferrer noopener\" href=\"https:\/\/www.phtg.ch\/de\/weiterbildung\/uebersicht\/individuelle-weiterbildung\/medien-und-informatik\/natech-digital\/\" data-type=\"URL\" data-id=\"https:\/\/www.phtg.ch\/de\/weiterbildung\/uebersicht\/individuelle-weiterbildung\/medien-und-informatik\/natech-digital\/\" target=\"_blank\">Website der PHTG<\/a> <\/strong>kann man sich f\u00fcr die Einf\u00fchrungsveranstaltungen oder auch direkt f\u00fcr die Projektwoche anmelden.<\/p>\n<div data-animation=\"no-animation\" data-icons-animation=\"no-animation\" data-overlay=\"\" data-change-size=\"\" data-button-size=\"0.7\" style=\"font-size:0.7em!important;display:none;\" class=\"supsystic-social-sharing supsystic-social-sharing-package-flat supsystic-social-sharing-spacing supsystic-social-sharing-content supsystic-social-sharing-content-align-left\" data-text=\"\"><a data-networks=\"[]\" class=\"social-sharing-button sharer-flat sharer-flat-1 counter-standard without-counter tooltip-icon facebook\" target=\"_blank\" title=\"auf Facebook teilen\" href=\"http:\/\/www.facebook.com\/sharer.php?u=https%3A%2F%2Fmia.phtg.ch%2F%3Fp%3D1007\" data-main-href=\"http:\/\/www.facebook.com\/sharer.php?u={url}\" data-nid=\"1\" data-name=\"\" data-pid=\"1\" data-post-id=\"1007\" data-url=\"https:\/\/mia.phtg.ch\/wp-admin\/admin-ajax.php\" rel=\"nofollow\" data-mailto=\"\"><i class=\"fa-ssbs fa-ssbs-fw fa-ssbs-facebook\"><\/i><div class=\"counter-wrap standard\"><span class=\"counter\">0<\/span><\/div><\/a><a data-networks=\"[]\" class=\"social-sharing-button sharer-flat sharer-flat-1 counter-standard without-counter tooltip-icon twitter\" target=\"_blank\" title=\"auf Twitter teilen\" href=\"https:\/\/twitter.com\/share?url=https%3A%2F%2Fmia.phtg.ch%2F%3Fp%3D1007&text=NaTech+digital+%26%238211%3B+Angebot+f%C3%BCr+Schulklassen+des+2.+Zyklus+um+ein+Jahr+verl%C3%A4ngert%21\" data-main-href=\"https:\/\/twitter.com\/share?url={url}&text={title}\" data-nid=\"2\" data-name=\"\" data-pid=\"1\" data-post-id=\"1007\" data-url=\"https:\/\/mia.phtg.ch\/wp-admin\/admin-ajax.php\" rel=\"nofollow\" data-mailto=\"\"><i class=\"fa-ssbs fa-ssbs-fw fa-ssbs-twitter\"><\/i><div class=\"counter-wrap standard\"><span class=\"counter\">1<\/span><\/div><\/a><a data-networks=\"[]\" class=\"social-sharing-button sharer-flat sharer-flat-1 counter-standard without-counter tooltip-icon linkedin\" target=\"_blank\" title=\"auf Linkedin teilen\" href=\"https:\/\/www.linkedin.com\/shareArticle?mini=true&title=NaTech+digital+%26%238211%3B+Angebot+f%C3%BCr+Schulklassen+des+2.+Zyklus+um+ein+Jahr+verl%C3%A4ngert%21&url=https%3A%2F%2Fmia.phtg.ch%2F%3Fp%3D1007\" data-main-href=\"https:\/\/www.linkedin.com\/shareArticle?mini=true&title={title}&url={url}\" data-nid=\"13\" data-name=\"\" data-pid=\"1\" data-post-id=\"1007\" data-url=\"https:\/\/mia.phtg.ch\/wp-admin\/admin-ajax.php\" rel=\"nofollow\" data-mailto=\"\"><i class=\"fa-ssbs fa-ssbs-fw fa-ssbs-linkedin\"><\/i><div class=\"counter-wrap standard\"><span class=\"counter\">0<\/span><\/div><\/a><a data-networks=\"[]\" class=\"social-sharing-button sharer-flat sharer-flat-1 counter-standard without-counter tooltip-icon mail\" target=\"_blank\" title=\"per E-Mail teilen\" href=\"#\" data-main-href=\"#\" data-nid=\"16\" data-name=\"\" data-pid=\"1\" data-post-id=\"1007\" data-url=\"https:\/\/mia.phtg.ch\/wp-admin\/admin-ajax.php\" rel=\"nofollow\" data-mailto=\"\"><i class=\"fa-ssbs fa-ssbs-fw fa-ssbs-envelope-o\"><\/i><div class=\"counter-wrap standard\"><span class=\"counter\">0<\/span><\/div><\/a><\/div>","protected":false},"excerpt":{"rendered":"<p>Die P\u00e4dagogischen Hochschule Thurgau bietet Projektwochen f\u00fcr Schulen an, bei denen das Experimentieren, T\u00fcfteln und Erfinden im Zentrum stehen. Naturwissenschaftliche und technische Themen werden dabei&hellip;<\/p>\n<div data-animation=\"no-animation\" data-icons-animation=\"no-animation\" data-overlay=\"\" data-change-size=\"\" data-button-size=\"0.7\" style=\"font-size:0.7em!important;display:none;\" class=\"supsystic-social-sharing supsystic-social-sharing-package-flat supsystic-social-sharing-spacing supsystic-social-sharing-content supsystic-social-sharing-content-align-left\" data-text=\"\"><a data-networks=\"[]\" class=\"social-sharing-button sharer-flat sharer-flat-1 counter-standard without-counter tooltip-icon facebook\" target=\"_blank\" title=\"auf Facebook teilen\" href=\"http:\/\/www.facebook.com\/sharer.php?u=https%3A%2F%2Fmia.phtg.ch%2F%3Fp%3D1007\" data-main-href=\"http:\/\/www.facebook.com\/sharer.php?u={url}\" data-nid=\"1\" data-name=\"\" data-pid=\"1\" data-post-id=\"1007\" data-url=\"https:\/\/mia.phtg.ch\/wp-admin\/admin-ajax.php\" rel=\"nofollow\" data-mailto=\"\"><i class=\"fa-ssbs fa-ssbs-fw fa-ssbs-facebook\"><\/i><div class=\"counter-wrap standard\"><span class=\"counter\">0<\/span><\/div><\/a><a data-networks=\"[]\" class=\"social-sharing-button sharer-flat sharer-flat-1 counter-standard without-counter tooltip-icon twitter\" target=\"_blank\" title=\"auf Twitter teilen\" href=\"https:\/\/twitter.com\/share?url=https%3A%2F%2Fmia.phtg.ch%2F%3Fp%3D1007&text=NaTech+digital+%26%238211%3B+Angebot+f%C3%BCr+Schulklassen+des+2.+Zyklus+um+ein+Jahr+verl%C3%A4ngert%21\" data-main-href=\"https:\/\/twitter.com\/share?url={url}&text={title}\" data-nid=\"2\" data-name=\"\" data-pid=\"1\" data-post-id=\"1007\" data-url=\"https:\/\/mia.phtg.ch\/wp-admin\/admin-ajax.php\" rel=\"nofollow\" data-mailto=\"\"><i class=\"fa-ssbs fa-ssbs-fw fa-ssbs-twitter\"><\/i><div class=\"counter-wrap standard\"><span class=\"counter\">1<\/span><\/div><\/a><a data-networks=\"[]\" class=\"social-sharing-button sharer-flat sharer-flat-1 counter-standard without-counter tooltip-icon linkedin\" target=\"_blank\" title=\"auf Linkedin teilen\" href=\"https:\/\/www.linkedin.com\/shareArticle?mini=true&title=NaTech+digital+%26%238211%3B+Angebot+f%C3%BCr+Schulklassen+des+2.+Zyklus+um+ein+Jahr+verl%C3%A4ngert%21&url=https%3A%2F%2Fmia.phtg.ch%2F%3Fp%3D1007\" data-main-href=\"https:\/\/www.linkedin.com\/shareArticle?mini=true&title={title}&url={url}\" data-nid=\"13\" data-name=\"\" data-pid=\"1\" data-post-id=\"1007\" data-url=\"https:\/\/mia.phtg.ch\/wp-admin\/admin-ajax.php\" rel=\"nofollow\" data-mailto=\"\"><i class=\"fa-ssbs fa-ssbs-fw fa-ssbs-linkedin\"><\/i><div class=\"counter-wrap standard\"><span class=\"counter\">0<\/span><\/div><\/a><a data-networks=\"[]\" class=\"social-sharing-button sharer-flat sharer-flat-1 counter-standard without-counter tooltip-icon mail\" target=\"_blank\" title=\"per E-Mail teilen\" href=\"#\" data-main-href=\"#\" data-nid=\"16\" data-name=\"\" data-pid=\"1\" data-post-id=\"1007\" data-url=\"https:\/\/mia.phtg.ch\/wp-admin\/admin-ajax.php\" rel=\"nofollow\" data-mailto=\"\"><i class=\"fa-ssbs fa-ssbs-fw fa-ssbs-envelope-o\"><\/i><div class=\"counter-wrap standard\"><span class=\"counter\">0<\/span><\/div><\/a><\/div>","protected":false},"author":16,"featured_media":1027,"comment_status":"open","ping_status":"open","sticky":false,"template":"","format":"standard","meta":{"footnotes":""},"categories":[25,131,23,24,38,137],"tags":[175,181,26,89,176,178,180,179],"class_list":["post-1007","post","type-post","status-publish","format-standard","has-post-thumbnail","hentry","category-anwendungskompetenzen","category-digitale-transformation","category-informatik","category-mia","category-phtg","category-unterricht","tag-calliope-mini","tag-digital","tag-informatik","tag-making","tag-natur-und-technik","tag-nmg","tag-projektwoche","tag-tuefteln"],"_links":{"self":[{"href":"https:\/\/mia.phtg.ch\/index.php?rest_route=\/wp\/v2\/posts\/1007","targetHints":{"allow":["GET"]}}],"collection":[{"href":"https:\/\/mia.phtg.ch\/index.php?rest_route=\/wp\/v2\/posts"}],"about":[{"href":"https:\/\/mia.phtg.ch\/index.php?rest_route=\/wp\/v2\/types\/post"}],"author":[{"embeddable":true,"href":"https:\/\/mia.phtg.ch\/index.php?rest_route=\/wp\/v2\/users\/16"}],"replies":[{"embeddable":true,"href":"https:\/\/mia.phtg.ch\/index.php?rest_route=%2Fwp%2Fv2%2Fcomments&post=1007"}],"version-history":[{"count":12,"href":"https:\/\/mia.phtg.ch\/index.php?rest_route=\/wp\/v2\/posts\/1007\/revisions"}],"predecessor-version":[{"id":4076,"href":"https:\/\/mia.phtg.ch\/index.php?rest_route=\/wp\/v2\/posts\/1007\/revisions\/4076"}],"wp:featuredmedia":[{"embeddable":true,"href":"https:\/\/mia.phtg.ch\/index.php?rest_route=\/wp\/v2\/media\/1027"}],"wp:attachment":[{"href":"https:\/\/mia.phtg.ch\/index.php?rest_route=%2Fwp%2Fv2%2Fmedia&parent=1007"}],"wp:term":[{"taxonomy":"category","embeddable":true,"href":"https:\/\/mia.phtg.ch\/index.php?rest_route=%2Fwp%2Fv2%2Fcategories&post=1007"},{"taxonomy":"post_tag","embeddable":true,"href":"https:\/\/mia.phtg.ch\/index.php?rest_route=%2Fwp%2Fv2%2Ftags&post=1007"}],"curies":[{"name":"wp","href":"https:\/\/api.w.org\/{rel}","templated":true}]}}