{"id":1059,"date":"2019-10-04T08:11:53","date_gmt":"2019-10-04T06:11:53","guid":{"rendered":"https:\/\/mia.phtg.ch\/?p=1059"},"modified":"2019-10-04T08:11:54","modified_gmt":"2019-10-04T06:11:54","slug":"lehrmittelbezuege-im-plami","status":"publish","type":"post","link":"https:\/\/mia.phtg.ch\/?p=1059","title":{"rendered":"Lehrmittelbez\u00fcge im PLAMI"},"content":{"rendered":"\n<p>Das <a rel=\"noreferrer noopener\" aria-label=\"Planungsinstrument (\u00f6ffnet in neuem Tab)\" href=\"https:\/\/av.tg.ch\/public\/upload\/assets\/67413\/PLAMI_Information.pdf\" target=\"_blank\"><strong>Planungsinstrument<\/strong><\/a> f\u00fcr die Umsetzung des Moduls Medien und Informatik im Unterricht vom <a rel=\"noreferrer noopener\" aria-label=\"Amt f\u00fcr Volksschule Thurgau (\u00f6ffnet in neuem Tab)\" href=\"https:\/\/av.tg.ch\/angebote-und-beratung\/angebote-zu-unterrichtsthemen\/ict\/planung-entwicklungsprozess.html\/8000\" target=\"_blank\"><strong>Amt f\u00fcr Volksschule Thurgau<\/strong><\/a> richtet sich an die Lehrpersonen und Schulhausteams aller Zyklen. In Form einer Excel-Tabelle werden die Kompetenzziele mit ihren Querverweisen zu anderen Fachbereichen sichtbar gemacht.<\/p>\n\n\n\n<p>F\u00fcr die Planung und Absprache, an welchen Kompetenzen in welcher Stufe mit den Sch\u00fclerinnen und Sch\u00fclern gearbeitet wird, kann das Tool Unterst\u00fctzung bieten und an die lokalen Gegebenheiten angepasst werden.<\/p>\n\n\n\n<p>Oftmals bieten bereits die eingesetzten Lehrmittel einen direkten Ansatzpunkt, um an einer Kompetenz aus Medien und Informatik zu arbeiten. Deshalb beinhaltet die hier verf\u00fcgbar PLAMI-Version Verweise zu den <a rel=\"noreferrer noopener\" aria-label=\"obligatorischen Lehrmitteln des Kantons Thurgau (\u00f6ffnet in neuem Tab)\" href=\"https:\/\/av.tg.ch\/public\/upload\/assets\/62147\/Lehrmittelkatalog2019.pdf\" target=\"_blank\"><strong>obligatorischen Lehrmitteln des Kantons Thurgau<\/strong><\/a> aus den Fachbereichen Mathematik und Sprachen.<\/p>\n\n\n\n<div class=\"wp-block-file\"><a href=\"https:\/\/mia.phtg.ch\/wp-content\/uploads\/2019\/10\/PLAMI_Lehrmittelverweise.xlsx\">PLAMI_Lehrmittelverweise<\/a><a href=\"https:\/\/mia.phtg.ch\/wp-content\/uploads\/2019\/10\/PLAMI_Lehrmittelverweise.xlsx\" class=\"wp-block-file__button\" download>Herunterladen<\/a><\/div>\n\n\n\n<p>In den Deutschlehrmittel \u00abDie Sprachstarken 5 &#8211; 9\u00bb und in den Mathematik-Lehrmitteln \u00abMathematik 3 &#8211; 9\u00bb (<a rel=\"noreferrer noopener\" aria-label=\"ILZ (\u00f6ffnet in neuem Tab)\" href=\"https:\/\/www.ilz.ch\/cms\/index.php\" target=\"_blank\"><strong>ILZ<\/strong><\/a>), \u00abSchweizer Zahlenbuch\u00bb und \u00abMathbuch\u00bb (<strong><a rel=\"noreferrer noopener\" aria-label=\" (\u00f6ffnet in neuem Tab)\" href=\"https:\/\/www.klett.ch\/\" target=\"_blank\">Klett-Verlag<\/a><\/strong>) sind in den gegenw\u00e4rtig verf\u00fcgbaren Ausgaben ab der 3. Klasse Bez\u00fcge zu Medien- und Informatikkompetenzen, aber nat\u00fcrlich auch zu Anwendungskompetenzen zu finden. Die farbig hinterlegten Felder beinhalten die Informationen zu Lehrmittel, Seitenzahlen und Thema.<\/p>\n<div data-animation=\"no-animation\" data-icons-animation=\"no-animation\" data-overlay=\"\" data-change-size=\"\" data-button-size=\"0.7\" style=\"font-size:0.7em!important;display:none;\" class=\"supsystic-social-sharing supsystic-social-sharing-package-flat supsystic-social-sharing-spacing supsystic-social-sharing-content supsystic-social-sharing-content-align-left\" data-text=\"\"><a data-networks=\"[]\" class=\"social-sharing-button sharer-flat sharer-flat-1 counter-standard without-counter tooltip-icon facebook\" target=\"_blank\" title=\"auf Facebook teilen\" href=\"http:\/\/www.facebook.com\/sharer.php?u=https%3A%2F%2Fmia.phtg.ch%2F%3Fp%3D1059\" data-main-href=\"http:\/\/www.facebook.com\/sharer.php?u={url}\" data-nid=\"1\" data-name=\"\" data-pid=\"1\" data-post-id=\"1059\" data-url=\"https:\/\/mia.phtg.ch\/wp-admin\/admin-ajax.php\" rel=\"nofollow\" data-mailto=\"\"><i class=\"fa-ssbs fa-ssbs-fw fa-ssbs-facebook\"><\/i><div class=\"counter-wrap standard\"><span class=\"counter\">0<\/span><\/div><\/a><a data-networks=\"[]\" class=\"social-sharing-button sharer-flat sharer-flat-1 counter-standard without-counter tooltip-icon twitter\" target=\"_blank\" title=\"auf Twitter teilen\" href=\"https:\/\/twitter.com\/share?url=https%3A%2F%2Fmia.phtg.ch%2F%3Fp%3D1059&text=Lehrmittelbez%C3%BCge+im+PLAMI\" data-main-href=\"https:\/\/twitter.com\/share?url={url}&text={title}\" data-nid=\"2\" data-name=\"\" data-pid=\"1\" data-post-id=\"1059\" data-url=\"https:\/\/mia.phtg.ch\/wp-admin\/admin-ajax.php\" rel=\"nofollow\" data-mailto=\"\"><i class=\"fa-ssbs fa-ssbs-fw fa-ssbs-twitter\"><\/i><div class=\"counter-wrap standard\"><span class=\"counter\">0<\/span><\/div><\/a><a data-networks=\"[]\" class=\"social-sharing-button sharer-flat sharer-flat-1 counter-standard without-counter tooltip-icon linkedin\" target=\"_blank\" title=\"auf Linkedin teilen\" href=\"https:\/\/www.linkedin.com\/shareArticle?mini=true&title=Lehrmittelbez%C3%BCge+im+PLAMI&url=https%3A%2F%2Fmia.phtg.ch%2F%3Fp%3D1059\" data-main-href=\"https:\/\/www.linkedin.com\/shareArticle?mini=true&title={title}&url={url}\" data-nid=\"13\" data-name=\"\" data-pid=\"1\" data-post-id=\"1059\" data-url=\"https:\/\/mia.phtg.ch\/wp-admin\/admin-ajax.php\" rel=\"nofollow\" data-mailto=\"\"><i class=\"fa-ssbs fa-ssbs-fw fa-ssbs-linkedin\"><\/i><div class=\"counter-wrap standard\"><span class=\"counter\">0<\/span><\/div><\/a><a data-networks=\"[]\" class=\"social-sharing-button sharer-flat sharer-flat-1 counter-standard without-counter tooltip-icon mail\" target=\"_blank\" title=\"per E-Mail teilen\" href=\"#\" data-main-href=\"#\" data-nid=\"16\" data-name=\"\" data-pid=\"1\" data-post-id=\"1059\" data-url=\"https:\/\/mia.phtg.ch\/wp-admin\/admin-ajax.php\" rel=\"nofollow\" data-mailto=\"\"><i class=\"fa-ssbs fa-ssbs-fw fa-ssbs-envelope-o\"><\/i><div class=\"counter-wrap standard\"><span class=\"counter\">1<\/span><\/div><\/a><\/div>","protected":false},"excerpt":{"rendered":"<p>Das Planungsinstrument f\u00fcr die Umsetzung des Moduls Medien und Informatik im Unterricht vom Amt f\u00fcr Volksschule Thurgau richtet sich an die Lehrpersonen und Schulhausteams aller&hellip;<\/p>\n<div data-animation=\"no-animation\" data-icons-animation=\"no-animation\" data-overlay=\"\" data-change-size=\"\" data-button-size=\"0.7\" style=\"font-size:0.7em!important;display:none;\" class=\"supsystic-social-sharing supsystic-social-sharing-package-flat supsystic-social-sharing-spacing supsystic-social-sharing-content supsystic-social-sharing-content-align-left\" data-text=\"\"><a data-networks=\"[]\" class=\"social-sharing-button sharer-flat sharer-flat-1 counter-standard without-counter tooltip-icon facebook\" target=\"_blank\" title=\"auf Facebook teilen\" href=\"http:\/\/www.facebook.com\/sharer.php?u=https%3A%2F%2Fmia.phtg.ch%2F%3Fp%3D1059\" data-main-href=\"http:\/\/www.facebook.com\/sharer.php?u={url}\" data-nid=\"1\" data-name=\"\" data-pid=\"1\" data-post-id=\"1059\" data-url=\"https:\/\/mia.phtg.ch\/wp-admin\/admin-ajax.php\" rel=\"nofollow\" data-mailto=\"\"><i class=\"fa-ssbs fa-ssbs-fw fa-ssbs-facebook\"><\/i><div class=\"counter-wrap standard\"><span class=\"counter\">0<\/span><\/div><\/a><a data-networks=\"[]\" class=\"social-sharing-button sharer-flat sharer-flat-1 counter-standard without-counter tooltip-icon twitter\" target=\"_blank\" title=\"auf Twitter teilen\" href=\"https:\/\/twitter.com\/share?url=https%3A%2F%2Fmia.phtg.ch%2F%3Fp%3D1059&text=Lehrmittelbez%C3%BCge+im+PLAMI\" data-main-href=\"https:\/\/twitter.com\/share?url={url}&text={title}\" data-nid=\"2\" data-name=\"\" data-pid=\"1\" data-post-id=\"1059\" data-url=\"https:\/\/mia.phtg.ch\/wp-admin\/admin-ajax.php\" rel=\"nofollow\" data-mailto=\"\"><i class=\"fa-ssbs fa-ssbs-fw fa-ssbs-twitter\"><\/i><div class=\"counter-wrap standard\"><span class=\"counter\">0<\/span><\/div><\/a><a data-networks=\"[]\" class=\"social-sharing-button sharer-flat sharer-flat-1 counter-standard without-counter tooltip-icon linkedin\" target=\"_blank\" title=\"auf Linkedin teilen\" href=\"https:\/\/www.linkedin.com\/shareArticle?mini=true&title=Lehrmittelbez%C3%BCge+im+PLAMI&url=https%3A%2F%2Fmia.phtg.ch%2F%3Fp%3D1059\" data-main-href=\"https:\/\/www.linkedin.com\/shareArticle?mini=true&title={title}&url={url}\" data-nid=\"13\" data-name=\"\" data-pid=\"1\" data-post-id=\"1059\" data-url=\"https:\/\/mia.phtg.ch\/wp-admin\/admin-ajax.php\" rel=\"nofollow\" data-mailto=\"\"><i class=\"fa-ssbs fa-ssbs-fw fa-ssbs-linkedin\"><\/i><div class=\"counter-wrap standard\"><span class=\"counter\">0<\/span><\/div><\/a><a data-networks=\"[]\" class=\"social-sharing-button sharer-flat sharer-flat-1 counter-standard without-counter tooltip-icon mail\" target=\"_blank\" title=\"per E-Mail teilen\" href=\"#\" data-main-href=\"#\" data-nid=\"16\" data-name=\"\" data-pid=\"1\" data-post-id=\"1059\" data-url=\"https:\/\/mia.phtg.ch\/wp-admin\/admin-ajax.php\" rel=\"nofollow\" data-mailto=\"\"><i class=\"fa-ssbs fa-ssbs-fw fa-ssbs-envelope-o\"><\/i><div class=\"counter-wrap standard\"><span class=\"counter\">1<\/span><\/div><\/a><\/div>","protected":false},"author":17,"featured_media":1063,"comment_status":"open","ping_status":"open","sticky":false,"template":"","format":"standard","meta":{"footnotes":""},"categories":[25,66,10,137],"tags":[114,95,151,81],"class_list":["post-1059","post","type-post","status-publish","format-standard","has-post-thumbnail","hentry","category-anwendungskompetenzen","category-av","category-medien","category-unterricht","tag-jahresplanung","tag-lehrmittel","tag-planung","tag-unterricht"],"_links":{"self":[{"href":"https:\/\/mia.phtg.ch\/index.php?rest_route=\/wp\/v2\/posts\/1059","targetHints":{"allow":["GET"]}}],"collection":[{"href":"https:\/\/mia.phtg.ch\/index.php?rest_route=\/wp\/v2\/posts"}],"about":[{"href":"https:\/\/mia.phtg.ch\/index.php?rest_route=\/wp\/v2\/types\/post"}],"author":[{"embeddable":true,"href":"https:\/\/mia.phtg.ch\/index.php?rest_route=\/wp\/v2\/users\/17"}],"replies":[{"embeddable":true,"href":"https:\/\/mia.phtg.ch\/index.php?rest_route=%2Fwp%2Fv2%2Fcomments&post=1059"}],"version-history":[{"count":8,"href":"https:\/\/mia.phtg.ch\/index.php?rest_route=\/wp\/v2\/posts\/1059\/revisions"}],"predecessor-version":[{"id":1072,"href":"https:\/\/mia.phtg.ch\/index.php?rest_route=\/wp\/v2\/posts\/1059\/revisions\/1072"}],"wp:featuredmedia":[{"embeddable":true,"href":"https:\/\/mia.phtg.ch\/index.php?rest_route=\/wp\/v2\/media\/1063"}],"wp:attachment":[{"href":"https:\/\/mia.phtg.ch\/index.php?rest_route=%2Fwp%2Fv2%2Fmedia&parent=1059"}],"wp:term":[{"taxonomy":"category","embeddable":true,"href":"https:\/\/mia.phtg.ch\/index.php?rest_route=%2Fwp%2Fv2%2Fcategories&post=1059"},{"taxonomy":"post_tag","embeddable":true,"href":"https:\/\/mia.phtg.ch\/index.php?rest_route=%2Fwp%2Fv2%2Ftags&post=1059"}],"curies":[{"name":"wp","href":"https:\/\/api.w.org\/{rel}","templated":true}]}}