{"id":1082,"date":"2019-10-21T10:07:29","date_gmt":"2019-10-21T08:07:29","guid":{"rendered":"https:\/\/mia.phtg.ch\/?p=1082"},"modified":"2019-10-18T09:08:11","modified_gmt":"2019-10-18T07:08:11","slug":"neuauflage-der-broschuere-medienkompetenz","status":"publish","type":"post","link":"https:\/\/mia.phtg.ch\/?p=1082","title":{"rendered":"Neuauflage der Brosch\u00fcre Medienkompetenz"},"content":{"rendered":"\n<p>Die Brosch\u00fcre  <strong><a href=\"https:\/\/www.jugendundmedien.ch\/de\/footernavigation\/aktuell\/details\/news\/852-neuauflage-der-broschuere-medienkompetenz-tipps-zum-sicheren-umgang-mit-digita.html\" target=\"_blank\" rel=\"noreferrer noopener\" aria-label=\"\u00abMedienkompetenz \u2013 Tipps zum sicheren Umgang mit digitalen Medien\u00bb  (\u00f6ffnet in neuem Tab)\">\u00abMedienkompetenz \u2013 Tipps zum sicheren Umgang mit digitalen Medien\u00bb <\/a><\/strong> steht in einer Neuauflage zur Verf\u00fcgung. Sie wurde inhaltlich und visuell \u00fcberarbeitet und um drei Kapitel erg\u00e4nzt.  Mit \u00fcber 300&#8217;000 vertriebenen Exemplaren seit 2013 erfreut sich die Brosch\u00fcre nach wie vor grosser Beliebtheit. <\/p>\n\n\n\n<p>In diesem Leitfaden beantwortet  das medienpsychologische Forschungsteam der ZHAW h\u00e4ufig gestellte Fragen rund um das Thema Jugend und digitale Medien auf einer wissenschaftlichen Basis. <br>Ziel des Ratgebers ist, Eltern und Lehrpersonen eine Orientierung zu bieten und sie zu ermutigen, Kinder und Jugendliche im Umgang mit digitalen Medien aktiv zu begleiten.<\/p>\n\n\n\n<ul class=\"wp-block-list\"><li><strong><a rel=\"noreferrer noopener\" aria-label=\"Download der Brosch\u00fcre (\u00f6ffnet in neuem Tab)\" href=\"https:\/\/www.jugendundmedien.ch\/fileadmin\/user_upload_redesign\/Brosch%C3%BCren_Flyer\/Brosch%C3%BCre_Tipps_Medienkompetenz\/Brosch_Medienkompetenz_ZHAW_0919_DE_bf.pdf\" target=\"_blank\">Download der Brosch\u00fcre<\/a><\/strong><\/li><li><a rel=\"noreferrer noopener\" aria-label=\"Kostenlose Bestellung der gedruckten Brosch\u00fcre (\u00f6ffnet in neuem Tab)\" href=\"https:\/\/www.jugendundmedien.ch\/de\/angebote-beratung\/bestellung-publikationen.html\" target=\"_blank\"><strong>Kostenlose Bestellung der gedruckten Brosch\u00fcre<\/strong><\/a><\/li><\/ul>\n\n\n\n<p><strong><a href=\"https:\/\/www.jugendundmedien.ch\/de.html\" target=\"_blank\" rel=\"noreferrer noopener\" aria-label=\"Jugend und Medien (\u00f6ffnet in neuem Tab)\">Jugend und Medien<\/a><\/strong> ist die nationale Plattform des Bundesamts f\u00fcr Sozialversicherungen zur F\u00f6rderung von Medienkompetenzen. Sie verfolgt im Auftrag des Bundesrats das Ziel, dass Kinder und Jugendliche sicher und verantwortungsvoll mit digitalen Medien umgehen.\u00a0 <\/p>\n<div data-animation=\"no-animation\" data-icons-animation=\"no-animation\" data-overlay=\"\" data-change-size=\"\" data-button-size=\"0.7\" style=\"font-size:0.7em!important;display:none;\" class=\"supsystic-social-sharing supsystic-social-sharing-package-flat supsystic-social-sharing-spacing supsystic-social-sharing-content supsystic-social-sharing-content-align-left\" data-text=\"\"><a data-networks=\"[]\" class=\"social-sharing-button sharer-flat sharer-flat-1 counter-standard without-counter tooltip-icon facebook\" target=\"_blank\" title=\"auf Facebook teilen\" href=\"http:\/\/www.facebook.com\/sharer.php?u=https%3A%2F%2Fmia.phtg.ch%2F%3Fp%3D1082\" data-main-href=\"http:\/\/www.facebook.com\/sharer.php?u={url}\" data-nid=\"1\" data-name=\"\" data-pid=\"1\" data-post-id=\"1082\" data-url=\"https:\/\/mia.phtg.ch\/wp-admin\/admin-ajax.php\" rel=\"nofollow\" data-mailto=\"\"><i class=\"fa-ssbs fa-ssbs-fw fa-ssbs-facebook\"><\/i><div class=\"counter-wrap standard\"><span class=\"counter\">0<\/span><\/div><\/a><a data-networks=\"[]\" class=\"social-sharing-button sharer-flat sharer-flat-1 counter-standard without-counter tooltip-icon twitter\" target=\"_blank\" title=\"auf Twitter teilen\" href=\"https:\/\/twitter.com\/share?url=https%3A%2F%2Fmia.phtg.ch%2F%3Fp%3D1082&text=Neuauflage+der+Brosch%C3%BCre+Medienkompetenz\" data-main-href=\"https:\/\/twitter.com\/share?url={url}&text={title}\" data-nid=\"2\" data-name=\"\" data-pid=\"1\" data-post-id=\"1082\" data-url=\"https:\/\/mia.phtg.ch\/wp-admin\/admin-ajax.php\" rel=\"nofollow\" data-mailto=\"\"><i class=\"fa-ssbs fa-ssbs-fw fa-ssbs-twitter\"><\/i><div class=\"counter-wrap standard\"><span class=\"counter\">0<\/span><\/div><\/a><a data-networks=\"[]\" class=\"social-sharing-button sharer-flat sharer-flat-1 counter-standard without-counter tooltip-icon linkedin\" target=\"_blank\" title=\"auf Linkedin teilen\" href=\"https:\/\/www.linkedin.com\/shareArticle?mini=true&title=Neuauflage+der+Brosch%C3%BCre+Medienkompetenz&url=https%3A%2F%2Fmia.phtg.ch%2F%3Fp%3D1082\" data-main-href=\"https:\/\/www.linkedin.com\/shareArticle?mini=true&title={title}&url={url}\" data-nid=\"13\" data-name=\"\" data-pid=\"1\" data-post-id=\"1082\" data-url=\"https:\/\/mia.phtg.ch\/wp-admin\/admin-ajax.php\" rel=\"nofollow\" data-mailto=\"\"><i class=\"fa-ssbs fa-ssbs-fw fa-ssbs-linkedin\"><\/i><div class=\"counter-wrap standard\"><span class=\"counter\">0<\/span><\/div><\/a><a data-networks=\"[]\" class=\"social-sharing-button sharer-flat sharer-flat-1 counter-standard without-counter tooltip-icon mail\" target=\"_blank\" title=\"per E-Mail teilen\" href=\"#\" data-main-href=\"#\" data-nid=\"16\" data-name=\"\" data-pid=\"1\" data-post-id=\"1082\" data-url=\"https:\/\/mia.phtg.ch\/wp-admin\/admin-ajax.php\" rel=\"nofollow\" data-mailto=\"\"><i class=\"fa-ssbs fa-ssbs-fw fa-ssbs-envelope-o\"><\/i><div class=\"counter-wrap standard\"><span class=\"counter\">0<\/span><\/div><\/a><\/div>","protected":false},"excerpt":{"rendered":"<p>Die Brosch\u00fcre \u00abMedienkompetenz \u2013 Tipps zum sicheren Umgang mit digitalen Medien\u00bb steht in einer Neuauflage zur Verf\u00fcgung. Sie wurde inhaltlich und visuell \u00fcberarbeitet und um&hellip;<\/p>\n<div data-animation=\"no-animation\" data-icons-animation=\"no-animation\" data-overlay=\"\" data-change-size=\"\" data-button-size=\"0.7\" style=\"font-size:0.7em!important;display:none;\" class=\"supsystic-social-sharing supsystic-social-sharing-package-flat supsystic-social-sharing-spacing supsystic-social-sharing-content supsystic-social-sharing-content-align-left\" data-text=\"\"><a data-networks=\"[]\" class=\"social-sharing-button sharer-flat sharer-flat-1 counter-standard without-counter tooltip-icon facebook\" target=\"_blank\" title=\"auf Facebook teilen\" href=\"http:\/\/www.facebook.com\/sharer.php?u=https%3A%2F%2Fmia.phtg.ch%2F%3Fp%3D1082\" data-main-href=\"http:\/\/www.facebook.com\/sharer.php?u={url}\" data-nid=\"1\" data-name=\"\" data-pid=\"1\" data-post-id=\"1082\" data-url=\"https:\/\/mia.phtg.ch\/wp-admin\/admin-ajax.php\" rel=\"nofollow\" data-mailto=\"\"><i class=\"fa-ssbs fa-ssbs-fw fa-ssbs-facebook\"><\/i><div class=\"counter-wrap standard\"><span class=\"counter\">0<\/span><\/div><\/a><a data-networks=\"[]\" class=\"social-sharing-button sharer-flat sharer-flat-1 counter-standard without-counter tooltip-icon twitter\" target=\"_blank\" title=\"auf Twitter teilen\" href=\"https:\/\/twitter.com\/share?url=https%3A%2F%2Fmia.phtg.ch%2F%3Fp%3D1082&text=Neuauflage+der+Brosch%C3%BCre+Medienkompetenz\" data-main-href=\"https:\/\/twitter.com\/share?url={url}&text={title}\" data-nid=\"2\" data-name=\"\" data-pid=\"1\" data-post-id=\"1082\" data-url=\"https:\/\/mia.phtg.ch\/wp-admin\/admin-ajax.php\" rel=\"nofollow\" data-mailto=\"\"><i class=\"fa-ssbs fa-ssbs-fw fa-ssbs-twitter\"><\/i><div class=\"counter-wrap standard\"><span class=\"counter\">0<\/span><\/div><\/a><a data-networks=\"[]\" class=\"social-sharing-button sharer-flat sharer-flat-1 counter-standard without-counter tooltip-icon linkedin\" target=\"_blank\" title=\"auf Linkedin teilen\" href=\"https:\/\/www.linkedin.com\/shareArticle?mini=true&title=Neuauflage+der+Brosch%C3%BCre+Medienkompetenz&url=https%3A%2F%2Fmia.phtg.ch%2F%3Fp%3D1082\" data-main-href=\"https:\/\/www.linkedin.com\/shareArticle?mini=true&title={title}&url={url}\" data-nid=\"13\" data-name=\"\" data-pid=\"1\" data-post-id=\"1082\" data-url=\"https:\/\/mia.phtg.ch\/wp-admin\/admin-ajax.php\" rel=\"nofollow\" data-mailto=\"\"><i class=\"fa-ssbs fa-ssbs-fw fa-ssbs-linkedin\"><\/i><div class=\"counter-wrap standard\"><span class=\"counter\">0<\/span><\/div><\/a><a data-networks=\"[]\" class=\"social-sharing-button sharer-flat sharer-flat-1 counter-standard without-counter tooltip-icon mail\" target=\"_blank\" title=\"per E-Mail teilen\" href=\"#\" data-main-href=\"#\" data-nid=\"16\" data-name=\"\" data-pid=\"1\" data-post-id=\"1082\" data-url=\"https:\/\/mia.phtg.ch\/wp-admin\/admin-ajax.php\" rel=\"nofollow\" data-mailto=\"\"><i class=\"fa-ssbs fa-ssbs-fw fa-ssbs-envelope-o\"><\/i><div class=\"counter-wrap standard\"><span class=\"counter\">0<\/span><\/div><\/a><\/div>","protected":false},"author":11,"featured_media":1085,"comment_status":"open","ping_status":"open","sticky":false,"template":"","format":"standard","meta":{"footnotes":""},"categories":[10,11,51,3],"tags":[16,167,185,73],"class_list":["post-1082","post","type-post","status-publish","format-standard","has-post-thumbnail","hentry","category-medien","category-ressourcen","category-weiterbildung","category-werkzeuge","tag-medien","tag-medienbeitraege-verstehen","tag-medienkompetenz","tag-mediennutzung"],"_links":{"self":[{"href":"https:\/\/mia.phtg.ch\/index.php?rest_route=\/wp\/v2\/posts\/1082","targetHints":{"allow":["GET"]}}],"collection":[{"href":"https:\/\/mia.phtg.ch\/index.php?rest_route=\/wp\/v2\/posts"}],"about":[{"href":"https:\/\/mia.phtg.ch\/index.php?rest_route=\/wp\/v2\/types\/post"}],"author":[{"embeddable":true,"href":"https:\/\/mia.phtg.ch\/index.php?rest_route=\/wp\/v2\/users\/11"}],"replies":[{"embeddable":true,"href":"https:\/\/mia.phtg.ch\/index.php?rest_route=%2Fwp%2Fv2%2Fcomments&post=1082"}],"version-history":[{"count":1,"href":"https:\/\/mia.phtg.ch\/index.php?rest_route=\/wp\/v2\/posts\/1082\/revisions"}],"predecessor-version":[{"id":1084,"href":"https:\/\/mia.phtg.ch\/index.php?rest_route=\/wp\/v2\/posts\/1082\/revisions\/1084"}],"wp:featuredmedia":[{"embeddable":true,"href":"https:\/\/mia.phtg.ch\/index.php?rest_route=\/wp\/v2\/media\/1085"}],"wp:attachment":[{"href":"https:\/\/mia.phtg.ch\/index.php?rest_route=%2Fwp%2Fv2%2Fmedia&parent=1082"}],"wp:term":[{"taxonomy":"category","embeddable":true,"href":"https:\/\/mia.phtg.ch\/index.php?rest_route=%2Fwp%2Fv2%2Fcategories&post=1082"},{"taxonomy":"post_tag","embeddable":true,"href":"https:\/\/mia.phtg.ch\/index.php?rest_route=%2Fwp%2Fv2%2Ftags&post=1082"}],"curies":[{"name":"wp","href":"https:\/\/api.w.org\/{rel}","templated":true}]}}