{"id":1087,"date":"2019-10-29T12:43:48","date_gmt":"2019-10-29T10:43:48","guid":{"rendered":"https:\/\/mia.phtg.ch\/?p=1087"},"modified":"2020-01-22T11:55:52","modified_gmt":"2020-01-22T09:55:52","slug":"rueckblick-auf-den-intensivkurs-medien-an-der-phtg","status":"publish","type":"post","link":"https:\/\/mia.phtg.ch\/?p=1087","title":{"rendered":"R\u00fcckblick auf den Intensivkurs Medien an der PHTG"},"content":{"rendered":"\n<p>In der ersten Herbstferienwoche fand an der PHTG in Kreuzlingen ein <a rel=\"noreferrer noopener\" aria-label=\"MIA21-Kompaktkurs Medien (\u00f6ffnet in neuem Tab)\" href=\"https:\/\/www.phtg.ch\/fileadmin\/dateiablage\/20_Weiterbildung\/Lehrpersonen\/Dokumente\/Kompaktkurs_2._Zyklus_Medien_20190606.pdf\" target=\"_blank\"><strong>MIA21-Kompaktkurs Medien<\/strong><\/a> f\u00fcr den 2. Zyklus statt. Die Kursteilnehmerinnen und Kursteilnehmer besch\u00e4ftigten sich an den f\u00fcnf Vormittagen intensiv mit den Medienkompetenzen des Modullehrplans und beleuchteten viele Umsetzungsm\u00f6glichkeiten f\u00fcr den eigenen Unterricht. Andreas Gm\u00fcr (iScout in Sirnach) besuchte den Medien-Kurs als Erg\u00e4nzung zu seiner iScout-Ausbildung an der PHTG. Hier sein Erfahrungsbericht:<\/p>\n\n\n\n<p>\u00ab<em>Ganz grunds\u00e4tzlich: Ein Austausch mit anderen Lehrkr\u00e4ften oder iScouts empfinde ich immer als sehr wertvoll. Auf diese Weise betrachtet man den eigenen Schulalltag aus einer anderen Perspektive. Es erweitert also den Horizont.<\/em><\/p>\n\n\n\n<p><em>Gerade im Bereich \u00abMedien\u00bb \u00e4ndert sich innerhalb kurzer Zeit relativ viel. Im Kurs erh\u00e4lt man diesbez\u00fcglich ein Update. Der grosse Vorteil: Ich bin innerhalb kurzer Zeit auf dem neusten Stand. F\u00fcr mich ein entscheidender Punkt, denn beim selbstst\u00e4ndigen Aufarbeiten h\u00e4tte ich um ein Vielfaches l\u00e4nger. Und weil meistens das Internet als Medienquelle dient, stellt sich f\u00fcr mich die Frage: Auf welche Quellen kann ich mich verlassen? Im Kurs weiss ich: Auf das Wissen und die Kompetenz der Kursleitungen kann ich mich verlassen. Auch eine Medienkompetenz.<\/em><\/p>\n\n\n\n<p><em>Im Kompaktkurs steht an jedem Kurstag ein anderer Kompetenzbereich im Zentrum. Da immer wieder m\u00f6gliche Unterrichts-Umsetzungen vorgestellt und diskutiert werden, wird der trockenen Formulierung des Lehrplans nach und nach Leben eingehaucht und man kann sich konkret etwas darunter vorstellen.<\/em><\/p>\n\n\n\n<p><em>W\u00e4hrend des Kurses erh\u00e4lt man immer wieder die M\u00f6glichkeit aktuelle und geeignete Lehrmittel anzuschauen und zu vergleichen. Oder ich kann einen Teil der Unterrichtsideen f\u00fcr mich unter fachkundiger Anleitung austesten. So kann man zum Beispiel im Block \u00abMedien und Medienbeitr\u00e4ge produzieren\u00bb verschiedene Mikrofon-Arten austesten.<\/em><\/p>\n\n\n\n<p><em>Als Kursteilnehmer erhalte ich viele konkrete Umsetzungsideen f\u00fcr den eigenen Unterricht. Als iScout lerne ich neue Tools, Apps und Hardware kennen, die ich meinen Lehrerkollegen vorstellen bzw. f\u00fcr das Schulhaus anschaffen kann.<\/em>\u201d<\/p>\n\n\n\n<p>Zwei weitere Teilnehmerinnen \u00e4usserten sich am Ende der Woche zu ihren Erlebnissen und Erfahrungen w\u00e4hrend der Kurswoche. Sie gew\u00e4hren uns einen Einblick in den folgenden Videos.<\/p>\n\n\n\n<figure class=\"wp-block-embed-youtube aligncenter wp-block-embed is-type-video is-provider-youtube wp-embed-aspect-16-9 wp-has-aspect-ratio\"><div class=\"wp-block-embed__wrapper\">\n<iframe loading=\"lazy\" title=\"MIA21: R\u00fcckblick Kompaktwoche 19_LP1\" width=\"843\" height=\"474\" src=\"https:\/\/www.youtube.com\/embed\/dF8D_GLmngc?feature=oembed\" frameborder=\"0\" allow=\"accelerometer; autoplay; encrypted-media; gyroscope; picture-in-picture\" allowfullscreen><\/iframe>\n<\/div><figcaption>\u00abIch habe selten eine so wertvolle Woche erlebt!\u00bb Simone Schnell-Br\u00fcllhardt, PS Neuwilen<\/figcaption><\/figure>\n\n\n\n<figure class=\"wp-block-embed-youtube wp-block-embed is-type-video is-provider-youtube wp-embed-aspect-16-9 wp-has-aspect-ratio\"><div class=\"wp-block-embed__wrapper\">\n<iframe loading=\"lazy\" title=\"MIA21: R\u00fcckblick Kompaktwoche 19_LP2\" width=\"843\" height=\"474\" src=\"https:\/\/www.youtube.com\/embed\/hhh4QIT5okg?feature=oembed\" frameborder=\"0\" allow=\"accelerometer; autoplay; encrypted-media; gyroscope; picture-in-picture\" allowfullscreen><\/iframe>\n<\/div><figcaption>\u00abIch finde es eine megagute Kombination von Kurs am Vormittag und Nachbereitung am Nachmittag.\u00bb Rosi Roeschli, PS W\u00e4ngi<\/figcaption><\/figure>\n\n\n\n<p>Da das Intensiv-Format auf grossen Anklang gestossen ist, werden voraussichtlich auch in den Herbstferien 2020 MIA21-Kompaktkurse in diesem Format durchgef\u00fchrt. Die konkreten Daten werden demn\u00e4chst auf folgender Website publiziert: <a href=\"https:\/\/www.phtg.ch\/weiterbildung\/uebersicht\/individuelle-weiterbildung\/medien-und-informatik\/mia21-an-der-phtg-kompaktweiterbildungen\/\"><strong>https:\/\/www.phtg.ch\/weiterbildung\/uebersicht\/individuelle-weiterbildung\/medien-und-informatik\/mia21-an-der-phtg-kompaktweiterbildungen\/<\/strong><\/a><\/p>\n\n\n\n<p>Auf dieser Website befindet sich auch eine \u00dcbersicht \u00fcber das aktuelle MIA21-Weiterbildungsangebot f\u00fcr alle Zyklen. <\/p>\n<div data-animation=\"no-animation\" data-icons-animation=\"no-animation\" data-overlay=\"\" data-change-size=\"\" data-button-size=\"0.7\" style=\"font-size:0.7em!important;display:none;\" class=\"supsystic-social-sharing supsystic-social-sharing-package-flat supsystic-social-sharing-spacing supsystic-social-sharing-content supsystic-social-sharing-content-align-left\" data-text=\"\"><a data-networks=\"[]\" class=\"social-sharing-button sharer-flat sharer-flat-1 counter-standard without-counter tooltip-icon facebook\" target=\"_blank\" title=\"auf Facebook teilen\" href=\"http:\/\/www.facebook.com\/sharer.php?u=https%3A%2F%2Fmia.phtg.ch%2F%3Fp%3D1087\" data-main-href=\"http:\/\/www.facebook.com\/sharer.php?u={url}\" data-nid=\"1\" data-name=\"\" data-pid=\"1\" data-post-id=\"1087\" data-url=\"https:\/\/mia.phtg.ch\/wp-admin\/admin-ajax.php\" rel=\"nofollow\" data-mailto=\"\"><i class=\"fa-ssbs fa-ssbs-fw fa-ssbs-facebook\"><\/i><div class=\"counter-wrap standard\"><span class=\"counter\">0<\/span><\/div><\/a><a data-networks=\"[]\" class=\"social-sharing-button sharer-flat sharer-flat-1 counter-standard without-counter tooltip-icon twitter\" target=\"_blank\" title=\"auf Twitter teilen\" href=\"https:\/\/twitter.com\/share?url=https%3A%2F%2Fmia.phtg.ch%2F%3Fp%3D1087&text=R%C3%BCckblick+auf+den+Intensivkurs+Medien+an+der+PHTG\" data-main-href=\"https:\/\/twitter.com\/share?url={url}&text={title}\" data-nid=\"2\" data-name=\"\" data-pid=\"1\" data-post-id=\"1087\" data-url=\"https:\/\/mia.phtg.ch\/wp-admin\/admin-ajax.php\" rel=\"nofollow\" data-mailto=\"\"><i class=\"fa-ssbs fa-ssbs-fw fa-ssbs-twitter\"><\/i><div class=\"counter-wrap standard\"><span class=\"counter\">2<\/span><\/div><\/a><a data-networks=\"[]\" class=\"social-sharing-button sharer-flat sharer-flat-1 counter-standard without-counter tooltip-icon linkedin\" target=\"_blank\" title=\"auf Linkedin teilen\" href=\"https:\/\/www.linkedin.com\/shareArticle?mini=true&title=R%C3%BCckblick+auf+den+Intensivkurs+Medien+an+der+PHTG&url=https%3A%2F%2Fmia.phtg.ch%2F%3Fp%3D1087\" data-main-href=\"https:\/\/www.linkedin.com\/shareArticle?mini=true&title={title}&url={url}\" data-nid=\"13\" data-name=\"\" data-pid=\"1\" data-post-id=\"1087\" data-url=\"https:\/\/mia.phtg.ch\/wp-admin\/admin-ajax.php\" rel=\"nofollow\" data-mailto=\"\"><i class=\"fa-ssbs fa-ssbs-fw fa-ssbs-linkedin\"><\/i><div class=\"counter-wrap standard\"><span class=\"counter\">0<\/span><\/div><\/a><a data-networks=\"[]\" class=\"social-sharing-button sharer-flat sharer-flat-1 counter-standard without-counter tooltip-icon mail\" target=\"_blank\" title=\"per E-Mail teilen\" href=\"#\" data-main-href=\"#\" data-nid=\"16\" data-name=\"\" data-pid=\"1\" data-post-id=\"1087\" data-url=\"https:\/\/mia.phtg.ch\/wp-admin\/admin-ajax.php\" rel=\"nofollow\" data-mailto=\"\"><i class=\"fa-ssbs fa-ssbs-fw fa-ssbs-envelope-o\"><\/i><div class=\"counter-wrap standard\"><span class=\"counter\">0<\/span><\/div><\/a><\/div>","protected":false},"excerpt":{"rendered":"<p>In der ersten Herbstferienwoche fand an der PHTG in Kreuzlingen ein MIA21-Kompaktkurs Medien f\u00fcr den 2. Zyklus statt. Die Kursteilnehmerinnen und Kursteilnehmer besch\u00e4ftigten sich an&hellip;<\/p>\n<div data-animation=\"no-animation\" data-icons-animation=\"no-animation\" data-overlay=\"\" data-change-size=\"\" data-button-size=\"0.7\" style=\"font-size:0.7em!important;display:none;\" class=\"supsystic-social-sharing supsystic-social-sharing-package-flat supsystic-social-sharing-spacing supsystic-social-sharing-content supsystic-social-sharing-content-align-left\" data-text=\"\"><a data-networks=\"[]\" class=\"social-sharing-button sharer-flat sharer-flat-1 counter-standard without-counter tooltip-icon facebook\" target=\"_blank\" title=\"auf Facebook teilen\" href=\"http:\/\/www.facebook.com\/sharer.php?u=https%3A%2F%2Fmia.phtg.ch%2F%3Fp%3D1087\" data-main-href=\"http:\/\/www.facebook.com\/sharer.php?u={url}\" data-nid=\"1\" data-name=\"\" data-pid=\"1\" data-post-id=\"1087\" data-url=\"https:\/\/mia.phtg.ch\/wp-admin\/admin-ajax.php\" rel=\"nofollow\" data-mailto=\"\"><i class=\"fa-ssbs fa-ssbs-fw fa-ssbs-facebook\"><\/i><div class=\"counter-wrap standard\"><span class=\"counter\">0<\/span><\/div><\/a><a data-networks=\"[]\" class=\"social-sharing-button sharer-flat sharer-flat-1 counter-standard without-counter tooltip-icon twitter\" target=\"_blank\" title=\"auf Twitter teilen\" href=\"https:\/\/twitter.com\/share?url=https%3A%2F%2Fmia.phtg.ch%2F%3Fp%3D1087&text=R%C3%BCckblick+auf+den+Intensivkurs+Medien+an+der+PHTG\" data-main-href=\"https:\/\/twitter.com\/share?url={url}&text={title}\" data-nid=\"2\" data-name=\"\" data-pid=\"1\" data-post-id=\"1087\" data-url=\"https:\/\/mia.phtg.ch\/wp-admin\/admin-ajax.php\" rel=\"nofollow\" data-mailto=\"\"><i class=\"fa-ssbs fa-ssbs-fw fa-ssbs-twitter\"><\/i><div class=\"counter-wrap standard\"><span class=\"counter\">2<\/span><\/div><\/a><a data-networks=\"[]\" class=\"social-sharing-button sharer-flat sharer-flat-1 counter-standard without-counter tooltip-icon linkedin\" target=\"_blank\" title=\"auf Linkedin teilen\" href=\"https:\/\/www.linkedin.com\/shareArticle?mini=true&title=R%C3%BCckblick+auf+den+Intensivkurs+Medien+an+der+PHTG&url=https%3A%2F%2Fmia.phtg.ch%2F%3Fp%3D1087\" data-main-href=\"https:\/\/www.linkedin.com\/shareArticle?mini=true&title={title}&url={url}\" data-nid=\"13\" data-name=\"\" data-pid=\"1\" data-post-id=\"1087\" data-url=\"https:\/\/mia.phtg.ch\/wp-admin\/admin-ajax.php\" rel=\"nofollow\" data-mailto=\"\"><i class=\"fa-ssbs fa-ssbs-fw fa-ssbs-linkedin\"><\/i><div class=\"counter-wrap standard\"><span class=\"counter\">0<\/span><\/div><\/a><a data-networks=\"[]\" class=\"social-sharing-button sharer-flat sharer-flat-1 counter-standard without-counter tooltip-icon mail\" target=\"_blank\" title=\"per E-Mail teilen\" href=\"#\" data-main-href=\"#\" data-nid=\"16\" data-name=\"\" data-pid=\"1\" data-post-id=\"1087\" data-url=\"https:\/\/mia.phtg.ch\/wp-admin\/admin-ajax.php\" rel=\"nofollow\" data-mailto=\"\"><i class=\"fa-ssbs fa-ssbs-fw fa-ssbs-envelope-o\"><\/i><div class=\"counter-wrap standard\"><span class=\"counter\">0<\/span><\/div><\/a><\/div>","protected":false},"author":17,"featured_media":1090,"comment_status":"open","ping_status":"open","sticky":false,"template":"","format":"standard","meta":{"footnotes":""},"categories":[10,24,137,51],"tags":[41,84,106,186,42],"class_list":["post-1087","post","type-post","status-publish","format-standard","has-post-thumbnail","hentry","category-medien","category-mia","category-unterricht","category-weiterbildung","tag-iscout","tag-mia","tag-mia21","tag-testimonal","tag-weiterbildung"],"_links":{"self":[{"href":"https:\/\/mia.phtg.ch\/index.php?rest_route=\/wp\/v2\/posts\/1087","targetHints":{"allow":["GET"]}}],"collection":[{"href":"https:\/\/mia.phtg.ch\/index.php?rest_route=\/wp\/v2\/posts"}],"about":[{"href":"https:\/\/mia.phtg.ch\/index.php?rest_route=\/wp\/v2\/types\/post"}],"author":[{"embeddable":true,"href":"https:\/\/mia.phtg.ch\/index.php?rest_route=\/wp\/v2\/users\/17"}],"replies":[{"embeddable":true,"href":"https:\/\/mia.phtg.ch\/index.php?rest_route=%2Fwp%2Fv2%2Fcomments&post=1087"}],"version-history":[{"count":21,"href":"https:\/\/mia.phtg.ch\/index.php?rest_route=\/wp\/v2\/posts\/1087\/revisions"}],"predecessor-version":[{"id":1341,"href":"https:\/\/mia.phtg.ch\/index.php?rest_route=\/wp\/v2\/posts\/1087\/revisions\/1341"}],"wp:featuredmedia":[{"embeddable":true,"href":"https:\/\/mia.phtg.ch\/index.php?rest_route=\/wp\/v2\/media\/1090"}],"wp:attachment":[{"href":"https:\/\/mia.phtg.ch\/index.php?rest_route=%2Fwp%2Fv2%2Fmedia&parent=1087"}],"wp:term":[{"taxonomy":"category","embeddable":true,"href":"https:\/\/mia.phtg.ch\/index.php?rest_route=%2Fwp%2Fv2%2Fcategories&post=1087"},{"taxonomy":"post_tag","embeddable":true,"href":"https:\/\/mia.phtg.ch\/index.php?rest_route=%2Fwp%2Fv2%2Ftags&post=1087"}],"curies":[{"name":"wp","href":"https:\/\/api.w.org\/{rel}","templated":true}]}}