{"id":1142,"date":"2019-11-08T08:00:39","date_gmt":"2019-11-08T06:00:39","guid":{"rendered":"https:\/\/mia.phtg.ch\/?p=1142"},"modified":"2019-11-06T14:22:10","modified_gmt":"2019-11-06T12:22:10","slug":"rueckblick-picts-camp19","status":"publish","type":"post","link":"https:\/\/mia.phtg.ch\/?p=1142","title":{"rendered":"R\u00fcckblick: PICTS-Camp19"},"content":{"rendered":"\n<p>Am Samstag, 26. Oktober 2019 fand an der PHZH das erste Barcamp f\u00fcr P\u00e4dagogische ICT-Supporter statt (Vorank\u00fcndigung in <a rel=\"noreferrer noopener\" href=\"https:\/\/mia.phtg.ch\/?p=741\" target=\"_blank\"><strong>diesem Blogbeitrag<\/strong><\/a>) . Auch eine kleine Delegation aus dem Kanton Thurgau hat sich durch die zahlreichen Beitr\u00e4ge der Teilgeber und Teilgeberinnen inspirieren lassen. <\/p>\n\n\n\n<hr>\n\n\n\n<p><strong>Catalina Frischknecht<\/strong>, iScout an der Sprachheilschule Thurgau, erz\u00e4hlt in einem Gastbeitrag von ihrem ersten Barcamp-Besuch.   \n\n<\/p>\n\n\n\n<div class=\"wp-block-media-text alignwide\" style=\"grid-template-columns:23% auto\"><figure class=\"wp-block-media-text__media\"><img loading=\"lazy\" decoding=\"async\" width=\"150\" height=\"233\" src=\"https:\/\/mia.phtg.ch\/wp-content\/uploads\/2019\/11\/Barcamp_Foto_Catalina1-e1572620715232.png\" alt=\"\" class=\"wp-image-1145\"\/><\/figure><div class=\"wp-block-media-text__content\">\n<p> \u00abAm Samstag, 26. Oktober 2019 fr\u00fchmorgens, machte ich mich aufgeregt auf den Weg nach Z\u00fcrich zum ersten PICTS-Barcamp an der PHZH. Was ist ein Barcamp \u00fcberhaupt? Auch ich musste mich im Voraus mit dieser Frage befassen. In einem Barcamp werden die Inhalte nicht im Vorfeld, sondern von den Teilnehmenden vor Ort gemeinsam festgelegt. Die Beitr\u00e4ge sind so genannte \u00abSessions\u00bb. Dies k\u00f6nnen klassische Workshops oder Pr\u00e4sentationen sein, es kann aber auch gemeinsam eine Fragestellung behandelt werden. Sessions sind bewusst offen, das heisst dass jederzeit gewechselt werden kann.   <\/p>\n\n\n\n<p>Bei der Ankunft wurde ich herzlich empfangen. Ich suchte meine Namenskarte und konnte zwischen einem roten und gr\u00fcnen B\u00e4ndel ausw\u00e4hlen. Daran konnte man erkenne, ob ich den Tag durch fotografiert werden wollte (gr\u00fcn) oder nicht (rot). <\/p>\n<\/div><\/div>\n\n\n\n<p>Bei der Ankunft wurde ich\nherzlich empfangen. Ich suchte meine Namenskarte und konnte zwischen einem\nroten und gr\u00fcnen B\u00e4ndel ausw\u00e4hlen. Daran konnte man erkenne, ob ich den Tag\ndurch fotografiert werden wollte (gr\u00fcn) oder nicht (rot).<\/p>\n\n\n\n<p>Um 09.00 Uhr startete das Barcamp dann endlich. Jeder der ca. 65 Teilnehmenden musste sich in der grossen Runde anhand 3 Hashtags kurz vorstellen. Eine kreative Vorstellungsform, die ich gerne f\u00fcr meine eigenen Weiterbildungskurse mitnehmen werde. Nach kurzen organisatorischen Inputs, bekam man die M\u00f6glichkeit, seine Workshops, Pr\u00e4sentationen oder Fragestellung im Plenum zu pr\u00e4sentieren. Diese wurden von den Organisatoren auf Post-its festgehalten. Im Anschluss wurde gemeinsam der Zeitplan der Sessions erstellt. Jede Session w\u00fcrde jeweils 45 min. dauern.<\/p>\n\n\n\n<p>Nun konnte ich selber w\u00e4hlen, an welchen <strong><a href=\"https:\/\/barcamptools.eu\/pictscamp19\/events\/0175244d-cfd0-4885-a6db-2f3b010f0806#sessions\" target=\"_blank\" rel=\"noreferrer noopener\" aria-label=\"Sessions  (\u00f6ffnet in neuem Tab)\">Sessions <\/a><\/strong>ich teilnehmen wollte. Ich entschiede mich f\u00fcr folgende Sessions:<\/p>\n\n\n\n<ul class=\"wp-block-list\"><li>Learningview \u2013 Ein Werkzeug f\u00fcr individiualisierten Unterricht<\/li><li>Unterrichte besser, arbeite weniger! \u2013 Eduprotocols<\/li><li>Formative \u2013 elektronische Pr\u00fcfungen &amp; interaktive Arbeitsbl\u00e4tter<\/li><li>Back to the future: Toolbox f\u00fcr die Schule 2030<\/li><li>M+I-Kompetenzen festhalten \u2013 aber wie?<\/li><\/ul>\n\n\n\n<p>W\u00e4hrend den Sessions\nerkannte ich immer wieder, welche wunderbaren M\u00f6glichkeiten digitale\nTransformation Schulen bieten kann. Ich lernte spannende und vielversprechende\nneue Tools kennen. <\/p>\n\n\n\n<p>W\u00e4hrend der 1-st\u00fcndigen\nMittagspause genoss ich den Austausch mit PICTS aus verschiedenen Stufen. Wir\nsprachen vor allem \u00fcber den Einsatz und Chancen von Tablets in der Schule, mein\nderzeitiges Lieblingsthema.<\/p>\n\n\n\n<p>Nach dem Mittag besuchte ich drei weitere Sessions. Um 16.15 Uhr war das Ganze dann leider auch schon wieder vorbei. Wir begaben uns zur\u00fcck in den Raum, wo wir zu Beginn des Morgens waren und wurden verabschiedet. Selbstverst\u00e4ndlich durfte zum Schluss auch nicht ein gemeinsames Foto fehlen!<\/p>\n\n\n\n<div class=\"wp-block-media-text alignwide\" style=\"grid-template-columns:38% auto\"><figure class=\"wp-block-media-text__media\"><img decoding=\"async\" src=\"https:\/\/mia.phtg.ch\/wp-content\/uploads\/2019\/11\/Barcamp_Foto_Rahel.png\" alt=\"\" class=\"wp-image-1146\"\/><\/figure><div class=\"wp-block-media-text__content\">\n<p>  Nach dem Mittag besuchte ich drei weitere Sessions. Um 16.15 Uhr war das Ganze dann leider auch schon wieder vorbei. Wir begaben uns zur\u00fcck in den Raum, wo wir zu Beginn des Morgens waren und wurden verabschiedet. Selbstverst\u00e4ndlich durfte zum Schluss auch nicht ein gemeinsames Foto fehlen! <\/p>\n\n\n\n<p>F\u00fcr mich war dieser Tag eine Weiterbildung der ganz besonderen und neuen Art, die mich sehr begeistert hat. Auch konnte ich mein Netzwerk erweitern, was ich in meinem Job sehr wichtig finde (z.B. lernte ich den Gr\u00fcnder und Macher von schabi.ch kennen, ein total sympathischer Typ). <\/p>\n\n\n\n<p> Ich freue mich schon aufs n\u00e4chste Jahr, wenn dann hoffentlich ein weiteres PICTS-Barcamp an der PHZH stattfinden wird. Ich werde sicherlich wieder teilnehmen!\u00bb <\/p>\n\n\n\n<p>Catalina Frischknecht<br>iScout Sprachheilschule Thurgau  <\/p>\n<\/div><\/div>\n\n\n\n<p>F\u00fcr mich war dieser Tag\neine Weiterbildung der ganz besonderen und neuen Art, die mich sehr begeistert\nhat. Auch konnte ich mein Netzwerk erweitern, was ich in meinem Job sehr\nwichtig finde (z.B. lernte ich den Gr\u00fcnder und Macher von schabi.ch kennen, ein\ntotal sympathischer Typ).<\/p>\n\n\n\n<p>Ich freue mich schon aufs n\u00e4chste Jahr, wenn dann hoffentlich ein weiteres PICTS-Barcamp an der PHZH stattfinden wird. Ich werde sicherlich wieder teilnehmen!\u00bb<\/p>\n\n\n\n<p>Catalina Frischknecht<br>iScout Sprachheilschule Thurgau<\/p>\n\n\n\n<hr>\n\n\n\n<p><strong>Dazu vom MDZ eine Frage an alle Leserinnen und Leser: <\/strong><br>W\u00fcrdet ihr gerne an einer solchen Vernetzungs-Veranstaltung f\u00fcr interessierte Lehrpersonen, Schulleitungen und iScouts aus dem Kanton Thurgau teilnehmen oder sogar selbst eine Session anbieten? Kommentare und Anregungen gerne direkt unten im Kommentarfeld oder per Mail an verena.muheim@phtg.ch. <\/p>\n\n\n\n<p>Fotos: <br>Titelbild\/Badge: Catalina Frischknecht<br>Gruppenfoto: Rahel Tschopp\/PHZH<br><\/p>\n<div data-animation=\"no-animation\" data-icons-animation=\"no-animation\" data-overlay=\"\" data-change-size=\"\" data-button-size=\"0.7\" style=\"font-size:0.7em!important;display:none;\" class=\"supsystic-social-sharing supsystic-social-sharing-package-flat supsystic-social-sharing-spacing supsystic-social-sharing-content supsystic-social-sharing-content-align-left\" data-text=\"\"><a data-networks=\"[]\" class=\"social-sharing-button sharer-flat sharer-flat-1 counter-standard without-counter tooltip-icon facebook\" target=\"_blank\" title=\"auf Facebook teilen\" href=\"http:\/\/www.facebook.com\/sharer.php?u=https%3A%2F%2Fmia.phtg.ch%2F%3Fp%3D1142\" data-main-href=\"http:\/\/www.facebook.com\/sharer.php?u={url}\" data-nid=\"1\" data-name=\"\" data-pid=\"1\" data-post-id=\"1142\" data-url=\"https:\/\/mia.phtg.ch\/wp-admin\/admin-ajax.php\" rel=\"nofollow\" data-mailto=\"\"><i class=\"fa-ssbs fa-ssbs-fw fa-ssbs-facebook\"><\/i><div class=\"counter-wrap standard\"><span class=\"counter\">0<\/span><\/div><\/a><a data-networks=\"[]\" class=\"social-sharing-button sharer-flat sharer-flat-1 counter-standard without-counter tooltip-icon twitter\" target=\"_blank\" title=\"auf Twitter teilen\" href=\"https:\/\/twitter.com\/share?url=https%3A%2F%2Fmia.phtg.ch%2F%3Fp%3D1142&text=R%C3%BCckblick%3A+PICTS-Camp19\" data-main-href=\"https:\/\/twitter.com\/share?url={url}&text={title}\" data-nid=\"2\" data-name=\"\" data-pid=\"1\" data-post-id=\"1142\" data-url=\"https:\/\/mia.phtg.ch\/wp-admin\/admin-ajax.php\" rel=\"nofollow\" data-mailto=\"\"><i class=\"fa-ssbs fa-ssbs-fw fa-ssbs-twitter\"><\/i><div class=\"counter-wrap standard\"><span class=\"counter\">0<\/span><\/div><\/a><a data-networks=\"[]\" class=\"social-sharing-button sharer-flat sharer-flat-1 counter-standard without-counter tooltip-icon linkedin\" target=\"_blank\" title=\"auf Linkedin teilen\" href=\"https:\/\/www.linkedin.com\/shareArticle?mini=true&title=R%C3%BCckblick%3A+PICTS-Camp19&url=https%3A%2F%2Fmia.phtg.ch%2F%3Fp%3D1142\" data-main-href=\"https:\/\/www.linkedin.com\/shareArticle?mini=true&title={title}&url={url}\" data-nid=\"13\" data-name=\"\" data-pid=\"1\" data-post-id=\"1142\" data-url=\"https:\/\/mia.phtg.ch\/wp-admin\/admin-ajax.php\" rel=\"nofollow\" data-mailto=\"\"><i class=\"fa-ssbs fa-ssbs-fw fa-ssbs-linkedin\"><\/i><div class=\"counter-wrap standard\"><span class=\"counter\">0<\/span><\/div><\/a><a data-networks=\"[]\" class=\"social-sharing-button sharer-flat sharer-flat-1 counter-standard without-counter tooltip-icon mail\" target=\"_blank\" title=\"per E-Mail teilen\" href=\"#\" data-main-href=\"#\" data-nid=\"16\" data-name=\"\" data-pid=\"1\" data-post-id=\"1142\" data-url=\"https:\/\/mia.phtg.ch\/wp-admin\/admin-ajax.php\" rel=\"nofollow\" data-mailto=\"\"><i class=\"fa-ssbs fa-ssbs-fw fa-ssbs-envelope-o\"><\/i><div class=\"counter-wrap standard\"><span class=\"counter\">0<\/span><\/div><\/a><\/div>","protected":false},"excerpt":{"rendered":"<p>Am Samstag, 26. Oktober 2019 fand an der PHZH das erste Barcamp f\u00fcr P\u00e4dagogische ICT-Supporter statt (Vorank\u00fcndigung in diesem Blogbeitrag) . Auch eine kleine Delegation&hellip;<\/p>\n<div data-animation=\"no-animation\" data-icons-animation=\"no-animation\" data-overlay=\"\" data-change-size=\"\" data-button-size=\"0.7\" style=\"font-size:0.7em!important;display:none;\" class=\"supsystic-social-sharing supsystic-social-sharing-package-flat supsystic-social-sharing-spacing supsystic-social-sharing-content supsystic-social-sharing-content-align-left\" data-text=\"\"><a data-networks=\"[]\" class=\"social-sharing-button sharer-flat sharer-flat-1 counter-standard without-counter tooltip-icon facebook\" target=\"_blank\" title=\"auf Facebook teilen\" href=\"http:\/\/www.facebook.com\/sharer.php?u=https%3A%2F%2Fmia.phtg.ch%2F%3Fp%3D1142\" data-main-href=\"http:\/\/www.facebook.com\/sharer.php?u={url}\" data-nid=\"1\" data-name=\"\" data-pid=\"1\" data-post-id=\"1142\" data-url=\"https:\/\/mia.phtg.ch\/wp-admin\/admin-ajax.php\" rel=\"nofollow\" data-mailto=\"\"><i class=\"fa-ssbs fa-ssbs-fw fa-ssbs-facebook\"><\/i><div class=\"counter-wrap standard\"><span class=\"counter\">0<\/span><\/div><\/a><a data-networks=\"[]\" class=\"social-sharing-button sharer-flat sharer-flat-1 counter-standard without-counter tooltip-icon twitter\" target=\"_blank\" title=\"auf Twitter teilen\" href=\"https:\/\/twitter.com\/share?url=https%3A%2F%2Fmia.phtg.ch%2F%3Fp%3D1142&text=R%C3%BCckblick%3A+PICTS-Camp19\" data-main-href=\"https:\/\/twitter.com\/share?url={url}&text={title}\" data-nid=\"2\" data-name=\"\" data-pid=\"1\" data-post-id=\"1142\" data-url=\"https:\/\/mia.phtg.ch\/wp-admin\/admin-ajax.php\" rel=\"nofollow\" data-mailto=\"\"><i class=\"fa-ssbs fa-ssbs-fw fa-ssbs-twitter\"><\/i><div class=\"counter-wrap standard\"><span class=\"counter\">0<\/span><\/div><\/a><a data-networks=\"[]\" class=\"social-sharing-button sharer-flat sharer-flat-1 counter-standard without-counter tooltip-icon linkedin\" target=\"_blank\" title=\"auf Linkedin teilen\" href=\"https:\/\/www.linkedin.com\/shareArticle?mini=true&title=R%C3%BCckblick%3A+PICTS-Camp19&url=https%3A%2F%2Fmia.phtg.ch%2F%3Fp%3D1142\" data-main-href=\"https:\/\/www.linkedin.com\/shareArticle?mini=true&title={title}&url={url}\" data-nid=\"13\" data-name=\"\" data-pid=\"1\" data-post-id=\"1142\" data-url=\"https:\/\/mia.phtg.ch\/wp-admin\/admin-ajax.php\" rel=\"nofollow\" data-mailto=\"\"><i class=\"fa-ssbs fa-ssbs-fw fa-ssbs-linkedin\"><\/i><div class=\"counter-wrap standard\"><span class=\"counter\">0<\/span><\/div><\/a><a data-networks=\"[]\" class=\"social-sharing-button sharer-flat sharer-flat-1 counter-standard without-counter tooltip-icon mail\" target=\"_blank\" title=\"per E-Mail teilen\" href=\"#\" data-main-href=\"#\" data-nid=\"16\" data-name=\"\" data-pid=\"1\" data-post-id=\"1142\" data-url=\"https:\/\/mia.phtg.ch\/wp-admin\/admin-ajax.php\" rel=\"nofollow\" data-mailto=\"\"><i class=\"fa-ssbs fa-ssbs-fw fa-ssbs-envelope-o\"><\/i><div class=\"counter-wrap standard\"><span class=\"counter\">0<\/span><\/div><\/a><\/div>","protected":false},"author":14,"featured_media":1143,"comment_status":"open","ping_status":"open","sticky":false,"template":"","format":"standard","meta":{"footnotes":""},"categories":[131,11,22,51,3],"tags":[41,94],"class_list":["post-1142","post","type-post","status-publish","format-standard","has-post-thumbnail","hentry","category-digitale-transformation","category-ressourcen","category-veranstaltungen","category-weiterbildung","category-werkzeuge","tag-iscout","tag-veranstaltung"],"_links":{"self":[{"href":"https:\/\/mia.phtg.ch\/index.php?rest_route=\/wp\/v2\/posts\/1142","targetHints":{"allow":["GET"]}}],"collection":[{"href":"https:\/\/mia.phtg.ch\/index.php?rest_route=\/wp\/v2\/posts"}],"about":[{"href":"https:\/\/mia.phtg.ch\/index.php?rest_route=\/wp\/v2\/types\/post"}],"author":[{"embeddable":true,"href":"https:\/\/mia.phtg.ch\/index.php?rest_route=\/wp\/v2\/users\/14"}],"replies":[{"embeddable":true,"href":"https:\/\/mia.phtg.ch\/index.php?rest_route=%2Fwp%2Fv2%2Fcomments&post=1142"}],"version-history":[{"count":38,"href":"https:\/\/mia.phtg.ch\/index.php?rest_route=\/wp\/v2\/posts\/1142\/revisions"}],"predecessor-version":[{"id":1185,"href":"https:\/\/mia.phtg.ch\/index.php?rest_route=\/wp\/v2\/posts\/1142\/revisions\/1185"}],"wp:featuredmedia":[{"embeddable":true,"href":"https:\/\/mia.phtg.ch\/index.php?rest_route=\/wp\/v2\/media\/1143"}],"wp:attachment":[{"href":"https:\/\/mia.phtg.ch\/index.php?rest_route=%2Fwp%2Fv2%2Fmedia&parent=1142"}],"wp:term":[{"taxonomy":"category","embeddable":true,"href":"https:\/\/mia.phtg.ch\/index.php?rest_route=%2Fwp%2Fv2%2Fcategories&post=1142"},{"taxonomy":"post_tag","embeddable":true,"href":"https:\/\/mia.phtg.ch\/index.php?rest_route=%2Fwp%2Fv2%2Ftags&post=1142"}],"curies":[{"name":"wp","href":"https:\/\/api.w.org\/{rel}","templated":true}]}}