{"id":1195,"date":"2019-11-12T15:13:33","date_gmt":"2019-11-12T13:13:33","guid":{"rendered":"https:\/\/mia.phtg.ch\/?p=1195"},"modified":"2019-11-12T15:17:57","modified_gmt":"2019-11-12T13:17:57","slug":"ard-themenwoche-zukunft-bildung","status":"publish","type":"post","link":"https:\/\/mia.phtg.ch\/?p=1195","title":{"rendered":"ARD-Themenwoche \u00abZukunft Bildung\u00bb"},"content":{"rendered":"\n<p>Vom 9. bis 16. November 2019 widmet sich <a rel=\"noreferrer noopener\" aria-label=\"ARD  (\u00f6ffnet in neuem Tab)\" href=\"https:\/\/www.ard.de\/home\/themenwoche\/ARD_Themenwoche_2019_Zukunft_Bildung\/5505936\/index.html\" target=\"_blank\"><strong>ARD<\/strong> <\/a>dem Thema Bildung. Es steht unter anderem die Frage im Zentrum, wie sich Bildung und damit die Schule durch die Digitalsierung ver\u00e4ndert. Dabei kommen in den unterschiedlichen Fernseh- und Audio-Formaten verschiedeneste Akteure zu Wort. <\/p>\n\n\n\n<p>Der Bildungsforscher und OECD-Direktor Andreas Schleicher weist darauf hin, dass Technologie im Unterricht immer auch reflektiert eingesetzt werden soll (z.B. <a href=\"https:\/\/www.youtube.com\/watch?v=lEuRyHVfPfU\"><strong>hier<\/strong><\/a>). Nur durch den Einsatz von Technologie l\u00e4sst sich kein besserer oder effizienter Unterricht gestalten. Vielmehr soll die Schule als Ganzes den Weg der Digitalisierung gehen. Denn \u2013 so Schleicher \u2013 eine Technologie aus dem 21. Jahrhundert passt nicht mit einer P\u00e4dagogik aus dem 20. Jahrhundert zusammen. <\/p>\n\n\n\n<p>In diesem Kontext setzt sich die ARD-Themenwoche auseinander und b\u00fcndelt alle Informationen und Themen unter <strong><a href=\"https:\/\/www.ard.de\/home\/themenwoche\/ARD_Themenwoche_2019_Zukunft_Bildung\/5505936\/index.html\">themenwoche.ard.de<\/a><\/strong> online zusammen. Die Woche soll Anreiz, Ideen und M\u00f6glichkeiten bieten, die Diskussion \u00fcber die Digitalisierung im Schulbereich konstruktiv und \u00fcber alle Instanzen hinweg anzuregen. <\/p>\n\n\n\n<p>Dazu auf der Projektwebsite: \u00abGeplant sind Beitr\u00e4ge in allen Genres &#8211; von bundesweit bis regional, von dokumentarisch bis fiktional, von informativ und investigativ bis unterhaltsam. Das Erste, die Fernseh- und Radioprogramme der ARD und die Online-Angebote der Senderfamilie widmen sich vor allem diesen Themen: Bildungsalltag, Diversit\u00e4t, Digitalisierung, politische Blockaden und Bildung im Vergleich.\u00bb<\/p>\n\n\n\n<p><strong>Einige Beispiele: <\/strong><\/p>\n\n\n\n<ul class=\"wp-block-list\"><li><strong><a rel=\"noreferrer noopener\" aria-label=\" (\u00f6ffnet in neuem Tab)\" href=\"https:\/\/www.ardmediathek.de\/ard\/player\/Y3JpZDovL2Rhc2Vyc3RlLmRlL3cgd2llIHdpc3Nlbi83ZTEwODMyZS00ZDI3LTRjZTItYWJjYy0wMjZlYmRmOGE3ZTU\/die-sendung-vom-09-november-2019\" target=\"_blank\">W wie Wissen<\/a><\/strong>\u00bb: So sieht die Schulstunde, Vorlesung oder Pr\u00fcfung der Zukunft aus | Konzepte und Methoden f\u00fcr die \u00abewige Erwachsenenbildung\u00bb | Gamification als modernes Lern-Konzept | Experten warnen vor Vernachl\u00e4ssigung der Handschrift<\/li><\/ul>\n\n\n\n<ul class=\"wp-block-list\"><li>\u00ab<a rel=\"noreferrer noopener\" aria-label=\"Dok 5 - Das Feature (\u00f6ffnet in neuem Tab)\" href=\"https:\/\/www.ardaudiothek.de\/dok-5-das-feature\/lernen-fuer-die-welt-von-morgen-digitalisierung-in-der-schule-doku\/68698920\" target=\"_blank\"><strong>Dok 5 &#8211; Das Feature<\/strong><\/a>\u00bb Lernen f\u00fcr die Welt von morgen &#8211; Digitalisierung in der Schule (Audio-Beitrag) <br>Die Fragen: Wie sieht der richtige Umgang mit der Digitalisierung \u00fcberhaupt aus? Unter anderem mit einem Beitrag von Andreas Schleicher (ab ca. Minute 30). <\/li><\/ul>\n\n\n\n<ul class=\"wp-block-list\"><li>\u00abDie Sendung mit der Maus Spezial: <strong><a rel=\"noreferrer noopener\" aria-label=\" (\u00f6ffnet in neuem Tab)\" href=\"https:\/\/programm.ard.de\/?sendung=281112302377050&amp;first=1\" target=\"_blank\">Wir machen Schule<\/a><\/strong>\u00bb <\/li><\/ul>\n\n\n\n<p>Begleitend zur Themenwoche finden Lehrerinnen und Lehrer auf der Seite \u00ab<strong><a href=\"https:\/\/www1.wdr.de\/schule\/digital\/index.html\" target=\"_blank\" rel=\"noreferrer noopener\" aria-label=\"Schule digital (\u00f6ffnet in neuem Tab)\">Schule digital<\/a><\/strong>\u00bb Materialien (Lernvideos, Arbeitsbl\u00e4tter, Apps u.v.m.), die im eigenen Unterricht eingesetzt werden k\u00f6nnen. <\/p>\n\n\n\n<p>Unter dem Hashtag <strong>#ardthemenwoche<\/strong> kann die Spezialwoche auf Social Media mitverfolgt werden. Aktuelle Informationen liefert auch der Twitterkanal <strong>@ARDThemenwoche<\/strong>. <\/p>\n\n\n\n<figure class=\"wp-block-embed-twitter wp-block-embed is-type-rich is-provider-twitter\"><div class=\"wp-block-embed__wrapper\">\n<a class=\"twitter-timeline\" data-width=\"843\" data-height=\"1000\" data-dnt=\"true\" href=\"https:\/\/twitter.com\/ARDThemenwoche?ref_src=twsrc%5Etfw\">Tweets by ARDThemenwoche<\/a><script async src=\"https:\/\/platform.twitter.com\/widgets.js\" charset=\"utf-8\"><\/script>\n<\/div><\/figure>\n<div data-animation=\"no-animation\" data-icons-animation=\"no-animation\" data-overlay=\"\" data-change-size=\"\" data-button-size=\"0.7\" style=\"font-size:0.7em!important;display:none;\" class=\"supsystic-social-sharing supsystic-social-sharing-package-flat supsystic-social-sharing-spacing supsystic-social-sharing-content supsystic-social-sharing-content-align-left\" data-text=\"\"><a data-networks=\"[]\" class=\"social-sharing-button sharer-flat sharer-flat-1 counter-standard without-counter tooltip-icon facebook\" target=\"_blank\" title=\"auf Facebook teilen\" href=\"http:\/\/www.facebook.com\/sharer.php?u=https%3A%2F%2Fmia.phtg.ch%2F%3Fp%3D1195\" data-main-href=\"http:\/\/www.facebook.com\/sharer.php?u={url}\" data-nid=\"1\" data-name=\"\" data-pid=\"1\" data-post-id=\"1195\" data-url=\"https:\/\/mia.phtg.ch\/wp-admin\/admin-ajax.php\" rel=\"nofollow\" data-mailto=\"\"><i class=\"fa-ssbs fa-ssbs-fw fa-ssbs-facebook\"><\/i><div class=\"counter-wrap standard\"><span class=\"counter\">0<\/span><\/div><\/a><a data-networks=\"[]\" class=\"social-sharing-button sharer-flat sharer-flat-1 counter-standard without-counter tooltip-icon twitter\" target=\"_blank\" title=\"auf Twitter teilen\" href=\"https:\/\/twitter.com\/share?url=https%3A%2F%2Fmia.phtg.ch%2F%3Fp%3D1195&text=ARD-Themenwoche+%C2%ABZukunft+Bildung%C2%BB\" data-main-href=\"https:\/\/twitter.com\/share?url={url}&text={title}\" data-nid=\"2\" data-name=\"\" data-pid=\"1\" data-post-id=\"1195\" data-url=\"https:\/\/mia.phtg.ch\/wp-admin\/admin-ajax.php\" rel=\"nofollow\" data-mailto=\"\"><i class=\"fa-ssbs fa-ssbs-fw fa-ssbs-twitter\"><\/i><div class=\"counter-wrap standard\"><span class=\"counter\">0<\/span><\/div><\/a><a data-networks=\"[]\" class=\"social-sharing-button sharer-flat sharer-flat-1 counter-standard without-counter tooltip-icon linkedin\" target=\"_blank\" title=\"auf Linkedin teilen\" href=\"https:\/\/www.linkedin.com\/shareArticle?mini=true&title=ARD-Themenwoche+%C2%ABZukunft+Bildung%C2%BB&url=https%3A%2F%2Fmia.phtg.ch%2F%3Fp%3D1195\" data-main-href=\"https:\/\/www.linkedin.com\/shareArticle?mini=true&title={title}&url={url}\" data-nid=\"13\" data-name=\"\" data-pid=\"1\" data-post-id=\"1195\" data-url=\"https:\/\/mia.phtg.ch\/wp-admin\/admin-ajax.php\" rel=\"nofollow\" data-mailto=\"\"><i class=\"fa-ssbs fa-ssbs-fw fa-ssbs-linkedin\"><\/i><div class=\"counter-wrap standard\"><span class=\"counter\">0<\/span><\/div><\/a><a data-networks=\"[]\" class=\"social-sharing-button sharer-flat sharer-flat-1 counter-standard without-counter tooltip-icon mail\" target=\"_blank\" title=\"per E-Mail teilen\" href=\"#\" data-main-href=\"#\" data-nid=\"16\" data-name=\"\" data-pid=\"1\" data-post-id=\"1195\" data-url=\"https:\/\/mia.phtg.ch\/wp-admin\/admin-ajax.php\" rel=\"nofollow\" data-mailto=\"\"><i class=\"fa-ssbs fa-ssbs-fw fa-ssbs-envelope-o\"><\/i><div class=\"counter-wrap standard\"><span class=\"counter\">0<\/span><\/div><\/a><\/div>","protected":false},"excerpt":{"rendered":"<p>Vom 9. bis 16. November 2019 widmet sich ARD dem Thema Bildung. Es steht unter anderem die Frage im Zentrum, wie sich Bildung und damit&hellip;<\/p>\n<div data-animation=\"no-animation\" data-icons-animation=\"no-animation\" data-overlay=\"\" data-change-size=\"\" data-button-size=\"0.7\" style=\"font-size:0.7em!important;display:none;\" class=\"supsystic-social-sharing supsystic-social-sharing-package-flat supsystic-social-sharing-spacing supsystic-social-sharing-content supsystic-social-sharing-content-align-left\" data-text=\"\"><a data-networks=\"[]\" class=\"social-sharing-button sharer-flat sharer-flat-1 counter-standard without-counter tooltip-icon facebook\" target=\"_blank\" title=\"auf Facebook teilen\" href=\"http:\/\/www.facebook.com\/sharer.php?u=https%3A%2F%2Fmia.phtg.ch%2F%3Fp%3D1195\" data-main-href=\"http:\/\/www.facebook.com\/sharer.php?u={url}\" data-nid=\"1\" data-name=\"\" data-pid=\"1\" data-post-id=\"1195\" data-url=\"https:\/\/mia.phtg.ch\/wp-admin\/admin-ajax.php\" rel=\"nofollow\" data-mailto=\"\"><i class=\"fa-ssbs fa-ssbs-fw fa-ssbs-facebook\"><\/i><div class=\"counter-wrap standard\"><span class=\"counter\">0<\/span><\/div><\/a><a data-networks=\"[]\" class=\"social-sharing-button sharer-flat sharer-flat-1 counter-standard without-counter tooltip-icon twitter\" target=\"_blank\" title=\"auf Twitter teilen\" href=\"https:\/\/twitter.com\/share?url=https%3A%2F%2Fmia.phtg.ch%2F%3Fp%3D1195&text=ARD-Themenwoche+%C2%ABZukunft+Bildung%C2%BB\" data-main-href=\"https:\/\/twitter.com\/share?url={url}&text={title}\" data-nid=\"2\" data-name=\"\" data-pid=\"1\" data-post-id=\"1195\" data-url=\"https:\/\/mia.phtg.ch\/wp-admin\/admin-ajax.php\" rel=\"nofollow\" data-mailto=\"\"><i class=\"fa-ssbs fa-ssbs-fw fa-ssbs-twitter\"><\/i><div class=\"counter-wrap standard\"><span class=\"counter\">0<\/span><\/div><\/a><a data-networks=\"[]\" class=\"social-sharing-button sharer-flat sharer-flat-1 counter-standard without-counter tooltip-icon linkedin\" target=\"_blank\" title=\"auf Linkedin teilen\" href=\"https:\/\/www.linkedin.com\/shareArticle?mini=true&title=ARD-Themenwoche+%C2%ABZukunft+Bildung%C2%BB&url=https%3A%2F%2Fmia.phtg.ch%2F%3Fp%3D1195\" data-main-href=\"https:\/\/www.linkedin.com\/shareArticle?mini=true&title={title}&url={url}\" data-nid=\"13\" data-name=\"\" data-pid=\"1\" data-post-id=\"1195\" data-url=\"https:\/\/mia.phtg.ch\/wp-admin\/admin-ajax.php\" rel=\"nofollow\" data-mailto=\"\"><i class=\"fa-ssbs fa-ssbs-fw fa-ssbs-linkedin\"><\/i><div class=\"counter-wrap standard\"><span class=\"counter\">0<\/span><\/div><\/a><a data-networks=\"[]\" class=\"social-sharing-button sharer-flat sharer-flat-1 counter-standard without-counter tooltip-icon mail\" target=\"_blank\" title=\"per E-Mail teilen\" href=\"#\" data-main-href=\"#\" data-nid=\"16\" data-name=\"\" data-pid=\"1\" data-post-id=\"1195\" data-url=\"https:\/\/mia.phtg.ch\/wp-admin\/admin-ajax.php\" rel=\"nofollow\" data-mailto=\"\"><i class=\"fa-ssbs fa-ssbs-fw fa-ssbs-envelope-o\"><\/i><div class=\"counter-wrap standard\"><span class=\"counter\">0<\/span><\/div><\/a><\/div>","protected":false},"author":14,"featured_media":1197,"comment_status":"open","ping_status":"open","sticky":false,"template":"","format":"standard","meta":{"footnotes":""},"categories":[131,10,24,11,1,51],"tags":[44,191,193,192,194],"class_list":["post-1195","post","type-post","status-publish","format-standard","has-post-thumbnail","hentry","category-digitale-transformation","category-medien","category-mia","category-ressourcen","category-uncategorized","category-weiterbildung","tag-digitale-transformation","tag-digitalerwandel","tag-fernsehen","tag-schule2030","tag-themenwoche"],"_links":{"self":[{"href":"https:\/\/mia.phtg.ch\/index.php?rest_route=\/wp\/v2\/posts\/1195","targetHints":{"allow":["GET"]}}],"collection":[{"href":"https:\/\/mia.phtg.ch\/index.php?rest_route=\/wp\/v2\/posts"}],"about":[{"href":"https:\/\/mia.phtg.ch\/index.php?rest_route=\/wp\/v2\/types\/post"}],"author":[{"embeddable":true,"href":"https:\/\/mia.phtg.ch\/index.php?rest_route=\/wp\/v2\/users\/14"}],"replies":[{"embeddable":true,"href":"https:\/\/mia.phtg.ch\/index.php?rest_route=%2Fwp%2Fv2%2Fcomments&post=1195"}],"version-history":[{"count":7,"href":"https:\/\/mia.phtg.ch\/index.php?rest_route=\/wp\/v2\/posts\/1195\/revisions"}],"predecessor-version":[{"id":1203,"href":"https:\/\/mia.phtg.ch\/index.php?rest_route=\/wp\/v2\/posts\/1195\/revisions\/1203"}],"wp:featuredmedia":[{"embeddable":true,"href":"https:\/\/mia.phtg.ch\/index.php?rest_route=\/wp\/v2\/media\/1197"}],"wp:attachment":[{"href":"https:\/\/mia.phtg.ch\/index.php?rest_route=%2Fwp%2Fv2%2Fmedia&parent=1195"}],"wp:term":[{"taxonomy":"category","embeddable":true,"href":"https:\/\/mia.phtg.ch\/index.php?rest_route=%2Fwp%2Fv2%2Fcategories&post=1195"},{"taxonomy":"post_tag","embeddable":true,"href":"https:\/\/mia.phtg.ch\/index.php?rest_route=%2Fwp%2Fv2%2Ftags&post=1195"}],"curies":[{"name":"wp","href":"https:\/\/api.w.org\/{rel}","templated":true}]}}