{"id":1280,"date":"2019-12-17T15:30:05","date_gmt":"2019-12-17T13:30:05","guid":{"rendered":"https:\/\/mia.phtg.ch\/?p=1280"},"modified":"2019-12-17T15:30:58","modified_gmt":"2019-12-17T13:30:58","slug":"von-baustellen-news-deprivation-und-bald-ueberfluessigen-lehrpersonen","status":"publish","type":"post","link":"https:\/\/mia.phtg.ch\/?p=1280","title":{"rendered":"Von Baustellen, News-Deprivation und bald \u00fcberfl\u00fcssigen Lehrpersonen (?)"},"content":{"rendered":"\n<p><em>Die <a rel=\"noreferrer noopener\" aria-label=\" (\u00f6ffnet in neuem Tab)\" href=\"https:\/\/www.lch.ch\/publikationen\/bildung-schweiz\/dokument\/11-2019\/\" target=\"_blank\"><strong>neueste Ausgabe von Bildung Schweiz<\/strong><\/a> dreht sich ganz breit um \u00abDigitale Bildung\u00bb. Drei Perlen daraus sollen zum Lesen anregen<\/em>:<\/p>\n\n\n\n<p><strong>Digitale Bildung I: Baustellen<\/strong><\/p>\n\n\n\n<p>Der Artikel \u00abViele Baustellen in \u00abMedien und Informatik\u00bb (Seite 14) zeigt klar auf, dass die Situation in der Schweiz f\u00fcr Lehrpersonen aktuell alles andere als transparent ist. Die Kantone haben unterschiedliche Rahmenbedingungen f\u00fcr die Umsetzung von Medien und Informatik geschaffen, einige PHs haben eigene Lehrg\u00e4nge entwickelt oder verfolgen jeweils eigene Strategien in der Aus- und Weiterbildung von Lehrpersonen. Nicht gekl\u00e4rt ist ausserdem die Frage der gegenseitigen Anerkennung von diesen Aus- und Weiterbildungsangeboten.<\/p>\n\n\n\n<p>Ein kritischer Artikel, der die Baustellen transparent macht und auch Ans\u00e4tze zeigt, was getan werden muss. Wir haben viel zu tun, packen wir es an!<\/p>\n\n\n\n<p><strong>Digitale Bildung II: News-Deprivation und anderes<\/strong><\/p>\n\n\n\n<p>Der Umgang mit Informationen aus dem Netz erfordert eine hohe Kompetenz! Bereits zeigen sich so Ph\u00e4nomene wie News-Abstinenz, News-Deprivation oder dann auch die Tendenz zur so genannten Emp\u00f6rungs- oder Erregungsdemokratie. Wer mehr wissen will, liest sich am besten selbst ein auf Seite 18: \u00abPublizistische Medienkompetenz f\u00f6rdern!\u201c und auf Seite 21 \u201eVon der Dolchstosslegende zu den \u00abFake News\u00bb.<\/p>\n\n\n\n<p><strong>Digitale Bildung III: \u00fcberfl\u00fcssige Lehrpersonen(?)<\/strong><\/p>\n\n\n\n<p>Werden Lehrpersonen durch \u00abK\u00fcnstliche Intelligenz\u00bb (KI) k\u00fcnftig \u00fcberfl\u00fcssig? F\u00fcr die einen eine interessante, vielleicht sogar hoffnungsfrohe Vorstellung, f\u00fcr andere beunruhigend oder undenkbar \u2013 der Artikel zeigt auf leicht verst\u00e4ndliche Weise auf, was KI tats\u00e4chlich ist und wo diese Technologien bereits Einzug in unser aller Leben und ins Klassenzimmer gehalten haben. <br>Die Antwort auf die eingangs gestellte Frage? Selber nachlesen auf Seite 24: \u00abWird K\u00fcnstliche Intelligenz Lehrpersonen bald ersetzen?<\/p>\n<div data-animation=\"no-animation\" data-icons-animation=\"no-animation\" data-overlay=\"\" data-change-size=\"\" data-button-size=\"0.7\" style=\"font-size:0.7em!important;display:none;\" class=\"supsystic-social-sharing supsystic-social-sharing-package-flat supsystic-social-sharing-spacing supsystic-social-sharing-content supsystic-social-sharing-content-align-left\" data-text=\"\"><a data-networks=\"[]\" class=\"social-sharing-button sharer-flat sharer-flat-1 counter-standard without-counter tooltip-icon facebook\" target=\"_blank\" title=\"auf Facebook teilen\" href=\"http:\/\/www.facebook.com\/sharer.php?u=https%3A%2F%2Fmia.phtg.ch%2F%3Fp%3D1280\" data-main-href=\"http:\/\/www.facebook.com\/sharer.php?u={url}\" data-nid=\"1\" data-name=\"\" data-pid=\"1\" data-post-id=\"1280\" data-url=\"https:\/\/mia.phtg.ch\/wp-admin\/admin-ajax.php\" rel=\"nofollow\" data-mailto=\"\"><i class=\"fa-ssbs fa-ssbs-fw fa-ssbs-facebook\"><\/i><div class=\"counter-wrap standard\"><span class=\"counter\">0<\/span><\/div><\/a><a data-networks=\"[]\" class=\"social-sharing-button sharer-flat sharer-flat-1 counter-standard without-counter tooltip-icon twitter\" target=\"_blank\" title=\"auf Twitter teilen\" href=\"https:\/\/twitter.com\/share?url=https%3A%2F%2Fmia.phtg.ch%2F%3Fp%3D1280&text=Von+Baustellen%2C+News-Deprivation+und+bald+%C3%BCberfl%C3%BCssigen+Lehrpersonen+%28%3F%29\" data-main-href=\"https:\/\/twitter.com\/share?url={url}&text={title}\" data-nid=\"2\" data-name=\"\" data-pid=\"1\" data-post-id=\"1280\" data-url=\"https:\/\/mia.phtg.ch\/wp-admin\/admin-ajax.php\" rel=\"nofollow\" data-mailto=\"\"><i class=\"fa-ssbs fa-ssbs-fw fa-ssbs-twitter\"><\/i><div class=\"counter-wrap standard\"><span class=\"counter\">0<\/span><\/div><\/a><a data-networks=\"[]\" class=\"social-sharing-button sharer-flat sharer-flat-1 counter-standard without-counter tooltip-icon linkedin\" target=\"_blank\" title=\"auf Linkedin teilen\" href=\"https:\/\/www.linkedin.com\/shareArticle?mini=true&title=Von+Baustellen%2C+News-Deprivation+und+bald+%C3%BCberfl%C3%BCssigen+Lehrpersonen+%28%3F%29&url=https%3A%2F%2Fmia.phtg.ch%2F%3Fp%3D1280\" data-main-href=\"https:\/\/www.linkedin.com\/shareArticle?mini=true&title={title}&url={url}\" data-nid=\"13\" data-name=\"\" data-pid=\"1\" data-post-id=\"1280\" data-url=\"https:\/\/mia.phtg.ch\/wp-admin\/admin-ajax.php\" rel=\"nofollow\" data-mailto=\"\"><i class=\"fa-ssbs fa-ssbs-fw fa-ssbs-linkedin\"><\/i><div class=\"counter-wrap standard\"><span class=\"counter\">0<\/span><\/div><\/a><a data-networks=\"[]\" class=\"social-sharing-button sharer-flat sharer-flat-1 counter-standard without-counter tooltip-icon mail\" target=\"_blank\" title=\"per E-Mail teilen\" href=\"#\" data-main-href=\"#\" data-nid=\"16\" data-name=\"\" data-pid=\"1\" data-post-id=\"1280\" data-url=\"https:\/\/mia.phtg.ch\/wp-admin\/admin-ajax.php\" rel=\"nofollow\" data-mailto=\"\"><i class=\"fa-ssbs fa-ssbs-fw fa-ssbs-envelope-o\"><\/i><div class=\"counter-wrap standard\"><span class=\"counter\">0<\/span><\/div><\/a><\/div>","protected":false},"excerpt":{"rendered":"<p>Die neueste Ausgabe von Bildung Schweiz dreht sich ganz breit um \u00abDigitale Bildung\u00bb. Drei Perlen daraus sollen zum Lesen anregen: Digitale Bildung I: Baustellen Der&hellip;<\/p>\n<div data-animation=\"no-animation\" data-icons-animation=\"no-animation\" data-overlay=\"\" data-change-size=\"\" data-button-size=\"0.7\" style=\"font-size:0.7em!important;display:none;\" class=\"supsystic-social-sharing supsystic-social-sharing-package-flat supsystic-social-sharing-spacing supsystic-social-sharing-content supsystic-social-sharing-content-align-left\" data-text=\"\"><a data-networks=\"[]\" class=\"social-sharing-button sharer-flat sharer-flat-1 counter-standard without-counter tooltip-icon facebook\" target=\"_blank\" title=\"auf Facebook teilen\" href=\"http:\/\/www.facebook.com\/sharer.php?u=https%3A%2F%2Fmia.phtg.ch%2F%3Fp%3D1280\" data-main-href=\"http:\/\/www.facebook.com\/sharer.php?u={url}\" data-nid=\"1\" data-name=\"\" data-pid=\"1\" data-post-id=\"1280\" data-url=\"https:\/\/mia.phtg.ch\/wp-admin\/admin-ajax.php\" rel=\"nofollow\" data-mailto=\"\"><i class=\"fa-ssbs fa-ssbs-fw fa-ssbs-facebook\"><\/i><div class=\"counter-wrap standard\"><span class=\"counter\">0<\/span><\/div><\/a><a data-networks=\"[]\" class=\"social-sharing-button sharer-flat sharer-flat-1 counter-standard without-counter tooltip-icon twitter\" target=\"_blank\" title=\"auf Twitter teilen\" href=\"https:\/\/twitter.com\/share?url=https%3A%2F%2Fmia.phtg.ch%2F%3Fp%3D1280&text=Von+Baustellen%2C+News-Deprivation+und+bald+%C3%BCberfl%C3%BCssigen+Lehrpersonen+%28%3F%29\" data-main-href=\"https:\/\/twitter.com\/share?url={url}&text={title}\" data-nid=\"2\" data-name=\"\" data-pid=\"1\" data-post-id=\"1280\" data-url=\"https:\/\/mia.phtg.ch\/wp-admin\/admin-ajax.php\" rel=\"nofollow\" data-mailto=\"\"><i class=\"fa-ssbs fa-ssbs-fw fa-ssbs-twitter\"><\/i><div class=\"counter-wrap standard\"><span class=\"counter\">0<\/span><\/div><\/a><a data-networks=\"[]\" class=\"social-sharing-button sharer-flat sharer-flat-1 counter-standard without-counter tooltip-icon linkedin\" target=\"_blank\" title=\"auf Linkedin teilen\" href=\"https:\/\/www.linkedin.com\/shareArticle?mini=true&title=Von+Baustellen%2C+News-Deprivation+und+bald+%C3%BCberfl%C3%BCssigen+Lehrpersonen+%28%3F%29&url=https%3A%2F%2Fmia.phtg.ch%2F%3Fp%3D1280\" data-main-href=\"https:\/\/www.linkedin.com\/shareArticle?mini=true&title={title}&url={url}\" data-nid=\"13\" data-name=\"\" data-pid=\"1\" data-post-id=\"1280\" data-url=\"https:\/\/mia.phtg.ch\/wp-admin\/admin-ajax.php\" rel=\"nofollow\" data-mailto=\"\"><i class=\"fa-ssbs fa-ssbs-fw fa-ssbs-linkedin\"><\/i><div class=\"counter-wrap standard\"><span class=\"counter\">0<\/span><\/div><\/a><a data-networks=\"[]\" class=\"social-sharing-button sharer-flat sharer-flat-1 counter-standard without-counter tooltip-icon mail\" target=\"_blank\" title=\"per E-Mail teilen\" href=\"#\" data-main-href=\"#\" data-nid=\"16\" data-name=\"\" data-pid=\"1\" data-post-id=\"1280\" data-url=\"https:\/\/mia.phtg.ch\/wp-admin\/admin-ajax.php\" rel=\"nofollow\" data-mailto=\"\"><i class=\"fa-ssbs fa-ssbs-fw fa-ssbs-envelope-o\"><\/i><div class=\"counter-wrap standard\"><span class=\"counter\">0<\/span><\/div><\/a><\/div>","protected":false},"author":12,"featured_media":1289,"comment_status":"open","ping_status":"open","sticky":false,"template":"","format":"standard","meta":{"footnotes":""},"categories":[131,23,10,11,69,51],"tags":[199,200,202,201],"class_list":["post-1280","post","type-post","status-publish","format-standard","has-post-thumbnail","hentry","category-digitale-transformation","category-informatik","category-medien","category-ressourcen","category-studien","category-weiterbildung","tag-bildung-schweiz","tag-digitale-bildung","tag-kuenstliche-intelligenz","tag-news-deprivation"],"_links":{"self":[{"href":"https:\/\/mia.phtg.ch\/index.php?rest_route=\/wp\/v2\/posts\/1280","targetHints":{"allow":["GET"]}}],"collection":[{"href":"https:\/\/mia.phtg.ch\/index.php?rest_route=\/wp\/v2\/posts"}],"about":[{"href":"https:\/\/mia.phtg.ch\/index.php?rest_route=\/wp\/v2\/types\/post"}],"author":[{"embeddable":true,"href":"https:\/\/mia.phtg.ch\/index.php?rest_route=\/wp\/v2\/users\/12"}],"replies":[{"embeddable":true,"href":"https:\/\/mia.phtg.ch\/index.php?rest_route=%2Fwp%2Fv2%2Fcomments&post=1280"}],"version-history":[{"count":6,"href":"https:\/\/mia.phtg.ch\/index.php?rest_route=\/wp\/v2\/posts\/1280\/revisions"}],"predecessor-version":[{"id":1322,"href":"https:\/\/mia.phtg.ch\/index.php?rest_route=\/wp\/v2\/posts\/1280\/revisions\/1322"}],"wp:featuredmedia":[{"embeddable":true,"href":"https:\/\/mia.phtg.ch\/index.php?rest_route=\/wp\/v2\/media\/1289"}],"wp:attachment":[{"href":"https:\/\/mia.phtg.ch\/index.php?rest_route=%2Fwp%2Fv2%2Fmedia&parent=1280"}],"wp:term":[{"taxonomy":"category","embeddable":true,"href":"https:\/\/mia.phtg.ch\/index.php?rest_route=%2Fwp%2Fv2%2Fcategories&post=1280"},{"taxonomy":"post_tag","embeddable":true,"href":"https:\/\/mia.phtg.ch\/index.php?rest_route=%2Fwp%2Fv2%2Ftags&post=1280"}],"curies":[{"name":"wp","href":"https:\/\/api.w.org\/{rel}","templated":true}]}}