{"id":1461,"date":"2020-04-08T17:17:12","date_gmt":"2020-04-08T15:17:12","guid":{"rendered":"https:\/\/mia.phtg.ch\/?p=1461"},"modified":"2020-08-24T13:43:19","modified_gmt":"2020-08-24T11:43:19","slug":"sich-zeit-nehmen-koennen-und-mal-was-von-a-bis-z-selbst-umsetzen","status":"publish","type":"post","link":"https:\/\/mia.phtg.ch\/?p=1461","title":{"rendered":"\u00ab&#8230; sich Zeit nehmen k\u00f6nnen und mal was von A bis Z selbst umsetzen&#8230;\u00bb"},"content":{"rendered":"\n<p><em>Wir alle wissen, regelm\u00e4ssige Weiter- und Fortbildungen sind wichtig. Wir alle ben\u00f6tigen pers\u00f6nlich immer wieder mal neue oder andere Impulse oder m\u00f6chten uns intensiver mit etwas auseinandersetzen und Neues kennen lernen. Dabei gibt es ein grosses Angebot an ganz unterschiedlichen Formaten, M\u00f6glichkeiten und Anbietern. <\/em><\/p>\n\n\n\n<p> Ein Angebot, das an der PHTG besteht, ist das so genannte individualisierte Bildungssemester (IBIS). Anna B. (Fachlehrerin, Sekundarstufe I) nutzte dieses Format w\u00e4hrend eines halben Jahres zur Auseinandersetzung mit Microcontrollern und der Umsetzung im Unterricht zu Medien und Informatik. IBIS erlaubt ein zu 100% massgeschneidertes Programm, das sich an den individuellen Zielsetzungen der teilnehmenden Personen ausrichtet. Themenschwerpunkte, zeitliche Organisation sowie die Arbeitsform k\u00f6nnen individuell abgestimmt werden. Und: im Rahmen von IBIS kann man der PHTG in unterschiedlichen Bereichen einen Teil absolvieren. So kann es durchaus vorkommen, dass die teilnehmenden Personen gleichzeitig in IBIS sind, aber sich die Inhalte und Programme in jeglicher Hinsicht voneinander unterscheiden. Alleine im Medien- und Didaktikzentrum (MDZ) kann man in drei unterschiedlichen Bereichen seine Projekte umsetzen oder auch alle drei Bereiche kennen lernen, wenn man das m\u00f6chte.  <\/p>\n\n\n\n<p>Im Videointerview erz\u00e4hlt Anna, welche Eindr\u00fccke sie w\u00e4hrend der Zeit in IBIS gewinnen konnte, was sie ganz besonders an diesem Format sch\u00e4tzen gelernt hat und welche Tipps sie k\u00fcnftigen \u00abBildungssemestlern\u00bb geben kann.<\/p>\n\n\n\n<figure class=\"wp-block-embed-youtube wp-block-embed is-type-video is-provider-youtube wp-embed-aspect-16-9 wp-has-aspect-ratio\"><div class=\"wp-block-embed__wrapper\">\n<iframe loading=\"lazy\" title=\"Bildungssemester am MDZ \/ vier Fragen an Anna\" width=\"843\" height=\"474\" src=\"https:\/\/www.youtube.com\/embed\/VTtF-xtOXoM?feature=oembed\" frameborder=\"0\" allow=\"accelerometer; autoplay; clipboard-write; encrypted-media; gyroscope; picture-in-picture\" allowfullscreen><\/iframe>\n<\/div><\/figure>\n\n\n\n<p>Anna hat im Rahmen von IBIS bewusst <a href=\"https:\/\/mdz.phtg.ch\/de\/weiterbildung-und-beratung-in-medien-und-informatik\/bildungssemester-ibis\/\"><strong>ein eigenes Projekt im MDZ<\/strong><\/a> ausgew\u00e4hlt und konnte sich nun w\u00e4hrend gut einem halben Jahr intensiv mit programmierbaren Microcontrollern auseinandersetzen. Sie realisierte in dieser Zeit eigene Robotikprojekte und konnte dadurch \u00abvon der Pike\u00bb auf alles selbst anwenden. Auf diese Weise konnte sie \u00abhands on\u00bb eigene praktische Erfahrungen sammeln, die ihr nun w\u00e4hrend der Umsetzung mit ihren Sch\u00fclerinnen und Sch\u00fclern zu Gute kommen. \u00dcber den Aufbau der Roboter, hin zur Verkabelung mit dem Microcontroller und dem Rechner bis zum (total physischen) L\u00f6ten, Schalt- und Stromkreise bauen mit anschliessender Fehlersuche und dem Schreiben des entsprechenden Programms \u00fcber Scratch&#8230;. das T\u00fcfteln, Ausprobieren, ab und zu mal Scheitern und dann wieder weiter machen \u2013 das alles hat ihr viele pers\u00f6nliche Erkenntnisse und \u00abAha\u2019s\u00bb erm\u00f6glicht. Tatkr\u00e4ftig unterst\u00fctzt wurde sie dabei von <a href=\"https:\/\/www.phtg.ch\/de\/fachbereiche\/uebersicht\/medien-und-informatik\/seite-detailansicht\/person\/lars-nessensohn\/\"><strong>Lars Nessensohn, Dozent Medien und Informatik an der PHTG<\/strong><\/a>. <\/p>\n\n\n\n<p>Zur\u00fcck aus dem Bildungssemester konnte Anna im Unterricht direkt von ihren Erfahrungen aus IBIS profitieren und setzte mit ihren Sch\u00fclerinnen und Sch\u00fclern Robotikprojekte um. <\/p>\n\n\n\n<p>Wer sich f\u00fcr dieses Weiterbildungsformat interessiert, findet unter diesem Link <a href=\"https:\/\/www.phtg.ch\/weiterbildung\/uebersicht\/individuelle-weiterbildung\/bildungssemester\/\"><strong>weiterf\u00fchrende Informationen und Kontaktangaben<\/strong><\/a>. Vor einiger Zeit fand dazu an der PHTG selbst bereits ein <a href=\"https:\/\/www.phtg.ch\/news-detail\/1627-260220-informationsabend-zum-angebot-ibis-individualisiertes-bildungssemester\/\"><strong>Informationsabend<\/strong><\/a> statt und weitere folgen. Interessierte merken sich am besten gleich die n\u00e4chsten Info-Abende vor (\u00c4nderungen vorbehalten):<\/p>\n\n\n\n<p><strong>In M\u00fcnchwilen<\/strong><br>Mittwoch, 23. September 2020, 18.00\u201320.00 Uhr<br> <strong>Ort:<\/strong> <a href=\"https:\/\/www.phtg.ch\/weiterbildung\/uebersicht\/individuelle-weiterbildung\/bildungssemester\/\"><strong>siehe weitere Informationen und Kontaktangaben<\/strong><\/a> auf der Website der PHTG<\/p>\n\n\n\n<p><strong>In Rorschach<br>\n<\/strong>Mittwoch, 11. November 2020, 18.00\u201320.00 Uhr<br>\nP\u00e4dagogische Hochschule St. Gallen, Stella Maris, M\u00fcller-Friedbergstrasse 34,\nR\u00e4ume: S460\/S461<\/p>\n<div data-animation=\"no-animation\" data-icons-animation=\"no-animation\" data-overlay=\"\" data-change-size=\"\" data-button-size=\"0.7\" style=\"font-size:0.7em!important;display:none;\" class=\"supsystic-social-sharing supsystic-social-sharing-package-flat supsystic-social-sharing-spacing supsystic-social-sharing-content supsystic-social-sharing-content-align-left\" data-text=\"\"><a data-networks=\"[]\" class=\"social-sharing-button sharer-flat sharer-flat-1 counter-standard without-counter tooltip-icon facebook\" target=\"_blank\" title=\"auf Facebook teilen\" href=\"http:\/\/www.facebook.com\/sharer.php?u=https%3A%2F%2Fmia.phtg.ch%2F%3Fp%3D1461\" data-main-href=\"http:\/\/www.facebook.com\/sharer.php?u={url}\" data-nid=\"1\" data-name=\"\" data-pid=\"1\" data-post-id=\"1461\" data-url=\"https:\/\/mia.phtg.ch\/wp-admin\/admin-ajax.php\" rel=\"nofollow\" data-mailto=\"\"><i class=\"fa-ssbs fa-ssbs-fw fa-ssbs-facebook\"><\/i><div class=\"counter-wrap standard\"><span class=\"counter\">0<\/span><\/div><\/a><a data-networks=\"[]\" class=\"social-sharing-button sharer-flat sharer-flat-1 counter-standard without-counter tooltip-icon twitter\" target=\"_blank\" title=\"auf Twitter teilen\" href=\"https:\/\/twitter.com\/share?url=https%3A%2F%2Fmia.phtg.ch%2F%3Fp%3D1461&text=%C2%AB%26%238230%3B+sich+Zeit+nehmen+k%C3%B6nnen+und+mal+was+von+A+bis+Z+selbst+umsetzen%26%238230%3B%C2%BB\" data-main-href=\"https:\/\/twitter.com\/share?url={url}&text={title}\" data-nid=\"2\" data-name=\"\" data-pid=\"1\" data-post-id=\"1461\" data-url=\"https:\/\/mia.phtg.ch\/wp-admin\/admin-ajax.php\" rel=\"nofollow\" data-mailto=\"\"><i class=\"fa-ssbs fa-ssbs-fw fa-ssbs-twitter\"><\/i><div class=\"counter-wrap standard\"><span class=\"counter\">0<\/span><\/div><\/a><a data-networks=\"[]\" class=\"social-sharing-button sharer-flat sharer-flat-1 counter-standard without-counter tooltip-icon linkedin\" target=\"_blank\" title=\"auf Linkedin teilen\" href=\"https:\/\/www.linkedin.com\/shareArticle?mini=true&title=%C2%AB%26%238230%3B+sich+Zeit+nehmen+k%C3%B6nnen+und+mal+was+von+A+bis+Z+selbst+umsetzen%26%238230%3B%C2%BB&url=https%3A%2F%2Fmia.phtg.ch%2F%3Fp%3D1461\" data-main-href=\"https:\/\/www.linkedin.com\/shareArticle?mini=true&title={title}&url={url}\" data-nid=\"13\" data-name=\"\" data-pid=\"1\" data-post-id=\"1461\" data-url=\"https:\/\/mia.phtg.ch\/wp-admin\/admin-ajax.php\" rel=\"nofollow\" data-mailto=\"\"><i class=\"fa-ssbs fa-ssbs-fw fa-ssbs-linkedin\"><\/i><div class=\"counter-wrap standard\"><span class=\"counter\">0<\/span><\/div><\/a><a data-networks=\"[]\" class=\"social-sharing-button sharer-flat sharer-flat-1 counter-standard without-counter tooltip-icon mail\" target=\"_blank\" title=\"per E-Mail teilen\" href=\"#\" data-main-href=\"#\" data-nid=\"16\" data-name=\"\" data-pid=\"1\" data-post-id=\"1461\" data-url=\"https:\/\/mia.phtg.ch\/wp-admin\/admin-ajax.php\" rel=\"nofollow\" data-mailto=\"\"><i class=\"fa-ssbs fa-ssbs-fw fa-ssbs-envelope-o\"><\/i><div class=\"counter-wrap standard\"><span class=\"counter\">0<\/span><\/div><\/a><\/div>","protected":false},"excerpt":{"rendered":"<p>Wir alle wissen, regelm\u00e4ssige Weiter- und Fortbildungen sind wichtig. Wir alle ben\u00f6tigen pers\u00f6nlich immer wieder mal neue oder andere Impulse oder m\u00f6chten uns intensiver mit&hellip;<\/p>\n<div data-animation=\"no-animation\" data-icons-animation=\"no-animation\" data-overlay=\"\" data-change-size=\"\" data-button-size=\"0.7\" style=\"font-size:0.7em!important;display:none;\" class=\"supsystic-social-sharing supsystic-social-sharing-package-flat supsystic-social-sharing-spacing supsystic-social-sharing-content supsystic-social-sharing-content-align-left\" data-text=\"\"><a data-networks=\"[]\" class=\"social-sharing-button sharer-flat sharer-flat-1 counter-standard without-counter tooltip-icon facebook\" target=\"_blank\" title=\"auf Facebook teilen\" href=\"http:\/\/www.facebook.com\/sharer.php?u=https%3A%2F%2Fmia.phtg.ch%2F%3Fp%3D1461\" data-main-href=\"http:\/\/www.facebook.com\/sharer.php?u={url}\" data-nid=\"1\" data-name=\"\" data-pid=\"1\" data-post-id=\"1461\" data-url=\"https:\/\/mia.phtg.ch\/wp-admin\/admin-ajax.php\" rel=\"nofollow\" data-mailto=\"\"><i class=\"fa-ssbs fa-ssbs-fw fa-ssbs-facebook\"><\/i><div class=\"counter-wrap standard\"><span class=\"counter\">0<\/span><\/div><\/a><a data-networks=\"[]\" class=\"social-sharing-button sharer-flat sharer-flat-1 counter-standard without-counter tooltip-icon twitter\" target=\"_blank\" title=\"auf Twitter teilen\" href=\"https:\/\/twitter.com\/share?url=https%3A%2F%2Fmia.phtg.ch%2F%3Fp%3D1461&text=%C2%AB%26%238230%3B+sich+Zeit+nehmen+k%C3%B6nnen+und+mal+was+von+A+bis+Z+selbst+umsetzen%26%238230%3B%C2%BB\" data-main-href=\"https:\/\/twitter.com\/share?url={url}&text={title}\" data-nid=\"2\" data-name=\"\" data-pid=\"1\" data-post-id=\"1461\" data-url=\"https:\/\/mia.phtg.ch\/wp-admin\/admin-ajax.php\" rel=\"nofollow\" data-mailto=\"\"><i class=\"fa-ssbs fa-ssbs-fw fa-ssbs-twitter\"><\/i><div class=\"counter-wrap standard\"><span class=\"counter\">0<\/span><\/div><\/a><a data-networks=\"[]\" class=\"social-sharing-button sharer-flat sharer-flat-1 counter-standard without-counter tooltip-icon linkedin\" target=\"_blank\" title=\"auf Linkedin teilen\" href=\"https:\/\/www.linkedin.com\/shareArticle?mini=true&title=%C2%AB%26%238230%3B+sich+Zeit+nehmen+k%C3%B6nnen+und+mal+was+von+A+bis+Z+selbst+umsetzen%26%238230%3B%C2%BB&url=https%3A%2F%2Fmia.phtg.ch%2F%3Fp%3D1461\" data-main-href=\"https:\/\/www.linkedin.com\/shareArticle?mini=true&title={title}&url={url}\" data-nid=\"13\" data-name=\"\" data-pid=\"1\" data-post-id=\"1461\" data-url=\"https:\/\/mia.phtg.ch\/wp-admin\/admin-ajax.php\" rel=\"nofollow\" data-mailto=\"\"><i class=\"fa-ssbs fa-ssbs-fw fa-ssbs-linkedin\"><\/i><div class=\"counter-wrap standard\"><span class=\"counter\">0<\/span><\/div><\/a><a data-networks=\"[]\" class=\"social-sharing-button sharer-flat sharer-flat-1 counter-standard without-counter tooltip-icon mail\" target=\"_blank\" title=\"per E-Mail teilen\" href=\"#\" data-main-href=\"#\" data-nid=\"16\" data-name=\"\" data-pid=\"1\" data-post-id=\"1461\" data-url=\"https:\/\/mia.phtg.ch\/wp-admin\/admin-ajax.php\" rel=\"nofollow\" data-mailto=\"\"><i class=\"fa-ssbs fa-ssbs-fw fa-ssbs-envelope-o\"><\/i><div class=\"counter-wrap standard\"><span class=\"counter\">0<\/span><\/div><\/a><\/div>","protected":false},"author":12,"featured_media":1937,"comment_status":"open","ping_status":"open","sticky":false,"template":"","format":"standard","meta":{"footnotes":""},"categories":[38,1,51],"tags":[],"class_list":["post-1461","post","type-post","status-publish","format-standard","has-post-thumbnail","hentry","category-phtg","category-uncategorized","category-weiterbildung"],"_links":{"self":[{"href":"https:\/\/mia.phtg.ch\/index.php?rest_route=\/wp\/v2\/posts\/1461","targetHints":{"allow":["GET"]}}],"collection":[{"href":"https:\/\/mia.phtg.ch\/index.php?rest_route=\/wp\/v2\/posts"}],"about":[{"href":"https:\/\/mia.phtg.ch\/index.php?rest_route=\/wp\/v2\/types\/post"}],"author":[{"embeddable":true,"href":"https:\/\/mia.phtg.ch\/index.php?rest_route=\/wp\/v2\/users\/12"}],"replies":[{"embeddable":true,"href":"https:\/\/mia.phtg.ch\/index.php?rest_route=%2Fwp%2Fv2%2Fcomments&post=1461"}],"version-history":[{"count":7,"href":"https:\/\/mia.phtg.ch\/index.php?rest_route=\/wp\/v2\/posts\/1461\/revisions"}],"predecessor-version":[{"id":2350,"href":"https:\/\/mia.phtg.ch\/index.php?rest_route=\/wp\/v2\/posts\/1461\/revisions\/2350"}],"wp:featuredmedia":[{"embeddable":true,"href":"https:\/\/mia.phtg.ch\/index.php?rest_route=\/wp\/v2\/media\/1937"}],"wp:attachment":[{"href":"https:\/\/mia.phtg.ch\/index.php?rest_route=%2Fwp%2Fv2%2Fmedia&parent=1461"}],"wp:term":[{"taxonomy":"category","embeddable":true,"href":"https:\/\/mia.phtg.ch\/index.php?rest_route=%2Fwp%2Fv2%2Fcategories&post=1461"},{"taxonomy":"post_tag","embeddable":true,"href":"https:\/\/mia.phtg.ch\/index.php?rest_route=%2Fwp%2Fv2%2Ftags&post=1461"}],"curies":[{"name":"wp","href":"https:\/\/api.w.org\/{rel}","templated":true}]}}