{"id":1464,"date":"2020-03-17T09:18:34","date_gmt":"2020-03-17T07:18:34","guid":{"rendered":"https:\/\/mia.phtg.ch\/?p=1464"},"modified":"2020-03-17T11:23:10","modified_gmt":"2020-03-17T09:23:10","slug":"hotline-zum-fernlernen-ab-mittwoch-18-3","status":"publish","type":"post","link":"https:\/\/mia.phtg.ch\/?p=1464","title":{"rendered":"Hotline zum Fernlernen: ab Mittwoch, 18.3."},"content":{"rendered":"\n<p>Hotline f\u00fcr alle Lehrpersonen und Schulleitungen der Volksschulstufe (Deutschschweiz) zum Fernlernen:<\/p>\n\n\n\n<p>Ab Mittwoch, 18.3.2020 wird unter dem Lead der <a rel=\"noreferrer noopener\" aria-label=\"PHZH (\u00f6ffnet in neuem Tab)\" href=\"https:\/\/phzh.ch\/de\/Weiterbildung\/Schwerpunkte\/Medienbildung-und-Informatik\/\" target=\"_blank\"><strong>PHZH<\/strong><\/a>, unter anderem in Zusammenarbeit mit dem <strong><a rel=\"noreferrer noopener\" aria-label=\"MDZ (\u00f6ffnet in neuem Tab)\" href=\"https:\/\/mdz.phtg.ch\/\" target=\"_blank\">MDZ<\/a>,<\/strong> bis Ende M\u00e4rz eine Telefon-Hotline angeboten: <\/p>\n\n\n\n<p>Montag &#8211; Freitag: 9 &#8211; 11 Uhr und 16 &#8211; 18 Uhr<br>Montag &#8211; Donnerstag: zus\u00e4tzlich 19.30 &#8211; 21.30<\/p>\n\n\n\n<p>Diese Hotline wird betrieben von Fachpersonen aus verschiedenen Regionen und Organisationen. Vielen Dank, <a href=\"https:\/\/www.facebook.com\/pages\/Gebert-R%C3%BCf-Stiftung\/219522071568122?__tn__=KH-R&amp;eid=ARAPTVyq1wwY7w0eZ7QDcIRmRshLmZ22fpWgNjIuZDL4z7Ax3_NV0l25JbVqS2lKkJyhB_mRBg8jsbTx&amp;fref=mentions&amp;__xts__%5B0%5D=68.ARBE3OWSbpStmVqH3a2r3pDHI2X9Kip5XZ4QCrHCjY7vNvRuCF-DqFfNc_OFGFxGxmk5fDvgGk7MJ3MUSzLvSDb1PMLiTrYyZgZkJ8BvH_bAjOPOciIZt7pLchZH8Hnj7IjFNMrqHY-a0pDO8Q7Tyxi94Z81ql_fxFSQH-P6kh0-JsbleCzDz9FzQ5sIUtZDylwTcuiRJh-TONXhpAIC2EpnOTw1HyNwVSuS-DVICj-Ukns\"><strong>Gebert-R\u00fcf-Stiftung<\/strong><\/a>, f\u00fcr diese unkomplizierte Unterst\u00fctzung!<\/p>\n\n\n\n<p>Bitte bereite dich auf das Gespr\u00e4ch vor (je pr\u00e4ziser eine Fragestellung ist, umso einfacher f\u00fcr das Beratungsteam). <\/p>\n\n\n\n<p><a href=\"https:\/\/www.facebook.com\/hashtag\/fernlernen?source=feed_text&amp;epa=HASHTAG&amp;__xts__%5B0%5D=68.ARBE3OWSbpStmVqH3a2r3pDHI2X9Kip5XZ4QCrHCjY7vNvRuCF-DqFfNc_OFGFxGxmk5fDvgGk7MJ3MUSzLvSDb1PMLiTrYyZgZkJ8BvH_bAjOPOciIZt7pLchZH8Hnj7IjFNMrqHY-a0pDO8Q7Tyxi94Z81ql_fxFSQH-P6kh0-JsbleCzDz9FzQ5sIUtZDylwTcuiRJh-TONXhpAIC2EpnOTw1HyNwVSuS-DVICj-Ukns&amp;__tn__=%2ANKH-R\">#fernlernen<\/a> <a href=\"https:\/\/www.facebook.com\/hashtag\/digitalerwandel?source=feed_text&amp;epa=HASHTAG&amp;__xts__%5B0%5D=68.ARBE3OWSbpStmVqH3a2r3pDHI2X9Kip5XZ4QCrHCjY7vNvRuCF-DqFfNc_OFGFxGxmk5fDvgGk7MJ3MUSzLvSDb1PMLiTrYyZgZkJ8BvH_bAjOPOciIZt7pLchZH8Hnj7IjFNMrqHY-a0pDO8Q7Tyxi94Z81ql_fxFSQH-P6kh0-JsbleCzDz9FzQ5sIUtZDylwTcuiRJh-TONXhpAIC2EpnOTw1HyNwVSuS-DVICj-Ukns&amp;__tn__=%2ANKH-R\">#digitalerwandel<\/a> <a href=\"https:\/\/www.facebook.com\/hashtag\/bildung?source=feed_text&amp;epa=HASHTAG&amp;__xts__%5B0%5D=68.ARBE3OWSbpStmVqH3a2r3pDHI2X9Kip5XZ4QCrHCjY7vNvRuCF-DqFfNc_OFGFxGxmk5fDvgGk7MJ3MUSzLvSDb1PMLiTrYyZgZkJ8BvH_bAjOPOciIZt7pLchZH8Hnj7IjFNMrqHY-a0pDO8Q7Tyxi94Z81ql_fxFSQH-P6kh0-JsbleCzDz9FzQ5sIUtZDylwTcuiRJh-TONXhpAIC2EpnOTw1HyNwVSuS-DVICj-Ukns&amp;__tn__=%2ANKH-R\">#bildung<\/a><\/p>\n<div data-animation=\"no-animation\" data-icons-animation=\"no-animation\" data-overlay=\"\" data-change-size=\"\" data-button-size=\"0.7\" style=\"font-size:0.7em!important;display:none;\" class=\"supsystic-social-sharing supsystic-social-sharing-package-flat supsystic-social-sharing-spacing supsystic-social-sharing-content supsystic-social-sharing-content-align-left\" data-text=\"\"><a data-networks=\"[]\" class=\"social-sharing-button sharer-flat sharer-flat-1 counter-standard without-counter tooltip-icon facebook\" target=\"_blank\" title=\"auf Facebook teilen\" href=\"http:\/\/www.facebook.com\/sharer.php?u=https%3A%2F%2Fmia.phtg.ch%2F%3Fp%3D1464\" data-main-href=\"http:\/\/www.facebook.com\/sharer.php?u={url}\" data-nid=\"1\" data-name=\"\" data-pid=\"1\" data-post-id=\"1464\" data-url=\"https:\/\/mia.phtg.ch\/wp-admin\/admin-ajax.php\" rel=\"nofollow\" data-mailto=\"\"><i class=\"fa-ssbs fa-ssbs-fw fa-ssbs-facebook\"><\/i><div class=\"counter-wrap standard\"><span class=\"counter\">0<\/span><\/div><\/a><a data-networks=\"[]\" class=\"social-sharing-button sharer-flat sharer-flat-1 counter-standard without-counter tooltip-icon twitter\" target=\"_blank\" title=\"auf Twitter teilen\" href=\"https:\/\/twitter.com\/share?url=https%3A%2F%2Fmia.phtg.ch%2F%3Fp%3D1464&text=Hotline+zum+Fernlernen%3A+ab+Mittwoch%2C+18.3.\" data-main-href=\"https:\/\/twitter.com\/share?url={url}&text={title}\" data-nid=\"2\" data-name=\"\" data-pid=\"1\" data-post-id=\"1464\" data-url=\"https:\/\/mia.phtg.ch\/wp-admin\/admin-ajax.php\" rel=\"nofollow\" data-mailto=\"\"><i class=\"fa-ssbs fa-ssbs-fw fa-ssbs-twitter\"><\/i><div class=\"counter-wrap standard\"><span class=\"counter\">0<\/span><\/div><\/a><a data-networks=\"[]\" class=\"social-sharing-button sharer-flat sharer-flat-1 counter-standard without-counter tooltip-icon linkedin\" target=\"_blank\" title=\"auf Linkedin teilen\" href=\"https:\/\/www.linkedin.com\/shareArticle?mini=true&title=Hotline+zum+Fernlernen%3A+ab+Mittwoch%2C+18.3.&url=https%3A%2F%2Fmia.phtg.ch%2F%3Fp%3D1464\" data-main-href=\"https:\/\/www.linkedin.com\/shareArticle?mini=true&title={title}&url={url}\" data-nid=\"13\" data-name=\"\" data-pid=\"1\" data-post-id=\"1464\" data-url=\"https:\/\/mia.phtg.ch\/wp-admin\/admin-ajax.php\" rel=\"nofollow\" data-mailto=\"\"><i class=\"fa-ssbs fa-ssbs-fw fa-ssbs-linkedin\"><\/i><div class=\"counter-wrap standard\"><span class=\"counter\">0<\/span><\/div><\/a><a data-networks=\"[]\" class=\"social-sharing-button sharer-flat sharer-flat-1 counter-standard without-counter tooltip-icon mail\" target=\"_blank\" title=\"per E-Mail teilen\" href=\"#\" data-main-href=\"#\" data-nid=\"16\" data-name=\"\" data-pid=\"1\" data-post-id=\"1464\" data-url=\"https:\/\/mia.phtg.ch\/wp-admin\/admin-ajax.php\" rel=\"nofollow\" data-mailto=\"\"><i class=\"fa-ssbs fa-ssbs-fw fa-ssbs-envelope-o\"><\/i><div class=\"counter-wrap standard\"><span class=\"counter\">0<\/span><\/div><\/a><\/div>","protected":false},"excerpt":{"rendered":"<p>Hotline f\u00fcr alle Lehrpersonen und Schulleitungen der Volksschulstufe (Deutschschweiz) zum Fernlernen: Ab Mittwoch, 18.3.2020 wird unter dem Lead der PHZH, unter anderem in Zusammenarbeit mit&hellip;<\/p>\n<div data-animation=\"no-animation\" data-icons-animation=\"no-animation\" data-overlay=\"\" data-change-size=\"\" data-button-size=\"0.7\" style=\"font-size:0.7em!important;display:none;\" class=\"supsystic-social-sharing supsystic-social-sharing-package-flat supsystic-social-sharing-spacing supsystic-social-sharing-content supsystic-social-sharing-content-align-left\" data-text=\"\"><a data-networks=\"[]\" class=\"social-sharing-button sharer-flat sharer-flat-1 counter-standard without-counter tooltip-icon facebook\" target=\"_blank\" title=\"auf Facebook teilen\" href=\"http:\/\/www.facebook.com\/sharer.php?u=https%3A%2F%2Fmia.phtg.ch%2F%3Fp%3D1464\" data-main-href=\"http:\/\/www.facebook.com\/sharer.php?u={url}\" data-nid=\"1\" data-name=\"\" data-pid=\"1\" data-post-id=\"1464\" data-url=\"https:\/\/mia.phtg.ch\/wp-admin\/admin-ajax.php\" rel=\"nofollow\" data-mailto=\"\"><i class=\"fa-ssbs fa-ssbs-fw fa-ssbs-facebook\"><\/i><div class=\"counter-wrap standard\"><span class=\"counter\">0<\/span><\/div><\/a><a data-networks=\"[]\" class=\"social-sharing-button sharer-flat sharer-flat-1 counter-standard without-counter tooltip-icon twitter\" target=\"_blank\" title=\"auf Twitter teilen\" href=\"https:\/\/twitter.com\/share?url=https%3A%2F%2Fmia.phtg.ch%2F%3Fp%3D1464&text=Hotline+zum+Fernlernen%3A+ab+Mittwoch%2C+18.3.\" data-main-href=\"https:\/\/twitter.com\/share?url={url}&text={title}\" data-nid=\"2\" data-name=\"\" data-pid=\"1\" data-post-id=\"1464\" data-url=\"https:\/\/mia.phtg.ch\/wp-admin\/admin-ajax.php\" rel=\"nofollow\" data-mailto=\"\"><i class=\"fa-ssbs fa-ssbs-fw fa-ssbs-twitter\"><\/i><div class=\"counter-wrap standard\"><span class=\"counter\">0<\/span><\/div><\/a><a data-networks=\"[]\" class=\"social-sharing-button sharer-flat sharer-flat-1 counter-standard without-counter tooltip-icon linkedin\" target=\"_blank\" title=\"auf Linkedin teilen\" href=\"https:\/\/www.linkedin.com\/shareArticle?mini=true&title=Hotline+zum+Fernlernen%3A+ab+Mittwoch%2C+18.3.&url=https%3A%2F%2Fmia.phtg.ch%2F%3Fp%3D1464\" data-main-href=\"https:\/\/www.linkedin.com\/shareArticle?mini=true&title={title}&url={url}\" data-nid=\"13\" data-name=\"\" data-pid=\"1\" data-post-id=\"1464\" data-url=\"https:\/\/mia.phtg.ch\/wp-admin\/admin-ajax.php\" rel=\"nofollow\" data-mailto=\"\"><i class=\"fa-ssbs fa-ssbs-fw fa-ssbs-linkedin\"><\/i><div class=\"counter-wrap standard\"><span class=\"counter\">0<\/span><\/div><\/a><a data-networks=\"[]\" class=\"social-sharing-button sharer-flat sharer-flat-1 counter-standard without-counter tooltip-icon mail\" target=\"_blank\" title=\"per E-Mail teilen\" href=\"#\" data-main-href=\"#\" data-nid=\"16\" data-name=\"\" data-pid=\"1\" data-post-id=\"1464\" data-url=\"https:\/\/mia.phtg.ch\/wp-admin\/admin-ajax.php\" rel=\"nofollow\" data-mailto=\"\"><i class=\"fa-ssbs fa-ssbs-fw fa-ssbs-envelope-o\"><\/i><div class=\"counter-wrap standard\"><span class=\"counter\">0<\/span><\/div><\/a><\/div>","protected":false},"author":14,"featured_media":1465,"comment_status":"open","ping_status":"open","sticky":false,"template":"","format":"standard","meta":{"footnotes":""},"categories":[25,226,23,10,24,4,215,1],"tags":[115,191,42,124,125],"class_list":["post-1464","post","type-post","status-publish","format-standard","has-post-thumbnail","hentry","category-anwendungskompetenzen","category-fernlernen","category-informatik","category-medien","category-mia","category-online","category-sekundarstufe-i","category-uncategorized","tag-zyklus-1","tag-digitalerwandel","tag-weiterbildung","tag-zyklus-2","tag-zyklus-3"],"_links":{"self":[{"href":"https:\/\/mia.phtg.ch\/index.php?rest_route=\/wp\/v2\/posts\/1464","targetHints":{"allow":["GET"]}}],"collection":[{"href":"https:\/\/mia.phtg.ch\/index.php?rest_route=\/wp\/v2\/posts"}],"about":[{"href":"https:\/\/mia.phtg.ch\/index.php?rest_route=\/wp\/v2\/types\/post"}],"author":[{"embeddable":true,"href":"https:\/\/mia.phtg.ch\/index.php?rest_route=\/wp\/v2\/users\/14"}],"replies":[{"embeddable":true,"href":"https:\/\/mia.phtg.ch\/index.php?rest_route=%2Fwp%2Fv2%2Fcomments&post=1464"}],"version-history":[{"count":3,"href":"https:\/\/mia.phtg.ch\/index.php?rest_route=\/wp\/v2\/posts\/1464\/revisions"}],"predecessor-version":[{"id":1469,"href":"https:\/\/mia.phtg.ch\/index.php?rest_route=\/wp\/v2\/posts\/1464\/revisions\/1469"}],"wp:featuredmedia":[{"embeddable":true,"href":"https:\/\/mia.phtg.ch\/index.php?rest_route=\/wp\/v2\/media\/1465"}],"wp:attachment":[{"href":"https:\/\/mia.phtg.ch\/index.php?rest_route=%2Fwp%2Fv2%2Fmedia&parent=1464"}],"wp:term":[{"taxonomy":"category","embeddable":true,"href":"https:\/\/mia.phtg.ch\/index.php?rest_route=%2Fwp%2Fv2%2Fcategories&post=1464"},{"taxonomy":"post_tag","embeddable":true,"href":"https:\/\/mia.phtg.ch\/index.php?rest_route=%2Fwp%2Fv2%2Ftags&post=1464"}],"curies":[{"name":"wp","href":"https:\/\/api.w.org\/{rel}","templated":true}]}}