{"id":1572,"date":"2020-03-30T11:10:20","date_gmt":"2020-03-30T09:10:20","guid":{"rendered":"https:\/\/mia.phtg.ch\/?p=1572"},"modified":"2020-05-12T10:13:05","modified_gmt":"2020-05-12T08:13:05","slug":"unterstuetzungsangebot-fernunterricht-kanton-tg","status":"publish","type":"post","link":"https:\/\/mia.phtg.ch\/?p=1572","title":{"rendered":"Unterst\u00fctzungsangebot Fernunterricht (Kanton TG)"},"content":{"rendered":"\n<p>Ein grosser Teil des Teams \u00abMDZ Weiterbildung und Beratung Medien und Informatik\u00bb (<a rel=\"noreferrer noopener\" aria-label=\"Link (\u00f6ffnet in neuem Tab)\" href=\"https:\/\/mdz.phtg.ch\/de\/weiterbildung-und-beratung-in-medien-und-informatik\/ueber-uns\/\" target=\"_blank\"><strong>Link<\/strong><\/a>) hat zusammen mit dem Amt f\u00fcr Volksschule Thurgau ein <strong><a rel=\"noreferrer noopener\" aria-label=\" (\u00f6ffnet in neuem Tab)\" href=\"https:\/\/schulnetztg.sharepoint.com\/:o:\/s\/fernunterricht\/EvlrNr-i7B9HnMpRoG5k1QIB5W59Khc5Rg_y6d5czlDtrQ?e=ZlZnwq\" target=\"_blank\">Unterst\u00fctzungsangebot<\/a><\/strong> f\u00fcr die Entwicklung des Fernunterrichts erarbeitet. Dieses soll die Volksschulen im Thurgau bei der Planung des Unterrichts nach den Fr\u00fchlingsferien unterst\u00fctzen. <\/p>\n\n\n\n<figure class=\"wp-block-embed-youtube wp-block-embed is-type-video is-provider-youtube wp-embed-aspect-16-9 wp-has-aspect-ratio\"><div class=\"wp-block-embed__wrapper\">\n<iframe loading=\"lazy\" title=\"Unterst\u00fctzungsangebot Fernunterricht | Erkl\u00e4rvideo\" width=\"843\" height=\"474\" src=\"https:\/\/www.youtube.com\/embed\/CcWxlcvTChY?feature=oembed\" frameborder=\"0\" allow=\"accelerometer; autoplay; encrypted-media; gyroscope; picture-in-picture\" allowfullscreen><\/iframe>\n<\/div><\/figure>\n\n\n\n<p><strong>Inhalt und Struktur des Angebot:<\/strong> <\/p>\n\n\n\n<ul class=\"wp-block-list\"><li>In Form eines Online-Angebots ist das Unterst\u00fctzungsangebot Fernunterricht agil und vielseitig. <\/li><li>Die Webseite basiert auf Microsoft OneNote. <\/li><li>Nach und nach werden weitere Themen\/ Umsetzungsm\u00f6glichkeiten      hinzugef\u00fcgt und kommuniziert. <\/li><li>Das online Unterst\u00fctzungsangebot Fernunterricht ist in <strong>zehn Handlungsfelder<\/strong> eingeteilt. <\/li><li> Jedes Handlungsfeld verf\u00fcgt \u00fcber eine Inhaltsbeschreibung &#171;Worum      es geht&#187; und diverse Umsetzungsm\u00f6glichkeiten. Die Handlungsfelder und Umsetzungsm\u00f6glichkeiten sind vielschichtig, jedoch nicht umfassend. <\/li><li>Das Unterst\u00fctzungsangebot ist ein Gesamtpaket. <\/li><li>Die Handlungsfelder geben die Struktur vor uns sind miteinander      verkn\u00fcpft (verlinkt).<\/li><\/ul>\n\n\n\n<p>Folgende <strong>Handlungsfelder<\/strong> werden im Unterst\u00fctzungsangebot Fernunterricht thematisiert und mit konkreten Umsetzungsm\u00f6glichkeiten beschrieben: <\/p>\n\n\n\n<ul class=\"wp-block-list\"><li>Motivation<\/li><li>Gemeinschaftsgef\u00fchl<\/li><li>Lernumgebung zu Hause<\/li><li>Kommunikation<\/li><li>Lernziele<\/li><li>Tages- und Wochenablauf<\/li><li>Unterricht gestalten<\/li><li>Unterricht organisieren<\/li><li>Beurteilung<\/li><li>Personelle Ressourcen<\/li><\/ul>\n\n\n\n<p>Unterst\u00fctzungsangebot Fernunterricht des Kantons Thurgau:<strong><a href=\"https:\/\/schulnetztg.sharepoint.com\/:o:\/s\/fernunterricht\/EvlrNr-i7B9HnMpRoG5k1QIB5W59Khc5Rg_y6d5czlDtrQ?e=ZlZnwq\" target=\"_blank\" rel=\"noreferrer noopener\" aria-label=\" (\u00f6ffnet in neuem Tab)\"> Link<\/a><\/strong><\/p>\n<div data-animation=\"no-animation\" data-icons-animation=\"no-animation\" data-overlay=\"\" data-change-size=\"\" data-button-size=\"0.7\" style=\"font-size:0.7em!important;display:none;\" class=\"supsystic-social-sharing supsystic-social-sharing-package-flat supsystic-social-sharing-spacing supsystic-social-sharing-content supsystic-social-sharing-content-align-left\" data-text=\"\"><a data-networks=\"[]\" class=\"social-sharing-button sharer-flat sharer-flat-1 counter-standard without-counter tooltip-icon facebook\" target=\"_blank\" title=\"auf Facebook teilen\" href=\"http:\/\/www.facebook.com\/sharer.php?u=https%3A%2F%2Fmia.phtg.ch%2F%3Fp%3D1572\" data-main-href=\"http:\/\/www.facebook.com\/sharer.php?u={url}\" data-nid=\"1\" data-name=\"\" data-pid=\"1\" data-post-id=\"1572\" data-url=\"https:\/\/mia.phtg.ch\/wp-admin\/admin-ajax.php\" rel=\"nofollow\" data-mailto=\"\"><i class=\"fa-ssbs fa-ssbs-fw fa-ssbs-facebook\"><\/i><div class=\"counter-wrap standard\"><span class=\"counter\">1<\/span><\/div><\/a><a data-networks=\"[]\" class=\"social-sharing-button sharer-flat sharer-flat-1 counter-standard without-counter tooltip-icon twitter\" target=\"_blank\" title=\"auf Twitter teilen\" href=\"https:\/\/twitter.com\/share?url=https%3A%2F%2Fmia.phtg.ch%2F%3Fp%3D1572&text=Unterst%C3%BCtzungsangebot+Fernunterricht+%28Kanton+TG%29\" data-main-href=\"https:\/\/twitter.com\/share?url={url}&text={title}\" data-nid=\"2\" data-name=\"\" data-pid=\"1\" data-post-id=\"1572\" data-url=\"https:\/\/mia.phtg.ch\/wp-admin\/admin-ajax.php\" rel=\"nofollow\" data-mailto=\"\"><i class=\"fa-ssbs fa-ssbs-fw fa-ssbs-twitter\"><\/i><div class=\"counter-wrap standard\"><span class=\"counter\">1<\/span><\/div><\/a><a data-networks=\"[]\" class=\"social-sharing-button sharer-flat sharer-flat-1 counter-standard without-counter tooltip-icon linkedin\" target=\"_blank\" title=\"auf Linkedin teilen\" href=\"https:\/\/www.linkedin.com\/shareArticle?mini=true&title=Unterst%C3%BCtzungsangebot+Fernunterricht+%28Kanton+TG%29&url=https%3A%2F%2Fmia.phtg.ch%2F%3Fp%3D1572\" data-main-href=\"https:\/\/www.linkedin.com\/shareArticle?mini=true&title={title}&url={url}\" data-nid=\"13\" data-name=\"\" data-pid=\"1\" data-post-id=\"1572\" data-url=\"https:\/\/mia.phtg.ch\/wp-admin\/admin-ajax.php\" rel=\"nofollow\" data-mailto=\"\"><i class=\"fa-ssbs fa-ssbs-fw fa-ssbs-linkedin\"><\/i><div class=\"counter-wrap standard\"><span class=\"counter\">1<\/span><\/div><\/a><a data-networks=\"[]\" class=\"social-sharing-button sharer-flat sharer-flat-1 counter-standard without-counter tooltip-icon mail\" target=\"_blank\" title=\"per E-Mail teilen\" href=\"#\" data-main-href=\"#\" data-nid=\"16\" data-name=\"\" data-pid=\"1\" data-post-id=\"1572\" data-url=\"https:\/\/mia.phtg.ch\/wp-admin\/admin-ajax.php\" rel=\"nofollow\" data-mailto=\"\"><i class=\"fa-ssbs fa-ssbs-fw fa-ssbs-envelope-o\"><\/i><div class=\"counter-wrap standard\"><span class=\"counter\">0<\/span><\/div><\/a><\/div>","protected":false},"excerpt":{"rendered":"<p>Ein grosser Teil des Teams \u00abMDZ Weiterbildung und Beratung Medien und Informatik\u00bb (Link) hat zusammen mit dem Amt f\u00fcr Volksschule Thurgau ein Unterst\u00fctzungsangebot f\u00fcr die&hellip;<\/p>\n<div data-animation=\"no-animation\" data-icons-animation=\"no-animation\" data-overlay=\"\" data-change-size=\"\" data-button-size=\"0.7\" style=\"font-size:0.7em!important;display:none;\" class=\"supsystic-social-sharing supsystic-social-sharing-package-flat supsystic-social-sharing-spacing supsystic-social-sharing-content supsystic-social-sharing-content-align-left\" data-text=\"\"><a data-networks=\"[]\" class=\"social-sharing-button sharer-flat sharer-flat-1 counter-standard without-counter tooltip-icon facebook\" target=\"_blank\" title=\"auf Facebook teilen\" href=\"http:\/\/www.facebook.com\/sharer.php?u=https%3A%2F%2Fmia.phtg.ch%2F%3Fp%3D1572\" data-main-href=\"http:\/\/www.facebook.com\/sharer.php?u={url}\" data-nid=\"1\" data-name=\"\" data-pid=\"1\" data-post-id=\"1572\" data-url=\"https:\/\/mia.phtg.ch\/wp-admin\/admin-ajax.php\" rel=\"nofollow\" data-mailto=\"\"><i class=\"fa-ssbs fa-ssbs-fw fa-ssbs-facebook\"><\/i><div class=\"counter-wrap standard\"><span class=\"counter\">1<\/span><\/div><\/a><a data-networks=\"[]\" class=\"social-sharing-button sharer-flat sharer-flat-1 counter-standard without-counter tooltip-icon twitter\" target=\"_blank\" title=\"auf Twitter teilen\" href=\"https:\/\/twitter.com\/share?url=https%3A%2F%2Fmia.phtg.ch%2F%3Fp%3D1572&text=Unterst%C3%BCtzungsangebot+Fernunterricht+%28Kanton+TG%29\" data-main-href=\"https:\/\/twitter.com\/share?url={url}&text={title}\" data-nid=\"2\" data-name=\"\" data-pid=\"1\" data-post-id=\"1572\" data-url=\"https:\/\/mia.phtg.ch\/wp-admin\/admin-ajax.php\" rel=\"nofollow\" data-mailto=\"\"><i class=\"fa-ssbs fa-ssbs-fw fa-ssbs-twitter\"><\/i><div class=\"counter-wrap standard\"><span class=\"counter\">1<\/span><\/div><\/a><a data-networks=\"[]\" class=\"social-sharing-button sharer-flat sharer-flat-1 counter-standard without-counter tooltip-icon linkedin\" target=\"_blank\" title=\"auf Linkedin teilen\" href=\"https:\/\/www.linkedin.com\/shareArticle?mini=true&title=Unterst%C3%BCtzungsangebot+Fernunterricht+%28Kanton+TG%29&url=https%3A%2F%2Fmia.phtg.ch%2F%3Fp%3D1572\" data-main-href=\"https:\/\/www.linkedin.com\/shareArticle?mini=true&title={title}&url={url}\" data-nid=\"13\" data-name=\"\" data-pid=\"1\" data-post-id=\"1572\" data-url=\"https:\/\/mia.phtg.ch\/wp-admin\/admin-ajax.php\" rel=\"nofollow\" data-mailto=\"\"><i class=\"fa-ssbs fa-ssbs-fw fa-ssbs-linkedin\"><\/i><div class=\"counter-wrap standard\"><span class=\"counter\">1<\/span><\/div><\/a><a data-networks=\"[]\" class=\"social-sharing-button sharer-flat sharer-flat-1 counter-standard without-counter tooltip-icon mail\" target=\"_blank\" title=\"per E-Mail teilen\" href=\"#\" data-main-href=\"#\" data-nid=\"16\" data-name=\"\" data-pid=\"1\" data-post-id=\"1572\" data-url=\"https:\/\/mia.phtg.ch\/wp-admin\/admin-ajax.php\" rel=\"nofollow\" data-mailto=\"\"><i class=\"fa-ssbs fa-ssbs-fw fa-ssbs-envelope-o\"><\/i><div class=\"counter-wrap standard\"><span class=\"counter\">0<\/span><\/div><\/a><\/div>","protected":false},"author":14,"featured_media":1577,"comment_status":"open","ping_status":"open","sticky":false,"template":"","format":"standard","meta":{"footnotes":""},"categories":[66,131,226,24,215,1,137,51],"tags":[115,191,228,34,124,125],"class_list":["post-1572","post","type-post","status-publish","format-standard","has-post-thumbnail","hentry","category-av","category-digitale-transformation","category-fernlernen","category-mia","category-sekundarstufe-i","category-uncategorized","category-unterricht","category-weiterbildung","tag-zyklus-1","tag-digitalerwandel","tag-fernlernen","tag-unterrichten","tag-zyklus-2","tag-zyklus-3"],"_links":{"self":[{"href":"https:\/\/mia.phtg.ch\/index.php?rest_route=\/wp\/v2\/posts\/1572","targetHints":{"allow":["GET"]}}],"collection":[{"href":"https:\/\/mia.phtg.ch\/index.php?rest_route=\/wp\/v2\/posts"}],"about":[{"href":"https:\/\/mia.phtg.ch\/index.php?rest_route=\/wp\/v2\/types\/post"}],"author":[{"embeddable":true,"href":"https:\/\/mia.phtg.ch\/index.php?rest_route=\/wp\/v2\/users\/14"}],"replies":[{"embeddable":true,"href":"https:\/\/mia.phtg.ch\/index.php?rest_route=%2Fwp%2Fv2%2Fcomments&post=1572"}],"version-history":[{"count":7,"href":"https:\/\/mia.phtg.ch\/index.php?rest_route=\/wp\/v2\/posts\/1572\/revisions"}],"predecessor-version":[{"id":1593,"href":"https:\/\/mia.phtg.ch\/index.php?rest_route=\/wp\/v2\/posts\/1572\/revisions\/1593"}],"wp:featuredmedia":[{"embeddable":true,"href":"https:\/\/mia.phtg.ch\/index.php?rest_route=\/wp\/v2\/media\/1577"}],"wp:attachment":[{"href":"https:\/\/mia.phtg.ch\/index.php?rest_route=%2Fwp%2Fv2%2Fmedia&parent=1572"}],"wp:term":[{"taxonomy":"category","embeddable":true,"href":"https:\/\/mia.phtg.ch\/index.php?rest_route=%2Fwp%2Fv2%2Fcategories&post=1572"},{"taxonomy":"post_tag","embeddable":true,"href":"https:\/\/mia.phtg.ch\/index.php?rest_route=%2Fwp%2Fv2%2Ftags&post=1572"}],"curies":[{"name":"wp","href":"https:\/\/api.w.org\/{rel}","templated":true}]}}