{"id":1626,"date":"2020-04-10T11:23:17","date_gmt":"2020-04-10T09:23:17","guid":{"rendered":"https:\/\/mia.phtg.ch\/?p=1626"},"modified":"2020-04-10T11:29:35","modified_gmt":"2020-04-10T09:29:35","slug":"sj-20-21-anmeldungen-fuer-das-mia21-angebot-ab-jetzt-moeglich","status":"publish","type":"post","link":"https:\/\/mia.phtg.ch\/?p=1626","title":{"rendered":"SJ 20\/21: Anmeldungen f\u00fcr das MIA21-Angebot ab jetzt m\u00f6glich!"},"content":{"rendered":"\n<figure class=\"wp-block-image size-large\"><img loading=\"lazy\" decoding=\"async\" width=\"1024\" height=\"428\" src=\"https:\/\/mia.phtg.ch\/wp-content\/uploads\/2019\/09\/Bildschirmfoto-2019-09-18-um-21.22.09-1024x428.png\" alt=\"\" class=\"wp-image-1008\" srcset=\"https:\/\/mia.phtg.ch\/wp-content\/uploads\/2019\/09\/Bildschirmfoto-2019-09-18-um-21.22.09-1024x428.png 1024w, https:\/\/mia.phtg.ch\/wp-content\/uploads\/2019\/09\/Bildschirmfoto-2019-09-18-um-21.22.09-300x125.png 300w, https:\/\/mia.phtg.ch\/wp-content\/uploads\/2019\/09\/Bildschirmfoto-2019-09-18-um-21.22.09-768x321.png 768w, https:\/\/mia.phtg.ch\/wp-content\/uploads\/2019\/09\/Bildschirmfoto-2019-09-18-um-21.22.09.png 1113w\" sizes=\"auto, (max-width: 1024px) 100vw, 1024px\" \/><\/figure>\n\n\n\n<p>Die <a rel=\"noreferrer noopener\" href=\"https:\/\/www.phtg.ch\/weiterbildung\/uebersicht\/individuelle-weiterbildung\/medien-und-informatik\/mia21-an-der-phtg-kompaktweiterbildungen\/\" target=\"_blank\"><strong>MIA21-Weiterbildungsangebote<\/strong><\/a>&nbsp;f\u00fcr das Schuljahr 20\/21 sind aufgeschaltet und eine Anmeldung ist per sofort m\u00f6glich.<\/p>\n\n\n\n<p>Einen Einblick in die Angebote bieten z.B. folgende Berichte:<\/p>\n\n\n\n<ul class=\"wp-block-list\"><li><a rel=\"noreferrer noopener\" href=\"https:\/\/mia.phtg.ch\/?p=1087\" target=\"_blank\"><strong>R\u00fcckmeldungen<\/strong><\/a> zum Intensivangebot \u00ab Medien\u00bb im 2. Zyklus<\/li><li>Bericht zum Zusammenspiel der MIA21-Weiterbildungen und dem Berufsfeld im <strong><a rel=\"noreferrer noopener\" href=\"https:\/\/mia.phtg.ch\/wp-content\/uploads\/2020\/04\/PHTG_Jahresbericht2019_MuI-1.pdf\" target=\"_blank\">PHTG-Jahresbericht 2019<\/a><\/strong> <\/li><\/ul>\n\n\n\n<h4 class=\"wp-block-heading\"><strong>MIA21-Kompaktweiterbildungen<\/strong><\/h4>\n\n\n\n<p>Die Kompaktangebote in kursorischer Form (Z1: 4 Halbtage \/ Z2 und Z3: 6 Halbtage) werden in verschiedenen Settings, im Zeitraum eines Semesters, angeboten.<\/p>\n\n\n\n<ul class=\"wp-block-list\"><li>Einzelne Halbtage<\/li><li>Zwei ganze Tage plus zwei Abendtermine<\/li><li>Intensiv Woche (Blockwoche) in den Herbstferien plus ein Abschlusstermin<\/li><\/ul>\n\n\n\n<h4 class=\"wp-block-heading\"><strong>Intensiv-Woche<\/strong><\/h4>\n\n\n\n<p>Nach der ersten erfolgreichen Durchf\u00fchrung gibt es auch im SJ 20\/21 die M\u00f6glichkeit sich im Rahmen einer Blockwoche intensiv mit den Kompetenzbereichen Medien oder Informatik auseinanderzusetzen. In den Herbstferien (5.\u201309. Oktober 2020) ist jeweils eine Intensiv-Woche f\u00fcr Zyklus 2 Medien und eine f\u00fcr Zyklus 2 Informatik geplant. Dabei finden jeweils am Morgen die einzelnen Blockveranstaltungen statt (f\u00fcnf Halbtage). Der Nachmittag ist f\u00fcr das Selbststudium reserviert. Damit gen\u00fcgend Zeit f\u00fcr die Umsetzung im eigenen Unterricht bleibt, findet der sechste und letzte Halbtag im Januar 2020 statt. <br><br><a rel=\"noreferrer noopener\" href=\"https:\/\/lehrplan21.phtg.ch\/de\/medien-und-informatik\/mia21-an-der-phtg\/\" target=\"_blank\"><strong>I<\/strong><\/a><a rel=\"noreferrer noopener\" href=\"https:\/\/www.phtg.ch\/weiterbildung\/uebersicht\/individuelle-weiterbildung\/medien-und-informatik\/mia21-an-der-phtg-kompaktweiterbildungen\/\" target=\"_blank\"><strong>nformationen zu den Kompaktweiterbildungen an der PHTG<\/strong><\/a><\/p>\n\n\n\n<h4 class=\"wp-block-heading\"><strong>MIA21-Anwendungskompetenzen<\/strong><\/h4>\n\n\n\n<p>Weiterhin werden f\u00fcr die 2. und 3. Zyklen zus\u00e4tzlich Weiterbildungen zu Anwendungskompetenzen angeboten. Die Inhalte orientieren sich an den MIA21-Modulen. (<a rel=\"noreferrer noopener\" href=\"https:\/\/www.phtg.ch\/weiterbildung\/uebersicht\/individuelle-weiterbildung\/medien-und-informatik\/mia21-an-der-phtg-anwendungskompetenzen\/\" target=\"_blank\"><strong>Inhalte, Termine, Anmeldung<\/strong><\/a>)<\/p>\n\n\n\n<p>Im Schuljahr 2020\/21 stehen folgende Angebote zur Verf\u00fcgung:<\/p>\n\n\n\n<ul class=\"wp-block-list\"><li><em>Herbstsemester 2020:<\/em> Informationsrecherche<br>In dieser Weiterbildung wird aufgezeigt, wie die Kompetenz der Informationsrecherche in den Fachbereichen und im Modul Medien und Informatik im allt\u00e4glichen Unterricht eine Rolle spielen soll. Viele Ideen k\u00f6nnen f\u00fcr den eignen Unterricht adaptiert werden.<\/li><li><em>Fr\u00fchlingssemester 2021:<\/em> Pr\u00e4sentieren mit digitalen Medien <br>In dieser Weiterbildung werden die Grundlagen f\u00fcr gute Pr\u00e4sentationen mit digitalen Medien aufgezeigt. Dabei werden Aufbau, Gliederung und Gestaltung einer Pr\u00e4sentation durchleuchtet und die Ideen mit verschiedenen Pr\u00e4sentationsprogrammen umgesetzt.<\/li><\/ul>\n\n\n\n<p>Detaillierte Informationen zu s\u00e4mtlichen Weiterbildungen sind auf der <strong><a rel=\"noreferrer noopener\" href=\"https:\/\/www.phtg.ch\/weiterbildung\/uebersicht\/individuelle-weiterbildung\/medien-und-informatik\/\" target=\"_blank\">Website<\/a><\/strong> aufgeschaltet.<\/p>\n<div data-animation=\"no-animation\" data-icons-animation=\"no-animation\" data-overlay=\"\" data-change-size=\"\" data-button-size=\"0.7\" style=\"font-size:0.7em!important;display:none;\" class=\"supsystic-social-sharing supsystic-social-sharing-package-flat supsystic-social-sharing-spacing supsystic-social-sharing-content supsystic-social-sharing-content-align-left\" data-text=\"\"><a data-networks=\"[]\" class=\"social-sharing-button sharer-flat sharer-flat-1 counter-standard without-counter tooltip-icon facebook\" target=\"_blank\" title=\"auf Facebook teilen\" href=\"http:\/\/www.facebook.com\/sharer.php?u=https%3A%2F%2Fmia.phtg.ch%2F%3Fp%3D1626\" data-main-href=\"http:\/\/www.facebook.com\/sharer.php?u={url}\" data-nid=\"1\" data-name=\"\" data-pid=\"1\" data-post-id=\"1626\" data-url=\"https:\/\/mia.phtg.ch\/wp-admin\/admin-ajax.php\" rel=\"nofollow\" data-mailto=\"\"><i class=\"fa-ssbs fa-ssbs-fw fa-ssbs-facebook\"><\/i><div class=\"counter-wrap standard\"><span class=\"counter\">0<\/span><\/div><\/a><a data-networks=\"[]\" class=\"social-sharing-button sharer-flat sharer-flat-1 counter-standard without-counter tooltip-icon twitter\" target=\"_blank\" title=\"auf Twitter teilen\" href=\"https:\/\/twitter.com\/share?url=https%3A%2F%2Fmia.phtg.ch%2F%3Fp%3D1626&text=SJ+20%2F21%3A+Anmeldungen+f%C3%BCr+das+MIA21-Angebot+ab+jetzt+m%C3%B6glich%21\" data-main-href=\"https:\/\/twitter.com\/share?url={url}&text={title}\" data-nid=\"2\" data-name=\"\" data-pid=\"1\" data-post-id=\"1626\" data-url=\"https:\/\/mia.phtg.ch\/wp-admin\/admin-ajax.php\" rel=\"nofollow\" data-mailto=\"\"><i class=\"fa-ssbs fa-ssbs-fw fa-ssbs-twitter\"><\/i><div class=\"counter-wrap standard\"><span class=\"counter\">0<\/span><\/div><\/a><a data-networks=\"[]\" class=\"social-sharing-button sharer-flat sharer-flat-1 counter-standard without-counter tooltip-icon linkedin\" target=\"_blank\" title=\"auf Linkedin teilen\" href=\"https:\/\/www.linkedin.com\/shareArticle?mini=true&title=SJ+20%2F21%3A+Anmeldungen+f%C3%BCr+das+MIA21-Angebot+ab+jetzt+m%C3%B6glich%21&url=https%3A%2F%2Fmia.phtg.ch%2F%3Fp%3D1626\" data-main-href=\"https:\/\/www.linkedin.com\/shareArticle?mini=true&title={title}&url={url}\" data-nid=\"13\" data-name=\"\" data-pid=\"1\" data-post-id=\"1626\" data-url=\"https:\/\/mia.phtg.ch\/wp-admin\/admin-ajax.php\" rel=\"nofollow\" data-mailto=\"\"><i class=\"fa-ssbs fa-ssbs-fw fa-ssbs-linkedin\"><\/i><div class=\"counter-wrap standard\"><span class=\"counter\">0<\/span><\/div><\/a><a data-networks=\"[]\" class=\"social-sharing-button sharer-flat sharer-flat-1 counter-standard without-counter tooltip-icon mail\" target=\"_blank\" title=\"per E-Mail teilen\" href=\"#\" data-main-href=\"#\" data-nid=\"16\" data-name=\"\" data-pid=\"1\" data-post-id=\"1626\" data-url=\"https:\/\/mia.phtg.ch\/wp-admin\/admin-ajax.php\" rel=\"nofollow\" data-mailto=\"\"><i class=\"fa-ssbs fa-ssbs-fw fa-ssbs-envelope-o\"><\/i><div class=\"counter-wrap standard\"><span class=\"counter\">0<\/span><\/div><\/a><\/div>","protected":false},"excerpt":{"rendered":"<p>Die MIA21-Weiterbildungsangebote&nbsp;f\u00fcr das Schuljahr 20\/21 sind aufgeschaltet und eine Anmeldung ist per sofort m\u00f6glich. Einen Einblick in die Angebote bieten z.B. folgende Berichte: R\u00fcckmeldungen zum&hellip;<\/p>\n<div data-animation=\"no-animation\" data-icons-animation=\"no-animation\" data-overlay=\"\" data-change-size=\"\" data-button-size=\"0.7\" style=\"font-size:0.7em!important;display:none;\" class=\"supsystic-social-sharing supsystic-social-sharing-package-flat supsystic-social-sharing-spacing supsystic-social-sharing-content supsystic-social-sharing-content-align-left\" data-text=\"\"><a data-networks=\"[]\" class=\"social-sharing-button sharer-flat sharer-flat-1 counter-standard without-counter tooltip-icon facebook\" target=\"_blank\" title=\"auf Facebook teilen\" href=\"http:\/\/www.facebook.com\/sharer.php?u=https%3A%2F%2Fmia.phtg.ch%2F%3Fp%3D1626\" data-main-href=\"http:\/\/www.facebook.com\/sharer.php?u={url}\" data-nid=\"1\" data-name=\"\" data-pid=\"1\" data-post-id=\"1626\" data-url=\"https:\/\/mia.phtg.ch\/wp-admin\/admin-ajax.php\" rel=\"nofollow\" data-mailto=\"\"><i class=\"fa-ssbs fa-ssbs-fw fa-ssbs-facebook\"><\/i><div class=\"counter-wrap standard\"><span class=\"counter\">0<\/span><\/div><\/a><a data-networks=\"[]\" class=\"social-sharing-button sharer-flat sharer-flat-1 counter-standard without-counter tooltip-icon twitter\" target=\"_blank\" title=\"auf Twitter teilen\" href=\"https:\/\/twitter.com\/share?url=https%3A%2F%2Fmia.phtg.ch%2F%3Fp%3D1626&text=SJ+20%2F21%3A+Anmeldungen+f%C3%BCr+das+MIA21-Angebot+ab+jetzt+m%C3%B6glich%21\" data-main-href=\"https:\/\/twitter.com\/share?url={url}&text={title}\" data-nid=\"2\" data-name=\"\" data-pid=\"1\" data-post-id=\"1626\" data-url=\"https:\/\/mia.phtg.ch\/wp-admin\/admin-ajax.php\" rel=\"nofollow\" data-mailto=\"\"><i class=\"fa-ssbs fa-ssbs-fw fa-ssbs-twitter\"><\/i><div class=\"counter-wrap standard\"><span class=\"counter\">0<\/span><\/div><\/a><a data-networks=\"[]\" class=\"social-sharing-button sharer-flat sharer-flat-1 counter-standard without-counter tooltip-icon linkedin\" target=\"_blank\" title=\"auf Linkedin teilen\" href=\"https:\/\/www.linkedin.com\/shareArticle?mini=true&title=SJ+20%2F21%3A+Anmeldungen+f%C3%BCr+das+MIA21-Angebot+ab+jetzt+m%C3%B6glich%21&url=https%3A%2F%2Fmia.phtg.ch%2F%3Fp%3D1626\" data-main-href=\"https:\/\/www.linkedin.com\/shareArticle?mini=true&title={title}&url={url}\" data-nid=\"13\" data-name=\"\" data-pid=\"1\" data-post-id=\"1626\" data-url=\"https:\/\/mia.phtg.ch\/wp-admin\/admin-ajax.php\" rel=\"nofollow\" data-mailto=\"\"><i class=\"fa-ssbs fa-ssbs-fw fa-ssbs-linkedin\"><\/i><div class=\"counter-wrap standard\"><span class=\"counter\">0<\/span><\/div><\/a><a data-networks=\"[]\" class=\"social-sharing-button sharer-flat sharer-flat-1 counter-standard without-counter tooltip-icon mail\" target=\"_blank\" title=\"per E-Mail teilen\" href=\"#\" data-main-href=\"#\" data-nid=\"16\" data-name=\"\" data-pid=\"1\" data-post-id=\"1626\" data-url=\"https:\/\/mia.phtg.ch\/wp-admin\/admin-ajax.php\" rel=\"nofollow\" data-mailto=\"\"><i class=\"fa-ssbs fa-ssbs-fw fa-ssbs-envelope-o\"><\/i><div class=\"counter-wrap standard\"><span class=\"counter\">0<\/span><\/div><\/a><\/div>","protected":false},"author":14,"featured_media":1008,"comment_status":"open","ping_status":"open","sticky":false,"template":"","format":"standard","meta":{"footnotes":""},"categories":[24,51],"tags":[235,234,142,124,125],"class_list":["post-1626","post","type-post","status-publish","format-standard","has-post-thumbnail","hentry","category-mia","category-weiterbildung","tag-grundlagen","tag-kompaktkurs","tag-zyklus-1-2","tag-zyklus-2","tag-zyklus-3"],"_links":{"self":[{"href":"https:\/\/mia.phtg.ch\/index.php?rest_route=\/wp\/v2\/posts\/1626","targetHints":{"allow":["GET"]}}],"collection":[{"href":"https:\/\/mia.phtg.ch\/index.php?rest_route=\/wp\/v2\/posts"}],"about":[{"href":"https:\/\/mia.phtg.ch\/index.php?rest_route=\/wp\/v2\/types\/post"}],"author":[{"embeddable":true,"href":"https:\/\/mia.phtg.ch\/index.php?rest_route=\/wp\/v2\/users\/14"}],"replies":[{"embeddable":true,"href":"https:\/\/mia.phtg.ch\/index.php?rest_route=%2Fwp%2Fv2%2Fcomments&post=1626"}],"version-history":[{"count":11,"href":"https:\/\/mia.phtg.ch\/index.php?rest_route=\/wp\/v2\/posts\/1626\/revisions"}],"predecessor-version":[{"id":1642,"href":"https:\/\/mia.phtg.ch\/index.php?rest_route=\/wp\/v2\/posts\/1626\/revisions\/1642"}],"wp:featuredmedia":[{"embeddable":true,"href":"https:\/\/mia.phtg.ch\/index.php?rest_route=\/wp\/v2\/media\/1008"}],"wp:attachment":[{"href":"https:\/\/mia.phtg.ch\/index.php?rest_route=%2Fwp%2Fv2%2Fmedia&parent=1626"}],"wp:term":[{"taxonomy":"category","embeddable":true,"href":"https:\/\/mia.phtg.ch\/index.php?rest_route=%2Fwp%2Fv2%2Fcategories&post=1626"},{"taxonomy":"post_tag","embeddable":true,"href":"https:\/\/mia.phtg.ch\/index.php?rest_route=%2Fwp%2Fv2%2Ftags&post=1626"}],"curies":[{"name":"wp","href":"https:\/\/api.w.org\/{rel}","templated":true}]}}