{"id":1836,"date":"2020-06-30T20:52:41","date_gmt":"2020-06-30T18:52:41","guid":{"rendered":"https:\/\/mia.phtg.ch\/?p=1836"},"modified":"2020-06-30T20:52:42","modified_gmt":"2020-06-30T18:52:42","slug":"lehrmittel-fuer-den-3-zyklus-medien-und-informatik","status":"publish","type":"post","link":"https:\/\/mia.phtg.ch\/?p=1836","title":{"rendered":"Lehrmittel f\u00fcr den 3. Zyklus Medien und Informatik"},"content":{"rendered":"\n<figure class=\"wp-block-image size-large\"><img loading=\"lazy\" decoding=\"async\" width=\"1024\" height=\"350\" src=\"https:\/\/mia.phtg.ch\/wp-content\/uploads\/2020\/06\/IMG_0761-1024x350.jpeg\" alt=\"\" class=\"wp-image-1841\" srcset=\"https:\/\/mia.phtg.ch\/wp-content\/uploads\/2020\/06\/IMG_0761-1024x350.jpeg 1024w, https:\/\/mia.phtg.ch\/wp-content\/uploads\/2020\/06\/IMG_0761-300x103.jpeg 300w, https:\/\/mia.phtg.ch\/wp-content\/uploads\/2020\/06\/IMG_0761-768x263.jpeg 768w, https:\/\/mia.phtg.ch\/wp-content\/uploads\/2020\/06\/IMG_0761-1536x525.jpeg 1536w, https:\/\/mia.phtg.ch\/wp-content\/uploads\/2020\/06\/IMG_0761-2048x700.jpeg 2048w\" sizes=\"auto, (max-width: 1024px) 100vw, 1024px\" \/><figcaption><em>Bild: Foto aus dem Arbeitsbuch \u00ab<em>connected 3<\/em>\u00bb f\u00fcr Sch\u00fclerinnen und Sch\u00fcler <\/em><\/figcaption><\/figure>\n\n\n\n<p>Die Vielfalt an Lehrmitteln f\u00fcr das Modul Medien und Informatik ist seit Mai 2020 um ein Angebot reicher. Mit &#171;connected 3&#187; ist die Reihe des <strong><a rel=\"noreferrer noopener\" href=\"https:\/\/www.lmvz.ch\/schule\/connected\" target=\"_blank\">LMV Z\u00fcrich<\/a><\/strong> nun auch f\u00fcr die Sekundarschule verf\u00fcgbar. Erg\u00e4nzend zum Arbeitsbuch f\u00fcr Sch\u00fclerinnen und Sch\u00fcler stehen diverse Zusatzmaterialien auch <a rel=\"noreferrer noopener\" href=\"https:\/\/003.lmvz.ch\/connected\/\" target=\"_blank\"><strong>digital<\/strong><\/a> zur Verf\u00fcgung. <br>Das Handbuch f\u00fcr die Lehrpersonen wird komplett digital angeboten und laufend aktualisiert. <\/p>\n\n\n\n<p>Die PHTG bietet im Herbst einen Kurs f\u00fcr die Lehrpersonen des 3. Zyklus an, in dem auch weitere Lehrmittel f\u00fcr die Zielgruppe vorgestellt werden. <\/p>\n\n\n\n<p><strong>Kursdaten: <\/strong><br>Donnerstag, 17. September 2020, 18:00 &#8211; 21:30 Uhr<br>Mittwoch, 30. September 2020, 13:30 &#8211; 17:00 Uhr<\/p>\n\n\n\n<p><\/p>\n\n\n\n<p>Genauere <strong><a rel=\"noreferrer noopener\" href=\"https:\/\/www.phtg.ch\/weiterbildung\/uebersicht\/weiterbildungsfinder\/detail\/kurse\/3325-mi20242511-lehrmittel-fuer-medien-und-informatik-3-zyklus\/backPid\/2666\/\" target=\"_blank\">Informationen und die M\u00f6glichkeit zur Kurs-Anmeldung<\/a><\/strong> sind hier verf\u00fcgbar.<\/p>\n\n\n\n<figure class=\"wp-block-image size-large\"><img loading=\"lazy\" decoding=\"async\" width=\"1024\" height=\"356\" src=\"https:\/\/mia.phtg.ch\/wp-content\/uploads\/2020\/06\/IMG_0762-1-1024x356.jpeg\" alt=\"\" class=\"wp-image-1858\" srcset=\"https:\/\/mia.phtg.ch\/wp-content\/uploads\/2020\/06\/IMG_0762-1-1024x356.jpeg 1024w, https:\/\/mia.phtg.ch\/wp-content\/uploads\/2020\/06\/IMG_0762-1-300x104.jpeg 300w, https:\/\/mia.phtg.ch\/wp-content\/uploads\/2020\/06\/IMG_0762-1-768x267.jpeg 768w, https:\/\/mia.phtg.ch\/wp-content\/uploads\/2020\/06\/IMG_0762-1-1536x534.jpeg 1536w, https:\/\/mia.phtg.ch\/wp-content\/uploads\/2020\/06\/IMG_0762-1-2048x713.jpeg 2048w\" sizes=\"auto, (max-width: 1024px) 100vw, 1024px\" \/><figcaption><em>Bild: Foto aus dem Arbeitsbuch \u00ab<em>connected 3<\/em>\u00bb f\u00fcr Sch\u00fclerinnen und Sch\u00fcler<\/em><\/figcaption><\/figure>\n\n\n\n<p><\/p>\n<div data-animation=\"no-animation\" data-icons-animation=\"no-animation\" data-overlay=\"\" data-change-size=\"\" data-button-size=\"0.7\" style=\"font-size:0.7em!important;display:none;\" class=\"supsystic-social-sharing supsystic-social-sharing-package-flat supsystic-social-sharing-spacing supsystic-social-sharing-content supsystic-social-sharing-content-align-left\" data-text=\"\"><a data-networks=\"[]\" class=\"social-sharing-button sharer-flat sharer-flat-1 counter-standard without-counter tooltip-icon facebook\" target=\"_blank\" title=\"auf Facebook teilen\" href=\"http:\/\/www.facebook.com\/sharer.php?u=https%3A%2F%2Fmia.phtg.ch%2F%3Fp%3D1836\" data-main-href=\"http:\/\/www.facebook.com\/sharer.php?u={url}\" data-nid=\"1\" data-name=\"\" data-pid=\"1\" data-post-id=\"1836\" data-url=\"https:\/\/mia.phtg.ch\/wp-admin\/admin-ajax.php\" rel=\"nofollow\" data-mailto=\"\"><i class=\"fa-ssbs fa-ssbs-fw fa-ssbs-facebook\"><\/i><div class=\"counter-wrap standard\"><span class=\"counter\">1<\/span><\/div><\/a><a data-networks=\"[]\" class=\"social-sharing-button sharer-flat sharer-flat-1 counter-standard without-counter tooltip-icon twitter\" target=\"_blank\" title=\"auf Twitter teilen\" href=\"https:\/\/twitter.com\/share?url=https%3A%2F%2Fmia.phtg.ch%2F%3Fp%3D1836&text=Lehrmittel+f%C3%BCr+den+3.+Zyklus+Medien+und+Informatik\" data-main-href=\"https:\/\/twitter.com\/share?url={url}&text={title}\" data-nid=\"2\" data-name=\"\" data-pid=\"1\" data-post-id=\"1836\" data-url=\"https:\/\/mia.phtg.ch\/wp-admin\/admin-ajax.php\" rel=\"nofollow\" data-mailto=\"\"><i class=\"fa-ssbs fa-ssbs-fw fa-ssbs-twitter\"><\/i><div class=\"counter-wrap standard\"><span class=\"counter\">0<\/span><\/div><\/a><a data-networks=\"[]\" class=\"social-sharing-button sharer-flat sharer-flat-1 counter-standard without-counter tooltip-icon linkedin\" target=\"_blank\" title=\"auf Linkedin teilen\" href=\"https:\/\/www.linkedin.com\/shareArticle?mini=true&title=Lehrmittel+f%C3%BCr+den+3.+Zyklus+Medien+und+Informatik&url=https%3A%2F%2Fmia.phtg.ch%2F%3Fp%3D1836\" data-main-href=\"https:\/\/www.linkedin.com\/shareArticle?mini=true&title={title}&url={url}\" data-nid=\"13\" data-name=\"\" data-pid=\"1\" data-post-id=\"1836\" data-url=\"https:\/\/mia.phtg.ch\/wp-admin\/admin-ajax.php\" rel=\"nofollow\" data-mailto=\"\"><i class=\"fa-ssbs fa-ssbs-fw fa-ssbs-linkedin\"><\/i><div class=\"counter-wrap standard\"><span class=\"counter\">0<\/span><\/div><\/a><a data-networks=\"[]\" class=\"social-sharing-button sharer-flat sharer-flat-1 counter-standard without-counter tooltip-icon mail\" target=\"_blank\" title=\"per E-Mail teilen\" href=\"#\" data-main-href=\"#\" data-nid=\"16\" data-name=\"\" data-pid=\"1\" data-post-id=\"1836\" data-url=\"https:\/\/mia.phtg.ch\/wp-admin\/admin-ajax.php\" rel=\"nofollow\" data-mailto=\"\"><i class=\"fa-ssbs fa-ssbs-fw fa-ssbs-envelope-o\"><\/i><div class=\"counter-wrap standard\"><span class=\"counter\">0<\/span><\/div><\/a><\/div>","protected":false},"excerpt":{"rendered":"<p>Bild: Foto aus dem Arbeitsbuch \u00abconnected 3\u00bb f\u00fcr Sch\u00fclerinnen und Sch\u00fcler Die Vielfalt an Lehrmitteln f\u00fcr das Modul Medien und Informatik ist seit Mai 2020&hellip;<\/p>\n<div data-animation=\"no-animation\" data-icons-animation=\"no-animation\" data-overlay=\"\" data-change-size=\"\" data-button-size=\"0.7\" style=\"font-size:0.7em!important;display:none;\" class=\"supsystic-social-sharing supsystic-social-sharing-package-flat supsystic-social-sharing-spacing supsystic-social-sharing-content supsystic-social-sharing-content-align-left\" data-text=\"\"><a data-networks=\"[]\" class=\"social-sharing-button sharer-flat sharer-flat-1 counter-standard without-counter tooltip-icon facebook\" target=\"_blank\" title=\"auf Facebook teilen\" href=\"http:\/\/www.facebook.com\/sharer.php?u=https%3A%2F%2Fmia.phtg.ch%2F%3Fp%3D1836\" data-main-href=\"http:\/\/www.facebook.com\/sharer.php?u={url}\" data-nid=\"1\" data-name=\"\" data-pid=\"1\" data-post-id=\"1836\" data-url=\"https:\/\/mia.phtg.ch\/wp-admin\/admin-ajax.php\" rel=\"nofollow\" data-mailto=\"\"><i class=\"fa-ssbs fa-ssbs-fw fa-ssbs-facebook\"><\/i><div class=\"counter-wrap standard\"><span class=\"counter\">1<\/span><\/div><\/a><a data-networks=\"[]\" class=\"social-sharing-button sharer-flat sharer-flat-1 counter-standard without-counter tooltip-icon twitter\" target=\"_blank\" title=\"auf Twitter teilen\" href=\"https:\/\/twitter.com\/share?url=https%3A%2F%2Fmia.phtg.ch%2F%3Fp%3D1836&text=Lehrmittel+f%C3%BCr+den+3.+Zyklus+Medien+und+Informatik\" data-main-href=\"https:\/\/twitter.com\/share?url={url}&text={title}\" data-nid=\"2\" data-name=\"\" data-pid=\"1\" data-post-id=\"1836\" data-url=\"https:\/\/mia.phtg.ch\/wp-admin\/admin-ajax.php\" rel=\"nofollow\" data-mailto=\"\"><i class=\"fa-ssbs fa-ssbs-fw fa-ssbs-twitter\"><\/i><div class=\"counter-wrap standard\"><span class=\"counter\">0<\/span><\/div><\/a><a data-networks=\"[]\" class=\"social-sharing-button sharer-flat sharer-flat-1 counter-standard without-counter tooltip-icon linkedin\" target=\"_blank\" title=\"auf Linkedin teilen\" href=\"https:\/\/www.linkedin.com\/shareArticle?mini=true&title=Lehrmittel+f%C3%BCr+den+3.+Zyklus+Medien+und+Informatik&url=https%3A%2F%2Fmia.phtg.ch%2F%3Fp%3D1836\" data-main-href=\"https:\/\/www.linkedin.com\/shareArticle?mini=true&title={title}&url={url}\" data-nid=\"13\" data-name=\"\" data-pid=\"1\" data-post-id=\"1836\" data-url=\"https:\/\/mia.phtg.ch\/wp-admin\/admin-ajax.php\" rel=\"nofollow\" data-mailto=\"\"><i class=\"fa-ssbs fa-ssbs-fw fa-ssbs-linkedin\"><\/i><div class=\"counter-wrap standard\"><span class=\"counter\">0<\/span><\/div><\/a><a data-networks=\"[]\" class=\"social-sharing-button sharer-flat sharer-flat-1 counter-standard without-counter tooltip-icon mail\" target=\"_blank\" title=\"per E-Mail teilen\" href=\"#\" data-main-href=\"#\" data-nid=\"16\" data-name=\"\" data-pid=\"1\" data-post-id=\"1836\" data-url=\"https:\/\/mia.phtg.ch\/wp-admin\/admin-ajax.php\" rel=\"nofollow\" data-mailto=\"\"><i class=\"fa-ssbs fa-ssbs-fw fa-ssbs-envelope-o\"><\/i><div class=\"counter-wrap standard\"><span class=\"counter\">0<\/span><\/div><\/a><\/div>","protected":false},"author":17,"featured_media":1839,"comment_status":"open","ping_status":"open","sticky":false,"template":"","format":"standard","meta":{"footnotes":""},"categories":[23,10,215,137,51],"tags":[113,107,95,206],"class_list":["post-1836","post","type-post","status-publish","format-standard","has-post-thumbnail","hentry","category-informatik","category-medien","category-sekundarstufe-i","category-unterricht","category-weiterbildung","tag-connected","tag-kursangebot","tag-lehrmittel","tag-sekundarstufe-i"],"_links":{"self":[{"href":"https:\/\/mia.phtg.ch\/index.php?rest_route=\/wp\/v2\/posts\/1836","targetHints":{"allow":["GET"]}}],"collection":[{"href":"https:\/\/mia.phtg.ch\/index.php?rest_route=\/wp\/v2\/posts"}],"about":[{"href":"https:\/\/mia.phtg.ch\/index.php?rest_route=\/wp\/v2\/types\/post"}],"author":[{"embeddable":true,"href":"https:\/\/mia.phtg.ch\/index.php?rest_route=\/wp\/v2\/users\/17"}],"replies":[{"embeddable":true,"href":"https:\/\/mia.phtg.ch\/index.php?rest_route=%2Fwp%2Fv2%2Fcomments&post=1836"}],"version-history":[{"count":13,"href":"https:\/\/mia.phtg.ch\/index.php?rest_route=\/wp\/v2\/posts\/1836\/revisions"}],"predecessor-version":[{"id":1862,"href":"https:\/\/mia.phtg.ch\/index.php?rest_route=\/wp\/v2\/posts\/1836\/revisions\/1862"}],"wp:featuredmedia":[{"embeddable":true,"href":"https:\/\/mia.phtg.ch\/index.php?rest_route=\/wp\/v2\/media\/1839"}],"wp:attachment":[{"href":"https:\/\/mia.phtg.ch\/index.php?rest_route=%2Fwp%2Fv2%2Fmedia&parent=1836"}],"wp:term":[{"taxonomy":"category","embeddable":true,"href":"https:\/\/mia.phtg.ch\/index.php?rest_route=%2Fwp%2Fv2%2Fcategories&post=1836"},{"taxonomy":"post_tag","embeddable":true,"href":"https:\/\/mia.phtg.ch\/index.php?rest_route=%2Fwp%2Fv2%2Ftags&post=1836"}],"curies":[{"name":"wp","href":"https:\/\/api.w.org\/{rel}","templated":true}]}}