{"id":1999,"date":"2020-09-24T08:01:51","date_gmt":"2020-09-24T06:01:51","guid":{"rendered":"https:\/\/mia.phtg.ch\/?p=1999"},"modified":"2020-09-30T12:53:51","modified_gmt":"2020-09-30T10:53:51","slug":"mia21-an-der-schule-interview","status":"publish","type":"post","link":"https:\/\/mia.phtg.ch\/?p=1999","title":{"rendered":"MIA21 an der Schule &#8211; Interview"},"content":{"rendered":"\n<p class=\"has-text-align-left\">Die Lehrpersonen der Primarschulgemeinde <strong><a rel=\"noreferrer noopener\" href=\"http:\/\/www.pswk.ch\/joomla\/\" data-type=\"URL\" data-id=\"http:\/\/www.pswk.ch\/joomla\/\" target=\"_blank\">Wagenhausen-Kaltenbach<\/a> <\/strong>haben im Sommer 2020 gemeinsam mit ihren Kollegen\/-innen der Nachbarsgemeinde Eschenz ihre Weiterbildungen in Medien und Informatik (MIA21) mit der PHTG abgeschlossen. Schulleiterin Martina Rottmeier (MR) und iScout Urs Wegm\u00fcller (UW) berichten im Gespr\u00e4ch mit Evelyne Fankhauser (EF), Projektleiterin MIA21 \u00fcber ihre Erfahrungen. <\/p>\n\n\n\n<p>(Eine <strong><a href=\"https:\/\/www.dropbox.com\/s\/bs44a0lf5fl8crt\/2020_Zytpunkt_MIA21-Interview.pdf?dl=0\" data-type=\"URL\" data-id=\"https:\/\/www.dropbox.com\/s\/bs44a0lf5fl8crt\/2020_Zytpunkt_MIA21-Interview.pdf?dl=0\">Kurzversion<\/a> <\/strong>des Interviews ist in der Septemberausgabe \u00abZytpunkt\u00bb,  Zeitschrift des <a rel=\"noreferrer noopener\" href=\"https:\/\/vtgs.ch\/\" data-type=\"URL\" data-id=\"https:\/\/vtgs.ch\/\" target=\"_blank\"><strong>VTGS<\/strong><\/a> (Verband Thurgauer Schulgemeinden) erschienen). <\/p>\n\n\n\n<figure class=\"wp-block-image size-large\"><img loading=\"lazy\" decoding=\"async\" width=\"1024\" height=\"768\" src=\"https:\/\/mia.phtg.ch\/wp-content\/uploads\/2020\/09\/Unbenanntes_Projekt-7-1024x768.jpg\" alt=\"\" class=\"wp-image-2042\" srcset=\"https:\/\/mia.phtg.ch\/wp-content\/uploads\/2020\/09\/Unbenanntes_Projekt-7-1024x768.jpg 1024w, https:\/\/mia.phtg.ch\/wp-content\/uploads\/2020\/09\/Unbenanntes_Projekt-7-300x225.jpg 300w, https:\/\/mia.phtg.ch\/wp-content\/uploads\/2020\/09\/Unbenanntes_Projekt-7-768x576.jpg 768w, https:\/\/mia.phtg.ch\/wp-content\/uploads\/2020\/09\/Unbenanntes_Projekt-7-1536x1152.jpg 1536w, https:\/\/mia.phtg.ch\/wp-content\/uploads\/2020\/09\/Unbenanntes_Projekt-7-2048x1536.jpg 2048w\" sizes=\"auto, (max-width: 1024px) 100vw, 1024px\" \/><\/figure>\n\n\n\n<p><strong><em>EF: Warum habt ihr das MIA21 Holkursangebot f\u00fcr eure Schule gew\u00e4hlt?<\/em><\/strong><\/p>\n\n\n\n<p><strong>MR: <\/strong>Wir haben gemeinsam geschaut, was f\u00fcr uns die beste L\u00f6sung ist. Wir arbeiten sehr nahe mit unserer Nachbargemeinde Eschenz zusammen. Dadurch, dass wir die beiden Teams zusammennahmen, konnten wir die Weiterbildungshalbtage als Holkurse bei uns vor Ort durchf\u00fchren. <br><strong>UW: <\/strong>Wir haben im Team nachgefragt, welche Form von Weiterbildung bevorzugt w\u00fcrde. Die Mehrheit hat sich f\u00fcr diese gemeinsame L\u00f6sung an unserer Schule entschieden.<\/p>\n\n\n\n<p><strong><em>EF: Habt ihr im Team bereits Ver\u00e4nderungen in den Anwendungskompetenzen wahrgenommen?<\/em><\/strong><\/p>\n\n\n\n<p><strong>UW: <\/strong>Viele greifen nat\u00fcrlich auch heute noch lieber zu Papier. Es haben aber viele Lehrpersonen Freude an der Nutzung der vorhandenen Medien bekommen. Videoaufnahmen waren w\u00e4hrend der Corona-Zeit ein grosses Thema. In dieser speziellen Zeit musste pl\u00f6tzlich die ganze Infrastruktur neu aufgebaut werden und das war eine grosse Herausforderung.<br><strong>MR:<\/strong> Die Freude war wirklich sp\u00fcrbar. Ich fand es auch sehr sch\u00f6n, dass viele im Team stets das Positive gesehen und sich daran gefreut haben.<\/p>\n\n\n\n<p><em><strong>EF: Haben euch Themen aus der Weiterbildung auch im Team gepr\u00e4gt?<\/strong><\/em><\/p>\n\n\n\n<p><strong>UW: <\/strong>Das Thema \u00abDatenschutz\u00bb hat eine neue Dringlichkeit erhalten und wird uns auch weiterhin besch\u00e4ftigen.<br><strong>MR:<\/strong> Wir haben zum Beispiel unseren WhatsApp-Chat aufgel\u00f6st und sind auf eine sichere Plattform gewechselt.<\/p>\n\n\n\n<p><em><strong>EF: Habt ihr f\u00fcr die Vertiefung der Inhalte aus den Medien und Informatik Weiterbildungen in Lerngruppen zusammengearbeitet?<\/strong><\/em><\/p>\n\n\n\n<p><strong>UW:<\/strong> Viele haben gemeinsam in einer Dreier- oder Vierergruppe, andere haben alleine an einer Unterrichtseinheit f\u00fcr das Fach Medien und Informatik und die f\u00e4cher\u00fcbergreifenden Anwendungskompetenzen gearbeitet. Es war sch\u00f6n, dass sich das Team gemeinsam in die Sache reingekniet hat.<br>Wir sind gespannt, was bleibt. Denn auch nach den Weiterbildungen haben wir mit dem Fach nicht abgeschlossen, im n\u00e4chsten Schuljahr haben wir weitere Tage f\u00fcr einen gemeinsamen Austausch geplant.<br><strong>MR:<\/strong> Was mich sehr interessiert ist, wie wir in digitalen Gef\u00e4ssen die M\u00f6glichkeit finden, eine Lernbeziehung zu pflegen.<\/p>\n\n\n\n<p><em><strong>EF: Welche Szenarien habt ihr euch f\u00fcr das neue Schuljahr bez\u00fcglich Corona \u00fcberlegt?<\/strong><\/em><\/p>\n\n\n\n<p><strong>MR:<\/strong> Wir haben es ja bereits einmal \u00fcberstanden w\u00e4hrend des Lockdowns. In den Sommerferien werden wir uns an einem Halbtag die Zeit nehmen um \u00fcber Lernbeziehung und Digitalisierung zu sprechen.<br><strong>UW: <\/strong>Einige Kinder hatten Schwierigkeiten in dieser Zeit. Diese Kinder mussten wir unterst\u00fctzen, als sie wieder in die Schule zur\u00fcckgekommen sind.<\/p>\n\n\n\n<div class=\"wp-block-image\"><figure class=\"aligncenter size-large is-resized\"><img loading=\"lazy\" decoding=\"async\" src=\"https:\/\/mia.phtg.ch\/wp-content\/uploads\/2020\/09\/Bildschirmfoto-2020-09-18-um-08.16.10.png\" alt=\"\" class=\"wp-image-2000\" width=\"653\" height=\"299\" srcset=\"https:\/\/mia.phtg.ch\/wp-content\/uploads\/2020\/09\/Bildschirmfoto-2020-09-18-um-08.16.10.png 739w, https:\/\/mia.phtg.ch\/wp-content\/uploads\/2020\/09\/Bildschirmfoto-2020-09-18-um-08.16.10-300x137.png 300w\" sizes=\"auto, (max-width: 653px) 100vw, 653px\" \/><figcaption>Schulleiterin Martina Rottmeier und iScout Urs Wegm\u00fcller<\/figcaption><\/figure><\/div>\n\n\n\n<p><em><strong>EF: Wie habt ihr die <em><strong>Weiterbildung im Bereich Informatik<\/strong><\/em> erlebt?<\/strong><\/em><\/p>\n\n\n\n<p><strong>UW:<\/strong> Der Kompetenzbereich Informatik ist sehr umfassend und beinhaltet viele Themen. Die Arbeit mit Thymio, Calliope, MaKeyMaKey war bisher kein Thema im Unterricht, geh\u00f6rt aber zu einen ansprechenden Informatikunterricht dazu. Viele Lehrpersonen hatten anfangs Bedenken, da sie sich noch nie mit diesem Thema besch\u00e4ftigt haben.<br>Die Informatik Weiterbildung haben wir im Pr\u00e4senzunterricht gestartet, und als Onlinekurs vor den Sommerferien abgeschlossen. <\/p>\n\n\n\n<p><em><strong>EF: Wie habt ihr diese Umstellung erlebt?<\/strong><\/em><\/p>\n\n\n\n<p><strong>UW:<\/strong> Es war spannend, da ich auch selbst f\u00fcr meine Sch\u00fclerinnen und Sch\u00fcler Lernvideos produziert habe und nun in ihre Rolle geschl\u00fcpft bin. Es war angenehm, dass man zur\u00fcckspulen konnte, wenn man etwas noch nicht verstanden hat.<br>Zum Teil war es anspruchsvoll, aber wir hatten die M\u00f6glichkeit, die Ger\u00e4te (z.B. Calliope) nach Hause zu nehmen, was uns die M\u00f6glichkeit gab, \u00fcber die effektive Weiterbildungszeit hinaus damit Erfahrungen zu sammeln. Das war ein grosser Vorteil.<br>Im Grossen und Ganzen wurde der Kurs als sehr positiv wahrgenommen.<\/p>\n\n\n\n<p><em><strong>EF: Welche Lehrpersonen haben am Informatikkurs teilgenommen?<\/strong><\/em><\/p>\n\n\n\n<p><strong>UW: <\/strong>Ich habe die Weiterbildung allen Lehrpersonen empfohlen, die im 2. Zyklus unterrichten sowie denjenigen, die vielleicht einmal vom 1. Zyklus auf den 2. Zyklus wechseln m\u00f6chten, damit sie auch die M\u00f6glichkeit haben  Medien und Informatik als Fach zu unterrichten. <\/p>\n\n\n\n<p><em><strong>EF: Wie lief die Organisation der Weiterbildungshalbtage bei euch?<\/strong><\/em><\/p>\n\n\n\n<p><strong>UW:<\/strong> Es war sehr hilfreich, dass ich als iScout jeweils auch anwesend war. Ich habe so die Vermittlerrolle eingenommen. Die Koordination mit den beiden Schulgemeinden war ein Erfolgsmodell. Ich war erstaunt, als ich von dir geh\u00f6rt habe, dass oft die Schulleitung als Kontaktperson fungiert.<br><strong>MR:<\/strong> Mit Urs habe ich einen absoluten Experten. Es war eine optimale Voraussetzung und ich konnte ihn so unterst\u00fctzen, dass alles so durchgef\u00fchrt wurde, wie er es sich vorstellt.<\/p>\n\n\n\n<p><em><strong>EF: Kannst du mir etwas zu deinem Aufwand sagen?<\/strong><\/em><\/p>\n\n\n\n<p><strong>UW: <\/strong>Pro Kurstag habe ich jeweils zwei Stunden zus\u00e4tzlich vor- und nachbereitet. Die administrativen Aufgaben sind sind nicht zu untersch\u00e4tzen. Den Gesamtaufwand habe ich aber nie genau zusammengerechnet.<\/p>\n\n\n\n<p><em><strong>EF: Welche Optimierungsm\u00f6glichkeiten seht ihr bei unserem MIA21-Weiterbildungsangebot?<\/strong><\/em><\/p>\n\n\n\n<p><strong>UW:<\/strong> Ich denke beide Angebote m\u00fcssten eigentlich l\u00e4nger sein. Wir haben versucht beide Weiterbildungen in je ein Semester zu packen. Das war eine grosse Herausforderung bei einem 100% Pensum. Wir versuchen nun kleine Workshops anzubieten, so dass die Themen immer wieder angeschaut werden.<br><strong>MR:<\/strong> Wir haben in diesem Jahr den Fokus auf Medien und Informatik gesetzt. Im n\u00e4chsten Schuljahr wird es ein anderes Thema sein, mit welchem wir uns intensiv auseinandersetzen werden.<\/p>\n\n\n\n<p><strong>EF: <em>Welches Weiterbildungsangebot w\u00fcrdet ihr euch von der PHTG im Bereich Medien und Informatik w\u00fcnschen?<\/em><\/strong><\/p>\n\n\n\n<p><strong>MR:<\/strong> Passend finde ich kurze und knackige Anwendungsworkshops, an welchen man sich mit einem spezifischen Thema auseinandersetzt. <\/p>\n\n\n\n<p><strong>EF: Solche Kurse haben wir bewusst in unser <a rel=\"noreferrer noopener\" href=\"https:\/\/mdz.phtg.ch\/de\/weiterbildung-und-beratung-in-medien-und-informatik\/kurse\/\" target=\"_blank\">Weiterbildungsangebot (INWB) <\/a>aufgenommen.<\/strong><br><br><strong>EF: Vielen Dank f\u00fcr die Bereitschaft zum Interview und den Einblick in eure Arbeit . <\/strong><\/p>\n\n\n\n<p><br>Mehr Informationen zu <a rel=\"noreferrer noopener\" href=\"https:\/\/mdz.phtg.ch\/de\/weiterbildung-und-beratung-in-medien-und-informatik\/mia21\/\" target=\"_blank\"><strong>MIA21<\/strong><\/a> gibt es auf der Homepage.<\/p>\n\n\n\n<p>Transkribiert und redigiert, sowie Sketchnote: Sabrina Str\u00e4ssle<br>Fotos: Thomas Hermann<\/p>\n<div data-animation=\"no-animation\" data-icons-animation=\"no-animation\" data-overlay=\"\" data-change-size=\"\" data-button-size=\"0.7\" style=\"font-size:0.7em!important;display:none;\" class=\"supsystic-social-sharing supsystic-social-sharing-package-flat supsystic-social-sharing-spacing supsystic-social-sharing-content supsystic-social-sharing-content-align-left\" data-text=\"\"><a data-networks=\"[]\" class=\"social-sharing-button sharer-flat sharer-flat-1 counter-standard without-counter tooltip-icon facebook\" target=\"_blank\" title=\"auf Facebook teilen\" href=\"http:\/\/www.facebook.com\/sharer.php?u=https%3A%2F%2Fmia.phtg.ch%2F%3Fp%3D1999\" data-main-href=\"http:\/\/www.facebook.com\/sharer.php?u={url}\" data-nid=\"1\" data-name=\"\" data-pid=\"1\" data-post-id=\"1999\" data-url=\"https:\/\/mia.phtg.ch\/wp-admin\/admin-ajax.php\" rel=\"nofollow\" data-mailto=\"\"><i class=\"fa-ssbs fa-ssbs-fw fa-ssbs-facebook\"><\/i><div class=\"counter-wrap standard\"><span class=\"counter\">0<\/span><\/div><\/a><a data-networks=\"[]\" class=\"social-sharing-button sharer-flat sharer-flat-1 counter-standard without-counter tooltip-icon twitter\" target=\"_blank\" title=\"auf Twitter teilen\" href=\"https:\/\/twitter.com\/share?url=https%3A%2F%2Fmia.phtg.ch%2F%3Fp%3D1999&text=MIA21+an+der+Schule+%26%238211%3B+Interview\" data-main-href=\"https:\/\/twitter.com\/share?url={url}&text={title}\" data-nid=\"2\" data-name=\"\" data-pid=\"1\" data-post-id=\"1999\" data-url=\"https:\/\/mia.phtg.ch\/wp-admin\/admin-ajax.php\" rel=\"nofollow\" data-mailto=\"\"><i class=\"fa-ssbs fa-ssbs-fw fa-ssbs-twitter\"><\/i><div class=\"counter-wrap standard\"><span class=\"counter\">0<\/span><\/div><\/a><a data-networks=\"[]\" class=\"social-sharing-button sharer-flat sharer-flat-1 counter-standard without-counter tooltip-icon linkedin\" target=\"_blank\" title=\"auf Linkedin teilen\" href=\"https:\/\/www.linkedin.com\/shareArticle?mini=true&title=MIA21+an+der+Schule+%26%238211%3B+Interview&url=https%3A%2F%2Fmia.phtg.ch%2F%3Fp%3D1999\" data-main-href=\"https:\/\/www.linkedin.com\/shareArticle?mini=true&title={title}&url={url}\" data-nid=\"13\" data-name=\"\" data-pid=\"1\" data-post-id=\"1999\" data-url=\"https:\/\/mia.phtg.ch\/wp-admin\/admin-ajax.php\" rel=\"nofollow\" data-mailto=\"\"><i class=\"fa-ssbs fa-ssbs-fw fa-ssbs-linkedin\"><\/i><div class=\"counter-wrap standard\"><span class=\"counter\">0<\/span><\/div><\/a><a data-networks=\"[]\" class=\"social-sharing-button sharer-flat sharer-flat-1 counter-standard without-counter tooltip-icon mail\" target=\"_blank\" title=\"per E-Mail teilen\" href=\"#\" data-main-href=\"#\" data-nid=\"16\" data-name=\"\" data-pid=\"1\" data-post-id=\"1999\" data-url=\"https:\/\/mia.phtg.ch\/wp-admin\/admin-ajax.php\" rel=\"nofollow\" data-mailto=\"\"><i class=\"fa-ssbs fa-ssbs-fw fa-ssbs-envelope-o\"><\/i><div class=\"counter-wrap standard\"><span class=\"counter\">0<\/span><\/div><\/a><\/div>","protected":false},"excerpt":{"rendered":"<p>Die Lehrpersonen der Primarschulgemeinde Wagenhausen-Kaltenbach haben im Sommer 2020 gemeinsam mit ihren Kollegen\/-innen der Nachbarsgemeinde Eschenz ihre Weiterbildungen in Medien und Informatik (MIA21) mit der&hellip;<\/p>\n<div data-animation=\"no-animation\" data-icons-animation=\"no-animation\" data-overlay=\"\" data-change-size=\"\" data-button-size=\"0.7\" style=\"font-size:0.7em!important;display:none;\" class=\"supsystic-social-sharing supsystic-social-sharing-package-flat supsystic-social-sharing-spacing supsystic-social-sharing-content supsystic-social-sharing-content-align-left\" data-text=\"\"><a data-networks=\"[]\" class=\"social-sharing-button sharer-flat sharer-flat-1 counter-standard without-counter tooltip-icon facebook\" target=\"_blank\" title=\"auf Facebook teilen\" href=\"http:\/\/www.facebook.com\/sharer.php?u=https%3A%2F%2Fmia.phtg.ch%2F%3Fp%3D1999\" data-main-href=\"http:\/\/www.facebook.com\/sharer.php?u={url}\" data-nid=\"1\" data-name=\"\" data-pid=\"1\" data-post-id=\"1999\" data-url=\"https:\/\/mia.phtg.ch\/wp-admin\/admin-ajax.php\" rel=\"nofollow\" data-mailto=\"\"><i class=\"fa-ssbs fa-ssbs-fw fa-ssbs-facebook\"><\/i><div class=\"counter-wrap standard\"><span class=\"counter\">0<\/span><\/div><\/a><a data-networks=\"[]\" class=\"social-sharing-button sharer-flat sharer-flat-1 counter-standard without-counter tooltip-icon twitter\" target=\"_blank\" title=\"auf Twitter teilen\" href=\"https:\/\/twitter.com\/share?url=https%3A%2F%2Fmia.phtg.ch%2F%3Fp%3D1999&text=MIA21+an+der+Schule+%26%238211%3B+Interview\" data-main-href=\"https:\/\/twitter.com\/share?url={url}&text={title}\" data-nid=\"2\" data-name=\"\" data-pid=\"1\" data-post-id=\"1999\" data-url=\"https:\/\/mia.phtg.ch\/wp-admin\/admin-ajax.php\" rel=\"nofollow\" data-mailto=\"\"><i class=\"fa-ssbs fa-ssbs-fw fa-ssbs-twitter\"><\/i><div class=\"counter-wrap standard\"><span class=\"counter\">0<\/span><\/div><\/a><a data-networks=\"[]\" class=\"social-sharing-button sharer-flat sharer-flat-1 counter-standard without-counter tooltip-icon linkedin\" target=\"_blank\" title=\"auf Linkedin teilen\" href=\"https:\/\/www.linkedin.com\/shareArticle?mini=true&title=MIA21+an+der+Schule+%26%238211%3B+Interview&url=https%3A%2F%2Fmia.phtg.ch%2F%3Fp%3D1999\" data-main-href=\"https:\/\/www.linkedin.com\/shareArticle?mini=true&title={title}&url={url}\" data-nid=\"13\" data-name=\"\" data-pid=\"1\" data-post-id=\"1999\" data-url=\"https:\/\/mia.phtg.ch\/wp-admin\/admin-ajax.php\" rel=\"nofollow\" data-mailto=\"\"><i class=\"fa-ssbs fa-ssbs-fw fa-ssbs-linkedin\"><\/i><div class=\"counter-wrap standard\"><span class=\"counter\">0<\/span><\/div><\/a><a data-networks=\"[]\" class=\"social-sharing-button sharer-flat sharer-flat-1 counter-standard without-counter tooltip-icon mail\" target=\"_blank\" title=\"per E-Mail teilen\" href=\"#\" data-main-href=\"#\" data-nid=\"16\" data-name=\"\" data-pid=\"1\" data-post-id=\"1999\" data-url=\"https:\/\/mia.phtg.ch\/wp-admin\/admin-ajax.php\" rel=\"nofollow\" data-mailto=\"\"><i class=\"fa-ssbs fa-ssbs-fw fa-ssbs-envelope-o\"><\/i><div class=\"counter-wrap standard\"><span class=\"counter\">0<\/span><\/div><\/a><\/div>","protected":false},"author":23,"featured_media":2042,"comment_status":"open","ping_status":"open","sticky":false,"template":"","format":"standard","meta":{"footnotes":""},"categories":[24,230,271],"tags":[272,106,83,42],"class_list":["post-1999","post","type-post","status-publish","format-standard","has-post-thumbnail","hentry","category-mia","category-primarstufe","category-schule","tag-interview","tag-mia21","tag-schulentwicklung","tag-weiterbildung"],"_links":{"self":[{"href":"https:\/\/mia.phtg.ch\/index.php?rest_route=\/wp\/v2\/posts\/1999","targetHints":{"allow":["GET"]}}],"collection":[{"href":"https:\/\/mia.phtg.ch\/index.php?rest_route=\/wp\/v2\/posts"}],"about":[{"href":"https:\/\/mia.phtg.ch\/index.php?rest_route=\/wp\/v2\/types\/post"}],"author":[{"embeddable":true,"href":"https:\/\/mia.phtg.ch\/index.php?rest_route=\/wp\/v2\/users\/23"}],"replies":[{"embeddable":true,"href":"https:\/\/mia.phtg.ch\/index.php?rest_route=%2Fwp%2Fv2%2Fcomments&post=1999"}],"version-history":[{"count":25,"href":"https:\/\/mia.phtg.ch\/index.php?rest_route=\/wp\/v2\/posts\/1999\/revisions"}],"predecessor-version":[{"id":2049,"href":"https:\/\/mia.phtg.ch\/index.php?rest_route=\/wp\/v2\/posts\/1999\/revisions\/2049"}],"wp:featuredmedia":[{"embeddable":true,"href":"https:\/\/mia.phtg.ch\/index.php?rest_route=\/wp\/v2\/media\/2042"}],"wp:attachment":[{"href":"https:\/\/mia.phtg.ch\/index.php?rest_route=%2Fwp%2Fv2%2Fmedia&parent=1999"}],"wp:term":[{"taxonomy":"category","embeddable":true,"href":"https:\/\/mia.phtg.ch\/index.php?rest_route=%2Fwp%2Fv2%2Fcategories&post=1999"},{"taxonomy":"post_tag","embeddable":true,"href":"https:\/\/mia.phtg.ch\/index.php?rest_route=%2Fwp%2Fv2%2Ftags&post=1999"}],"curies":[{"name":"wp","href":"https:\/\/api.w.org\/{rel}","templated":true}]}}