{"id":2029,"date":"2020-09-28T14:34:47","date_gmt":"2020-09-28T12:34:47","guid":{"rendered":"https:\/\/mia.phtg.ch\/?p=2029"},"modified":"2020-10-01T15:16:48","modified_gmt":"2020-10-01T13:16:48","slug":"rueckblick-fernunterricht-kurzbericht","status":"publish","type":"post","link":"https:\/\/mia.phtg.ch\/?p=2029","title":{"rendered":"R\u00fcckblick Fernunterricht: Kurzbericht"},"content":{"rendered":"\n<div class=\"wp-block-image\"><figure class=\"aligncenter size-medium\"><img loading=\"lazy\" decoding=\"async\" width=\"300\" height=\"225\" src=\"https:\/\/mia.phtg.ch\/wp-content\/uploads\/2020\/09\/Kopie-von-Beitrag-1-300x225.png\" alt=\"\" class=\"wp-image-2032\" srcset=\"https:\/\/mia.phtg.ch\/wp-content\/uploads\/2020\/09\/Kopie-von-Beitrag-1-300x225.png 300w, https:\/\/mia.phtg.ch\/wp-content\/uploads\/2020\/09\/Kopie-von-Beitrag-1-1024x767.png 1024w, https:\/\/mia.phtg.ch\/wp-content\/uploads\/2020\/09\/Kopie-von-Beitrag-1-768x576.png 768w, https:\/\/mia.phtg.ch\/wp-content\/uploads\/2020\/09\/Kopie-von-Beitrag-1.png 1417w\" sizes=\"auto, (max-width: 300px) 100vw, 300px\" \/><\/figure><\/div>\n\n\n\n<p>AV und PHTG luden im Juni 2020 Schulleitungen, Lehrpersonen und iScouts der Thurgauer Volksschule dazu ein, an einem R\u00fcckblick zum Fernunterricht teilzunehmen. Dieser R\u00fcckblick war keine repr\u00e4sentative Evaluation, sondern eine offene Umfrage \u00fcber ein \u00f6ffentlich zug\u00e4ngliches Online-Tool. Der Kurzbericht stellt die Beitr\u00e4ge der Teilnehmenden im \u00dcberblick dar, ohne zu werten oder bereits Schl\u00fcsse daraus zu ziehen. <br><\/p>\n\n\n\n<p>An dieser Stelle herzlichen Dank allen aktiv Teilnehmenden, dass sie sich Zeit genommen und sehr reflektierte und interessante Beitr\u00e4ge geschrieben haben.<\/p>\n\n\n\n<ul class=\"wp-block-list\"><li><a rel=\"noreferrer noopener\" href=\"https:\/\/av.tg.ch\/short\/ml3Zm1P8\" target=\"_blank\">Kurzbericht<\/a><\/li><li>Die Originaldaten, auf denen der Kurzbericht basiert und die AV und PHTG f\u00fcr die Weiterarbeit nutzen, sind als\u00a0<a rel=\"noreferrer noopener\" href=\"https:\/\/av.tg.ch\/short\/389PxqyB\" target=\"_blank\">Excel-Dokument\u00a0<\/a>verf\u00fcgbar<\/li><li>Einladung zur Teilnahme am R\u00fcckblick im\u00a0<a rel=\"noreferrer noopener\" href=\"https:\/\/av.tg.ch\/short\/d8pwVQYB\" target=\"_blank\">Newsletter 05 \/ 2020<\/a><\/li><li>Reaktion Thurgauer Zeitung, 01.10.2020: Umfrage bei Thurgauer Lehrern zum Corona-Fernunterricht zeigt: <a href=\"https:\/\/www.tagblatt.ch\/ostschweiz\/frauenfeld\/umfrage-bei-thurgauer-lehrern-zum-corona-fernunterricht-zeigt-schueler-waren-teilweise-gar-nicht-erreichbar-und-haben-komplett-abgehaengt-ld.1262978\" target=\"_blank\" rel=\"noreferrer noopener\">\u00abSch\u00fcler waren teilweise gar nicht erreichbar und haben komplett abgeh\u00e4ngt\u00bb<\/a><\/li><\/ul>\n\n\n\n<p><\/p>\n<div data-animation=\"no-animation\" data-icons-animation=\"no-animation\" data-overlay=\"\" data-change-size=\"\" data-button-size=\"0.7\" style=\"font-size:0.7em!important;display:none;\" class=\"supsystic-social-sharing supsystic-social-sharing-package-flat supsystic-social-sharing-spacing supsystic-social-sharing-content supsystic-social-sharing-content-align-left\" data-text=\"\"><a data-networks=\"[]\" class=\"social-sharing-button sharer-flat sharer-flat-1 counter-standard without-counter tooltip-icon facebook\" target=\"_blank\" title=\"auf Facebook teilen\" href=\"http:\/\/www.facebook.com\/sharer.php?u=https%3A%2F%2Fmia.phtg.ch%2F%3Fp%3D2029\" data-main-href=\"http:\/\/www.facebook.com\/sharer.php?u={url}\" data-nid=\"1\" data-name=\"\" data-pid=\"1\" data-post-id=\"2029\" data-url=\"https:\/\/mia.phtg.ch\/wp-admin\/admin-ajax.php\" rel=\"nofollow\" data-mailto=\"\"><i class=\"fa-ssbs fa-ssbs-fw fa-ssbs-facebook\"><\/i><div class=\"counter-wrap standard\"><span class=\"counter\">0<\/span><\/div><\/a><a data-networks=\"[]\" class=\"social-sharing-button sharer-flat sharer-flat-1 counter-standard without-counter tooltip-icon twitter\" target=\"_blank\" title=\"auf Twitter teilen\" href=\"https:\/\/twitter.com\/share?url=https%3A%2F%2Fmia.phtg.ch%2F%3Fp%3D2029&text=R%C3%BCckblick+Fernunterricht%3A+Kurzbericht\" data-main-href=\"https:\/\/twitter.com\/share?url={url}&text={title}\" data-nid=\"2\" data-name=\"\" data-pid=\"1\" data-post-id=\"2029\" data-url=\"https:\/\/mia.phtg.ch\/wp-admin\/admin-ajax.php\" rel=\"nofollow\" data-mailto=\"\"><i class=\"fa-ssbs fa-ssbs-fw fa-ssbs-twitter\"><\/i><div class=\"counter-wrap standard\"><span class=\"counter\">1<\/span><\/div><\/a><a data-networks=\"[]\" class=\"social-sharing-button sharer-flat sharer-flat-1 counter-standard without-counter tooltip-icon linkedin\" target=\"_blank\" title=\"auf Linkedin teilen\" href=\"https:\/\/www.linkedin.com\/shareArticle?mini=true&title=R%C3%BCckblick+Fernunterricht%3A+Kurzbericht&url=https%3A%2F%2Fmia.phtg.ch%2F%3Fp%3D2029\" data-main-href=\"https:\/\/www.linkedin.com\/shareArticle?mini=true&title={title}&url={url}\" data-nid=\"13\" data-name=\"\" data-pid=\"1\" data-post-id=\"2029\" data-url=\"https:\/\/mia.phtg.ch\/wp-admin\/admin-ajax.php\" rel=\"nofollow\" data-mailto=\"\"><i class=\"fa-ssbs fa-ssbs-fw fa-ssbs-linkedin\"><\/i><div class=\"counter-wrap standard\"><span class=\"counter\">0<\/span><\/div><\/a><a data-networks=\"[]\" class=\"social-sharing-button sharer-flat sharer-flat-1 counter-standard without-counter tooltip-icon mail\" target=\"_blank\" title=\"per E-Mail teilen\" href=\"#\" data-main-href=\"#\" data-nid=\"16\" data-name=\"\" data-pid=\"1\" data-post-id=\"2029\" data-url=\"https:\/\/mia.phtg.ch\/wp-admin\/admin-ajax.php\" rel=\"nofollow\" data-mailto=\"\"><i class=\"fa-ssbs fa-ssbs-fw fa-ssbs-envelope-o\"><\/i><div class=\"counter-wrap standard\"><span class=\"counter\">0<\/span><\/div><\/a><\/div>","protected":false},"excerpt":{"rendered":"<p>AV und PHTG luden im Juni 2020 Schulleitungen, Lehrpersonen und iScouts der Thurgauer Volksschule dazu ein, an einem R\u00fcckblick zum Fernunterricht teilzunehmen. Dieser R\u00fcckblick war&hellip;<\/p>\n<div data-animation=\"no-animation\" data-icons-animation=\"no-animation\" data-overlay=\"\" data-change-size=\"\" data-button-size=\"0.7\" style=\"font-size:0.7em!important;display:none;\" class=\"supsystic-social-sharing supsystic-social-sharing-package-flat supsystic-social-sharing-spacing supsystic-social-sharing-content supsystic-social-sharing-content-align-left\" data-text=\"\"><a data-networks=\"[]\" class=\"social-sharing-button sharer-flat sharer-flat-1 counter-standard without-counter tooltip-icon facebook\" target=\"_blank\" title=\"auf Facebook teilen\" href=\"http:\/\/www.facebook.com\/sharer.php?u=https%3A%2F%2Fmia.phtg.ch%2F%3Fp%3D2029\" data-main-href=\"http:\/\/www.facebook.com\/sharer.php?u={url}\" data-nid=\"1\" data-name=\"\" data-pid=\"1\" data-post-id=\"2029\" data-url=\"https:\/\/mia.phtg.ch\/wp-admin\/admin-ajax.php\" rel=\"nofollow\" data-mailto=\"\"><i class=\"fa-ssbs fa-ssbs-fw fa-ssbs-facebook\"><\/i><div class=\"counter-wrap standard\"><span class=\"counter\">0<\/span><\/div><\/a><a data-networks=\"[]\" class=\"social-sharing-button sharer-flat sharer-flat-1 counter-standard without-counter tooltip-icon twitter\" target=\"_blank\" title=\"auf Twitter teilen\" href=\"https:\/\/twitter.com\/share?url=https%3A%2F%2Fmia.phtg.ch%2F%3Fp%3D2029&text=R%C3%BCckblick+Fernunterricht%3A+Kurzbericht\" data-main-href=\"https:\/\/twitter.com\/share?url={url}&text={title}\" data-nid=\"2\" data-name=\"\" data-pid=\"1\" data-post-id=\"2029\" data-url=\"https:\/\/mia.phtg.ch\/wp-admin\/admin-ajax.php\" rel=\"nofollow\" data-mailto=\"\"><i class=\"fa-ssbs fa-ssbs-fw fa-ssbs-twitter\"><\/i><div class=\"counter-wrap standard\"><span class=\"counter\">1<\/span><\/div><\/a><a data-networks=\"[]\" class=\"social-sharing-button sharer-flat sharer-flat-1 counter-standard without-counter tooltip-icon linkedin\" target=\"_blank\" title=\"auf Linkedin teilen\" href=\"https:\/\/www.linkedin.com\/shareArticle?mini=true&title=R%C3%BCckblick+Fernunterricht%3A+Kurzbericht&url=https%3A%2F%2Fmia.phtg.ch%2F%3Fp%3D2029\" data-main-href=\"https:\/\/www.linkedin.com\/shareArticle?mini=true&title={title}&url={url}\" data-nid=\"13\" data-name=\"\" data-pid=\"1\" data-post-id=\"2029\" data-url=\"https:\/\/mia.phtg.ch\/wp-admin\/admin-ajax.php\" rel=\"nofollow\" data-mailto=\"\"><i class=\"fa-ssbs fa-ssbs-fw fa-ssbs-linkedin\"><\/i><div class=\"counter-wrap standard\"><span class=\"counter\">0<\/span><\/div><\/a><a data-networks=\"[]\" class=\"social-sharing-button sharer-flat sharer-flat-1 counter-standard without-counter tooltip-icon mail\" target=\"_blank\" title=\"per E-Mail teilen\" href=\"#\" data-main-href=\"#\" data-nid=\"16\" data-name=\"\" data-pid=\"1\" data-post-id=\"2029\" data-url=\"https:\/\/mia.phtg.ch\/wp-admin\/admin-ajax.php\" rel=\"nofollow\" data-mailto=\"\"><i class=\"fa-ssbs fa-ssbs-fw fa-ssbs-envelope-o\"><\/i><div class=\"counter-wrap standard\"><span class=\"counter\">0<\/span><\/div><\/a><\/div>","protected":false},"author":14,"featured_media":2032,"comment_status":"open","ping_status":"open","sticky":false,"template":"","format":"standard","meta":{"footnotes":""},"categories":[66,131,226,38,69,1,3],"tags":[191,233,41,273,274],"class_list":["post-2029","post","type-post","status-publish","format-standard","has-post-thumbnail","hentry","category-av","category-digitale-transformation","category-fernlernen","category-phtg","category-studien","category-uncategorized","category-werkzeuge","tag-digitalerwandel","tag-fernunterricht","tag-iscout","tag-schulleitung","tag-umfrage"],"_links":{"self":[{"href":"https:\/\/mia.phtg.ch\/index.php?rest_route=\/wp\/v2\/posts\/2029","targetHints":{"allow":["GET"]}}],"collection":[{"href":"https:\/\/mia.phtg.ch\/index.php?rest_route=\/wp\/v2\/posts"}],"about":[{"href":"https:\/\/mia.phtg.ch\/index.php?rest_route=\/wp\/v2\/types\/post"}],"author":[{"embeddable":true,"href":"https:\/\/mia.phtg.ch\/index.php?rest_route=\/wp\/v2\/users\/14"}],"replies":[{"embeddable":true,"href":"https:\/\/mia.phtg.ch\/index.php?rest_route=%2Fwp%2Fv2%2Fcomments&post=2029"}],"version-history":[{"count":5,"href":"https:\/\/mia.phtg.ch\/index.php?rest_route=\/wp\/v2\/posts\/2029\/revisions"}],"predecessor-version":[{"id":2070,"href":"https:\/\/mia.phtg.ch\/index.php?rest_route=\/wp\/v2\/posts\/2029\/revisions\/2070"}],"wp:featuredmedia":[{"embeddable":true,"href":"https:\/\/mia.phtg.ch\/index.php?rest_route=\/wp\/v2\/media\/2032"}],"wp:attachment":[{"href":"https:\/\/mia.phtg.ch\/index.php?rest_route=%2Fwp%2Fv2%2Fmedia&parent=2029"}],"wp:term":[{"taxonomy":"category","embeddable":true,"href":"https:\/\/mia.phtg.ch\/index.php?rest_route=%2Fwp%2Fv2%2Fcategories&post=2029"},{"taxonomy":"post_tag","embeddable":true,"href":"https:\/\/mia.phtg.ch\/index.php?rest_route=%2Fwp%2Fv2%2Ftags&post=2029"}],"curies":[{"name":"wp","href":"https:\/\/api.w.org\/{rel}","templated":true}]}}