{"id":2050,"date":"2020-10-01T09:35:03","date_gmt":"2020-10-01T07:35:03","guid":{"rendered":"https:\/\/mia.phtg.ch\/?p=2050"},"modified":"2020-10-01T09:35:05","modified_gmt":"2020-10-01T07:35:05","slug":"netzwerktreffen-sg-12-11-2020","status":"publish","type":"post","link":"https:\/\/mia.phtg.ch\/?p=2050","title":{"rendered":"Netzwerktreffen (SG): 12.11.2020"},"content":{"rendered":"\n<p>Die PHSG<strong> <\/strong>(<a rel=\"noreferrer noopener\" href=\"https:\/\/www.phsg.ch\/de\/forschung\/institute\/weiterbildung-und-beratung\" data-type=\"URL\" data-id=\"https:\/\/www.phsg.ch\/de\/forschung\/institute\/weiterbildung-und-beratung\" target=\"_blank\"><strong>Institut Weiterbildung und Beratung<\/strong><\/a> &amp; <strong><a rel=\"noreferrer noopener\" href=\"https:\/\/www.phsg.ch\/de\/forschung\/institute\/ict-und-medien\" data-type=\"URL\" data-id=\"https:\/\/www.phsg.ch\/de\/forschung\/institute\/ict-und-medien\" target=\"_blank\">Institut ICT &amp; Medien<\/a><\/strong>) organisiert zusammen mit dem Bildungsdepartement St. Gallen (<a rel=\"noreferrer noopener\" href=\"https:\/\/www.sg.ch\/content\/sgch\/politik-verwaltung\/departemente-und-staatskanzlei\/bildungsdepartement\/amt-fuer-volksschule.html\" data-type=\"URL\" data-id=\"https:\/\/www.sg.ch\/content\/sgch\/politik-verwaltung\/departemente-und-staatskanzlei\/bildungsdepartement\/amt-fuer-volksschule.html\" target=\"_blank\"><strong>Bereich Medien und Informatik<\/strong><\/a>) ein Netzwerktreffen f\u00fcr Schulleitungen, ICT-Verantwortliche und weitere Interessierte.<\/p>\n\n\n\n<p>Da der Anlass in diesem Jahr online via Microsoft TEAMS durchgef\u00fchrt wird, d\u00fcrfen auch Interessierte aus anderen Kantonen teilnehmen. Deshalb m\u00f6chten wir gerne auf diesen Anlass aufmerksam machen und freuen uns, wenn auch iScouts an der Vernetzung teilnehmen. <\/p>\n\n\n\n<figure class=\"wp-block-image size-large is-resized\"><img loading=\"lazy\" decoding=\"async\" src=\"https:\/\/mia.phtg.ch\/wp-content\/uploads\/2020\/03\/Share-2-1024x640.jpg\" alt=\"\" class=\"wp-image-1607\" width=\"512\" height=\"320\" srcset=\"https:\/\/mia.phtg.ch\/wp-content\/uploads\/2020\/03\/Share-2-1024x640.jpg 1024w, https:\/\/mia.phtg.ch\/wp-content\/uploads\/2020\/03\/Share-2-300x188.jpg 300w, https:\/\/mia.phtg.ch\/wp-content\/uploads\/2020\/03\/Share-2-768x480.jpg 768w, https:\/\/mia.phtg.ch\/wp-content\/uploads\/2020\/03\/Share-2.jpg 1080w\" sizes=\"auto, (max-width: 512px) 100vw, 512px\" \/><figcaption>Bild: <a href=\"https:\/\/pixabay.com\/images\/id-2482016\/\" data-type=\"URL\" data-id=\"https:\/\/pixabay.com\/images\/id-2482016\/\" target=\"_blank\" rel=\"noreferrer noopener\">Pixabay<\/a><\/figcaption><\/figure>\n\n\n\n<div class=\"wp-block-buttons is-layout-flex wp-block-buttons-is-layout-flex\">\n<div class=\"wp-block-button\"><a class=\"wp-block-button__link no-border-radius\" href=\"https:\/\/www.phsg.ch\/de\/netzwerktreffen-2020-paedagogischer-support-im-fokus-good-practice-aus-dem-netzwerk\" target=\"_blank\" rel=\"noreferrer noopener\"><strong>Donnerstag, 12. November 2020, 17.30 bis 20.20 Uhr<\/strong><\/a><\/div>\n<\/div>\n\n\n\n<p>Nach einem Referat mit dem Titel \u00abDatenschutz im Schulalltag\u00bb werden Workshops rund um das Thema \u00abP\u00e4dagogischer Support im Fokus &#8211; Good Practice aus dem Netzwerk\u00bb angeboten.<\/p>\n\n\n\n<ul class=\"wp-block-list\"><li>Interne Weiterbildung im Zeitalter der Digitalisierung<\/li><li>Ortsunabh\u00e4ngiger p\u00e4dagogischer Support und Wissensmanagement mit Microsoft Teams<\/li><li>Praxisideen f\u00fcr den p\u00e4dagogischen Support<\/li><li>Konzeptelemente f\u00fcr den P\u00e4dagogischen Support der Schule vor Ort<\/li><li>Inform@21 KG bis 4. Klasse -&gt; Vorstellung des neuen Lehrmittels durch eine Autorin<\/li><li>Bildungsdaten im Spannungsfeld zwischen Schutz und Nutzen<\/li><li>TICTS &gt; PICTS &gt; MEDIENP\u00c4DAGOGIK<\/li><li>K\u00fcnstliche Intelligenz in der Schule<\/li><li>Jugendmedienschutz<\/li><li>Medienp\u00e4dagogische Elternarbeit &#8211; \u00ab Eltern sein im digitalen Zeitalter\u00bb<\/li><\/ul>\n\n\n\n<p>Weitere Informationen sowie der Link zur Anmeldung: <a href=\"https:\/\/www.phsg.ch\/de\/netzwerktreffen-2020-paedagogischer-support-im-fokus-good-practice-aus-dem-netzwerk\" data-type=\"URL\" data-id=\"https:\/\/www.phsg.ch\/de\/netzwerktreffen-2020-paedagogischer-support-im-fokus-good-practice-aus-dem-netzwerk\" target=\"_blank\" rel=\"noreferrer noopener\"><strong>Link<\/strong><\/a><\/p>\n\n\n\n<div class=\"wp-block-buttons is-layout-flex wp-block-buttons-is-layout-flex\"><\/div>\n<div data-animation=\"no-animation\" data-icons-animation=\"no-animation\" data-overlay=\"\" data-change-size=\"\" data-button-size=\"0.7\" style=\"font-size:0.7em!important;display:none;\" class=\"supsystic-social-sharing supsystic-social-sharing-package-flat supsystic-social-sharing-spacing supsystic-social-sharing-content supsystic-social-sharing-content-align-left\" data-text=\"\"><a data-networks=\"[]\" class=\"social-sharing-button sharer-flat sharer-flat-1 counter-standard without-counter tooltip-icon facebook\" target=\"_blank\" title=\"auf Facebook teilen\" href=\"http:\/\/www.facebook.com\/sharer.php?u=https%3A%2F%2Fmia.phtg.ch%2F%3Fp%3D2050\" data-main-href=\"http:\/\/www.facebook.com\/sharer.php?u={url}\" data-nid=\"1\" data-name=\"\" data-pid=\"1\" data-post-id=\"2050\" data-url=\"https:\/\/mia.phtg.ch\/wp-admin\/admin-ajax.php\" rel=\"nofollow\" data-mailto=\"\"><i class=\"fa-ssbs fa-ssbs-fw fa-ssbs-facebook\"><\/i><div class=\"counter-wrap standard\"><span class=\"counter\">0<\/span><\/div><\/a><a data-networks=\"[]\" class=\"social-sharing-button sharer-flat sharer-flat-1 counter-standard without-counter tooltip-icon twitter\" target=\"_blank\" title=\"auf Twitter teilen\" href=\"https:\/\/twitter.com\/share?url=https%3A%2F%2Fmia.phtg.ch%2F%3Fp%3D2050&text=Netzwerktreffen+%28SG%29%3A+12.11.2020\" data-main-href=\"https:\/\/twitter.com\/share?url={url}&text={title}\" data-nid=\"2\" data-name=\"\" data-pid=\"1\" data-post-id=\"2050\" data-url=\"https:\/\/mia.phtg.ch\/wp-admin\/admin-ajax.php\" rel=\"nofollow\" data-mailto=\"\"><i class=\"fa-ssbs fa-ssbs-fw fa-ssbs-twitter\"><\/i><div class=\"counter-wrap standard\"><span class=\"counter\">0<\/span><\/div><\/a><a data-networks=\"[]\" class=\"social-sharing-button sharer-flat sharer-flat-1 counter-standard without-counter tooltip-icon linkedin\" target=\"_blank\" title=\"auf Linkedin teilen\" href=\"https:\/\/www.linkedin.com\/shareArticle?mini=true&title=Netzwerktreffen+%28SG%29%3A+12.11.2020&url=https%3A%2F%2Fmia.phtg.ch%2F%3Fp%3D2050\" data-main-href=\"https:\/\/www.linkedin.com\/shareArticle?mini=true&title={title}&url={url}\" data-nid=\"13\" data-name=\"\" data-pid=\"1\" data-post-id=\"2050\" data-url=\"https:\/\/mia.phtg.ch\/wp-admin\/admin-ajax.php\" rel=\"nofollow\" data-mailto=\"\"><i class=\"fa-ssbs fa-ssbs-fw fa-ssbs-linkedin\"><\/i><div class=\"counter-wrap standard\"><span class=\"counter\">0<\/span><\/div><\/a><a data-networks=\"[]\" class=\"social-sharing-button sharer-flat sharer-flat-1 counter-standard without-counter tooltip-icon mail\" target=\"_blank\" title=\"per E-Mail teilen\" href=\"#\" data-main-href=\"#\" data-nid=\"16\" data-name=\"\" data-pid=\"1\" data-post-id=\"2050\" data-url=\"https:\/\/mia.phtg.ch\/wp-admin\/admin-ajax.php\" rel=\"nofollow\" data-mailto=\"\"><i class=\"fa-ssbs fa-ssbs-fw fa-ssbs-envelope-o\"><\/i><div class=\"counter-wrap standard\"><span class=\"counter\">0<\/span><\/div><\/a><\/div>","protected":false},"excerpt":{"rendered":"<p>Die PHSG (Institut Weiterbildung und Beratung &amp; Institut ICT &amp; Medien) organisiert zusammen mit dem Bildungsdepartement St. Gallen (Bereich Medien und Informatik) ein Netzwerktreffen f\u00fcr&hellip;<\/p>\n<div data-animation=\"no-animation\" data-icons-animation=\"no-animation\" data-overlay=\"\" data-change-size=\"\" data-button-size=\"0.7\" style=\"font-size:0.7em!important;display:none;\" class=\"supsystic-social-sharing supsystic-social-sharing-package-flat supsystic-social-sharing-spacing supsystic-social-sharing-content supsystic-social-sharing-content-align-left\" data-text=\"\"><a data-networks=\"[]\" class=\"social-sharing-button sharer-flat sharer-flat-1 counter-standard without-counter tooltip-icon facebook\" target=\"_blank\" title=\"auf Facebook teilen\" href=\"http:\/\/www.facebook.com\/sharer.php?u=https%3A%2F%2Fmia.phtg.ch%2F%3Fp%3D2050\" data-main-href=\"http:\/\/www.facebook.com\/sharer.php?u={url}\" data-nid=\"1\" data-name=\"\" data-pid=\"1\" data-post-id=\"2050\" data-url=\"https:\/\/mia.phtg.ch\/wp-admin\/admin-ajax.php\" rel=\"nofollow\" data-mailto=\"\"><i class=\"fa-ssbs fa-ssbs-fw fa-ssbs-facebook\"><\/i><div class=\"counter-wrap standard\"><span class=\"counter\">0<\/span><\/div><\/a><a data-networks=\"[]\" class=\"social-sharing-button sharer-flat sharer-flat-1 counter-standard without-counter tooltip-icon twitter\" target=\"_blank\" title=\"auf Twitter teilen\" href=\"https:\/\/twitter.com\/share?url=https%3A%2F%2Fmia.phtg.ch%2F%3Fp%3D2050&text=Netzwerktreffen+%28SG%29%3A+12.11.2020\" data-main-href=\"https:\/\/twitter.com\/share?url={url}&text={title}\" data-nid=\"2\" data-name=\"\" data-pid=\"1\" data-post-id=\"2050\" data-url=\"https:\/\/mia.phtg.ch\/wp-admin\/admin-ajax.php\" rel=\"nofollow\" data-mailto=\"\"><i class=\"fa-ssbs fa-ssbs-fw fa-ssbs-twitter\"><\/i><div class=\"counter-wrap standard\"><span class=\"counter\">0<\/span><\/div><\/a><a data-networks=\"[]\" class=\"social-sharing-button sharer-flat sharer-flat-1 counter-standard without-counter tooltip-icon linkedin\" target=\"_blank\" title=\"auf Linkedin teilen\" href=\"https:\/\/www.linkedin.com\/shareArticle?mini=true&title=Netzwerktreffen+%28SG%29%3A+12.11.2020&url=https%3A%2F%2Fmia.phtg.ch%2F%3Fp%3D2050\" data-main-href=\"https:\/\/www.linkedin.com\/shareArticle?mini=true&title={title}&url={url}\" data-nid=\"13\" data-name=\"\" data-pid=\"1\" data-post-id=\"2050\" data-url=\"https:\/\/mia.phtg.ch\/wp-admin\/admin-ajax.php\" rel=\"nofollow\" data-mailto=\"\"><i class=\"fa-ssbs fa-ssbs-fw fa-ssbs-linkedin\"><\/i><div class=\"counter-wrap standard\"><span class=\"counter\">0<\/span><\/div><\/a><a data-networks=\"[]\" class=\"social-sharing-button sharer-flat sharer-flat-1 counter-standard without-counter tooltip-icon mail\" target=\"_blank\" title=\"per E-Mail teilen\" href=\"#\" data-main-href=\"#\" data-nid=\"16\" data-name=\"\" data-pid=\"1\" data-post-id=\"2050\" data-url=\"https:\/\/mia.phtg.ch\/wp-admin\/admin-ajax.php\" rel=\"nofollow\" data-mailto=\"\"><i class=\"fa-ssbs fa-ssbs-fw fa-ssbs-envelope-o\"><\/i><div class=\"counter-wrap standard\"><span class=\"counter\">0<\/span><\/div><\/a><\/div>","protected":false},"author":14,"featured_media":2055,"comment_status":"open","ping_status":"open","sticky":false,"template":"","format":"standard","meta":{"footnotes":""},"categories":[275,10,24,4,11,1,22,51],"tags":[41,95,98,277,276,207],"class_list":["post-2050","post","type-post","status-publish","format-standard","has-post-thumbnail","hentry","category-iscout","category-medien","category-mia","category-online","category-ressourcen","category-uncategorized","category-veranstaltungen","category-weiterbildung","tag-iscout","tag-lehrmittel","tag-netzwerk","tag-paedagogischer-support","tag-praxisideen","tag-weiterbildungen-fuer-iscouts"],"_links":{"self":[{"href":"https:\/\/mia.phtg.ch\/index.php?rest_route=\/wp\/v2\/posts\/2050","targetHints":{"allow":["GET"]}}],"collection":[{"href":"https:\/\/mia.phtg.ch\/index.php?rest_route=\/wp\/v2\/posts"}],"about":[{"href":"https:\/\/mia.phtg.ch\/index.php?rest_route=\/wp\/v2\/types\/post"}],"author":[{"embeddable":true,"href":"https:\/\/mia.phtg.ch\/index.php?rest_route=\/wp\/v2\/users\/14"}],"replies":[{"embeddable":true,"href":"https:\/\/mia.phtg.ch\/index.php?rest_route=%2Fwp%2Fv2%2Fcomments&post=2050"}],"version-history":[{"count":8,"href":"https:\/\/mia.phtg.ch\/index.php?rest_route=\/wp\/v2\/posts\/2050\/revisions"}],"predecessor-version":[{"id":2060,"href":"https:\/\/mia.phtg.ch\/index.php?rest_route=\/wp\/v2\/posts\/2050\/revisions\/2060"}],"wp:featuredmedia":[{"embeddable":true,"href":"https:\/\/mia.phtg.ch\/index.php?rest_route=\/wp\/v2\/media\/2055"}],"wp:attachment":[{"href":"https:\/\/mia.phtg.ch\/index.php?rest_route=%2Fwp%2Fv2%2Fmedia&parent=2050"}],"wp:term":[{"taxonomy":"category","embeddable":true,"href":"https:\/\/mia.phtg.ch\/index.php?rest_route=%2Fwp%2Fv2%2Fcategories&post=2050"},{"taxonomy":"post_tag","embeddable":true,"href":"https:\/\/mia.phtg.ch\/index.php?rest_route=%2Fwp%2Fv2%2Ftags&post=2050"}],"curies":[{"name":"wp","href":"https:\/\/api.w.org\/{rel}","templated":true}]}}