{"id":2118,"date":"2020-10-28T14:00:50","date_gmt":"2020-10-28T12:00:50","guid":{"rendered":"https:\/\/mia.phtg.ch\/?p=2118"},"modified":"2020-12-17T19:53:25","modified_gmt":"2020-12-17T17:53:25","slug":"mia-talk-mit-teach2influence","status":"publish","type":"post","link":"https:\/\/mia.phtg.ch\/?p=2118","title":{"rendered":"MIA-Talk mit @teach2influence"},"content":{"rendered":"\n<p><em>&#171;MIA-Talk&#187; ist eine Interviewreihe mit Fokus auf Medien und Informatik. Verschiedene Personen berichten aus ihrem Alltag. Unser erster Gast heisst auf Instagram <a href=\"https:\/\/www.instagram.com\/teach2influence\/\"><strong>@teach2influence<\/strong><\/a>. Heute berichtet sie aus ihrem Schulalltag und erz\u00e4hlt von ihren Erfahrungen mit Instagram.<\/em><\/p>\n\n\n\n<figure class=\"wp-block-image\"><img loading=\"lazy\" decoding=\"async\" width=\"346\" height=\"284\" src=\"https:\/\/mia.phtg.ch\/wp-content\/uploads\/2020\/10\/20201026_MIA-talk_Foto_Icon_Blog_346x284.jpg\" alt=\"\" class=\"wp-image-2180\" srcset=\"https:\/\/mia.phtg.ch\/wp-content\/uploads\/2020\/10\/20201026_MIA-talk_Foto_Icon_Blog_346x284.jpg 346w, https:\/\/mia.phtg.ch\/wp-content\/uploads\/2020\/10\/20201026_MIA-talk_Foto_Icon_Blog_346x284-300x246.jpg 300w\" sizes=\"auto, (max-width: 346px) 100vw, 346px\" \/><\/figure>\n\n\n\n<p>Die Primarlehrerin arbeitet als Klassenlehrperson im Zyklus 1 an einer Thurgauer Schule. Eine grosse Leidenschaft von ihr ist es, sich mit anderen Lehrpersonen auf Instagram auszutauschen und sich zu vernetzten.<br>Ihren 20&#8217;000 FollowerInnen zeigt sie Einblicke in ihren Schulalltag. \u00abSharing is caring\u00bb &#8211; und die sozialen Medien helfen dabei. Ich habe die Frau hinter <a href=\"https:\/\/www.instagram.com\/teach2influence\/\"><strong>@teach2influence<\/strong><\/a> getroffen\u2026<\/p>\n\n\n\n<p><strong><em>Du bist auf Instagram aktiv und teilst mit deinen FollowerInnen Einblicke in deinen Lehrerinnenalltag. Wann und warum hast du mit Instagram angefangen?<\/em><\/strong><br>In meinem ersten Berufsjahr habe ich festgestellt, dass ganz viele andere Lehrpersonen auf Instagram aktiv sind. Sie teilen dort ihre Ideen, geben Einblicke in ihr Klassenzimmer oder geben ihr selbsterstelltes Unterrichtsmaterial weiter. Ich habe zum Beispiel Inspirationen f\u00fcr meinen Kunstunterricht erhalten. Ausserdem bin ich auch auf ganz viele grosse Blogs aufmerksam geworden, die oft kostenloses Material f\u00fcr den Unterricht anbieten, welches man zus\u00e4tzlich zum Lehrmittel im Unterricht einsetzen kann. Ich war begeistert und wollte auch ein Teil davon sein. Vor mehr als drei Jahren habe ich mich dann dazu entschlossen, aktiv auf Instagram zu sein und nenne mich dort \u00abteach2influence\u00bb.<\/p>\n\n\n\n<p><strong><em>Was sch\u00e4tzt du selbst auf Instagram besonders?<br><\/em><\/strong>Ich sch\u00e4tze es sehr, dass man sich mit Lehrpersonen aus der ganzen Welt vernetzen kann. Ich konnte mich so bereits mit vielen Lehrpersonen aus der Schweiz, aus Deutschland oder anderen L\u00e4ndern austauschen. Ich tausche regelm\u00e4ssig Materialien mit anderen Lehrpersonen aus der Schweiz aus, welche auch mit denselben Lehrmitteln arbeiten und somit auch dieselbe Schulstufe unterrichten. &nbsp;<\/p>\n\n\n\n<p><strong><em>Viele deiner selbsterstellten Materialien teilst du kostenlos auf einer Lehrmittelplattform. Wie ist es f\u00fcr dich, wenn andere deine Produkte in ihrem Unterricht einsetzen und du sie dann siehst?<\/em><\/strong><br>Aktuell teile ich mehr als 90 meiner selbsterstellten Materialien kostenlos im Internet. Es freut mich immer sehr, wenn meine Arbeit auch anderen Lehrpersonen gef\u00e4llt und sie diese einsetzen.<br>An einer Weiterbildung in einer anderen Schule habe ich in einem Klassenzimmer Plakate gesehen, welche ich einst erstellt habe. Ich habe der Lehrerin dann gesagt, dass es mich freut, dass sie mein Material brauchen kann. Daraufhin haben wir gegenseitig Material ausgetauscht und uns unterhalten.<br>Das passiert mir sehr oft. Wenn Menschen merken, dass sie von mir Material erhalten, dann m\u00f6chten sie etwas zur\u00fcckgeben. Ich finde das eine sch\u00f6ne Geste, es zeigt die Wertsch\u00e4tzung und nat\u00fcrlich kann ich auch von den Ideen und Materialien anderer profitieren.<br><\/p>\n\n\n\n<figure class=\"wp-block-image size-large is-resized\"><img loading=\"lazy\" decoding=\"async\" src=\"https:\/\/mia.phtg.ch\/wp-content\/uploads\/2020\/10\/20201026_MIA-talk_Zitat-1024x1024.jpg\" alt=\"\" class=\"wp-image-2124\" width=\"381\" height=\"381\" srcset=\"https:\/\/mia.phtg.ch\/wp-content\/uploads\/2020\/10\/20201026_MIA-talk_Zitat-1024x1024.jpg 1024w, https:\/\/mia.phtg.ch\/wp-content\/uploads\/2020\/10\/20201026_MIA-talk_Zitat-300x300.jpg 300w, https:\/\/mia.phtg.ch\/wp-content\/uploads\/2020\/10\/20201026_MIA-talk_Zitat-150x150.jpg 150w, https:\/\/mia.phtg.ch\/wp-content\/uploads\/2020\/10\/20201026_MIA-talk_Zitat-768x768.jpg 768w, https:\/\/mia.phtg.ch\/wp-content\/uploads\/2020\/10\/20201026_MIA-talk_Zitat.jpg 1200w\" sizes=\"auto, (max-width: 381px) 100vw, 381px\" \/><\/figure>\n\n\n\n<p><strong><em>Inspiration auf Instagram holen \u2013 Welche Starttipps w\u00fcrdest du einer Lehrperson geben, damit sie sich auf Instagram zurechtfindet?<br><\/em><\/strong>Auf Instagram gibt es sogenannte Hashtags, welchen man folgen kann. Das ist eine super M\u00f6glichkeit um einzusteigen. #instlehrerzimmer oder #primarschule eignen sich da besonders. Man kann auch einfach nach einer gew\u00fcnschten Stufe suchen, also #klasse1 oder #klasse2. Es gibt je nach Schulstufe oftmals auch die M\u00f6glichkeit sich einer Gruppe anzuschliessen, um sich z.B. \u00fcber Microsoft Teams auszutauschen, sich gegenseitig bei Fragen zu unterst\u00fctzen oder selbst erstellte Unterrichtsmaterialien zu teilen. Ein anderer Tipp w\u00e4re, dass man auf ein bekanntes Lehrpersonenprofil geht und einmal nachschaut, wem diese Person folgt.<\/p>\n\n\n\n<p><strong><em>Eine Lehrperson will auch aktiv mit Instagram starten. Was sollte sie beim Posten von Inhalten auf Instagram beachten?<\/em><\/strong><br>Datenschutz und Urheberrecht sind sehr wichtig auf Sozialen Netzwerken. Ich w\u00fcrde niemals ein Bild posten, auf welchem Namen der Kinder ersichtlich sind. Wenn man Material teilt, sollte man auf das Urheberrecht achten. Alle Inhalte die ich teile, sind mein geistiges Eigentum. Das heisst, ich habe sie selbst erstellt und gezeichnet. Ausserdem gibt es Websiten wie z.B. Pixabay auf denen man viele Fotos kostenlos herunterladen und f\u00fcr seine Materialien verwenden darf.<\/p>\n\n\n\n<p><strong><em>Im Zyklus 1 unterrichtest du Medien und Informatik. Mit welchen Lehrmitteln arbeitest du?<\/em><\/strong><br>Ich arbeite aktuell mit dem Buch <strong><a href=\"http:\/\/www.helloruby.com\/de\" target=\"_blank\" rel=\"noreferrer noopener\">\u00abHello Ruby\u00bb<\/a>.<\/strong> Das sind B\u00fccher zu verschiedenen Themen. Bei \u00abHello Ruby\u00bb geht es um ein M\u00e4dchen und ihre Freunde, welche Abenteuer erleben. Ruby ist ein sehr neugieriges M\u00e4dchen und hinterfragt alle m\u00f6glichen Dinge. Die Geschichte nimmt die Kinder mit in die Welt der Computer, der Roboter, des Programmierens und des Internets und eignet sich somit optimal, um kindgerecht in die Medien- und Informatikwelt einzutauchen. &nbsp;<br>Das Thema Robotik begeistert die Kinder. Wir haben bereits mit BeeBots gearbeitet und sie waren sehr motiviert, interessiert und neugierig. Ich finde das neue Fach Medien und Informatik spannend. Ich habe bei einer Weiterbildung mehr zu Informatik gelernt und gemerkt, dass in unserem Alltag Programmieren \u00fcberall vorkommt. Grundfertigkeiten f\u00fcr das Programmieren kann man auch ohne Computer lernen, zum Beispiel mit einem Brettspiel.<br>Ich sch\u00e4tze den Austausch mit anderen Lehrpersonen sehr und bin sehr dankbar daf\u00fcr. Dieser Austausch findet nat\u00fcrlich im eigenen Lehrerteam der Schule statt, aber auch mit fr\u00fcheren Studienkolleginnen oder eben mit anderen Lehrpersonen, die ich \u00fcber Instagram kennengelernt habe.<\/p>\n\n\n\n<div class=\"wp-block-group\"><div class=\"wp-block-group__inner-container is-layout-flow wp-block-group-is-layout-flow\">\n<div class=\"wp-block-group\"><div class=\"wp-block-group__inner-container is-layout-flow wp-block-group-is-layout-flow\">\n<figure class=\"wp-block-gallery aligncenter columns-4 is-cropped wp-block-gallery-1 is-layout-flex wp-block-gallery-is-layout-flex\" id=\"http:\/\/www.instagram.com\/teach2influence\/\"><ul class=\"blocks-gallery-grid\"><li class=\"blocks-gallery-item\"><figure><a href=\"https:\/\/mia.phtg.ch\/?attachment_id=2135\"><img loading=\"lazy\" decoding=\"async\" width=\"1125\" height=\"2070\" src=\"https:\/\/mia.phtg.ch\/wp-content\/uploads\/2020\/10\/IMG_0292-1.jpg\" alt=\"\" data-id=\"2135\" data-full-url=\"https:\/\/mia.phtg.ch\/wp-content\/uploads\/2020\/10\/IMG_0292-1.jpg\" data-link=\"https:\/\/mia.phtg.ch\/?attachment_id=2135\" class=\"wp-image-2135\" srcset=\"https:\/\/mia.phtg.ch\/wp-content\/uploads\/2020\/10\/IMG_0292-1.jpg 1125w, https:\/\/mia.phtg.ch\/wp-content\/uploads\/2020\/10\/IMG_0292-1-163x300.jpg 163w, https:\/\/mia.phtg.ch\/wp-content\/uploads\/2020\/10\/IMG_0292-1-557x1024.jpg 557w, https:\/\/mia.phtg.ch\/wp-content\/uploads\/2020\/10\/IMG_0292-1-768x1413.jpg 768w, https:\/\/mia.phtg.ch\/wp-content\/uploads\/2020\/10\/IMG_0292-1-835x1536.jpg 835w, https:\/\/mia.phtg.ch\/wp-content\/uploads\/2020\/10\/IMG_0292-1-1113x2048.jpg 1113w\" sizes=\"auto, (max-width: 1125px) 100vw, 1125px\" \/><\/a><\/figure><\/li><li class=\"blocks-gallery-item\"><figure><a href=\"https:\/\/mia.phtg.ch\/?attachment_id=2140\"><img loading=\"lazy\" decoding=\"async\" width=\"960\" height=\"1280\" src=\"https:\/\/mia.phtg.ch\/wp-content\/uploads\/2020\/10\/IMG_5130.jpeg\" alt=\"\" data-id=\"2140\" data-full-url=\"https:\/\/mia.phtg.ch\/wp-content\/uploads\/2020\/10\/IMG_5130.jpeg\" data-link=\"https:\/\/mia.phtg.ch\/?attachment_id=2140\" class=\"wp-image-2140\" srcset=\"https:\/\/mia.phtg.ch\/wp-content\/uploads\/2020\/10\/IMG_5130.jpeg 960w, https:\/\/mia.phtg.ch\/wp-content\/uploads\/2020\/10\/IMG_5130-225x300.jpeg 225w, https:\/\/mia.phtg.ch\/wp-content\/uploads\/2020\/10\/IMG_5130-768x1024.jpeg 768w\" sizes=\"auto, (max-width: 960px) 100vw, 960px\" \/><\/a><\/figure><\/li><li class=\"blocks-gallery-item\"><figure><a href=\"https:\/\/mia.phtg.ch\/?attachment_id=2139\"><img loading=\"lazy\" decoding=\"async\" width=\"960\" height=\"1280\" src=\"https:\/\/mia.phtg.ch\/wp-content\/uploads\/2020\/10\/IMG_5125.jpeg\" alt=\"\" data-id=\"2139\" data-full-url=\"https:\/\/mia.phtg.ch\/wp-content\/uploads\/2020\/10\/IMG_5125.jpeg\" data-link=\"https:\/\/mia.phtg.ch\/?attachment_id=2139\" class=\"wp-image-2139\" srcset=\"https:\/\/mia.phtg.ch\/wp-content\/uploads\/2020\/10\/IMG_5125.jpeg 960w, https:\/\/mia.phtg.ch\/wp-content\/uploads\/2020\/10\/IMG_5125-225x300.jpeg 225w, https:\/\/mia.phtg.ch\/wp-content\/uploads\/2020\/10\/IMG_5125-768x1024.jpeg 768w\" sizes=\"auto, (max-width: 960px) 100vw, 960px\" \/><\/a><\/figure><\/li><li class=\"blocks-gallery-item\"><figure><a href=\"https:\/\/mia.phtg.ch\/?attachment_id=2137\"><img loading=\"lazy\" decoding=\"async\" width=\"960\" height=\"1200\" src=\"https:\/\/mia.phtg.ch\/wp-content\/uploads\/2020\/10\/480BF52E-806C-4C6A-BCC8-DD9E63CB7C50.jpeg\" alt=\"\" data-id=\"2137\" data-full-url=\"https:\/\/mia.phtg.ch\/wp-content\/uploads\/2020\/10\/480BF52E-806C-4C6A-BCC8-DD9E63CB7C50.jpeg\" data-link=\"https:\/\/mia.phtg.ch\/?attachment_id=2137\" class=\"wp-image-2137\" srcset=\"https:\/\/mia.phtg.ch\/wp-content\/uploads\/2020\/10\/480BF52E-806C-4C6A-BCC8-DD9E63CB7C50.jpeg 960w, https:\/\/mia.phtg.ch\/wp-content\/uploads\/2020\/10\/480BF52E-806C-4C6A-BCC8-DD9E63CB7C50-240x300.jpeg 240w, https:\/\/mia.phtg.ch\/wp-content\/uploads\/2020\/10\/480BF52E-806C-4C6A-BCC8-DD9E63CB7C50-819x1024.jpeg 819w, https:\/\/mia.phtg.ch\/wp-content\/uploads\/2020\/10\/480BF52E-806C-4C6A-BCC8-DD9E63CB7C50-768x960.jpeg 768w\" sizes=\"auto, (max-width: 960px) 100vw, 960px\" \/><\/a><\/figure><\/li><\/ul><\/figure>\n<\/div><\/div>\n<\/div><\/div>\n\n\n\n<div class=\"wp-block-buttons is-layout-flex wp-block-buttons-is-layout-flex\">\n<div class=\"wp-block-button is-style-outline is-style-outline--2\"><a class=\"wp-block-button__link\" href=\"\" target=\"_blank\" rel=\"noreferrer noopener\">teach2influence<\/a><\/div>\n<\/div>\n\n\n\n<p>Interview gef\u00fchrt: Sabrina Str\u00e4ssle<br>Bilder: teach2influence<\/p>\n\n\n\n<p><\/p>\n<div data-animation=\"no-animation\" data-icons-animation=\"no-animation\" data-overlay=\"\" data-change-size=\"\" data-button-size=\"0.7\" style=\"font-size:0.7em!important;display:none;\" class=\"supsystic-social-sharing supsystic-social-sharing-package-flat supsystic-social-sharing-spacing supsystic-social-sharing-content supsystic-social-sharing-content-align-left\" data-text=\"\"><a data-networks=\"[]\" class=\"social-sharing-button sharer-flat sharer-flat-1 counter-standard without-counter tooltip-icon facebook\" target=\"_blank\" title=\"auf Facebook teilen\" href=\"http:\/\/www.facebook.com\/sharer.php?u=https%3A%2F%2Fmia.phtg.ch%2F%3Fp%3D2118\" data-main-href=\"http:\/\/www.facebook.com\/sharer.php?u={url}\" data-nid=\"1\" data-name=\"\" data-pid=\"1\" data-post-id=\"2118\" data-url=\"https:\/\/mia.phtg.ch\/wp-admin\/admin-ajax.php\" rel=\"nofollow\" data-mailto=\"\"><i class=\"fa-ssbs fa-ssbs-fw fa-ssbs-facebook\"><\/i><div class=\"counter-wrap standard\"><span class=\"counter\">0<\/span><\/div><\/a><a data-networks=\"[]\" class=\"social-sharing-button sharer-flat sharer-flat-1 counter-standard without-counter tooltip-icon twitter\" target=\"_blank\" title=\"auf Twitter teilen\" href=\"https:\/\/twitter.com\/share?url=https%3A%2F%2Fmia.phtg.ch%2F%3Fp%3D2118&text=MIA-Talk+mit+%40teach2influence\" data-main-href=\"https:\/\/twitter.com\/share?url={url}&text={title}\" data-nid=\"2\" data-name=\"\" data-pid=\"1\" data-post-id=\"2118\" data-url=\"https:\/\/mia.phtg.ch\/wp-admin\/admin-ajax.php\" rel=\"nofollow\" data-mailto=\"\"><i class=\"fa-ssbs fa-ssbs-fw fa-ssbs-twitter\"><\/i><div class=\"counter-wrap standard\"><span class=\"counter\">0<\/span><\/div><\/a><a data-networks=\"[]\" class=\"social-sharing-button sharer-flat sharer-flat-1 counter-standard without-counter tooltip-icon linkedin\" target=\"_blank\" title=\"auf Linkedin teilen\" href=\"https:\/\/www.linkedin.com\/shareArticle?mini=true&title=MIA-Talk+mit+%40teach2influence&url=https%3A%2F%2Fmia.phtg.ch%2F%3Fp%3D2118\" data-main-href=\"https:\/\/www.linkedin.com\/shareArticle?mini=true&title={title}&url={url}\" data-nid=\"13\" data-name=\"\" data-pid=\"1\" data-post-id=\"2118\" data-url=\"https:\/\/mia.phtg.ch\/wp-admin\/admin-ajax.php\" rel=\"nofollow\" data-mailto=\"\"><i class=\"fa-ssbs fa-ssbs-fw fa-ssbs-linkedin\"><\/i><div class=\"counter-wrap standard\"><span class=\"counter\">0<\/span><\/div><\/a><a data-networks=\"[]\" class=\"social-sharing-button sharer-flat sharer-flat-1 counter-standard without-counter tooltip-icon mail\" target=\"_blank\" title=\"per E-Mail teilen\" href=\"#\" data-main-href=\"#\" data-nid=\"16\" data-name=\"\" data-pid=\"1\" data-post-id=\"2118\" data-url=\"https:\/\/mia.phtg.ch\/wp-admin\/admin-ajax.php\" rel=\"nofollow\" data-mailto=\"\"><i class=\"fa-ssbs fa-ssbs-fw fa-ssbs-envelope-o\"><\/i><div class=\"counter-wrap standard\"><span class=\"counter\">0<\/span><\/div><\/a><\/div>","protected":false},"excerpt":{"rendered":"<p>&#171;MIA-Talk&#187; ist eine Interviewreihe mit Fokus auf Medien und Informatik. Verschiedene Personen berichten aus ihrem Alltag. Unser erster Gast heisst auf Instagram @teach2influence. Heute berichtet&hellip;<\/p>\n<div data-animation=\"no-animation\" data-icons-animation=\"no-animation\" data-overlay=\"\" data-change-size=\"\" data-button-size=\"0.7\" style=\"font-size:0.7em!important;display:none;\" class=\"supsystic-social-sharing supsystic-social-sharing-package-flat supsystic-social-sharing-spacing supsystic-social-sharing-content supsystic-social-sharing-content-align-left\" data-text=\"\"><a data-networks=\"[]\" class=\"social-sharing-button sharer-flat sharer-flat-1 counter-standard without-counter tooltip-icon facebook\" target=\"_blank\" title=\"auf Facebook teilen\" href=\"http:\/\/www.facebook.com\/sharer.php?u=https%3A%2F%2Fmia.phtg.ch%2F%3Fp%3D2118\" data-main-href=\"http:\/\/www.facebook.com\/sharer.php?u={url}\" data-nid=\"1\" data-name=\"\" data-pid=\"1\" data-post-id=\"2118\" data-url=\"https:\/\/mia.phtg.ch\/wp-admin\/admin-ajax.php\" rel=\"nofollow\" data-mailto=\"\"><i class=\"fa-ssbs fa-ssbs-fw fa-ssbs-facebook\"><\/i><div class=\"counter-wrap standard\"><span class=\"counter\">0<\/span><\/div><\/a><a data-networks=\"[]\" class=\"social-sharing-button sharer-flat sharer-flat-1 counter-standard without-counter tooltip-icon twitter\" target=\"_blank\" title=\"auf Twitter teilen\" href=\"https:\/\/twitter.com\/share?url=https%3A%2F%2Fmia.phtg.ch%2F%3Fp%3D2118&text=MIA-Talk+mit+%40teach2influence\" data-main-href=\"https:\/\/twitter.com\/share?url={url}&text={title}\" data-nid=\"2\" data-name=\"\" data-pid=\"1\" data-post-id=\"2118\" data-url=\"https:\/\/mia.phtg.ch\/wp-admin\/admin-ajax.php\" rel=\"nofollow\" data-mailto=\"\"><i class=\"fa-ssbs fa-ssbs-fw fa-ssbs-twitter\"><\/i><div class=\"counter-wrap standard\"><span class=\"counter\">0<\/span><\/div><\/a><a data-networks=\"[]\" class=\"social-sharing-button sharer-flat sharer-flat-1 counter-standard without-counter tooltip-icon linkedin\" target=\"_blank\" title=\"auf Linkedin teilen\" href=\"https:\/\/www.linkedin.com\/shareArticle?mini=true&title=MIA-Talk+mit+%40teach2influence&url=https%3A%2F%2Fmia.phtg.ch%2F%3Fp%3D2118\" data-main-href=\"https:\/\/www.linkedin.com\/shareArticle?mini=true&title={title}&url={url}\" data-nid=\"13\" data-name=\"\" data-pid=\"1\" data-post-id=\"2118\" data-url=\"https:\/\/mia.phtg.ch\/wp-admin\/admin-ajax.php\" rel=\"nofollow\" data-mailto=\"\"><i class=\"fa-ssbs fa-ssbs-fw fa-ssbs-linkedin\"><\/i><div class=\"counter-wrap standard\"><span class=\"counter\">0<\/span><\/div><\/a><a data-networks=\"[]\" class=\"social-sharing-button sharer-flat sharer-flat-1 counter-standard without-counter tooltip-icon mail\" target=\"_blank\" title=\"per E-Mail teilen\" href=\"#\" data-main-href=\"#\" data-nid=\"16\" data-name=\"\" data-pid=\"1\" data-post-id=\"2118\" data-url=\"https:\/\/mia.phtg.ch\/wp-admin\/admin-ajax.php\" rel=\"nofollow\" data-mailto=\"\"><i class=\"fa-ssbs fa-ssbs-fw fa-ssbs-envelope-o\"><\/i><div class=\"counter-wrap standard\"><span class=\"counter\">0<\/span><\/div><\/a><\/div>","protected":false},"author":23,"featured_media":2180,"comment_status":"open","ping_status":"open","sticky":false,"template":"","format":"standard","meta":{"footnotes":""},"categories":[131,275,19,230,11,271,137,51],"tags":[278,279,217,280,142],"class_list":["post-2118","post","type-post","status-publish","format-standard","has-post-thumbnail","hentry","category-digitale-transformation","category-iscout","category-lehre","category-primarstufe","category-ressourcen","category-schule","category-unterricht","category-weiterbildung","tag-instagram","tag-sharing-is-caring","tag-social-media","tag-vernetzung","tag-zyklus-1-2"],"_links":{"self":[{"href":"https:\/\/mia.phtg.ch\/index.php?rest_route=\/wp\/v2\/posts\/2118","targetHints":{"allow":["GET"]}}],"collection":[{"href":"https:\/\/mia.phtg.ch\/index.php?rest_route=\/wp\/v2\/posts"}],"about":[{"href":"https:\/\/mia.phtg.ch\/index.php?rest_route=\/wp\/v2\/types\/post"}],"author":[{"embeddable":true,"href":"https:\/\/mia.phtg.ch\/index.php?rest_route=\/wp\/v2\/users\/23"}],"replies":[{"embeddable":true,"href":"https:\/\/mia.phtg.ch\/index.php?rest_route=%2Fwp%2Fv2%2Fcomments&post=2118"}],"version-history":[{"count":30,"href":"https:\/\/mia.phtg.ch\/index.php?rest_route=\/wp\/v2\/posts\/2118\/revisions"}],"predecessor-version":[{"id":2424,"href":"https:\/\/mia.phtg.ch\/index.php?rest_route=\/wp\/v2\/posts\/2118\/revisions\/2424"}],"wp:featuredmedia":[{"embeddable":true,"href":"https:\/\/mia.phtg.ch\/index.php?rest_route=\/wp\/v2\/media\/2180"}],"wp:attachment":[{"href":"https:\/\/mia.phtg.ch\/index.php?rest_route=%2Fwp%2Fv2%2Fmedia&parent=2118"}],"wp:term":[{"taxonomy":"category","embeddable":true,"href":"https:\/\/mia.phtg.ch\/index.php?rest_route=%2Fwp%2Fv2%2Fcategories&post=2118"},{"taxonomy":"post_tag","embeddable":true,"href":"https:\/\/mia.phtg.ch\/index.php?rest_route=%2Fwp%2Fv2%2Ftags&post=2118"}],"curies":[{"name":"wp","href":"https:\/\/api.w.org\/{rel}","templated":true}]}}