{"id":2158,"date":"2020-11-24T12:03:25","date_gmt":"2020-11-24T10:03:25","guid":{"rendered":"https:\/\/mia.phtg.ch\/?p=2158"},"modified":"2020-12-18T09:47:56","modified_gmt":"2020-12-18T07:47:56","slug":"adventskalender-fuer-die-schule","status":"publish","type":"post","link":"https:\/\/mia.phtg.ch\/?p=2158","title":{"rendered":"Adventskalender f\u00fcr die Schule"},"content":{"rendered":"\n<p><em>Es ist Ende November, bald beginnt die Adventszeit. Wir zeigen hier verschiedene digitale Adventskalender, welche sich vielf\u00e4ltig mit Themen aus dem Fach &#171;Medien und Informatik&#187; besch\u00e4ftigen.<\/em><\/p>\n\n\n\n<p><strong>imedias (FHNW):<\/strong> <\/p>\n\n\n\n<p><strong><a rel=\"noreferrer noopener\" href=\"https:\/\/www.imedias.ch\/themen\/adventskalender_2020.cfm\" target=\"_blank\">\u00abKnack den Code\u00bb<\/a><\/strong>-Adventskalender in drei Niveaus f\u00fcr die 3.\/4. Klasse, die 5.\/6. Klasse und den Zyklus 3. Die diesj\u00e4hrige Ausgabe wurde in Zusammenarbeit mit dem&nbsp;<a rel=\"noreferrer noopener\" href=\"https:\/\/informatik-biber.ch\/de\/\" target=\"_blank\"><strong>Informatik-Biber<\/strong><\/a>&nbsp;des <a href=\"https:\/\/svia-ssie-ssii.ch\/de\/\"><strong>SVIA<\/strong><\/a> erstellt.<br><em>Durch die Weihnachtszeit mit kniffligen Aufgaben, welche das informatische Denken (Computational Thinking)&nbsp;f\u00f6rdern.<\/em><\/p>\n\n\n\n<p><strong>Zebis (Zentralschweizer Bildungsserver):<\/strong><\/p>\n\n\n\n<p><strong><a rel=\"noreferrer noopener\" href=\"https:\/\/wp.zebis.ch\/\" target=\"_blank\">Das digitale Figurenspiel: <\/a><\/strong> 17 Klassen&nbsp;aus der Deutschschweiz haben f\u00fcr den diesj\u00e4hrigen Adventskalender digitale Figurenspiele entwickelt. Jeden Tag wartet eine neue Geschichte auf gespitzte Ohren und staunende Augen.<\/p>\n\n\n\n<p>Das Figurenspiel verkn\u00fcpft eine Erz\u00e4hlung mit Bildern, Figuren und sichtbarer Handlung. Mit diesem Format will zebis Schulklassen in der Adventszeit einen spannenden Einstieg in den Schultag erm\u00f6glichen und die Besch\u00e4ftigung mit einer Geschichte ins Zentrum r\u00fccken.<\/p>\n\n\n\n<h3 class=\"wp-block-heading\"><strong>Adventskalender selbst erstellen:<\/strong><\/h3>\n\n\n\n<p><a href=\"https:\/\/www.schabi.ch\/\"><strong>Schabi.ch <\/strong><br><\/a>Einen individuellen Adventskalender mit eigenen digitalen T\u00fcrchen f\u00fcllen oder die Kinder beim Erstellen eines Adventskalender miteinbeziehen?<br>Bei &#171;Schule am Bildschirm&#187; (Schabi) ist dies einfach. Eine Erkl\u00e4rung gibt es im Video:<\/p>\n\n\n\n<div class=\"wp-block-group\"><div class=\"wp-block-group__inner-container is-layout-flow wp-block-group-is-layout-flow\">\n<figure class=\"wp-block-embed-youtube wp-block-embed is-type-video is-provider-youtube wp-embed-aspect-16-9 wp-has-aspect-ratio width=&quot;640&quot; height=&quot;360&quot;\"><div class=\"wp-block-embed__wrapper\">\n<iframe loading=\"lazy\" title=\"Schabi Adventskalender\" width=\"843\" height=\"474\" src=\"https:\/\/www.youtube.com\/embed\/0Demp6jSc28?feature=oembed\" frameborder=\"0\" allow=\"accelerometer; autoplay; clipboard-write; encrypted-media; gyroscope; picture-in-picture\" allowfullscreen><\/iframe>\n<\/div><\/figure>\n<\/div><\/div>\n\n\n\n<p><strong>Powerpoint-Adventskalender:<\/strong><br>Auf Twitter sind wir auf den Adventskalender von <a rel=\"noreferrer noopener\" href=\"https:\/\/twitter.com\/krahtobias?lang=de\" target=\"_blank\"><strong>@KrahTobias<\/strong><\/a> gestossen. Die <a rel=\"noreferrer noopener\" href=\"https:\/\/rspanpfarrkirchen-my.sharepoint.com\/:p:\/g\/personal\/tobias_krah_o365_rs-pan_de\/ETTpawod2hlFuTtrzrgBQKoBQgNu_32CcwLSwAxnL1btGQ?rtime=rvanK7uE2Eg\" target=\"_blank\"><strong>Adventskalender-Vorlage<\/strong><\/a> zeigt auf, wie anhand eines eigenen Bildes ein Adventskalender mit Powerpoint (o365 und via Teams oder via Link zur Verf\u00fcgung gestellt) erstellt werden kann.<\/p>\n\n\n\n<figure class=\"wp-block-image size-large is-resized\"><img loading=\"lazy\" decoding=\"async\" src=\"https:\/\/mia.phtg.ch\/wp-content\/uploads\/2020\/11\/Bildschirmfoto-2020-11-18-um-14.29.13-min-1024x575.png\" alt=\"\" class=\"wp-image-2209\" width=\"439\" height=\"246\" srcset=\"https:\/\/mia.phtg.ch\/wp-content\/uploads\/2020\/11\/Bildschirmfoto-2020-11-18-um-14.29.13-min-1024x575.png 1024w, https:\/\/mia.phtg.ch\/wp-content\/uploads\/2020\/11\/Bildschirmfoto-2020-11-18-um-14.29.13-min-300x169.png 300w, https:\/\/mia.phtg.ch\/wp-content\/uploads\/2020\/11\/Bildschirmfoto-2020-11-18-um-14.29.13-min-768x432.png 768w, https:\/\/mia.phtg.ch\/wp-content\/uploads\/2020\/11\/Bildschirmfoto-2020-11-18-um-14.29.13-min-1536x863.png 1536w, https:\/\/mia.phtg.ch\/wp-content\/uploads\/2020\/11\/Bildschirmfoto-2020-11-18-um-14.29.13-min-2048x1151.png 2048w\" sizes=\"auto, (max-width: 439px) 100vw, 439px\" \/><\/figure>\n\n\n\n<p><\/p>\n<div data-animation=\"no-animation\" data-icons-animation=\"no-animation\" data-overlay=\"\" data-change-size=\"\" data-button-size=\"0.7\" style=\"font-size:0.7em!important;display:none;\" class=\"supsystic-social-sharing supsystic-social-sharing-package-flat supsystic-social-sharing-spacing supsystic-social-sharing-content supsystic-social-sharing-content-align-left\" data-text=\"\"><a data-networks=\"[]\" class=\"social-sharing-button sharer-flat sharer-flat-1 counter-standard without-counter tooltip-icon facebook\" target=\"_blank\" title=\"auf Facebook teilen\" href=\"http:\/\/www.facebook.com\/sharer.php?u=https%3A%2F%2Fmia.phtg.ch%2F%3Fp%3D2158\" data-main-href=\"http:\/\/www.facebook.com\/sharer.php?u={url}\" data-nid=\"1\" data-name=\"\" data-pid=\"1\" data-post-id=\"2158\" data-url=\"https:\/\/mia.phtg.ch\/wp-admin\/admin-ajax.php\" rel=\"nofollow\" data-mailto=\"\"><i class=\"fa-ssbs fa-ssbs-fw fa-ssbs-facebook\"><\/i><div class=\"counter-wrap standard\"><span class=\"counter\">0<\/span><\/div><\/a><a data-networks=\"[]\" class=\"social-sharing-button sharer-flat sharer-flat-1 counter-standard without-counter tooltip-icon twitter\" target=\"_blank\" title=\"auf Twitter teilen\" href=\"https:\/\/twitter.com\/share?url=https%3A%2F%2Fmia.phtg.ch%2F%3Fp%3D2158&text=Adventskalender+f%C3%BCr+die+Schule\" data-main-href=\"https:\/\/twitter.com\/share?url={url}&text={title}\" data-nid=\"2\" data-name=\"\" data-pid=\"1\" data-post-id=\"2158\" data-url=\"https:\/\/mia.phtg.ch\/wp-admin\/admin-ajax.php\" rel=\"nofollow\" data-mailto=\"\"><i class=\"fa-ssbs fa-ssbs-fw fa-ssbs-twitter\"><\/i><div class=\"counter-wrap standard\"><span class=\"counter\">1<\/span><\/div><\/a><a data-networks=\"[]\" class=\"social-sharing-button sharer-flat sharer-flat-1 counter-standard without-counter tooltip-icon linkedin\" target=\"_blank\" title=\"auf Linkedin teilen\" href=\"https:\/\/www.linkedin.com\/shareArticle?mini=true&title=Adventskalender+f%C3%BCr+die+Schule&url=https%3A%2F%2Fmia.phtg.ch%2F%3Fp%3D2158\" data-main-href=\"https:\/\/www.linkedin.com\/shareArticle?mini=true&title={title}&url={url}\" data-nid=\"13\" data-name=\"\" data-pid=\"1\" data-post-id=\"2158\" data-url=\"https:\/\/mia.phtg.ch\/wp-admin\/admin-ajax.php\" rel=\"nofollow\" data-mailto=\"\"><i class=\"fa-ssbs fa-ssbs-fw fa-ssbs-linkedin\"><\/i><div class=\"counter-wrap standard\"><span class=\"counter\">0<\/span><\/div><\/a><a data-networks=\"[]\" class=\"social-sharing-button sharer-flat sharer-flat-1 counter-standard without-counter tooltip-icon mail\" target=\"_blank\" title=\"per E-Mail teilen\" href=\"#\" data-main-href=\"#\" data-nid=\"16\" data-name=\"\" data-pid=\"1\" data-post-id=\"2158\" data-url=\"https:\/\/mia.phtg.ch\/wp-admin\/admin-ajax.php\" rel=\"nofollow\" data-mailto=\"\"><i class=\"fa-ssbs fa-ssbs-fw fa-ssbs-envelope-o\"><\/i><div class=\"counter-wrap standard\"><span class=\"counter\">0<\/span><\/div><\/a><\/div>","protected":false},"excerpt":{"rendered":"<p>Es ist Ende November, bald beginnt die Adventszeit. Wir zeigen hier verschiedene digitale Adventskalender, welche sich vielf\u00e4ltig mit Themen aus dem Fach &#171;Medien und Informatik&#187;&hellip;<\/p>\n<div data-animation=\"no-animation\" data-icons-animation=\"no-animation\" data-overlay=\"\" data-change-size=\"\" data-button-size=\"0.7\" style=\"font-size:0.7em!important;display:none;\" class=\"supsystic-social-sharing supsystic-social-sharing-package-flat supsystic-social-sharing-spacing supsystic-social-sharing-content supsystic-social-sharing-content-align-left\" data-text=\"\"><a data-networks=\"[]\" class=\"social-sharing-button sharer-flat sharer-flat-1 counter-standard without-counter tooltip-icon facebook\" target=\"_blank\" title=\"auf Facebook teilen\" href=\"http:\/\/www.facebook.com\/sharer.php?u=https%3A%2F%2Fmia.phtg.ch%2F%3Fp%3D2158\" data-main-href=\"http:\/\/www.facebook.com\/sharer.php?u={url}\" data-nid=\"1\" data-name=\"\" data-pid=\"1\" data-post-id=\"2158\" data-url=\"https:\/\/mia.phtg.ch\/wp-admin\/admin-ajax.php\" rel=\"nofollow\" data-mailto=\"\"><i class=\"fa-ssbs fa-ssbs-fw fa-ssbs-facebook\"><\/i><div class=\"counter-wrap standard\"><span class=\"counter\">0<\/span><\/div><\/a><a data-networks=\"[]\" class=\"social-sharing-button sharer-flat sharer-flat-1 counter-standard without-counter tooltip-icon twitter\" target=\"_blank\" title=\"auf Twitter teilen\" href=\"https:\/\/twitter.com\/share?url=https%3A%2F%2Fmia.phtg.ch%2F%3Fp%3D2158&text=Adventskalender+f%C3%BCr+die+Schule\" data-main-href=\"https:\/\/twitter.com\/share?url={url}&text={title}\" data-nid=\"2\" data-name=\"\" data-pid=\"1\" data-post-id=\"2158\" data-url=\"https:\/\/mia.phtg.ch\/wp-admin\/admin-ajax.php\" rel=\"nofollow\" data-mailto=\"\"><i class=\"fa-ssbs fa-ssbs-fw fa-ssbs-twitter\"><\/i><div class=\"counter-wrap standard\"><span class=\"counter\">1<\/span><\/div><\/a><a data-networks=\"[]\" class=\"social-sharing-button sharer-flat sharer-flat-1 counter-standard without-counter tooltip-icon linkedin\" target=\"_blank\" title=\"auf Linkedin teilen\" href=\"https:\/\/www.linkedin.com\/shareArticle?mini=true&title=Adventskalender+f%C3%BCr+die+Schule&url=https%3A%2F%2Fmia.phtg.ch%2F%3Fp%3D2158\" data-main-href=\"https:\/\/www.linkedin.com\/shareArticle?mini=true&title={title}&url={url}\" data-nid=\"13\" data-name=\"\" data-pid=\"1\" data-post-id=\"2158\" data-url=\"https:\/\/mia.phtg.ch\/wp-admin\/admin-ajax.php\" rel=\"nofollow\" data-mailto=\"\"><i class=\"fa-ssbs fa-ssbs-fw fa-ssbs-linkedin\"><\/i><div class=\"counter-wrap standard\"><span class=\"counter\">0<\/span><\/div><\/a><a data-networks=\"[]\" class=\"social-sharing-button sharer-flat sharer-flat-1 counter-standard without-counter tooltip-icon mail\" target=\"_blank\" title=\"per E-Mail teilen\" href=\"#\" data-main-href=\"#\" data-nid=\"16\" data-name=\"\" data-pid=\"1\" data-post-id=\"2158\" data-url=\"https:\/\/mia.phtg.ch\/wp-admin\/admin-ajax.php\" rel=\"nofollow\" data-mailto=\"\"><i class=\"fa-ssbs fa-ssbs-fw fa-ssbs-envelope-o\"><\/i><div class=\"counter-wrap standard\"><span class=\"counter\">0<\/span><\/div><\/a><\/div>","protected":false},"author":23,"featured_media":2249,"comment_status":"open","ping_status":"open","sticky":false,"template":"","format":"standard","meta":{"footnotes":""},"categories":[24,283,230,215],"tags":[78,84,285],"class_list":["post-2158","post","type-post","status-publish","format-standard","has-post-thumbnail","hentry","category-mia","category-mia-praxis","category-primarstufe","category-sekundarstufe-i","tag-adventskalender","tag-mia","tag-weihnachten"],"_links":{"self":[{"href":"https:\/\/mia.phtg.ch\/index.php?rest_route=\/wp\/v2\/posts\/2158","targetHints":{"allow":["GET"]}}],"collection":[{"href":"https:\/\/mia.phtg.ch\/index.php?rest_route=\/wp\/v2\/posts"}],"about":[{"href":"https:\/\/mia.phtg.ch\/index.php?rest_route=\/wp\/v2\/types\/post"}],"author":[{"embeddable":true,"href":"https:\/\/mia.phtg.ch\/index.php?rest_route=\/wp\/v2\/users\/23"}],"replies":[{"embeddable":true,"href":"https:\/\/mia.phtg.ch\/index.php?rest_route=%2Fwp%2Fv2%2Fcomments&post=2158"}],"version-history":[{"count":30,"href":"https:\/\/mia.phtg.ch\/index.php?rest_route=\/wp\/v2\/posts\/2158\/revisions"}],"predecessor-version":[{"id":2456,"href":"https:\/\/mia.phtg.ch\/index.php?rest_route=\/wp\/v2\/posts\/2158\/revisions\/2456"}],"wp:featuredmedia":[{"embeddable":true,"href":"https:\/\/mia.phtg.ch\/index.php?rest_route=\/wp\/v2\/media\/2249"}],"wp:attachment":[{"href":"https:\/\/mia.phtg.ch\/index.php?rest_route=%2Fwp%2Fv2%2Fmedia&parent=2158"}],"wp:term":[{"taxonomy":"category","embeddable":true,"href":"https:\/\/mia.phtg.ch\/index.php?rest_route=%2Fwp%2Fv2%2Fcategories&post=2158"},{"taxonomy":"post_tag","embeddable":true,"href":"https:\/\/mia.phtg.ch\/index.php?rest_route=%2Fwp%2Fv2%2Ftags&post=2158"}],"curies":[{"name":"wp","href":"https:\/\/api.w.org\/{rel}","templated":true}]}}