{"id":2207,"date":"2020-12-01T08:00:00","date_gmt":"2020-12-01T06:00:00","guid":{"rendered":"https:\/\/mia.phtg.ch\/?p=2207"},"modified":"2020-12-17T19:50:20","modified_gmt":"2020-12-17T17:50:20","slug":"adventskalender-fuer-lehrpersonen-2","status":"publish","type":"post","link":"https:\/\/mia.phtg.ch\/?p=2207","title":{"rendered":"Adventskalender f\u00fcr Lehrpersonen"},"content":{"rendered":"\n<div class=\"wp-block-cover has-background-dim-20 has-background-dim\" style=\"background-image:url(https:\/\/mia.phtg.ch\/wp-content\/uploads\/2020\/11\/Adventskalender-LP-1024x841.jpg);background-position:70% 11%;min-height:204px;aspect-ratio:unset;\"><div class=\"wp-block-cover__inner-container is-layout-flow wp-block-cover-is-layout-flow\">\n<p class=\"has-large-font-size\"><\/p>\n<\/div><\/div>\n\n\n\n<p><\/p>\n\n\n\n<h4 class=\"wp-block-heading\"><strong>Adventskalender mit Online-Tools f\u00fcr Lehrpersonen (RUBeL)<\/strong><\/h4>\n\n\n\n<p>Der <strong><a href=\"https:\/\/elearning.blogs.ruhr-uni-bochum.de\/unser-rubel-adventskalender-2020\/\" target=\"_blank\" rel=\"noreferrer noopener\">Adventskalender der Ruhr-Universit\u00e4t Bochum<\/a><\/strong> ist das Resultat einer Projektarbeit von 4 Studierenden der Universit\u00e4tslehrgang eEducation an der Donau Universit\u00e4t Krems. <\/p>\n\n\n\n<p>T\u00e4glich wird ein <strong>Online-Tool<\/strong> mit konkreten <strong>Einsatzm\u00f6glichkeiten im t\u00e4glichen Schulunterricht<\/strong> vorgestellt, die auch Lehrpersonen mit wenig Vorwissen umsetzen k\u00f6nnen. Im letzten T\u00fcrchen gibt es eine zus\u00e4tzliche \u00dcberraschung. Zielgruppe sind Lehrpersonen der Primar- und Sekundarschulen.<\/p>\n\n\n\n<div class=\"wp-block-buttons is-layout-flex wp-block-buttons-is-layout-flex\">\n<div class=\"wp-block-button is-style-fill\"><a class=\"wp-block-button__link has-white-color has-text-color has-background\" href=\"elearning.blogs.ruhr-uni-bochum.de\/unser-rubel-adventskalender-2020\/(\u00f6ffnet in neuem Tab)\" style=\"background-color:#9b214c\" target=\"_blank\" rel=\"noreferrer noopener\">RUBeL-Adventskalender<\/a><\/div>\n<\/div>\n\n\n\n<p><\/p>\n\n\n\n<hr class=\"wp-block-separator\"\/>\n\n\n\n<h4 class=\"wp-block-heading\"><strong>Fobizz Adventskalender<\/strong><\/h4>\n\n\n\n<p>24 Mikrofortbildungen f\u00fcr Lehrkr\u00e4fte rund um digitale Medien.<a rel=\"noreferrer noopener\" href=\"https:\/\/mia.phtg.ch\/?p=1581\" target=\"_blank\"> <strong>Cornel Bingesser<\/strong><\/a>, der letztes Jahr schon dabei war, empfiehlt diese Art der Fortbildung!<\/p>\n\n\n\n<blockquote class=\"twitter-tweet\"><p lang=\"de\" dir=\"ltr\">Unbedingt teilnehmen! Diese Viertelstunde t\u00e4glich lohnt sich! <a href=\"https:\/\/t.co\/xajq9QXHs3\">https:\/\/t.co\/xajq9QXHs3<\/a><\/p>\u2014 Cornel (@bincornel) <a href=\"https:\/\/twitter.com\/bincornel\/status\/1332776861642985473?ref_src=twsrc%5Etfw\">November 28, 2020<\/a><\/blockquote> <script async=\"\" src=\"https:\/\/platform.twitter.com\/widgets.js\" charset=\"utf-8\"><\/script>\n\n\n\n<p><em>Im kostenfreien<strong> <a rel=\"noreferrer noopener\" href=\"https:\/\/fobizz.com\/adventskalender\/\" data-type=\"URL\" data-id=\"https:\/\/fobizz.com\/adventskalender\/\" target=\"_blank\">fobizz Adventskalender<\/a> <\/strong>erwarten dich 24 spannende Mikrofortbildungen! Jeden Tag \u00f6ffnet sich ein neues T\u00fcrchen rund um das Thema digitale Medien. Du lernst tolle Tools und Tipps f\u00fcr den Einsatz im Unterricht kennen und machst im Anschluss jeweils eine kleine praktische \u00dcbung, um das gelernte direkt auszuprobieren. Dabei besch\u00e4ftigst du dich jeden Tag mit einem neuen spannenden Thema und bildest dich so neben weiter<\/em>.<\/p>\n\n\n\n<div class=\"wp-block-buttons is-layout-flex wp-block-buttons-is-layout-flex\">\n<div class=\"wp-block-button\"><a class=\"wp-block-button__link has-background\" href=\"http:\/\/fobizz.com\/adventskalender\/\" style=\"background-color:#9b214c\" target=\"_blank\" rel=\"noreferrer noopener\">Fobizz-Adventskalender<\/a><\/div>\n<\/div>\n\n\n\n<p><\/p>\n\n\n\n<hr class=\"wp-block-separator\"\/>\n\n\n\n<h4 class=\"wp-block-heading\"><strong>\u2018Bildungslearnings 2020\u2019-Adventskalender<\/strong><\/h4>\n\n\n\n<p><em><strong><a rel=\"noreferrer noopener\" href=\"https:\/\/wirlernenonline.de\/adventskalender-bildungslearnings-2020\/\" target=\"_blank\">WirLernenOnline<\/a>&nbsp;<\/strong>ist eine Suchmaschine und eine Community f\u00fcr freie Bildungsmaterialien. Sie unterst\u00fctzen Lehrkr\u00e4fte, Sch\u00fclerinnen und Sch\u00fcler, Eltern und andere Interessierte dabei, gute und passende Inhalte, Methoden und Tools zum Lehren und Lernen zu finden. Der Adventskalender besteht aus Ideen von und f\u00fcr Lehrpersonen. Aktuell kann man sich noch anmelden, wenn man selbst ein T\u00fcrchen  erstellen m\u00f6chte. <\/em><\/p>\n\n\n\n<div class=\"wp-block-buttons is-layout-flex wp-block-buttons-is-layout-flex\">\n<div class=\"wp-block-button\"><a class=\"wp-block-button__link has-background\" href=\"https:\/\/wirlernenonline.de\/adventskalender\/\" style=\"background-color:#9b214c\">WirLernenOnline-Adventskalender<\/a><\/div>\n<\/div>\n<div data-animation=\"no-animation\" data-icons-animation=\"no-animation\" data-overlay=\"\" data-change-size=\"\" data-button-size=\"0.7\" style=\"font-size:0.7em!important;display:none;\" class=\"supsystic-social-sharing supsystic-social-sharing-package-flat supsystic-social-sharing-spacing supsystic-social-sharing-content supsystic-social-sharing-content-align-left\" data-text=\"\"><a data-networks=\"[]\" class=\"social-sharing-button sharer-flat sharer-flat-1 counter-standard without-counter tooltip-icon facebook\" target=\"_blank\" title=\"auf Facebook teilen\" href=\"http:\/\/www.facebook.com\/sharer.php?u=https%3A%2F%2Fmia.phtg.ch%2F%3Fp%3D2207\" data-main-href=\"http:\/\/www.facebook.com\/sharer.php?u={url}\" data-nid=\"1\" data-name=\"\" data-pid=\"1\" data-post-id=\"2207\" data-url=\"https:\/\/mia.phtg.ch\/wp-admin\/admin-ajax.php\" rel=\"nofollow\" data-mailto=\"\"><i class=\"fa-ssbs fa-ssbs-fw fa-ssbs-facebook\"><\/i><div class=\"counter-wrap standard\"><span class=\"counter\">0<\/span><\/div><\/a><a data-networks=\"[]\" class=\"social-sharing-button sharer-flat sharer-flat-1 counter-standard without-counter tooltip-icon twitter\" target=\"_blank\" title=\"auf Twitter teilen\" href=\"https:\/\/twitter.com\/share?url=https%3A%2F%2Fmia.phtg.ch%2F%3Fp%3D2207&text=Adventskalender+f%C3%BCr+Lehrpersonen\" data-main-href=\"https:\/\/twitter.com\/share?url={url}&text={title}\" data-nid=\"2\" data-name=\"\" data-pid=\"1\" data-post-id=\"2207\" data-url=\"https:\/\/mia.phtg.ch\/wp-admin\/admin-ajax.php\" rel=\"nofollow\" data-mailto=\"\"><i class=\"fa-ssbs fa-ssbs-fw fa-ssbs-twitter\"><\/i><div class=\"counter-wrap standard\"><span class=\"counter\">1<\/span><\/div><\/a><a data-networks=\"[]\" class=\"social-sharing-button sharer-flat sharer-flat-1 counter-standard without-counter tooltip-icon linkedin\" target=\"_blank\" title=\"auf Linkedin teilen\" href=\"https:\/\/www.linkedin.com\/shareArticle?mini=true&title=Adventskalender+f%C3%BCr+Lehrpersonen&url=https%3A%2F%2Fmia.phtg.ch%2F%3Fp%3D2207\" data-main-href=\"https:\/\/www.linkedin.com\/shareArticle?mini=true&title={title}&url={url}\" data-nid=\"13\" data-name=\"\" data-pid=\"1\" data-post-id=\"2207\" data-url=\"https:\/\/mia.phtg.ch\/wp-admin\/admin-ajax.php\" rel=\"nofollow\" data-mailto=\"\"><i class=\"fa-ssbs fa-ssbs-fw fa-ssbs-linkedin\"><\/i><div class=\"counter-wrap standard\"><span class=\"counter\">0<\/span><\/div><\/a><a data-networks=\"[]\" class=\"social-sharing-button sharer-flat sharer-flat-1 counter-standard without-counter tooltip-icon mail\" target=\"_blank\" title=\"per E-Mail teilen\" href=\"#\" data-main-href=\"#\" data-nid=\"16\" data-name=\"\" data-pid=\"1\" data-post-id=\"2207\" data-url=\"https:\/\/mia.phtg.ch\/wp-admin\/admin-ajax.php\" rel=\"nofollow\" data-mailto=\"\"><i class=\"fa-ssbs fa-ssbs-fw fa-ssbs-envelope-o\"><\/i><div class=\"counter-wrap standard\"><span class=\"counter\">0<\/span><\/div><\/a><\/div>","protected":false},"excerpt":{"rendered":"<p>Adventskalender mit Online-Tools f\u00fcr Lehrpersonen (RUBeL) Der Adventskalender der Ruhr-Universit\u00e4t Bochum ist das Resultat einer Projektarbeit von 4 Studierenden der Universit\u00e4tslehrgang eEducation an der Donau&hellip;<\/p>\n<div data-animation=\"no-animation\" data-icons-animation=\"no-animation\" data-overlay=\"\" data-change-size=\"\" data-button-size=\"0.7\" style=\"font-size:0.7em!important;display:none;\" class=\"supsystic-social-sharing supsystic-social-sharing-package-flat supsystic-social-sharing-spacing supsystic-social-sharing-content supsystic-social-sharing-content-align-left\" data-text=\"\"><a data-networks=\"[]\" class=\"social-sharing-button sharer-flat sharer-flat-1 counter-standard without-counter tooltip-icon facebook\" target=\"_blank\" title=\"auf Facebook teilen\" href=\"http:\/\/www.facebook.com\/sharer.php?u=https%3A%2F%2Fmia.phtg.ch%2F%3Fp%3D2207\" data-main-href=\"http:\/\/www.facebook.com\/sharer.php?u={url}\" data-nid=\"1\" data-name=\"\" data-pid=\"1\" data-post-id=\"2207\" data-url=\"https:\/\/mia.phtg.ch\/wp-admin\/admin-ajax.php\" rel=\"nofollow\" data-mailto=\"\"><i class=\"fa-ssbs fa-ssbs-fw fa-ssbs-facebook\"><\/i><div class=\"counter-wrap standard\"><span class=\"counter\">0<\/span><\/div><\/a><a data-networks=\"[]\" class=\"social-sharing-button sharer-flat sharer-flat-1 counter-standard without-counter tooltip-icon twitter\" target=\"_blank\" title=\"auf Twitter teilen\" href=\"https:\/\/twitter.com\/share?url=https%3A%2F%2Fmia.phtg.ch%2F%3Fp%3D2207&text=Adventskalender+f%C3%BCr+Lehrpersonen\" data-main-href=\"https:\/\/twitter.com\/share?url={url}&text={title}\" data-nid=\"2\" data-name=\"\" data-pid=\"1\" data-post-id=\"2207\" data-url=\"https:\/\/mia.phtg.ch\/wp-admin\/admin-ajax.php\" rel=\"nofollow\" data-mailto=\"\"><i class=\"fa-ssbs fa-ssbs-fw fa-ssbs-twitter\"><\/i><div class=\"counter-wrap standard\"><span class=\"counter\">1<\/span><\/div><\/a><a data-networks=\"[]\" class=\"social-sharing-button sharer-flat sharer-flat-1 counter-standard without-counter tooltip-icon linkedin\" target=\"_blank\" title=\"auf Linkedin teilen\" href=\"https:\/\/www.linkedin.com\/shareArticle?mini=true&title=Adventskalender+f%C3%BCr+Lehrpersonen&url=https%3A%2F%2Fmia.phtg.ch%2F%3Fp%3D2207\" data-main-href=\"https:\/\/www.linkedin.com\/shareArticle?mini=true&title={title}&url={url}\" data-nid=\"13\" data-name=\"\" data-pid=\"1\" data-post-id=\"2207\" data-url=\"https:\/\/mia.phtg.ch\/wp-admin\/admin-ajax.php\" rel=\"nofollow\" data-mailto=\"\"><i class=\"fa-ssbs fa-ssbs-fw fa-ssbs-linkedin\"><\/i><div class=\"counter-wrap standard\"><span class=\"counter\">0<\/span><\/div><\/a><a data-networks=\"[]\" class=\"social-sharing-button sharer-flat sharer-flat-1 counter-standard without-counter tooltip-icon mail\" target=\"_blank\" title=\"per E-Mail teilen\" href=\"#\" data-main-href=\"#\" data-nid=\"16\" data-name=\"\" data-pid=\"1\" data-post-id=\"2207\" data-url=\"https:\/\/mia.phtg.ch\/wp-admin\/admin-ajax.php\" rel=\"nofollow\" data-mailto=\"\"><i class=\"fa-ssbs fa-ssbs-fw fa-ssbs-envelope-o\"><\/i><div class=\"counter-wrap standard\"><span class=\"counter\">0<\/span><\/div><\/a><\/div>","protected":false},"author":23,"featured_media":2299,"comment_status":"open","ping_status":"open","sticky":false,"template":"","format":"standard","meta":{"footnotes":""},"categories":[51],"tags":[78,292,46,42],"class_list":["post-2207","post","type-post","status-publish","format-standard","has-post-thumbnail","hentry","category-weiterbildung","tag-adventskalender","tag-lehrpersonen","tag-medien-und-informatik","tag-weiterbildung"],"_links":{"self":[{"href":"https:\/\/mia.phtg.ch\/index.php?rest_route=\/wp\/v2\/posts\/2207","targetHints":{"allow":["GET"]}}],"collection":[{"href":"https:\/\/mia.phtg.ch\/index.php?rest_route=\/wp\/v2\/posts"}],"about":[{"href":"https:\/\/mia.phtg.ch\/index.php?rest_route=\/wp\/v2\/types\/post"}],"author":[{"embeddable":true,"href":"https:\/\/mia.phtg.ch\/index.php?rest_route=\/wp\/v2\/users\/23"}],"replies":[{"embeddable":true,"href":"https:\/\/mia.phtg.ch\/index.php?rest_route=%2Fwp%2Fv2%2Fcomments&post=2207"}],"version-history":[{"count":49,"href":"https:\/\/mia.phtg.ch\/index.php?rest_route=\/wp\/v2\/posts\/2207\/revisions"}],"predecessor-version":[{"id":2422,"href":"https:\/\/mia.phtg.ch\/index.php?rest_route=\/wp\/v2\/posts\/2207\/revisions\/2422"}],"wp:featuredmedia":[{"embeddable":true,"href":"https:\/\/mia.phtg.ch\/index.php?rest_route=\/wp\/v2\/media\/2299"}],"wp:attachment":[{"href":"https:\/\/mia.phtg.ch\/index.php?rest_route=%2Fwp%2Fv2%2Fmedia&parent=2207"}],"wp:term":[{"taxonomy":"category","embeddable":true,"href":"https:\/\/mia.phtg.ch\/index.php?rest_route=%2Fwp%2Fv2%2Fcategories&post=2207"},{"taxonomy":"post_tag","embeddable":true,"href":"https:\/\/mia.phtg.ch\/index.php?rest_route=%2Fwp%2Fv2%2Ftags&post=2207"}],"curies":[{"name":"wp","href":"https:\/\/api.w.org\/{rel}","templated":true}]}}