{"id":2276,"date":"2020-12-18T09:30:00","date_gmt":"2020-12-18T07:30:00","guid":{"rendered":"https:\/\/mia.phtg.ch\/?p=2276"},"modified":"2020-12-18T11:20:49","modified_gmt":"2020-12-18T09:20:49","slug":"inform21-kindergarten-bis-4-klasse","status":"publish","type":"post","link":"https:\/\/mia.phtg.ch\/?p=2276","title":{"rendered":"inform@21 Kindergarten bis 4.Klasse"},"content":{"rendered":"\n<div class=\"wp-block-cover has-background-dim-10 has-background-dim\" style=\"background-image:url(https:\/\/mia.phtg.ch\/wp-content\/uploads\/2020\/11\/informat2.jpg);background-position:70% 11%;min-height:208px;aspect-ratio:unset;\"><div class=\"wp-block-cover__inner-container is-layout-flow wp-block-cover-is-layout-flow\">\n<p class=\"has-text-align-center has-large-font-size\"><\/p>\n<\/div><\/div>\n\n\n\n<p><\/p>\n\n\n\n<p>Das Fach Medien und Informatik wird im Zyklus 1 bzw. bis zur 4. Klasse vollst\u00e4ndig integrativ unterrichtet. Dies stellt eine gleichermassen spannende, wie anspruchsvolle Herausforderung dar. Unterst\u00fctzung kann hier das Lehrmittel <strong>\u00abinform@21\u00bb<\/strong> leisten.<br>Unter dem bereits etablierten Titel, steht seit April dieses Jahres eine Ausgabe f\u00fcr den Kindergarten bis zur 4. Klasse zur Verf\u00fcgung und gew\u00e4hrleistet so einen Anschluss an die bereits l\u00e4nger verf\u00fcgbare Ausgabe des Lehrmittels f\u00fcr die 5. und 6. Klasse.<\/p>\n\n\n\n<p>Autorenteams, die grossmehrheitlich aus aktuell auf der Zielstufe praktizierenden Lehrpersonen bestehen, haben dazu attraktive und dennoch alltagstaugliche Unterrichtsideen entwickelt.<\/p>\n\n\n\n<p>Das Lehrmittel legt den Fokus auf bewusst kurz gehaltene Ideen, die leicht f\u00fcr den eigenen Unterricht adaptiert werden k\u00f6nnen und immer einen Bezug zu einem anderen Fachbereich aufweisen. Die Mehrheit der Ideen ist zudem so konzipiert, dass sie auch ohne Computer bzw. Tablet umgesetzt werden k\u00f6nnen.<\/p>\n\n\n\n<h3 class=\"wp-block-heading\"><strong>Aufbau des Lehrmittels<\/strong><\/h3>\n\n\n\n<p>Das Lehrmittel besteht aktuell aus zwei unabh\u00e4ngigen und einzeln verf\u00fcgbaren Aufgabensets. Ein drittes Set ist f\u00fcr das Fr\u00fchjahr 2021 angek\u00fcndigt.<\/p>\n\n\n\n<div class=\"wp-block-image\"><figure class=\"alignleft size-large is-resized\"><img loading=\"lazy\" decoding=\"async\" src=\"https:\/\/mia.phtg.ch\/wp-content\/uploads\/2020\/11\/inform1-1024x973.png\" alt=\"\" class=\"wp-image-2278\" width=\"335\" height=\"318\" srcset=\"https:\/\/mia.phtg.ch\/wp-content\/uploads\/2020\/11\/inform1-1024x973.png 1024w, https:\/\/mia.phtg.ch\/wp-content\/uploads\/2020\/11\/inform1-300x285.png 300w, https:\/\/mia.phtg.ch\/wp-content\/uploads\/2020\/11\/inform1-768x730.png 768w, https:\/\/mia.phtg.ch\/wp-content\/uploads\/2020\/11\/inform1.png 1328w\" sizes=\"auto, (max-width: 335px) 100vw, 335px\" \/><\/figure><\/div>\n\n\n\n<p>Jedes Set beinhaltet Unterrichtsideen aus drei Themenbereichen, wobei jeweils zwei Themen dem Kompetenzbereich Medien und ein Thema dem Kompetenzbereich Informatik zuzuordnen sind. Die einzelnen Themenmappen wiederum bestehen aus sechs konkreten Unterrichtideen, die auf einer Doppelseite kurz und knapp erkl\u00e4rt werden.<\/p>\n\n\n\n<p>Damit die Inhalte aufbauend vermittelt werden k\u00f6nnen, werden jeweils zwei Unterrichtsideen f\u00fcr den Kindergarten, die 1. \/2. Klasse, sowie die 3.\/4. Klasse angeboten.<\/p>\n\n\n\n<p>Anstelle eines eigentlichen Lehrerkommentars verf\u00fcgt jede Themenmappe \u00fcber einen Umschlag mit erg\u00e4nzenden Informationen, wie z. B. eine \u00dcbersicht der Kompetenzen und Kompetenzstufen, die bei den Ideen aus diesem Kapitel im Fokus stehen. Hinweise zur Organisation mit Ger\u00e4ten und Technik, sowie zur Didaktik sind ebenfalls zu finden.<\/p>\n\n\n\n<h4 class=\"wp-block-heading\">Inhalt Set 1:<\/h4>\n\n\n\n<p>\u2013 Leben mit Medien<br>\u2013 Mit Medien experimentieren und produzieren<br>\u2013 Ordnen, sortieren, codieren<\/p>\n\n\n\n<h4 class=\"wp-block-heading\">Inhalt Set 2:<\/h4>\n\n\n\n<p>\u2013 Reise ins Internet<br>\u2013 Welt der Roboter<br>\u2013 Mini-Making<\/p>\n\n\n\n<h4 class=\"wp-block-heading\"><strong>Lernen sichtbar machen<\/strong><\/h4>\n\n\n\n<div class=\"wp-block-image\"><figure class=\"alignright size-large is-resized\"><img loading=\"lazy\" decoding=\"async\" src=\"https:\/\/mia.phtg.ch\/wp-content\/uploads\/2020\/11\/inform2-704x1024.png\" alt=\"\" class=\"wp-image-2277\" width=\"280\" height=\"407\" srcset=\"https:\/\/mia.phtg.ch\/wp-content\/uploads\/2020\/11\/inform2-704x1024.png 704w, https:\/\/mia.phtg.ch\/wp-content\/uploads\/2020\/11\/inform2-206x300.png 206w, https:\/\/mia.phtg.ch\/wp-content\/uploads\/2020\/11\/inform2-768x1117.png 768w, https:\/\/mia.phtg.ch\/wp-content\/uploads\/2020\/11\/inform2.png 964w\" sizes=\"auto, (max-width: 280px) 100vw, 280px\" \/><\/figure><\/div>\n\n\n\n<p>Um die Sch\u00fclerinnen und Sch\u00fcler auf ihrem Lernweg zu begleiten und die Lernleistungen zu verbessern, ist es gerade im Zyklus 1 entscheidend, dass das Lernen sichtbar gemacht wird.<\/p>\n\n\n\n<p>Jede Unterrichtsidee verf\u00fcgt dazu \u00fcber einen Hinweis, wie das Erarbeitete sichtbar gemacht und entstandene Produkte pr\u00e4sentiert bzw. gesammelt werden k\u00f6nnen.<\/p>\n\n\n\n<p>Auf der das Lehrmittel erg\u00e4nzenden Webseite<strong> <a href=\"https:\/\/inform21.ch\/\" target=\"_blank\" rel=\"noreferrer noopener\">inform21.ch<\/a><\/strong> sind die Materialien zur Umsetzung der Unterrichtsideen frei zug\u00e4nglich. Um eine Adaption an den eigenen Unterricht zu erleichtern, stehen die Erg\u00e4nzungsmaterialien nach M\u00f6glichkeit auch im Word-Format zur Verf\u00fcgung.<\/p>\n\n\n\n<p>Unter dem <a rel=\"noreferrer noopener\" href=\"https:\/\/inform21.ch\/k4\/wp-content\/themes\/inform4k\/downloads\/inform21_Unterrichtsideen_Test.zip\" target=\"_blank\"><strong>folgenden Link<\/strong><\/a> k\u00f6nnen drei Unterrichtsideen zum Ausprobieren heruntergeladen werden<br><\/p>\n\n\n\n<p><strong>Quelle:<\/strong> Lehrmittelverlag St. Gallen\/inform@21 Kindergarten \u2013 4. Klasse <a rel=\"noreferrer noopener\" href=\"https:\/\/inform21.ch\/k4\/\" target=\"_blank\"><strong>https:\/\/inform21.ch\/k4\/<\/strong><\/a><\/p>\n<div data-animation=\"no-animation\" data-icons-animation=\"no-animation\" data-overlay=\"\" data-change-size=\"\" data-button-size=\"0.7\" style=\"font-size:0.7em!important;display:none;\" class=\"supsystic-social-sharing supsystic-social-sharing-package-flat supsystic-social-sharing-spacing supsystic-social-sharing-content supsystic-social-sharing-content-align-left\" data-text=\"\"><a data-networks=\"[]\" class=\"social-sharing-button sharer-flat sharer-flat-1 counter-standard without-counter tooltip-icon facebook\" target=\"_blank\" title=\"auf Facebook teilen\" href=\"http:\/\/www.facebook.com\/sharer.php?u=https%3A%2F%2Fmia.phtg.ch%2F%3Fp%3D2276\" data-main-href=\"http:\/\/www.facebook.com\/sharer.php?u={url}\" data-nid=\"1\" data-name=\"\" data-pid=\"1\" data-post-id=\"2276\" data-url=\"https:\/\/mia.phtg.ch\/wp-admin\/admin-ajax.php\" rel=\"nofollow\" data-mailto=\"\"><i class=\"fa-ssbs fa-ssbs-fw fa-ssbs-facebook\"><\/i><div class=\"counter-wrap standard\"><span class=\"counter\">0<\/span><\/div><\/a><a data-networks=\"[]\" class=\"social-sharing-button sharer-flat sharer-flat-1 counter-standard without-counter tooltip-icon twitter\" target=\"_blank\" title=\"auf Twitter teilen\" href=\"https:\/\/twitter.com\/share?url=https%3A%2F%2Fmia.phtg.ch%2F%3Fp%3D2276&text=inform%4021+Kindergarten+bis+4.Klasse\" data-main-href=\"https:\/\/twitter.com\/share?url={url}&text={title}\" data-nid=\"2\" data-name=\"\" data-pid=\"1\" data-post-id=\"2276\" data-url=\"https:\/\/mia.phtg.ch\/wp-admin\/admin-ajax.php\" rel=\"nofollow\" data-mailto=\"\"><i class=\"fa-ssbs fa-ssbs-fw fa-ssbs-twitter\"><\/i><div class=\"counter-wrap standard\"><span class=\"counter\">0<\/span><\/div><\/a><a data-networks=\"[]\" class=\"social-sharing-button sharer-flat sharer-flat-1 counter-standard without-counter tooltip-icon linkedin\" target=\"_blank\" title=\"auf Linkedin teilen\" href=\"https:\/\/www.linkedin.com\/shareArticle?mini=true&title=inform%4021+Kindergarten+bis+4.Klasse&url=https%3A%2F%2Fmia.phtg.ch%2F%3Fp%3D2276\" data-main-href=\"https:\/\/www.linkedin.com\/shareArticle?mini=true&title={title}&url={url}\" data-nid=\"13\" data-name=\"\" data-pid=\"1\" data-post-id=\"2276\" data-url=\"https:\/\/mia.phtg.ch\/wp-admin\/admin-ajax.php\" rel=\"nofollow\" data-mailto=\"\"><i class=\"fa-ssbs fa-ssbs-fw fa-ssbs-linkedin\"><\/i><div class=\"counter-wrap standard\"><span class=\"counter\">0<\/span><\/div><\/a><a data-networks=\"[]\" class=\"social-sharing-button sharer-flat sharer-flat-1 counter-standard without-counter tooltip-icon mail\" target=\"_blank\" title=\"per E-Mail teilen\" href=\"#\" data-main-href=\"#\" data-nid=\"16\" data-name=\"\" data-pid=\"1\" data-post-id=\"2276\" data-url=\"https:\/\/mia.phtg.ch\/wp-admin\/admin-ajax.php\" rel=\"nofollow\" data-mailto=\"\"><i class=\"fa-ssbs fa-ssbs-fw fa-ssbs-envelope-o\"><\/i><div class=\"counter-wrap standard\"><span class=\"counter\">1<\/span><\/div><\/a><\/div>","protected":false},"excerpt":{"rendered":"<p>Das Fach Medien und Informatik wird im Zyklus 1 bzw. bis zur 4. Klasse vollst\u00e4ndig integrativ unterrichtet. Dies stellt eine gleichermassen spannende, wie anspruchsvolle Herausforderung&hellip;<\/p>\n<div data-animation=\"no-animation\" data-icons-animation=\"no-animation\" data-overlay=\"\" data-change-size=\"\" data-button-size=\"0.7\" style=\"font-size:0.7em!important;display:none;\" class=\"supsystic-social-sharing supsystic-social-sharing-package-flat supsystic-social-sharing-spacing supsystic-social-sharing-content supsystic-social-sharing-content-align-left\" data-text=\"\"><a data-networks=\"[]\" class=\"social-sharing-button sharer-flat sharer-flat-1 counter-standard without-counter tooltip-icon facebook\" target=\"_blank\" title=\"auf Facebook teilen\" href=\"http:\/\/www.facebook.com\/sharer.php?u=https%3A%2F%2Fmia.phtg.ch%2F%3Fp%3D2276\" data-main-href=\"http:\/\/www.facebook.com\/sharer.php?u={url}\" data-nid=\"1\" data-name=\"\" data-pid=\"1\" data-post-id=\"2276\" data-url=\"https:\/\/mia.phtg.ch\/wp-admin\/admin-ajax.php\" rel=\"nofollow\" data-mailto=\"\"><i class=\"fa-ssbs fa-ssbs-fw fa-ssbs-facebook\"><\/i><div class=\"counter-wrap standard\"><span class=\"counter\">0<\/span><\/div><\/a><a data-networks=\"[]\" class=\"social-sharing-button sharer-flat sharer-flat-1 counter-standard without-counter tooltip-icon twitter\" target=\"_blank\" title=\"auf Twitter teilen\" href=\"https:\/\/twitter.com\/share?url=https%3A%2F%2Fmia.phtg.ch%2F%3Fp%3D2276&text=inform%4021+Kindergarten+bis+4.Klasse\" data-main-href=\"https:\/\/twitter.com\/share?url={url}&text={title}\" data-nid=\"2\" data-name=\"\" data-pid=\"1\" data-post-id=\"2276\" data-url=\"https:\/\/mia.phtg.ch\/wp-admin\/admin-ajax.php\" rel=\"nofollow\" data-mailto=\"\"><i class=\"fa-ssbs fa-ssbs-fw fa-ssbs-twitter\"><\/i><div class=\"counter-wrap standard\"><span class=\"counter\">0<\/span><\/div><\/a><a data-networks=\"[]\" class=\"social-sharing-button sharer-flat sharer-flat-1 counter-standard without-counter tooltip-icon linkedin\" target=\"_blank\" title=\"auf Linkedin teilen\" href=\"https:\/\/www.linkedin.com\/shareArticle?mini=true&title=inform%4021+Kindergarten+bis+4.Klasse&url=https%3A%2F%2Fmia.phtg.ch%2F%3Fp%3D2276\" data-main-href=\"https:\/\/www.linkedin.com\/shareArticle?mini=true&title={title}&url={url}\" data-nid=\"13\" data-name=\"\" data-pid=\"1\" data-post-id=\"2276\" data-url=\"https:\/\/mia.phtg.ch\/wp-admin\/admin-ajax.php\" rel=\"nofollow\" data-mailto=\"\"><i class=\"fa-ssbs fa-ssbs-fw fa-ssbs-linkedin\"><\/i><div class=\"counter-wrap standard\"><span class=\"counter\">0<\/span><\/div><\/a><a data-networks=\"[]\" class=\"social-sharing-button sharer-flat sharer-flat-1 counter-standard without-counter tooltip-icon mail\" target=\"_blank\" title=\"per E-Mail teilen\" href=\"#\" data-main-href=\"#\" data-nid=\"16\" data-name=\"\" data-pid=\"1\" data-post-id=\"2276\" data-url=\"https:\/\/mia.phtg.ch\/wp-admin\/admin-ajax.php\" rel=\"nofollow\" data-mailto=\"\"><i class=\"fa-ssbs fa-ssbs-fw fa-ssbs-envelope-o\"><\/i><div class=\"counter-wrap standard\"><span class=\"counter\">1<\/span><\/div><\/a><\/div>","protected":false},"author":20,"featured_media":2438,"comment_status":"open","ping_status":"open","sticky":false,"template":"","format":"standard","meta":{"footnotes":""},"categories":[24,283,230,290],"tags":[291,95,84,142],"class_list":["post-2276","post","type-post","status-publish","format-standard","has-post-thumbnail","hentry","category-mia","category-mia-praxis","category-primarstufe","category-zyklus-1","tag-inform21","tag-lehrmittel","tag-mia","tag-zyklus-1-2"],"_links":{"self":[{"href":"https:\/\/mia.phtg.ch\/index.php?rest_route=\/wp\/v2\/posts\/2276","targetHints":{"allow":["GET"]}}],"collection":[{"href":"https:\/\/mia.phtg.ch\/index.php?rest_route=\/wp\/v2\/posts"}],"about":[{"href":"https:\/\/mia.phtg.ch\/index.php?rest_route=\/wp\/v2\/types\/post"}],"author":[{"embeddable":true,"href":"https:\/\/mia.phtg.ch\/index.php?rest_route=\/wp\/v2\/users\/20"}],"replies":[{"embeddable":true,"href":"https:\/\/mia.phtg.ch\/index.php?rest_route=%2Fwp%2Fv2%2Fcomments&post=2276"}],"version-history":[{"count":24,"href":"https:\/\/mia.phtg.ch\/index.php?rest_route=\/wp\/v2\/posts\/2276\/revisions"}],"predecessor-version":[{"id":2457,"href":"https:\/\/mia.phtg.ch\/index.php?rest_route=\/wp\/v2\/posts\/2276\/revisions\/2457"}],"wp:featuredmedia":[{"embeddable":true,"href":"https:\/\/mia.phtg.ch\/index.php?rest_route=\/wp\/v2\/media\/2438"}],"wp:attachment":[{"href":"https:\/\/mia.phtg.ch\/index.php?rest_route=%2Fwp%2Fv2%2Fmedia&parent=2276"}],"wp:term":[{"taxonomy":"category","embeddable":true,"href":"https:\/\/mia.phtg.ch\/index.php?rest_route=%2Fwp%2Fv2%2Fcategories&post=2276"},{"taxonomy":"post_tag","embeddable":true,"href":"https:\/\/mia.phtg.ch\/index.php?rest_route=%2Fwp%2Fv2%2Ftags&post=2276"}],"curies":[{"name":"wp","href":"https:\/\/api.w.org\/{rel}","templated":true}]}}