{"id":2665,"date":"2021-03-23T14:19:32","date_gmt":"2021-03-23T12:19:32","guid":{"rendered":"https:\/\/mia.phtg.ch\/?p=2665"},"modified":"2021-03-23T14:22:28","modified_gmt":"2021-03-23T12:22:28","slug":"natech-digital-update","status":"publish","type":"post","link":"https:\/\/mia.phtg.ch\/?p=2665","title":{"rendered":"NaTech digital &#8211; Update"},"content":{"rendered":"\n<h4 class=\"wp-block-heading\">Start ins 2021 in Amriswil gegl\u00fcckt<\/h4>\n\n\n\n<p>Die Projektwoche &#171;<a href=\"https:\/\/mdz.phtg.ch\/de\/forschung-entwicklung\/natech-digital\/\" target=\"_blank\" rel=\"noreferrer noopener\"><strong>NaTech digital<\/strong><\/a>&#187; startet nun schon in das zweite Jahr seit der Entwicklung des Angebots. Die Sch\u00fclerinnen und Sch\u00fcler der Primarschule Sonnenberg in Amriswil durften die Projektwoche erleben und ihrer Kreativit\u00e4t freien Lauf lassen, wie der <a href=\"https:\/\/www.tagblatt.ch\/ostschweiz\/kreuzlingen\/hefenhofen-technikwoche-an-der-primarschule-sonnenberg-ld.2113591?mktcid=smsh&amp;mktcval=E-mail\" target=\"_blank\" rel=\"noreferrer noopener\"><strong>Zeitungsbericht des Tagblattes<\/strong><\/a> zeigt.<\/p>\n\n\n\n<figure class=\"wp-block-image size-large\"><img loading=\"lazy\" decoding=\"async\" width=\"1024\" height=\"768\" src=\"https:\/\/mia.phtg.ch\/wp-content\/uploads\/2021\/03\/IMG-20210312-WA0001-1024x768.jpg\" alt=\"\" class=\"wp-image-2667\" srcset=\"https:\/\/mia.phtg.ch\/wp-content\/uploads\/2021\/03\/IMG-20210312-WA0001-1024x768.jpg 1024w, https:\/\/mia.phtg.ch\/wp-content\/uploads\/2021\/03\/IMG-20210312-WA0001-300x225.jpg 300w, https:\/\/mia.phtg.ch\/wp-content\/uploads\/2021\/03\/IMG-20210312-WA0001-768x576.jpg 768w, https:\/\/mia.phtg.ch\/wp-content\/uploads\/2021\/03\/IMG-20210312-WA0001-1536x1152.jpg 1536w, https:\/\/mia.phtg.ch\/wp-content\/uploads\/2021\/03\/IMG-20210312-WA0001.jpg 2016w\" sizes=\"auto, (max-width: 1024px) 100vw, 1024px\" \/><\/figure>\n\n\n\n<h4 class=\"wp-block-heading\">NaTech digital &#8211; Ein Angebot des MDZ<\/h4>\n\n\n\n<p>Seit 2019 bietet das Medien- und Didaktikzentrum (MDZ) die Projektwoche &#171;NaTech digital&#187; an. Sch\u00fclerinnen und Sch\u00fcler der 3. bis 6. Klassen experimentieren, t\u00fcfteln und erfinden kreative und interaktive Produkte. &#171;NaTech&#187; steht f\u00fcr die Themen aus dem NMG-Curriculum und bezieht sich in dieser Woche vor allem auf die Elektrizit\u00e4tslehre. Der &#171;digitale&#187; Aspekt besteht in der Verwendung des Micro-Controllers &#171;Calliope Mini&#187;, welches das Herzst\u00fcck der Projektwoche bildet. Weiterf\u00fchrende Informationen und Angaben zur Buchung sind auf der <a rel=\"noreferrer noopener\" href=\"https:\/\/mdz.phtg.ch\/de\/forschung-entwicklung\/natech-digital\/\" target=\"_blank\"><strong>Website des MDZ<\/strong><\/a> zu finden.<\/p>\n\n\n\n<h4 class=\"wp-block-heading\">Weiterentwicklung des Angebots im Winter 2020\/21<\/h4>\n\n\n\n<p>Da das Angebot bereits von \u00fcber zehn Schulen wahrgenommen wurde, konnte die Weiterentwicklung des Angebots erst gegen Ende des letzten Jahres in Angriff genommen werden. So wurden die <a rel=\"noreferrer noopener\" href=\"https:\/\/mdz.phtg.ch\/de\/forschung-entwicklung\/natech-digital\/materialien\/\" target=\"_blank\"><strong>Challenge Cards<\/strong><\/a> der drei Themenkisten dem neuen Design der Programmierumgebung <strong>\u00ab<a rel=\"noreferrer noopener\" href=\"https:\/\/makecode.calliope.cc\/\" target=\"_blank\">MakeCode<\/a><\/strong>\u00bb angepasst und teilweise inhaltlich verbessert.<\/p>\n\n\n\n<h4 class=\"wp-block-heading\">Zurzeit noch Pl\u00e4tze frei f\u00fcr die zweite Jahresh\u00e4lfte 2021 und das gesamte 2022<\/h4>\n\n\n\n<p>Aktuell ist &#171;NaTech digital&#187; sehr gut gebucht. F\u00fcr die zweite Jahresh\u00e4lfte dieses Jahres und nat\u00fcrlich auch f\u00fcr das ganze Jahr 2022 sind noch einige Wochen frei. Spezifischen Fragen oder Buchungsanfragen k\u00f6nnen direkt an die folgende E-Mail gesendet werden: <a rel=\"noreferrer noopener\" href=\"linkTo_UnCryptMailto('nbjmup+obufdi\\\/ejhjubmAqiuh\\\/di');\" target=\"_blank\"><strong>natech.digital(at)phtg.ch<\/strong><\/a>. <br>Wir freuen uns auf die Zusammenarbeit mit euch und sind \u00fcberzeugt, dass wir zusammen bei euch vor Ort eine tolle Projektwoche aufgleisen k\u00f6nnen.<\/p>\n\n\n\n<p>Foto: Felix Schafroth (Lehrer Primarschule Sonnenberg, Amriswil)<\/p>\n<div data-animation=\"no-animation\" data-icons-animation=\"no-animation\" data-overlay=\"\" data-change-size=\"\" data-button-size=\"0.7\" style=\"font-size:0.7em!important;display:none;\" class=\"supsystic-social-sharing supsystic-social-sharing-package-flat supsystic-social-sharing-spacing supsystic-social-sharing-content supsystic-social-sharing-content-align-left\" data-text=\"\"><a data-networks=\"[]\" class=\"social-sharing-button sharer-flat sharer-flat-1 counter-standard without-counter tooltip-icon facebook\" target=\"_blank\" title=\"auf Facebook teilen\" href=\"http:\/\/www.facebook.com\/sharer.php?u=https%3A%2F%2Fmia.phtg.ch%2F%3Fp%3D2665\" data-main-href=\"http:\/\/www.facebook.com\/sharer.php?u={url}\" data-nid=\"1\" data-name=\"\" data-pid=\"1\" data-post-id=\"2665\" data-url=\"https:\/\/mia.phtg.ch\/wp-admin\/admin-ajax.php\" rel=\"nofollow\" data-mailto=\"\"><i class=\"fa-ssbs fa-ssbs-fw fa-ssbs-facebook\"><\/i><div class=\"counter-wrap standard\"><span class=\"counter\">1<\/span><\/div><\/a><a data-networks=\"[]\" class=\"social-sharing-button sharer-flat sharer-flat-1 counter-standard without-counter tooltip-icon twitter\" target=\"_blank\" title=\"auf Twitter teilen\" href=\"https:\/\/twitter.com\/share?url=https%3A%2F%2Fmia.phtg.ch%2F%3Fp%3D2665&text=NaTech+digital+%26%238211%3B+Update\" data-main-href=\"https:\/\/twitter.com\/share?url={url}&text={title}\" data-nid=\"2\" data-name=\"\" data-pid=\"1\" data-post-id=\"2665\" data-url=\"https:\/\/mia.phtg.ch\/wp-admin\/admin-ajax.php\" rel=\"nofollow\" data-mailto=\"\"><i class=\"fa-ssbs fa-ssbs-fw fa-ssbs-twitter\"><\/i><div class=\"counter-wrap standard\"><span class=\"counter\">2<\/span><\/div><\/a><a data-networks=\"[]\" class=\"social-sharing-button sharer-flat sharer-flat-1 counter-standard without-counter tooltip-icon linkedin\" target=\"_blank\" title=\"auf Linkedin teilen\" href=\"https:\/\/www.linkedin.com\/shareArticle?mini=true&title=NaTech+digital+%26%238211%3B+Update&url=https%3A%2F%2Fmia.phtg.ch%2F%3Fp%3D2665\" data-main-href=\"https:\/\/www.linkedin.com\/shareArticle?mini=true&title={title}&url={url}\" data-nid=\"13\" data-name=\"\" data-pid=\"1\" data-post-id=\"2665\" data-url=\"https:\/\/mia.phtg.ch\/wp-admin\/admin-ajax.php\" rel=\"nofollow\" data-mailto=\"\"><i class=\"fa-ssbs fa-ssbs-fw fa-ssbs-linkedin\"><\/i><div class=\"counter-wrap standard\"><span class=\"counter\">0<\/span><\/div><\/a><a data-networks=\"[]\" class=\"social-sharing-button sharer-flat sharer-flat-1 counter-standard without-counter tooltip-icon mail\" target=\"_blank\" title=\"per E-Mail teilen\" href=\"#\" data-main-href=\"#\" data-nid=\"16\" data-name=\"\" data-pid=\"1\" data-post-id=\"2665\" data-url=\"https:\/\/mia.phtg.ch\/wp-admin\/admin-ajax.php\" rel=\"nofollow\" data-mailto=\"\"><i class=\"fa-ssbs fa-ssbs-fw fa-ssbs-envelope-o\"><\/i><div class=\"counter-wrap standard\"><span class=\"counter\">0<\/span><\/div><\/a><\/div>","protected":false},"excerpt":{"rendered":"<p>Start ins 2021 in Amriswil gegl\u00fcckt Die Projektwoche &#171;NaTech digital&#187; startet nun schon in das zweite Jahr seit der Entwicklung des Angebots. Die Sch\u00fclerinnen und&hellip;<\/p>\n<div data-animation=\"no-animation\" data-icons-animation=\"no-animation\" data-overlay=\"\" data-change-size=\"\" data-button-size=\"0.7\" style=\"font-size:0.7em!important;display:none;\" class=\"supsystic-social-sharing supsystic-social-sharing-package-flat supsystic-social-sharing-spacing supsystic-social-sharing-content supsystic-social-sharing-content-align-left\" data-text=\"\"><a data-networks=\"[]\" class=\"social-sharing-button sharer-flat sharer-flat-1 counter-standard without-counter tooltip-icon facebook\" target=\"_blank\" title=\"auf Facebook teilen\" href=\"http:\/\/www.facebook.com\/sharer.php?u=https%3A%2F%2Fmia.phtg.ch%2F%3Fp%3D2665\" data-main-href=\"http:\/\/www.facebook.com\/sharer.php?u={url}\" data-nid=\"1\" data-name=\"\" data-pid=\"1\" data-post-id=\"2665\" data-url=\"https:\/\/mia.phtg.ch\/wp-admin\/admin-ajax.php\" rel=\"nofollow\" data-mailto=\"\"><i class=\"fa-ssbs fa-ssbs-fw fa-ssbs-facebook\"><\/i><div class=\"counter-wrap standard\"><span class=\"counter\">1<\/span><\/div><\/a><a data-networks=\"[]\" class=\"social-sharing-button sharer-flat sharer-flat-1 counter-standard without-counter tooltip-icon twitter\" target=\"_blank\" title=\"auf Twitter teilen\" href=\"https:\/\/twitter.com\/share?url=https%3A%2F%2Fmia.phtg.ch%2F%3Fp%3D2665&text=NaTech+digital+%26%238211%3B+Update\" data-main-href=\"https:\/\/twitter.com\/share?url={url}&text={title}\" data-nid=\"2\" data-name=\"\" data-pid=\"1\" data-post-id=\"2665\" data-url=\"https:\/\/mia.phtg.ch\/wp-admin\/admin-ajax.php\" rel=\"nofollow\" data-mailto=\"\"><i class=\"fa-ssbs fa-ssbs-fw fa-ssbs-twitter\"><\/i><div class=\"counter-wrap standard\"><span class=\"counter\">2<\/span><\/div><\/a><a data-networks=\"[]\" class=\"social-sharing-button sharer-flat sharer-flat-1 counter-standard without-counter tooltip-icon linkedin\" target=\"_blank\" title=\"auf Linkedin teilen\" href=\"https:\/\/www.linkedin.com\/shareArticle?mini=true&title=NaTech+digital+%26%238211%3B+Update&url=https%3A%2F%2Fmia.phtg.ch%2F%3Fp%3D2665\" data-main-href=\"https:\/\/www.linkedin.com\/shareArticle?mini=true&title={title}&url={url}\" data-nid=\"13\" data-name=\"\" data-pid=\"1\" data-post-id=\"2665\" data-url=\"https:\/\/mia.phtg.ch\/wp-admin\/admin-ajax.php\" rel=\"nofollow\" data-mailto=\"\"><i class=\"fa-ssbs fa-ssbs-fw fa-ssbs-linkedin\"><\/i><div class=\"counter-wrap standard\"><span class=\"counter\">0<\/span><\/div><\/a><a data-networks=\"[]\" class=\"social-sharing-button sharer-flat sharer-flat-1 counter-standard without-counter tooltip-icon mail\" target=\"_blank\" title=\"per E-Mail teilen\" href=\"#\" data-main-href=\"#\" data-nid=\"16\" data-name=\"\" data-pid=\"1\" data-post-id=\"2665\" data-url=\"https:\/\/mia.phtg.ch\/wp-admin\/admin-ajax.php\" rel=\"nofollow\" data-mailto=\"\"><i class=\"fa-ssbs fa-ssbs-fw fa-ssbs-envelope-o\"><\/i><div class=\"counter-wrap standard\"><span class=\"counter\">0<\/span><\/div><\/a><\/div>","protected":false},"author":16,"featured_media":2667,"comment_status":"open","ping_status":"open","sticky":false,"template":"","format":"standard","meta":{"footnotes":""},"categories":[240,23,255,283,38,230,271,1,137,22,51],"tags":[43,26,239,124],"class_list":["post-2665","post","type-post","status-publish","format-standard","has-post-thumbnail","hentry","category-handwerk-4-0","category-informatik","category-making","category-mia-praxis","category-phtg","category-primarstufe","category-schule","category-uncategorized","category-unterricht","category-veranstaltungen","category-weiterbildung","tag-digitalisierung","tag-informatik","tag-natech","tag-zyklus-2"],"_links":{"self":[{"href":"https:\/\/mia.phtg.ch\/index.php?rest_route=\/wp\/v2\/posts\/2665","targetHints":{"allow":["GET"]}}],"collection":[{"href":"https:\/\/mia.phtg.ch\/index.php?rest_route=\/wp\/v2\/posts"}],"about":[{"href":"https:\/\/mia.phtg.ch\/index.php?rest_route=\/wp\/v2\/types\/post"}],"author":[{"embeddable":true,"href":"https:\/\/mia.phtg.ch\/index.php?rest_route=\/wp\/v2\/users\/16"}],"replies":[{"embeddable":true,"href":"https:\/\/mia.phtg.ch\/index.php?rest_route=%2Fwp%2Fv2%2Fcomments&post=2665"}],"version-history":[{"count":7,"href":"https:\/\/mia.phtg.ch\/index.php?rest_route=\/wp\/v2\/posts\/2665\/revisions"}],"predecessor-version":[{"id":2680,"href":"https:\/\/mia.phtg.ch\/index.php?rest_route=\/wp\/v2\/posts\/2665\/revisions\/2680"}],"wp:featuredmedia":[{"embeddable":true,"href":"https:\/\/mia.phtg.ch\/index.php?rest_route=\/wp\/v2\/media\/2667"}],"wp:attachment":[{"href":"https:\/\/mia.phtg.ch\/index.php?rest_route=%2Fwp%2Fv2%2Fmedia&parent=2665"}],"wp:term":[{"taxonomy":"category","embeddable":true,"href":"https:\/\/mia.phtg.ch\/index.php?rest_route=%2Fwp%2Fv2%2Fcategories&post=2665"},{"taxonomy":"post_tag","embeddable":true,"href":"https:\/\/mia.phtg.ch\/index.php?rest_route=%2Fwp%2Fv2%2Ftags&post=2665"}],"curies":[{"name":"wp","href":"https:\/\/api.w.org\/{rel}","templated":true}]}}