{"id":2682,"date":"2021-04-06T22:22:20","date_gmt":"2021-04-06T20:22:20","guid":{"rendered":"https:\/\/mia.phtg.ch\/?p=2682"},"modified":"2021-05-02T10:21:46","modified_gmt":"2021-05-02T08:21:46","slug":"iscout-damals-und-heute","status":"publish","type":"post","link":"https:\/\/mia.phtg.ch\/?p=2682","title":{"rendered":"iScout- damals und heute"},"content":{"rendered":"\n<h1 class=\"has-text-color wp-block-heading\" style=\"color:#678c96\"><strong>iScout- damals und heute<\/strong><\/h1>\n\n\n\n<h3 class=\"has-text-color wp-block-heading\" style=\"color:#678c96\"><strong>Interview mit Nadja Kotz, seit \u00fcber 13 Jahren iScout an der VSG W\u00e4ngi<\/strong><\/h3>\n\n\n\n<div class=\"wp-block-cover has-background-dim-10 has-background-dim\" style=\"min-height:245px;aspect-ratio:unset;\"><img loading=\"lazy\" decoding=\"async\" width=\"1446\" height=\"1187\" class=\"wp-block-cover__image-background wp-image-2683\" alt=\"\" src=\"https:\/\/mia.phtg.ch\/wp-content\/uploads\/2021\/03\/damals-undheute.png\" style=\"object-position:3% 12%\" data-object-fit=\"cover\" data-object-position=\"3% 12%\" srcset=\"https:\/\/mia.phtg.ch\/wp-content\/uploads\/2021\/03\/damals-undheute.png 1446w, https:\/\/mia.phtg.ch\/wp-content\/uploads\/2021\/03\/damals-undheute-300x246.png 300w, https:\/\/mia.phtg.ch\/wp-content\/uploads\/2021\/03\/damals-undheute-1024x841.png 1024w, https:\/\/mia.phtg.ch\/wp-content\/uploads\/2021\/03\/damals-undheute-768x630.png 768w\" sizes=\"auto, (max-width: 1446px) 100vw, 1446px\" \/><div class=\"wp-block-cover__inner-container is-layout-flow wp-block-cover-is-layout-flow\">\n<p class=\"has-text-align-center has-large-font-size\"><\/p>\n<\/div><\/div>\n\n\n\n<p> <br>Vor rund 20 Jahren tauchten die ersten Computer in den Thurgauer Schulzimmern auf. Die Initiative ging meistens von einzelnen interessierten Lehrpersonen aus.<br>In einem Interview erz\u00e4hlt Nadja Kotz, iScout an der VSG W\u00e4ngi, \u00fcber die Aufgaben eines iScouts von damals und heute.<\/p>\n\n\n\n<p><strong>Du unterst\u00fctzt die Schule W\u00e4ngi schon seit vielen Jahren als iScout. Wann wurde bei euch das erste Schulzimmer mit Computer ausgestattet?<br><\/strong>Das war noch vor dem Jahr 2000. In einem Aussenstandort von W\u00e4ngi gab es einen \u00e4usserst computer-affinen Lehrer. Er erfuhr zuf\u00e4llig, dass an der Hochschule der K\u00fcnste in Z\u00fcrich zw\u00f6lf \u00e4ltere Computer abzugeben waren. Kurzerhand holte er die Ger\u00e4te ab und richtete sie zur grossen Freude der Sch\u00fclerInnen in ihren Klassenzimmern ein. Ich glaube nicht, dass die Beh\u00f6rde davon wusste. Obwohl bereits Lernprogramme existierten, schrieb er f\u00fcr seine Sch\u00fcler eigene Programme. Der erste iScout war geboren.<\/p>\n\n\n\n<div class=\"wp-block-image\"><figure class=\"aligncenter size-large is-resized\"><img loading=\"lazy\" decoding=\"async\" src=\"https:\/\/mia.phtg.ch\/wp-content\/uploads\/2021\/03\/MicrosoftTeams-image-9-1024x768.jpg\" alt=\"\" class=\"wp-image-2698\" width=\"600\" height=\"447\"\/><figcaption>Erste Computer im Schulzimmer (Foto Hermann Stamm)<\/figcaption><\/figure><\/div>\n\n\n\n<p><strong>Einige Jahre sp\u00e4ter wurde in W\u00e4ngi der erste \u00aboffizielle\u00bb iScout eingesetzt. Was waren seine Aufgaben?<\/strong><br>Die Schule schaffte nach und nach weitere Ger\u00e4te an. Der iScout k\u00fcmmerte sich um die Inbetriebnahme und die Wartung der Ger\u00e4te, aber auch um den Aufbau des Netzwerks. Einen externen Support gab es nur bedingt.<\/p>\n\n\n\n<p><strong>Du hast schon 2008 erste Aufgaben \u00fcbernommen. Warum?<\/strong><br>Unser iScout war voll ausgelastet mit den technischen Aufgaben. Und als dann auch noch das Lehreroffice dazu kam, \u00fcbernahm ich die Erstellung und Verwaltung unserer Sch\u00fcler-Datenbank und wurde quasi zu seiner rechten Hand. So durfte ich die Lehrpersonen damals beim Einrichten der Mailaccounts unterst\u00fctzen, Schulschriften installieren oder Switches verkabeln.<\/p>\n\n\n\n<p><strong>2013 hast du die Ausbildung zum iScout abgeschlossen. Die Ausbildungsinhalte sind in vielen Bereichen vergleichbar mit heute.<\/strong><br>Ja, das stimmt. Interessanterweise lernten wir damals schon viele Tools kennen, welche heute aktueller sind denn je. Zum Beispiel \u00abPadlet\u00bb, \u00abGarage-Band\u00bb, \u00abActionbound\u00bb, \u00abScratch\u00bb, \u00abStopmotion Studio\u00bb oder verschieden Lernapps wie z.B. Appolino oder den ABC Spielplatz.<\/p>\n\n\n\n<div class=\"wp-block-image\"><figure class=\"aligncenter size-large is-resized\"><img loading=\"lazy\" decoding=\"async\" src=\"https:\/\/mia.phtg.ch\/wp-content\/uploads\/2021\/03\/FokusiScout_Zitat_iscoutfru\u0308her-heute-1024x1024.jpg\" alt=\"\" class=\"wp-image-2684\" width=\"401\" height=\"401\" srcset=\"https:\/\/mia.phtg.ch\/wp-content\/uploads\/2021\/03\/FokusiScout_Zitat_iscoutfru\u0308her-heute-1024x1024.jpg 1024w, https:\/\/mia.phtg.ch\/wp-content\/uploads\/2021\/03\/FokusiScout_Zitat_iscoutfru\u0308her-heute-300x300.jpg 300w, https:\/\/mia.phtg.ch\/wp-content\/uploads\/2021\/03\/FokusiScout_Zitat_iscoutfru\u0308her-heute-150x150.jpg 150w, https:\/\/mia.phtg.ch\/wp-content\/uploads\/2021\/03\/FokusiScout_Zitat_iscoutfru\u0308her-heute-768x768.jpg 768w, https:\/\/mia.phtg.ch\/wp-content\/uploads\/2021\/03\/FokusiScout_Zitat_iscoutfru\u0308her-heute.jpg 1200w\" sizes=\"auto, (max-width: 401px) 100vw, 401px\" \/><\/figure><\/div>\n\n\n\n<p> <br><strong>Eigentlich erstaunlich, dass sich diese Tools trotz des t\u00e4glich wachsenden Angebotes halten konnten. Das spricht f\u00fcr die Qualit\u00e4t! Wurden diese Tools damals schon im Schulalltag eingesetzt?<\/strong><br>Eher weniger. Damals wurden Computer mehrheitlich f\u00fcr die Administration und Kommunikation unter den Lehrpersonen eingesetzt. Wir beschr\u00e4nkten uns vor allem auf die Anwendung von Word und Powerpoint oder auf kleinere Recherchen im Internet.<\/p>\n\n\n\n<p><strong>Mit welchen Problemen k\u00e4mpften die Lehrpersonen damals?<\/strong><br>Die Probleme waren damals oft \u00e4hnlich wie heute: Kabel einstecken, Drucker installieren, Computer neu starten oder Passwort zur\u00fccksetzen. Ein am\u00fcsantes Beispiel ist sicher die Anfrage einer Lehrperson nach einer neuen Tastatur. Diese sei n\u00e4mlich kaputt, denn jedes Mal, wenn sie sich einloggt, seien anstelle des Passwortes nur \u00abPunkte\u00bb zu sehen!<br><br><strong>Du warst Lehrperson einer Test- Klasse f\u00fcr den Einsatz von iPads im Zyklus 1.<\/strong><br>Damals ging es um die Frage, die Klassen auf der Primarstufe mit weiteren Laptops auszustatten oder auf iPads zu wechseln. Die einfache und intuitive Bedienung, aber auch die multimediale Vielfalt (Internet, Foto- und Videokamera, Audiorecorder) \u00fcberzeugten mich. Zu diesem Thema schrieb ich dann auch die Abschlussarbeit meiner iScout-Ausbildung. Sie war die Grundlage f\u00fcr die Anschaffung der iPads im Zyklus 1.<\/p>\n\n\n\n<p><strong>Wie nutzt du die iPads heute?<\/strong><br>Viele Lernapps nutze ich immer noch. Nat\u00fcrlich sind weitere dazugekommen. Deutlich mehr nutze ich heute kreative Tools wie \u00abBook Creator\u00bb oder \u00abGarage Band\u00bb. Dies liegt unter anderem aber auch an der einfacheren Pr\u00e4sentationstechnik. Vor zehn Jahren gab es in meinem Schulzimmer keinen Active Screen. Um ein Foto oder eine Powerpoint zu pr\u00e4sentieren, musste ich extra den Beamer und eine Leinwand aufstellen und das ganze via Apple TV Box verbinden. Dies war aufw\u00e4ndig und umst\u00e4ndlich. Heute k\u00f6nnen die Sch\u00fclerInnen ihr iPad direkt mit dem Screen verbinden und ihre \u00abdigitalen Produkte\u00bb pr\u00e4sentieren.&nbsp;<\/p>\n\n\n\n<div class=\"wp-block-image\"><figure class=\"aligncenter size-large is-resized\"><img loading=\"lazy\" decoding=\"async\" src=\"https:\/\/mia.phtg.ch\/wp-content\/uploads\/2021\/03\/MicrosoftTeams-image-8-1024x643.jpg\" alt=\"\" class=\"wp-image-2693\" width=\"609\" height=\"383\" srcset=\"https:\/\/mia.phtg.ch\/wp-content\/uploads\/2021\/03\/MicrosoftTeams-image-8-1024x643.jpg 1024w, https:\/\/mia.phtg.ch\/wp-content\/uploads\/2021\/03\/MicrosoftTeams-image-8-300x188.jpg 300w, https:\/\/mia.phtg.ch\/wp-content\/uploads\/2021\/03\/MicrosoftTeams-image-8-768x482.jpg 768w, https:\/\/mia.phtg.ch\/wp-content\/uploads\/2021\/03\/MicrosoftTeams-image-8-1536x965.jpg 1536w, https:\/\/mia.phtg.ch\/wp-content\/uploads\/2021\/03\/MicrosoftTeams-image-8-2048x1286.jpg 2048w\" sizes=\"auto, (max-width: 609px) 100vw, 609px\" \/><figcaption>Nadja Kotz, vor Activ Board (Foto: Sch\u00fcler von N. Kotz)<br><\/figcaption><\/figure><\/div>\n\n\n\n<p><strong>Wie hat sich deine Arbeit als iScout ver\u00e4ndert?<\/strong><br>Das Aufgabengebiet ist wesentlich breiter geworden. Aus meiner Sicht ist auch der administrative Bereich deutlich gestiegen. Ich denke an das Verwalten von s\u00e4mtlichen iPads oder dem Lehreroffice, das Organisieren von Lizenzen der digitalen Lehrmittel oder das Managen von Office365 und anderen digitalen Plattformen. Im Moment tut sich hier sehr viel. Zudem liegt der Fokus deutlich mehr auf dem p\u00e4dagogischen Support. Als iScout darf ich vermehrt Fortbildungen zu M&amp;I Themen geben und unterst\u00fctze bei Bedarf die Lehrpersonen in Projekten vor Ort. Zudem haben wir neuerdings eine Medienp\u00e4dagogin im Team. Sie wird unsere Arbeit im Bereich Medien erg\u00e4nzen.<br><br><strong>Sind die Schulen deiner Meinung nach auf dem richtigen Weg?<\/strong><br>Unbedingt. Im letzten Jahr haben an unserer Schule alle Lehrpersonen ihre pers\u00f6nliche MIA-Ausbildung absolviert. In diesem Jahr liegt der Fokus auf der Integration der M&amp;I-Themen in den Schulalltag. Ich bin sehr zuversichtlich, dass dies gut gelingen wird.<\/p>\n\n\n\n<p><strong>Autorin:<br><\/strong>Theresa Kattwinkel, Fachlehrperson Primarschule Stettfurt, iScout ab Sommer 2021<\/p>\n\n\n\n<p><\/p>\n<div data-animation=\"no-animation\" data-icons-animation=\"no-animation\" data-overlay=\"\" data-change-size=\"\" data-button-size=\"0.7\" style=\"font-size:0.7em!important;display:none;\" class=\"supsystic-social-sharing supsystic-social-sharing-package-flat supsystic-social-sharing-spacing supsystic-social-sharing-content supsystic-social-sharing-content-align-left\" data-text=\"\"><a data-networks=\"[]\" class=\"social-sharing-button sharer-flat sharer-flat-1 counter-standard without-counter tooltip-icon facebook\" target=\"_blank\" title=\"auf Facebook teilen\" href=\"http:\/\/www.facebook.com\/sharer.php?u=https%3A%2F%2Fmia.phtg.ch%2F%3Fp%3D2682\" data-main-href=\"http:\/\/www.facebook.com\/sharer.php?u={url}\" data-nid=\"1\" data-name=\"\" data-pid=\"1\" data-post-id=\"2682\" data-url=\"https:\/\/mia.phtg.ch\/wp-admin\/admin-ajax.php\" rel=\"nofollow\" data-mailto=\"\"><i class=\"fa-ssbs fa-ssbs-fw fa-ssbs-facebook\"><\/i><div class=\"counter-wrap standard\"><span class=\"counter\">0<\/span><\/div><\/a><a data-networks=\"[]\" class=\"social-sharing-button sharer-flat sharer-flat-1 counter-standard without-counter tooltip-icon twitter\" target=\"_blank\" title=\"auf Twitter teilen\" href=\"https:\/\/twitter.com\/share?url=https%3A%2F%2Fmia.phtg.ch%2F%3Fp%3D2682&text=iScout-+damals+und+heute\" data-main-href=\"https:\/\/twitter.com\/share?url={url}&text={title}\" data-nid=\"2\" data-name=\"\" data-pid=\"1\" data-post-id=\"2682\" data-url=\"https:\/\/mia.phtg.ch\/wp-admin\/admin-ajax.php\" rel=\"nofollow\" data-mailto=\"\"><i class=\"fa-ssbs fa-ssbs-fw fa-ssbs-twitter\"><\/i><div class=\"counter-wrap standard\"><span class=\"counter\">1<\/span><\/div><\/a><a data-networks=\"[]\" class=\"social-sharing-button sharer-flat sharer-flat-1 counter-standard without-counter tooltip-icon linkedin\" target=\"_blank\" title=\"auf Linkedin teilen\" href=\"https:\/\/www.linkedin.com\/shareArticle?mini=true&title=iScout-+damals+und+heute&url=https%3A%2F%2Fmia.phtg.ch%2F%3Fp%3D2682\" data-main-href=\"https:\/\/www.linkedin.com\/shareArticle?mini=true&title={title}&url={url}\" data-nid=\"13\" data-name=\"\" data-pid=\"1\" data-post-id=\"2682\" data-url=\"https:\/\/mia.phtg.ch\/wp-admin\/admin-ajax.php\" rel=\"nofollow\" data-mailto=\"\"><i class=\"fa-ssbs fa-ssbs-fw fa-ssbs-linkedin\"><\/i><div class=\"counter-wrap standard\"><span class=\"counter\">0<\/span><\/div><\/a><a data-networks=\"[]\" class=\"social-sharing-button sharer-flat sharer-flat-1 counter-standard without-counter tooltip-icon mail\" target=\"_blank\" title=\"per E-Mail teilen\" href=\"#\" data-main-href=\"#\" data-nid=\"16\" data-name=\"\" data-pid=\"1\" data-post-id=\"2682\" data-url=\"https:\/\/mia.phtg.ch\/wp-admin\/admin-ajax.php\" rel=\"nofollow\" data-mailto=\"\"><i class=\"fa-ssbs fa-ssbs-fw fa-ssbs-envelope-o\"><\/i><div class=\"counter-wrap standard\"><span class=\"counter\">0<\/span><\/div><\/a><\/div>","protected":false},"excerpt":{"rendered":"<p>iScout- damals und heute Interview mit Nadja Kotz, seit \u00fcber 13 Jahren iScout an der VSG W\u00e4ngi Vor rund 20 Jahren tauchten die ersten Computer&hellip;<\/p>\n<div data-animation=\"no-animation\" data-icons-animation=\"no-animation\" data-overlay=\"\" data-change-size=\"\" data-button-size=\"0.7\" style=\"font-size:0.7em!important;display:none;\" class=\"supsystic-social-sharing supsystic-social-sharing-package-flat supsystic-social-sharing-spacing supsystic-social-sharing-content supsystic-social-sharing-content-align-left\" data-text=\"\"><a data-networks=\"[]\" class=\"social-sharing-button sharer-flat sharer-flat-1 counter-standard without-counter tooltip-icon facebook\" target=\"_blank\" title=\"auf Facebook teilen\" href=\"http:\/\/www.facebook.com\/sharer.php?u=https%3A%2F%2Fmia.phtg.ch%2F%3Fp%3D2682\" data-main-href=\"http:\/\/www.facebook.com\/sharer.php?u={url}\" data-nid=\"1\" data-name=\"\" data-pid=\"1\" data-post-id=\"2682\" data-url=\"https:\/\/mia.phtg.ch\/wp-admin\/admin-ajax.php\" rel=\"nofollow\" data-mailto=\"\"><i class=\"fa-ssbs fa-ssbs-fw fa-ssbs-facebook\"><\/i><div class=\"counter-wrap standard\"><span class=\"counter\">0<\/span><\/div><\/a><a data-networks=\"[]\" class=\"social-sharing-button sharer-flat sharer-flat-1 counter-standard without-counter tooltip-icon twitter\" target=\"_blank\" title=\"auf Twitter teilen\" href=\"https:\/\/twitter.com\/share?url=https%3A%2F%2Fmia.phtg.ch%2F%3Fp%3D2682&text=iScout-+damals+und+heute\" data-main-href=\"https:\/\/twitter.com\/share?url={url}&text={title}\" data-nid=\"2\" data-name=\"\" data-pid=\"1\" data-post-id=\"2682\" data-url=\"https:\/\/mia.phtg.ch\/wp-admin\/admin-ajax.php\" rel=\"nofollow\" data-mailto=\"\"><i class=\"fa-ssbs fa-ssbs-fw fa-ssbs-twitter\"><\/i><div class=\"counter-wrap standard\"><span class=\"counter\">1<\/span><\/div><\/a><a data-networks=\"[]\" class=\"social-sharing-button sharer-flat sharer-flat-1 counter-standard without-counter tooltip-icon linkedin\" target=\"_blank\" title=\"auf Linkedin teilen\" href=\"https:\/\/www.linkedin.com\/shareArticle?mini=true&title=iScout-+damals+und+heute&url=https%3A%2F%2Fmia.phtg.ch%2F%3Fp%3D2682\" data-main-href=\"https:\/\/www.linkedin.com\/shareArticle?mini=true&title={title}&url={url}\" data-nid=\"13\" data-name=\"\" data-pid=\"1\" data-post-id=\"2682\" data-url=\"https:\/\/mia.phtg.ch\/wp-admin\/admin-ajax.php\" rel=\"nofollow\" data-mailto=\"\"><i class=\"fa-ssbs fa-ssbs-fw fa-ssbs-linkedin\"><\/i><div class=\"counter-wrap standard\"><span class=\"counter\">0<\/span><\/div><\/a><a data-networks=\"[]\" class=\"social-sharing-button sharer-flat sharer-flat-1 counter-standard without-counter tooltip-icon mail\" target=\"_blank\" title=\"per E-Mail teilen\" href=\"#\" data-main-href=\"#\" data-nid=\"16\" data-name=\"\" data-pid=\"1\" data-post-id=\"2682\" data-url=\"https:\/\/mia.phtg.ch\/wp-admin\/admin-ajax.php\" rel=\"nofollow\" data-mailto=\"\"><i class=\"fa-ssbs fa-ssbs-fw fa-ssbs-envelope-o\"><\/i><div class=\"counter-wrap standard\"><span class=\"counter\">0<\/span><\/div><\/a><\/div>","protected":false},"author":24,"featured_media":2683,"comment_status":"open","ping_status":"open","sticky":false,"template":"","format":"standard","meta":{"footnotes":""},"categories":[275,24,230,51,290],"tags":[115,272,41,195],"class_list":["post-2682","post","type-post","status-publish","format-standard","has-post-thumbnail","hentry","category-iscout","category-mia","category-primarstufe","category-weiterbildung","category-zyklus-1","tag-zyklus-1","tag-interview","tag-iscout","tag-iscout-ausbildung"],"_links":{"self":[{"href":"https:\/\/mia.phtg.ch\/index.php?rest_route=\/wp\/v2\/posts\/2682","targetHints":{"allow":["GET"]}}],"collection":[{"href":"https:\/\/mia.phtg.ch\/index.php?rest_route=\/wp\/v2\/posts"}],"about":[{"href":"https:\/\/mia.phtg.ch\/index.php?rest_route=\/wp\/v2\/types\/post"}],"author":[{"embeddable":true,"href":"https:\/\/mia.phtg.ch\/index.php?rest_route=\/wp\/v2\/users\/24"}],"replies":[{"embeddable":true,"href":"https:\/\/mia.phtg.ch\/index.php?rest_route=%2Fwp%2Fv2%2Fcomments&post=2682"}],"version-history":[{"count":12,"href":"https:\/\/mia.phtg.ch\/index.php?rest_route=\/wp\/v2\/posts\/2682\/revisions"}],"predecessor-version":[{"id":2894,"href":"https:\/\/mia.phtg.ch\/index.php?rest_route=\/wp\/v2\/posts\/2682\/revisions\/2894"}],"wp:featuredmedia":[{"embeddable":true,"href":"https:\/\/mia.phtg.ch\/index.php?rest_route=\/wp\/v2\/media\/2683"}],"wp:attachment":[{"href":"https:\/\/mia.phtg.ch\/index.php?rest_route=%2Fwp%2Fv2%2Fmedia&parent=2682"}],"wp:term":[{"taxonomy":"category","embeddable":true,"href":"https:\/\/mia.phtg.ch\/index.php?rest_route=%2Fwp%2Fv2%2Fcategories&post=2682"},{"taxonomy":"post_tag","embeddable":true,"href":"https:\/\/mia.phtg.ch\/index.php?rest_route=%2Fwp%2Fv2%2Ftags&post=2682"}],"curies":[{"name":"wp","href":"https:\/\/api.w.org\/{rel}","templated":true}]}}