{"id":2712,"date":"2021-05-19T15:15:58","date_gmt":"2021-05-19T13:15:58","guid":{"rendered":"https:\/\/mia.phtg.ch\/?p=2712"},"modified":"2021-05-19T15:24:16","modified_gmt":"2021-05-19T13:24:16","slug":"neue-mia21-angebote-iscout-ausbildung-2021-22","status":"publish","type":"post","link":"https:\/\/mia.phtg.ch\/?p=2712","title":{"rendered":"Neue MIA21-Angebote | iScout-Ausbildung 2021\/22"},"content":{"rendered":"\n<h1 class=\"wp-block-heading\"><strong>Neue MIA21-Angebote | iScout-Ausbildung <\/strong><\/h1>\n\n\n\n<h2 class=\"wp-block-heading\"><strong>MIA21<\/strong><\/h2>\n\n\n\n<p>Die <strong><a rel=\"noreferrer noopener\" href=\"https:\/\/mdz.phtg.ch\/de\/weiterbildung-und-beratung-in-medien-und-informatik\/mia21\/\" target=\"_blank\">MIA21-Angebote<\/a><\/strong> f\u00fcr das Schuljahr 2021\/22 sind online. Wir haben die R\u00fcckmeldungen zu Angebotsw\u00fcnschen wahrgenommen und drei neue Weiterbildungen konzipiert. Zudem finden die Angebote im Bereich der Anwendungskompetenzen neu in einer hybriden Variante statt (1x Pr\u00e4senz an der PHTG, 1x via Zoom).<\/p>\n\n\n\n<ul class=\"wp-block-list\"><li><strong>&#171;Medien und Informatik im Kontext schulischer Heilp\u00e4dagogik&#187;<\/strong> ist besonders auf die Bed\u00fcrfnisse der SHPs ausgerichtet. <\/li><li><strong>&#171;Erg\u00e4nzungskurs Medien f\u00fcr den 2. Zyklus (Profil A auf B1)&#187;<\/strong> eignet sich f\u00fcr Lehrpersonen, welche die MIA-Ausbildung mit dem Profil A abgeschlossen haben, nun aber im Zyklus 2 unterrichten und somit das Profil B1 ben\u00f6tigen.<\/li><li><strong>&#171;Lernen mit digitalen Medien&#187;<\/strong> eignet sich f\u00fcr Lehrpersonen, welche sich mit verschiedenen digitalen Werkzeugen und Modellen auseinandersetzen und so ihre didaktischen Entscheidungen hinsichtlich der Medienwahl differenzierter gestalten m\u00f6chten.<\/li><\/ul>\n\n\n\n<h2 class=\"wp-block-heading\"><strong>iScout-Ausbildung:<\/strong> Anmeldung 2021\/22<\/h2>\n\n\n\n<p>iScouts \u00fcbernehmen in Thurgauer Schulen wichtige Aufgaben im Bereich Medienbildung, Informatik und Anwendungskompetenzen, welche \u00fcber die Einf\u00fchrung und Umsetzung des Modullehrplans Medien und Informatik hinausgehen. Das Modul &#171;Ausbildung zum iScout&#187; setzt Schwerpunkte in den Handlungsfeldern:<\/p>\n\n\n\n<ul class=\"wp-block-list\"><li>Weiterentwicklung &amp; Vernetzung<\/li><li>Technik &amp; Prozesse<\/li><li>Organisation &amp; Unterricht<\/li><\/ul>\n\n\n\n<p>Weitere Informationen und das Anmeldeformular<strong> <\/strong>f\u00fcr die<a href=\"https:\/\/www.phtg.ch\/de\/weiterbildung\/uebersicht\/individuelle-weiterbildung\/medien-und-informatik\/ausbildung-zum-iscout\/\" target=\"_blank\" rel=\"noreferrer noopener\"><strong> iScout-Ausbildung 2021\/22.<\/strong><\/a><\/p>\n\n\n\n<figure class=\"wp-block-embed is-type-rich is-provider-handler-einbetten wp-block-embed-handler-einbetten wp-embed-aspect-16-9 wp-has-aspect-ratio\"><div class=\"wp-block-embed__wrapper\">\n<iframe loading=\"lazy\" title=\"Ausbildung zum iScout\" width=\"843\" height=\"474\" src=\"https:\/\/www.youtube.com\/embed\/uu9Re-ZYZBQ?feature=oembed\" frameborder=\"0\" allow=\"accelerometer; autoplay; clipboard-write; encrypted-media; gyroscope; picture-in-picture\" allowfullscreen><\/iframe>\n<\/div><\/figure>\n\n\n\n<p><\/p>\n<div data-animation=\"no-animation\" data-icons-animation=\"no-animation\" data-overlay=\"\" data-change-size=\"\" data-button-size=\"0.7\" style=\"font-size:0.7em!important;display:none;\" class=\"supsystic-social-sharing supsystic-social-sharing-package-flat supsystic-social-sharing-spacing supsystic-social-sharing-content supsystic-social-sharing-content-align-left\" data-text=\"\"><a data-networks=\"[]\" class=\"social-sharing-button sharer-flat sharer-flat-1 counter-standard without-counter tooltip-icon facebook\" target=\"_blank\" title=\"auf Facebook teilen\" href=\"http:\/\/www.facebook.com\/sharer.php?u=https%3A%2F%2Fmia.phtg.ch%2F%3Fp%3D2712\" data-main-href=\"http:\/\/www.facebook.com\/sharer.php?u={url}\" data-nid=\"1\" data-name=\"\" data-pid=\"1\" data-post-id=\"2712\" data-url=\"https:\/\/mia.phtg.ch\/wp-admin\/admin-ajax.php\" rel=\"nofollow\" data-mailto=\"\"><i class=\"fa-ssbs fa-ssbs-fw fa-ssbs-facebook\"><\/i><div class=\"counter-wrap standard\"><span class=\"counter\">0<\/span><\/div><\/a><a data-networks=\"[]\" class=\"social-sharing-button sharer-flat sharer-flat-1 counter-standard without-counter tooltip-icon twitter\" target=\"_blank\" title=\"auf Twitter teilen\" href=\"https:\/\/twitter.com\/share?url=https%3A%2F%2Fmia.phtg.ch%2F%3Fp%3D2712&text=Neue+MIA21-Angebote+%7C+iScout-Ausbildung+2021%2F22\" data-main-href=\"https:\/\/twitter.com\/share?url={url}&text={title}\" data-nid=\"2\" data-name=\"\" data-pid=\"1\" data-post-id=\"2712\" data-url=\"https:\/\/mia.phtg.ch\/wp-admin\/admin-ajax.php\" rel=\"nofollow\" data-mailto=\"\"><i class=\"fa-ssbs fa-ssbs-fw fa-ssbs-twitter\"><\/i><div class=\"counter-wrap standard\"><span class=\"counter\">0<\/span><\/div><\/a><a data-networks=\"[]\" class=\"social-sharing-button sharer-flat sharer-flat-1 counter-standard without-counter tooltip-icon linkedin\" target=\"_blank\" title=\"auf Linkedin teilen\" href=\"https:\/\/www.linkedin.com\/shareArticle?mini=true&title=Neue+MIA21-Angebote+%7C+iScout-Ausbildung+2021%2F22&url=https%3A%2F%2Fmia.phtg.ch%2F%3Fp%3D2712\" data-main-href=\"https:\/\/www.linkedin.com\/shareArticle?mini=true&title={title}&url={url}\" data-nid=\"13\" data-name=\"\" data-pid=\"1\" data-post-id=\"2712\" data-url=\"https:\/\/mia.phtg.ch\/wp-admin\/admin-ajax.php\" rel=\"nofollow\" data-mailto=\"\"><i class=\"fa-ssbs fa-ssbs-fw fa-ssbs-linkedin\"><\/i><div class=\"counter-wrap standard\"><span class=\"counter\">0<\/span><\/div><\/a><a data-networks=\"[]\" class=\"social-sharing-button sharer-flat sharer-flat-1 counter-standard without-counter tooltip-icon mail\" target=\"_blank\" title=\"per E-Mail teilen\" href=\"#\" data-main-href=\"#\" data-nid=\"16\" data-name=\"\" data-pid=\"1\" data-post-id=\"2712\" data-url=\"https:\/\/mia.phtg.ch\/wp-admin\/admin-ajax.php\" rel=\"nofollow\" data-mailto=\"\"><i class=\"fa-ssbs fa-ssbs-fw fa-ssbs-envelope-o\"><\/i><div class=\"counter-wrap standard\"><span class=\"counter\">2<\/span><\/div><\/a><\/div>","protected":false},"excerpt":{"rendered":"<p>Neue MIA21-Angebote | iScout-Ausbildung MIA21 Die MIA21-Angebote f\u00fcr das Schuljahr 2021\/22 sind online. Wir haben die R\u00fcckmeldungen zu Angebotsw\u00fcnschen wahrgenommen und drei neue Weiterbildungen konzipiert.&hellip;<\/p>\n<div data-animation=\"no-animation\" data-icons-animation=\"no-animation\" data-overlay=\"\" data-change-size=\"\" data-button-size=\"0.7\" style=\"font-size:0.7em!important;display:none;\" class=\"supsystic-social-sharing supsystic-social-sharing-package-flat supsystic-social-sharing-spacing supsystic-social-sharing-content supsystic-social-sharing-content-align-left\" data-text=\"\"><a data-networks=\"[]\" class=\"social-sharing-button sharer-flat sharer-flat-1 counter-standard without-counter tooltip-icon facebook\" target=\"_blank\" title=\"auf Facebook teilen\" href=\"http:\/\/www.facebook.com\/sharer.php?u=https%3A%2F%2Fmia.phtg.ch%2F%3Fp%3D2712\" data-main-href=\"http:\/\/www.facebook.com\/sharer.php?u={url}\" data-nid=\"1\" data-name=\"\" data-pid=\"1\" data-post-id=\"2712\" data-url=\"https:\/\/mia.phtg.ch\/wp-admin\/admin-ajax.php\" rel=\"nofollow\" data-mailto=\"\"><i class=\"fa-ssbs fa-ssbs-fw fa-ssbs-facebook\"><\/i><div class=\"counter-wrap standard\"><span class=\"counter\">0<\/span><\/div><\/a><a data-networks=\"[]\" class=\"social-sharing-button sharer-flat sharer-flat-1 counter-standard without-counter tooltip-icon twitter\" target=\"_blank\" title=\"auf Twitter teilen\" href=\"https:\/\/twitter.com\/share?url=https%3A%2F%2Fmia.phtg.ch%2F%3Fp%3D2712&text=Neue+MIA21-Angebote+%7C+iScout-Ausbildung+2021%2F22\" data-main-href=\"https:\/\/twitter.com\/share?url={url}&text={title}\" data-nid=\"2\" data-name=\"\" data-pid=\"1\" data-post-id=\"2712\" data-url=\"https:\/\/mia.phtg.ch\/wp-admin\/admin-ajax.php\" rel=\"nofollow\" data-mailto=\"\"><i class=\"fa-ssbs fa-ssbs-fw fa-ssbs-twitter\"><\/i><div class=\"counter-wrap standard\"><span class=\"counter\">0<\/span><\/div><\/a><a data-networks=\"[]\" class=\"social-sharing-button sharer-flat sharer-flat-1 counter-standard without-counter tooltip-icon linkedin\" target=\"_blank\" title=\"auf Linkedin teilen\" href=\"https:\/\/www.linkedin.com\/shareArticle?mini=true&title=Neue+MIA21-Angebote+%7C+iScout-Ausbildung+2021%2F22&url=https%3A%2F%2Fmia.phtg.ch%2F%3Fp%3D2712\" data-main-href=\"https:\/\/www.linkedin.com\/shareArticle?mini=true&title={title}&url={url}\" data-nid=\"13\" data-name=\"\" data-pid=\"1\" data-post-id=\"2712\" data-url=\"https:\/\/mia.phtg.ch\/wp-admin\/admin-ajax.php\" rel=\"nofollow\" data-mailto=\"\"><i class=\"fa-ssbs fa-ssbs-fw fa-ssbs-linkedin\"><\/i><div class=\"counter-wrap standard\"><span class=\"counter\">0<\/span><\/div><\/a><a data-networks=\"[]\" class=\"social-sharing-button sharer-flat sharer-flat-1 counter-standard without-counter tooltip-icon mail\" target=\"_blank\" title=\"per E-Mail teilen\" href=\"#\" data-main-href=\"#\" data-nid=\"16\" data-name=\"\" data-pid=\"1\" data-post-id=\"2712\" data-url=\"https:\/\/mia.phtg.ch\/wp-admin\/admin-ajax.php\" rel=\"nofollow\" data-mailto=\"\"><i class=\"fa-ssbs fa-ssbs-fw fa-ssbs-envelope-o\"><\/i><div class=\"counter-wrap standard\"><span class=\"counter\">2<\/span><\/div><\/a><\/div>","protected":false},"author":1,"featured_media":2714,"comment_status":"open","ping_status":"open","sticky":false,"template":"","format":"standard","meta":{"footnotes":""},"categories":[275,24,51],"tags":[292,37,42],"class_list":["post-2712","post","type-post","status-publish","format-standard","has-post-thumbnail","hentry","category-iscout","category-mia","category-weiterbildung","tag-lehrpersonen","tag-phtg","tag-weiterbildung"],"_links":{"self":[{"href":"https:\/\/mia.phtg.ch\/index.php?rest_route=\/wp\/v2\/posts\/2712","targetHints":{"allow":["GET"]}}],"collection":[{"href":"https:\/\/mia.phtg.ch\/index.php?rest_route=\/wp\/v2\/posts"}],"about":[{"href":"https:\/\/mia.phtg.ch\/index.php?rest_route=\/wp\/v2\/types\/post"}],"author":[{"embeddable":true,"href":"https:\/\/mia.phtg.ch\/index.php?rest_route=\/wp\/v2\/users\/1"}],"replies":[{"embeddable":true,"href":"https:\/\/mia.phtg.ch\/index.php?rest_route=%2Fwp%2Fv2%2Fcomments&post=2712"}],"version-history":[{"count":48,"href":"https:\/\/mia.phtg.ch\/index.php?rest_route=\/wp\/v2\/posts\/2712\/revisions"}],"predecessor-version":[{"id":2873,"href":"https:\/\/mia.phtg.ch\/index.php?rest_route=\/wp\/v2\/posts\/2712\/revisions\/2873"}],"wp:featuredmedia":[{"embeddable":true,"href":"https:\/\/mia.phtg.ch\/index.php?rest_route=\/wp\/v2\/media\/2714"}],"wp:attachment":[{"href":"https:\/\/mia.phtg.ch\/index.php?rest_route=%2Fwp%2Fv2%2Fmedia&parent=2712"}],"wp:term":[{"taxonomy":"category","embeddable":true,"href":"https:\/\/mia.phtg.ch\/index.php?rest_route=%2Fwp%2Fv2%2Fcategories&post=2712"},{"taxonomy":"post_tag","embeddable":true,"href":"https:\/\/mia.phtg.ch\/index.php?rest_route=%2Fwp%2Fv2%2Ftags&post=2712"}],"curies":[{"name":"wp","href":"https:\/\/api.w.org\/{rel}","templated":true}]}}