{"id":2922,"date":"2021-06-10T16:25:48","date_gmt":"2021-06-10T14:25:48","guid":{"rendered":"https:\/\/mia.phtg.ch\/?p=2922"},"modified":"2021-06-10T16:25:50","modified_gmt":"2021-06-10T14:25:50","slug":"erkenntnisse-aus-der-praxis-des-fernunterrichts-im-kanton-thurgau","status":"publish","type":"post","link":"https:\/\/mia.phtg.ch\/?p=2922","title":{"rendered":"Erkenntnisse aus der Praxis des Fernunterrichts im Kanton Thurgau"},"content":{"rendered":"\n<p>Das AV hatte im M\u00e4rz 2020 gemeinsam mit der PHTG das <strong><a rel=\"noreferrer noopener\" href=\"https:\/\/schulnetztg.sharepoint.com\/:o:\/s\/fernunterricht\/EvlrNr-i7B9HnMpRoG5k1QIB5W59Khc5Rg_y6d5czlDtrQ?e=ZlZnwqhttps:\/\/schulnetztg.sharepoint.com\/sites\/fernunterricht\/_layouts\/15\/Doc.aspx?sourcedoc=%7bbf366bf9-eca2-471f-9cca-51a06e64d502%7d&amp;action=view&amp;wd=target%28Hinweise.one%7C3d040032-c1e9-43de-b721-56dcc340ddbe%2FZum%20Einstieg%7Cae29d6ef-2c2d-473d-a036-f0342524641d%2F%29\" target=\"_blank\">Unterst\u00fctzungsangebot Fernunterricht<\/a><\/strong> entwickelt und den Schulen zur Verf\u00fcgung gestellt. Nach der Wiederaufnahme des Pr\u00e4senzunterrichts wurden Schulleitungen, Lehrpersonen und iScouts der Thurgauer Volksschule eingeladen, an einem R\u00fcckblick auf den Fernunterricht teilzunehmen. Die Resultate des R\u00fcckblicks wurden in einem <strong><a href=\"https:\/\/av.tg.ch\/public\/upload\/assets\/102082\/RueckblickFernunterricht_Kurzbericht.pdf\" target=\"_blank\" rel=\"noreferrer noopener\">Kurzbericht<\/a> <\/strong>zusammengefasst und dienten als Grundlage f\u00fcr die nun vorliegende <strong><a rel=\"noreferrer noopener\" href=\"https:\/\/av.tg.ch\/public\/upload\/assets\/113578\/UmsetzungshilfeFernunterricht.pdf\" target=\"_blank\">Umsetzungshilfe<\/a><\/strong>. Sie beschreibt entlang von 9 Handlungsfeldern Erkenntnisse aus der Praxis des Fernunterrichts vom 16. M\u00e4rz bis 08. Mai 2020.<\/p>\n\n\n\n<p>Titelbild: by <a href=\"https:\/\/unsplash.com\/@jonasjacobsson?utm_source=unsplash&amp;utm_medium=referral&amp;utm_content=creditCopyText\">Jonas Jacobsson<\/a> on <a href=\"https:\/\/unsplash.com\/s\/photos\/help?utm_source=unsplash&amp;utm_medium=referral&amp;utm_content=creditCopyText\">Unsplash<\/a><\/p>\n<div data-animation=\"no-animation\" data-icons-animation=\"no-animation\" data-overlay=\"\" data-change-size=\"\" data-button-size=\"0.7\" style=\"font-size:0.7em!important;display:none;\" class=\"supsystic-social-sharing supsystic-social-sharing-package-flat supsystic-social-sharing-spacing supsystic-social-sharing-content supsystic-social-sharing-content-align-left\" data-text=\"\"><a data-networks=\"[]\" class=\"social-sharing-button sharer-flat sharer-flat-1 counter-standard without-counter tooltip-icon facebook\" target=\"_blank\" title=\"auf Facebook teilen\" href=\"http:\/\/www.facebook.com\/sharer.php?u=https%3A%2F%2Fmia.phtg.ch%2F%3Fp%3D2922\" data-main-href=\"http:\/\/www.facebook.com\/sharer.php?u={url}\" data-nid=\"1\" data-name=\"\" data-pid=\"1\" data-post-id=\"2922\" data-url=\"https:\/\/mia.phtg.ch\/wp-admin\/admin-ajax.php\" rel=\"nofollow\" data-mailto=\"\"><i class=\"fa-ssbs fa-ssbs-fw fa-ssbs-facebook\"><\/i><div class=\"counter-wrap standard\"><span class=\"counter\">0<\/span><\/div><\/a><a data-networks=\"[]\" class=\"social-sharing-button sharer-flat sharer-flat-1 counter-standard without-counter tooltip-icon twitter\" target=\"_blank\" title=\"auf Twitter teilen\" href=\"https:\/\/twitter.com\/share?url=https%3A%2F%2Fmia.phtg.ch%2F%3Fp%3D2922&text=Erkenntnisse+aus+der+Praxis+des+Fernunterrichts+im+Kanton+Thurgau\" data-main-href=\"https:\/\/twitter.com\/share?url={url}&text={title}\" data-nid=\"2\" data-name=\"\" data-pid=\"1\" data-post-id=\"2922\" data-url=\"https:\/\/mia.phtg.ch\/wp-admin\/admin-ajax.php\" rel=\"nofollow\" data-mailto=\"\"><i class=\"fa-ssbs fa-ssbs-fw fa-ssbs-twitter\"><\/i><div class=\"counter-wrap standard\"><span class=\"counter\">0<\/span><\/div><\/a><a data-networks=\"[]\" class=\"social-sharing-button sharer-flat sharer-flat-1 counter-standard without-counter tooltip-icon linkedin\" target=\"_blank\" title=\"auf Linkedin teilen\" href=\"https:\/\/www.linkedin.com\/shareArticle?mini=true&title=Erkenntnisse+aus+der+Praxis+des+Fernunterrichts+im+Kanton+Thurgau&url=https%3A%2F%2Fmia.phtg.ch%2F%3Fp%3D2922\" data-main-href=\"https:\/\/www.linkedin.com\/shareArticle?mini=true&title={title}&url={url}\" data-nid=\"13\" data-name=\"\" data-pid=\"1\" data-post-id=\"2922\" data-url=\"https:\/\/mia.phtg.ch\/wp-admin\/admin-ajax.php\" rel=\"nofollow\" data-mailto=\"\"><i class=\"fa-ssbs fa-ssbs-fw fa-ssbs-linkedin\"><\/i><div class=\"counter-wrap standard\"><span class=\"counter\">0<\/span><\/div><\/a><a data-networks=\"[]\" class=\"social-sharing-button sharer-flat sharer-flat-1 counter-standard without-counter tooltip-icon mail\" target=\"_blank\" title=\"per E-Mail teilen\" href=\"#\" data-main-href=\"#\" data-nid=\"16\" data-name=\"\" data-pid=\"1\" data-post-id=\"2922\" data-url=\"https:\/\/mia.phtg.ch\/wp-admin\/admin-ajax.php\" rel=\"nofollow\" data-mailto=\"\"><i class=\"fa-ssbs fa-ssbs-fw fa-ssbs-envelope-o\"><\/i><div class=\"counter-wrap standard\"><span class=\"counter\">0<\/span><\/div><\/a><\/div>","protected":false},"excerpt":{"rendered":"<p>Das AV hatte im M\u00e4rz 2020 gemeinsam mit der PHTG das Unterst\u00fctzungsangebot Fernunterricht entwickelt und den Schulen zur Verf\u00fcgung gestellt. Nach der Wiederaufnahme des Pr\u00e4senzunterrichts&hellip;<\/p>\n<div data-animation=\"no-animation\" data-icons-animation=\"no-animation\" data-overlay=\"\" data-change-size=\"\" data-button-size=\"0.7\" style=\"font-size:0.7em!important;display:none;\" class=\"supsystic-social-sharing supsystic-social-sharing-package-flat supsystic-social-sharing-spacing supsystic-social-sharing-content supsystic-social-sharing-content-align-left\" data-text=\"\"><a data-networks=\"[]\" class=\"social-sharing-button sharer-flat sharer-flat-1 counter-standard without-counter tooltip-icon facebook\" target=\"_blank\" title=\"auf Facebook teilen\" href=\"http:\/\/www.facebook.com\/sharer.php?u=https%3A%2F%2Fmia.phtg.ch%2F%3Fp%3D2922\" data-main-href=\"http:\/\/www.facebook.com\/sharer.php?u={url}\" data-nid=\"1\" data-name=\"\" data-pid=\"1\" data-post-id=\"2922\" data-url=\"https:\/\/mia.phtg.ch\/wp-admin\/admin-ajax.php\" rel=\"nofollow\" data-mailto=\"\"><i class=\"fa-ssbs fa-ssbs-fw fa-ssbs-facebook\"><\/i><div class=\"counter-wrap standard\"><span class=\"counter\">0<\/span><\/div><\/a><a data-networks=\"[]\" class=\"social-sharing-button sharer-flat sharer-flat-1 counter-standard without-counter tooltip-icon twitter\" target=\"_blank\" title=\"auf Twitter teilen\" href=\"https:\/\/twitter.com\/share?url=https%3A%2F%2Fmia.phtg.ch%2F%3Fp%3D2922&text=Erkenntnisse+aus+der+Praxis+des+Fernunterrichts+im+Kanton+Thurgau\" data-main-href=\"https:\/\/twitter.com\/share?url={url}&text={title}\" data-nid=\"2\" data-name=\"\" data-pid=\"1\" data-post-id=\"2922\" data-url=\"https:\/\/mia.phtg.ch\/wp-admin\/admin-ajax.php\" rel=\"nofollow\" data-mailto=\"\"><i class=\"fa-ssbs fa-ssbs-fw fa-ssbs-twitter\"><\/i><div class=\"counter-wrap standard\"><span class=\"counter\">0<\/span><\/div><\/a><a data-networks=\"[]\" class=\"social-sharing-button sharer-flat sharer-flat-1 counter-standard without-counter tooltip-icon linkedin\" target=\"_blank\" title=\"auf Linkedin teilen\" href=\"https:\/\/www.linkedin.com\/shareArticle?mini=true&title=Erkenntnisse+aus+der+Praxis+des+Fernunterrichts+im+Kanton+Thurgau&url=https%3A%2F%2Fmia.phtg.ch%2F%3Fp%3D2922\" data-main-href=\"https:\/\/www.linkedin.com\/shareArticle?mini=true&title={title}&url={url}\" data-nid=\"13\" data-name=\"\" data-pid=\"1\" data-post-id=\"2922\" data-url=\"https:\/\/mia.phtg.ch\/wp-admin\/admin-ajax.php\" rel=\"nofollow\" data-mailto=\"\"><i class=\"fa-ssbs fa-ssbs-fw fa-ssbs-linkedin\"><\/i><div class=\"counter-wrap standard\"><span class=\"counter\">0<\/span><\/div><\/a><a data-networks=\"[]\" class=\"social-sharing-button sharer-flat sharer-flat-1 counter-standard without-counter tooltip-icon mail\" target=\"_blank\" title=\"per E-Mail teilen\" href=\"#\" data-main-href=\"#\" data-nid=\"16\" data-name=\"\" data-pid=\"1\" data-post-id=\"2922\" data-url=\"https:\/\/mia.phtg.ch\/wp-admin\/admin-ajax.php\" rel=\"nofollow\" data-mailto=\"\"><i class=\"fa-ssbs fa-ssbs-fw fa-ssbs-envelope-o\"><\/i><div class=\"counter-wrap standard\"><span class=\"counter\">0<\/span><\/div><\/a><\/div>","protected":false},"author":14,"featured_media":2925,"comment_status":"open","ping_status":"open","sticky":false,"template":"","format":"standard","meta":{"footnotes":""},"categories":[66,131,226,275,4,38,11,69,1],"tags":[233,273,328],"class_list":["post-2922","post","type-post","status-publish","format-standard","has-post-thumbnail","hentry","category-av","category-digitale-transformation","category-fernlernen","category-iscout","category-online","category-phtg","category-ressourcen","category-studien","category-uncategorized","tag-fernunterricht","tag-schulleitung","tag-umsetzungshilfe"],"_links":{"self":[{"href":"https:\/\/mia.phtg.ch\/index.php?rest_route=\/wp\/v2\/posts\/2922","targetHints":{"allow":["GET"]}}],"collection":[{"href":"https:\/\/mia.phtg.ch\/index.php?rest_route=\/wp\/v2\/posts"}],"about":[{"href":"https:\/\/mia.phtg.ch\/index.php?rest_route=\/wp\/v2\/types\/post"}],"author":[{"embeddable":true,"href":"https:\/\/mia.phtg.ch\/index.php?rest_route=\/wp\/v2\/users\/14"}],"replies":[{"embeddable":true,"href":"https:\/\/mia.phtg.ch\/index.php?rest_route=%2Fwp%2Fv2%2Fcomments&post=2922"}],"version-history":[{"count":4,"href":"https:\/\/mia.phtg.ch\/index.php?rest_route=\/wp\/v2\/posts\/2922\/revisions"}],"predecessor-version":[{"id":2927,"href":"https:\/\/mia.phtg.ch\/index.php?rest_route=\/wp\/v2\/posts\/2922\/revisions\/2927"}],"wp:featuredmedia":[{"embeddable":true,"href":"https:\/\/mia.phtg.ch\/index.php?rest_route=\/wp\/v2\/media\/2925"}],"wp:attachment":[{"href":"https:\/\/mia.phtg.ch\/index.php?rest_route=%2Fwp%2Fv2%2Fmedia&parent=2922"}],"wp:term":[{"taxonomy":"category","embeddable":true,"href":"https:\/\/mia.phtg.ch\/index.php?rest_route=%2Fwp%2Fv2%2Fcategories&post=2922"},{"taxonomy":"post_tag","embeddable":true,"href":"https:\/\/mia.phtg.ch\/index.php?rest_route=%2Fwp%2Fv2%2Ftags&post=2922"}],"curies":[{"name":"wp","href":"https:\/\/api.w.org\/{rel}","templated":true}]}}