{"id":3152,"date":"2021-10-29T13:52:53","date_gmt":"2021-10-29T11:52:53","guid":{"rendered":"https:\/\/mia.phtg.ch\/?p=3152"},"modified":"2021-10-29T13:52:56","modified_gmt":"2021-10-29T11:52:56","slug":"weiterbildungsangebote-medien-und-informatik-ab-2022","status":"publish","type":"post","link":"https:\/\/mia.phtg.ch\/?p=3152","title":{"rendered":"Weiterbildungsangebote Medien und Informatik ab 2022"},"content":{"rendered":"\n<h2 class=\"wp-block-heading\">MIA21-Weiterbildungen<\/h2>\n\n\n\n<p>Ab 2022 werden die MIA21-Kompaktkurse im Bereich Informatik f\u00fcr den 2. und 3. Zyklus gemeinsam durchgef\u00fchrt. Wir haben in den letzten Jahren an den Schulen vor Ort gute Erfahrungen mit diesem Format sammeln k\u00f6nnen.<br>Dank einem umfangreichen, gut kuratierten Materialien-Pool&nbsp;kann eine (selbst\u00e4ndige) individuelle und stufenspezifische Vertiefung, begleitet durch die Kursleitung, stattfinden. Durch den Austausch der Teilnehmenden aus beiden Zyklen in diesem Format k\u00f6nnen die&nbsp;relevanten Schnittstellen besser wahrgenommen&nbsp;und genauer beleuchtet werden.<\/p>\n\n\n\n<p><strong><a href=\"https:\/\/www.phtg.ch\/de\/weiterbildung\/uebersicht\/weiterbildungsfinder\/detail\/kurse\/3578-mia2124800-kompaktweiterbildung-3-zyklus-informatik\/backPid\/2666\/\" data-type=\"URL\" data-id=\"https:\/\/www.phtg.ch\/de\/weiterbildung\/uebersicht\/weiterbildungsfinder\/detail\/kurse\/3578-mia2124800-kompaktweiterbildung-3-zyklus-informatik\/backPid\/2666\/\" target=\"_blank\" rel=\"noreferrer noopener\">Link zur Kursausschreibung<\/a><\/strong><\/p>\n\n\n\n<p><\/p>\n\n\n\n<h2 class=\"wp-block-heading\">Individuelles Weiterbildungsprogramm (INWB-Angebot)<\/h2>\n\n\n\n<p>Direkt via Weiterbildungsfinder buchbar. <\/p>\n\n\n\n<ul class=\"wp-block-list\"><li><a href=\"https:\/\/www.phtg.ch\/weiterbildung\/uebersicht\/weiterbildungsfinder\/detail\/kurse\/3635-2121101-codieren-sortieren-programmieren\/backPid\/2666\/\" data-type=\"URL\" data-id=\"https:\/\/www.phtg.ch\/weiterbildung\/uebersicht\/weiterbildungsfinder\/detail\/kurse\/3635-2121101-codieren-sortieren-programmieren\/backPid\/2666\/\">Codieren &#8211; Sortieren &#8211; Programmieren: 02. Januar 2022<\/a><\/li><li><a rel=\"noreferrer noopener\" href=\"https:\/\/www.phtg.ch\/weiterbildung\/uebersicht\/weiterbildungsfinder\/detail\/kurse\/3641-2121107-ideenkoffer-ipad-im-unterricht\/backPid\/2666\/\" data-type=\"URL\" data-id=\"https:\/\/www.phtg.ch\/weiterbildung\/uebersicht\/weiterbildungsfinder\/detail\/kurse\/3641-2121107-ideenkoffer-ipad-im-unterricht\/backPid\/2666\/\" target=\"_blank\">Ideenkoffer: iPad im Unterricht: 16. Februar 2022<\/a><\/li><li><a rel=\"noreferrer noopener\" href=\"https:\/\/www.phtg.ch\/weiterbildung\/uebersicht\/weiterbildungsfinder\/detail\/kurse\/3636-2121102-podclass-podcasts-im-unterricht\/backPid\/2666\/\" data-type=\"URL\" data-id=\"https:\/\/www.phtg.ch\/weiterbildung\/uebersicht\/weiterbildungsfinder\/detail\/kurse\/3636-2121102-podclass-podcasts-im-unterricht\/backPid\/2666\/\" target=\"_blank\">PodClass: Podcasts erstellen im Unterricht: 02.M\u00e4rz 2022<\/a><\/li><li><a rel=\"noreferrer noopener\" href=\"https:\/\/www.phtg.ch\/weiterbildung\/uebersicht\/weiterbildungsfinder\/detail\/kurse\/3637-2121103-trickfilme-erstellen-mit-der-stop-motion-technik\/backPid\/2666\/\" data-type=\"URL\" data-id=\"https:\/\/www.phtg.ch\/weiterbildung\/uebersicht\/weiterbildungsfinder\/detail\/kurse\/3637-2121103-trickfilme-erstellen-mit-der-stop-motion-technik\/backPid\/2666\/\" target=\"_blank\">Trickfilme erstellen mit StopMotion: 16. M\u00e4rz 2022<\/a><\/li><li><a rel=\"noreferrer noopener\" href=\"https:\/\/www.phtg.ch\/weiterbildung\/uebersicht\/weiterbildungsfinder\/detail\/kurse\/3644-2121110-3d-drucken-in-der-schule\/backPid\/2666\/\" data-type=\"URL\" data-id=\"https:\/\/www.phtg.ch\/weiterbildung\/uebersicht\/weiterbildungsfinder\/detail\/kurse\/3644-2121110-3d-drucken-in-der-schule\/backPid\/2666\/\" target=\"_blank\">3D-Drucken in der Schule: 20. April 2022<\/a><\/li><li><a rel=\"noreferrer noopener\" href=\"https:\/\/www.phtg.ch\/weiterbildung\/uebersicht\/weiterbildungsfinder\/detail\/kurse\/3638-2121104-digitaler-wandel-als-lehrperson-mitgestalten\/backPid\/2666\/\" data-type=\"URL\" data-id=\"https:\/\/www.phtg.ch\/weiterbildung\/uebersicht\/weiterbildungsfinder\/detail\/kurse\/3638-2121104-digitaler-wandel-als-lehrperson-mitgestalten\/backPid\/2666\/\" target=\"_blank\">Digitaler Wandel als Lehrperson mitgestalten: 04. Mai 2022<\/a><\/li><li><a rel=\"noreferrer noopener\" href=\"https:\/\/www.phtg.ch\/weiterbildung\/uebersicht\/weiterbildungsfinder\/detail\/kurse\/3643-2121109-wie-funktionieren-netflix-co\/backPid\/2666\/\" data-type=\"URL\" data-id=\"https:\/\/www.phtg.ch\/weiterbildung\/uebersicht\/weiterbildungsfinder\/detail\/kurse\/3643-2121109-wie-funktionieren-netflix-co\/backPid\/2666\/\" target=\"_blank\">Wie funktionieren Netflix &amp; Co: 11. Mai 2022<\/a><\/li><li><a rel=\"noreferrer noopener\" href=\"https:\/\/www.phtg.ch\/weiterbildung\/uebersicht\/weiterbildungsfinder\/detail\/kurse\/3642-2121108-appatizers\/backPid\/2666\/\" data-type=\"URL\" data-id=\"https:\/\/www.phtg.ch\/weiterbildung\/uebersicht\/weiterbildungsfinder\/detail\/kurse\/3642-2121108-appatizers\/backPid\/2666\/\" target=\"_blank\">APPatizers: 11. Juni 2022<\/a><\/li><\/ul>\n\n\n\n<p><\/p>\n\n\n\n<h2 class=\"wp-block-heading\">Weiterbildungen f\u00fcr iScouts<\/h2>\n\n\n\n<p>Fresh-up-Angebot: Grundlagen Digitale Fabrikation<\/p>\n\n\n\n<ul class=\"wp-block-list\"><li><a href=\"https:\/\/www.phtg.ch\/weiterbildung\/uebersicht\/weiterbildungsfinder\/detail\/kurse\/3761-mi21249021-iscout-fresh-up-grundlagen-digitale-frabrikation\/backPid\/2666\/\" data-type=\"URL\" data-id=\"https:\/\/www.phtg.ch\/weiterbildung\/uebersicht\/weiterbildungsfinder\/detail\/kurse\/3761-mi21249021-iscout-fresh-up-grundlagen-digitale-frabrikation\/backPid\/2666\/\">3D-Druck: Mittwoch, 26. Januar 2022<\/a><\/li><li><a href=\"https:\/\/www.phtg.ch\/weiterbildung\/uebersicht\/weiterbildungsfinder\/detail\/kurse\/3762-mi21249022-iscout-fresh-up-grundlagen-digitale-frabrikation\/backPid\/2666\/\" data-type=\"URL\" data-id=\"https:\/\/www.phtg.ch\/weiterbildung\/uebersicht\/weiterbildungsfinder\/detail\/kurse\/3762-mi21249022-iscout-fresh-up-grundlagen-digitale-frabrikation\/backPid\/2666\/\">Laser-Cuttting: Mittwoch, 2. M\u00e4rz 2022<\/a><\/li><\/ul>\n\n\n\n<figure class=\"wp-block-image size-full\"><a href=\"https:\/\/mdz.phtg.ch\/fileadmin\/dateiablage\/20_Weiterbildung\/INWB_Kurse\/Dokumente\/Flyer_iScout_fresh_up_Digitale_Produktion_20210611.pdf\"><img loading=\"lazy\" decoding=\"async\" width=\"1017\" height=\"434\" src=\"https:\/\/mia.phtg.ch\/wp-content\/uploads\/2021\/10\/2021-10-29_13-47-47.png\" alt=\"\" class=\"wp-image-3195\" srcset=\"https:\/\/mia.phtg.ch\/wp-content\/uploads\/2021\/10\/2021-10-29_13-47-47.png 1017w, https:\/\/mia.phtg.ch\/wp-content\/uploads\/2021\/10\/2021-10-29_13-47-47-300x128.png 300w, https:\/\/mia.phtg.ch\/wp-content\/uploads\/2021\/10\/2021-10-29_13-47-47-768x328.png 768w\" sizes=\"auto, (max-width: 1017px) 100vw, 1017px\" \/><\/a><figcaption>Bild: Screenshot der Ausschreibung (<a href=\"https:\/\/mdz.phtg.ch\/fileadmin\/dateiablage\/20_Weiterbildung\/INWB_Kurse\/Dokumente\/Flyer_iScout_fresh_up_Digitale_Produktion_20210611.pdf\" data-type=\"URL\" data-id=\"https:\/\/mdz.phtg.ch\/fileadmin\/dateiablage\/20_Weiterbildung\/INWB_Kurse\/Dokumente\/Flyer_iScout_fresh_up_Digitale_Produktion_20210611.pdf\">Link<\/a>)<\/figcaption><\/figure>\n<div data-animation=\"no-animation\" data-icons-animation=\"no-animation\" data-overlay=\"\" data-change-size=\"\" data-button-size=\"0.7\" style=\"font-size:0.7em!important;display:none;\" class=\"supsystic-social-sharing supsystic-social-sharing-package-flat supsystic-social-sharing-spacing supsystic-social-sharing-content supsystic-social-sharing-content-align-left\" data-text=\"\"><a data-networks=\"[]\" class=\"social-sharing-button sharer-flat sharer-flat-1 counter-standard without-counter tooltip-icon facebook\" target=\"_blank\" title=\"auf Facebook teilen\" href=\"http:\/\/www.facebook.com\/sharer.php?u=https%3A%2F%2Fmia.phtg.ch%2F%3Fp%3D3152\" data-main-href=\"http:\/\/www.facebook.com\/sharer.php?u={url}\" data-nid=\"1\" data-name=\"\" data-pid=\"1\" data-post-id=\"3152\" data-url=\"https:\/\/mia.phtg.ch\/wp-admin\/admin-ajax.php\" rel=\"nofollow\" data-mailto=\"\"><i class=\"fa-ssbs fa-ssbs-fw fa-ssbs-facebook\"><\/i><div class=\"counter-wrap standard\"><span class=\"counter\">0<\/span><\/div><\/a><a data-networks=\"[]\" class=\"social-sharing-button sharer-flat sharer-flat-1 counter-standard without-counter tooltip-icon twitter\" target=\"_blank\" title=\"auf Twitter teilen\" href=\"https:\/\/twitter.com\/share?url=https%3A%2F%2Fmia.phtg.ch%2F%3Fp%3D3152&text=Weiterbildungsangebote+Medien+und+Informatik+ab+2022\" data-main-href=\"https:\/\/twitter.com\/share?url={url}&text={title}\" data-nid=\"2\" data-name=\"\" data-pid=\"1\" data-post-id=\"3152\" data-url=\"https:\/\/mia.phtg.ch\/wp-admin\/admin-ajax.php\" rel=\"nofollow\" data-mailto=\"\"><i class=\"fa-ssbs fa-ssbs-fw fa-ssbs-twitter\"><\/i><div class=\"counter-wrap standard\"><span class=\"counter\">0<\/span><\/div><\/a><a data-networks=\"[]\" class=\"social-sharing-button sharer-flat sharer-flat-1 counter-standard without-counter tooltip-icon linkedin\" target=\"_blank\" title=\"auf Linkedin teilen\" href=\"https:\/\/www.linkedin.com\/shareArticle?mini=true&title=Weiterbildungsangebote+Medien+und+Informatik+ab+2022&url=https%3A%2F%2Fmia.phtg.ch%2F%3Fp%3D3152\" data-main-href=\"https:\/\/www.linkedin.com\/shareArticle?mini=true&title={title}&url={url}\" data-nid=\"13\" data-name=\"\" data-pid=\"1\" data-post-id=\"3152\" data-url=\"https:\/\/mia.phtg.ch\/wp-admin\/admin-ajax.php\" rel=\"nofollow\" data-mailto=\"\"><i class=\"fa-ssbs fa-ssbs-fw fa-ssbs-linkedin\"><\/i><div class=\"counter-wrap standard\"><span class=\"counter\">0<\/span><\/div><\/a><a data-networks=\"[]\" class=\"social-sharing-button sharer-flat sharer-flat-1 counter-standard without-counter tooltip-icon mail\" target=\"_blank\" title=\"per E-Mail teilen\" href=\"#\" data-main-href=\"#\" data-nid=\"16\" data-name=\"\" data-pid=\"1\" data-post-id=\"3152\" data-url=\"https:\/\/mia.phtg.ch\/wp-admin\/admin-ajax.php\" rel=\"nofollow\" data-mailto=\"\"><i class=\"fa-ssbs fa-ssbs-fw fa-ssbs-envelope-o\"><\/i><div class=\"counter-wrap standard\"><span class=\"counter\">0<\/span><\/div><\/a><\/div>","protected":false},"excerpt":{"rendered":"<p>MIA21-Weiterbildungen Ab 2022 werden die MIA21-Kompaktkurse im Bereich Informatik f\u00fcr den 2. und 3. Zyklus gemeinsam durchgef\u00fchrt. Wir haben in den letzten Jahren an den&hellip;<\/p>\n<div data-animation=\"no-animation\" data-icons-animation=\"no-animation\" data-overlay=\"\" data-change-size=\"\" data-button-size=\"0.7\" style=\"font-size:0.7em!important;display:none;\" class=\"supsystic-social-sharing supsystic-social-sharing-package-flat supsystic-social-sharing-spacing supsystic-social-sharing-content supsystic-social-sharing-content-align-left\" data-text=\"\"><a data-networks=\"[]\" class=\"social-sharing-button sharer-flat sharer-flat-1 counter-standard without-counter tooltip-icon facebook\" target=\"_blank\" title=\"auf Facebook teilen\" href=\"http:\/\/www.facebook.com\/sharer.php?u=https%3A%2F%2Fmia.phtg.ch%2F%3Fp%3D3152\" data-main-href=\"http:\/\/www.facebook.com\/sharer.php?u={url}\" data-nid=\"1\" data-name=\"\" data-pid=\"1\" data-post-id=\"3152\" data-url=\"https:\/\/mia.phtg.ch\/wp-admin\/admin-ajax.php\" rel=\"nofollow\" data-mailto=\"\"><i class=\"fa-ssbs fa-ssbs-fw fa-ssbs-facebook\"><\/i><div class=\"counter-wrap standard\"><span class=\"counter\">0<\/span><\/div><\/a><a data-networks=\"[]\" class=\"social-sharing-button sharer-flat sharer-flat-1 counter-standard without-counter tooltip-icon twitter\" target=\"_blank\" title=\"auf Twitter teilen\" href=\"https:\/\/twitter.com\/share?url=https%3A%2F%2Fmia.phtg.ch%2F%3Fp%3D3152&text=Weiterbildungsangebote+Medien+und+Informatik+ab+2022\" data-main-href=\"https:\/\/twitter.com\/share?url={url}&text={title}\" data-nid=\"2\" data-name=\"\" data-pid=\"1\" data-post-id=\"3152\" data-url=\"https:\/\/mia.phtg.ch\/wp-admin\/admin-ajax.php\" rel=\"nofollow\" data-mailto=\"\"><i class=\"fa-ssbs fa-ssbs-fw fa-ssbs-twitter\"><\/i><div class=\"counter-wrap standard\"><span class=\"counter\">0<\/span><\/div><\/a><a data-networks=\"[]\" class=\"social-sharing-button sharer-flat sharer-flat-1 counter-standard without-counter tooltip-icon linkedin\" target=\"_blank\" title=\"auf Linkedin teilen\" href=\"https:\/\/www.linkedin.com\/shareArticle?mini=true&title=Weiterbildungsangebote+Medien+und+Informatik+ab+2022&url=https%3A%2F%2Fmia.phtg.ch%2F%3Fp%3D3152\" data-main-href=\"https:\/\/www.linkedin.com\/shareArticle?mini=true&title={title}&url={url}\" data-nid=\"13\" data-name=\"\" data-pid=\"1\" data-post-id=\"3152\" data-url=\"https:\/\/mia.phtg.ch\/wp-admin\/admin-ajax.php\" rel=\"nofollow\" data-mailto=\"\"><i class=\"fa-ssbs fa-ssbs-fw fa-ssbs-linkedin\"><\/i><div class=\"counter-wrap standard\"><span class=\"counter\">0<\/span><\/div><\/a><a data-networks=\"[]\" class=\"social-sharing-button sharer-flat sharer-flat-1 counter-standard without-counter tooltip-icon mail\" target=\"_blank\" title=\"per E-Mail teilen\" href=\"#\" data-main-href=\"#\" data-nid=\"16\" data-name=\"\" data-pid=\"1\" data-post-id=\"3152\" data-url=\"https:\/\/mia.phtg.ch\/wp-admin\/admin-ajax.php\" rel=\"nofollow\" data-mailto=\"\"><i class=\"fa-ssbs fa-ssbs-fw fa-ssbs-envelope-o\"><\/i><div class=\"counter-wrap standard\"><span class=\"counter\">0<\/span><\/div><\/a><\/div>","protected":false},"author":14,"featured_media":3192,"comment_status":"open","ping_status":"open","sticky":false,"template":"","format":"standard","meta":{"footnotes":""},"categories":[25,275,10,230,215,1,137,51],"tags":[26,358,84,106,42,207,124,125],"class_list":["post-3152","post","type-post","status-publish","format-standard","has-post-thumbnail","hentry","category-anwendungskompetenzen","category-iscout","category-medien","category-primarstufe","category-sekundarstufe-i","category-uncategorized","category-unterricht","category-weiterbildung","tag-informatik","tag-medienbildung","tag-mia","tag-mia21","tag-weiterbildung","tag-weiterbildungen-fuer-iscouts","tag-zyklus-2","tag-zyklus-3"],"_links":{"self":[{"href":"https:\/\/mia.phtg.ch\/index.php?rest_route=\/wp\/v2\/posts\/3152","targetHints":{"allow":["GET"]}}],"collection":[{"href":"https:\/\/mia.phtg.ch\/index.php?rest_route=\/wp\/v2\/posts"}],"about":[{"href":"https:\/\/mia.phtg.ch\/index.php?rest_route=\/wp\/v2\/types\/post"}],"author":[{"embeddable":true,"href":"https:\/\/mia.phtg.ch\/index.php?rest_route=\/wp\/v2\/users\/14"}],"replies":[{"embeddable":true,"href":"https:\/\/mia.phtg.ch\/index.php?rest_route=%2Fwp%2Fv2%2Fcomments&post=3152"}],"version-history":[{"count":12,"href":"https:\/\/mia.phtg.ch\/index.php?rest_route=\/wp\/v2\/posts\/3152\/revisions"}],"predecessor-version":[{"id":3197,"href":"https:\/\/mia.phtg.ch\/index.php?rest_route=\/wp\/v2\/posts\/3152\/revisions\/3197"}],"wp:featuredmedia":[{"embeddable":true,"href":"https:\/\/mia.phtg.ch\/index.php?rest_route=\/wp\/v2\/media\/3192"}],"wp:attachment":[{"href":"https:\/\/mia.phtg.ch\/index.php?rest_route=%2Fwp%2Fv2%2Fmedia&parent=3152"}],"wp:term":[{"taxonomy":"category","embeddable":true,"href":"https:\/\/mia.phtg.ch\/index.php?rest_route=%2Fwp%2Fv2%2Fcategories&post=3152"},{"taxonomy":"post_tag","embeddable":true,"href":"https:\/\/mia.phtg.ch\/index.php?rest_route=%2Fwp%2Fv2%2Ftags&post=3152"}],"curies":[{"name":"wp","href":"https:\/\/api.w.org\/{rel}","templated":true}]}}