{"id":317,"date":"2018-11-27T11:38:07","date_gmt":"2018-11-27T09:38:07","guid":{"rendered":"https:\/\/mia.phtg.ch\/?p=317"},"modified":"2018-11-27T11:38:07","modified_gmt":"2018-11-27T09:38:07","slug":"tagungsreihe-schulentwicklung-konkret","status":"publish","type":"post","link":"https:\/\/mia.phtg.ch\/?p=317","title":{"rendered":"Tagungsreihe \u00abSchulentwicklung konkret\u00bb"},"content":{"rendered":"<p>Der Fachbereich Schulentwicklung des Amts f\u00fcr Volksschule bietet seit \u00fcber 10 Jahren die Veranstaltungsreihe &#171;SE-konkret&#187; an. Grundintention ist das Wissensmanagement und die Vernetzung zwischen Schulen auf eine praxisnahe, ressourcenschonende Art. In der direkten Begegnung gew\u00e4hrt die Gastgeberschule anderen Schulen Einblicke in ihre Schulentwicklungsprozesse und l\u00e4sst sie von Erfahrungen, Wissen und Materialien profitieren.<\/p>\n<p>Die <a href=\"https:\/\/av.tg.ch\/veranstaltungen.html\/702\" target=\"_blank\" rel=\"noopener\">14. Tagungsreihe 2018\/19 von SE konkret<\/a> widmet sich Themen, die f\u00fcr die Umsetzung des Moduls <strong>Medien und Informatik<\/strong> wichtig sind. Es finden drei Veranstaltungen statt; die Adressaten sind prim\u00e4r Schulbeh\u00f6rden, Schulleitungen und ICT Fachpersonen (z.B. iScouts); Lehrpersonen sind nat\u00fcrlich auch herzlich willkommen:<\/p>\n<h4>Donnerstag, 13. Dezember 2018 &#8211; Thema ICT-Infrastruktur<\/h4>\n<p>1:1-Ausstattung in der Sekundarschule Aadorf<br \/>\nProjektierung Neubeschaffung f\u00fcr die Primarschule Aadorf<br \/>\n<a href=\"https:\/\/av.tg.ch\/veranstaltungen\/details.html\/493\/event\/12055\/eventdate\/9883\" target=\"_blank\" rel=\"noopener\"><strong>Informationen und Anmeldung<\/strong><\/a><br \/>\n<a href=\"https:\/\/av.tg.ch\/public\/upload\/assets\/71922\/181213_SE_konkret_ICT-Infrastruktur_Flyer.pdf\" target=\"_blank\" rel=\"noopener\"><strong>Flyer<\/strong><\/a><\/p>\n<h4>Donnerstag, 7. Februar 2019 &#8211; Thema Weiterbildung<\/h4>\n<p>Weiterbildung f\u00fcr die Lehrpersonen im Rahmen der Einf\u00fchrung des Moduls Medien und Informatik \u2013 zwei unterschiedliche Konzepte und deren Umsetzung<br \/>\n\u2013 in der Volksschulgemeinde M\u00fcnchwilen<br \/>\n\u2013 in der Primarschule Lauchetal<br \/>\n<strong><a href=\"https:\/\/av.tg.ch\/veranstaltungen\/details.html\/493\/event\/12236\/eventdate\/9939\" target=\"_blank\" rel=\"noopener\">Informationen und Anmeldung<\/a><br \/>\n<a href=\"https:\/\/av.tg.ch\/public\/upload\/assets\/72208\/190207_Flyer_Schulentwicklung%20konkret_Weiterbildung.pdf\" target=\"_blank\" rel=\"noopener\">Flyer<\/a><br \/>\n<\/strong><\/p>\n<h4>Mittwoch, 15. Mai 2019 &#8211; Thema P\u00e4dagogischer Support<\/h4>\n<p><a href=\"https:\/\/av.tg.ch\/veranstaltungen.html\/702\" target=\"_blank\" rel=\"noopener\">(detaillierte Informationen und Einladung folgen)<\/a><\/p>\n<div data-animation=\"no-animation\" data-icons-animation=\"no-animation\" data-overlay=\"\" data-change-size=\"\" data-button-size=\"0.7\" style=\"font-size:0.7em!important;display:none;\" class=\"supsystic-social-sharing supsystic-social-sharing-package-flat supsystic-social-sharing-spacing supsystic-social-sharing-content supsystic-social-sharing-content-align-left\" data-text=\"\"><a data-networks=\"[]\" class=\"social-sharing-button sharer-flat sharer-flat-1 counter-standard without-counter tooltip-icon facebook\" target=\"_blank\" title=\"auf Facebook teilen\" href=\"http:\/\/www.facebook.com\/sharer.php?u=https%3A%2F%2Fmia.phtg.ch%2F%3Fp%3D317\" data-main-href=\"http:\/\/www.facebook.com\/sharer.php?u={url}\" data-nid=\"1\" data-name=\"\" data-pid=\"1\" data-post-id=\"317\" data-url=\"https:\/\/mia.phtg.ch\/wp-admin\/admin-ajax.php\" rel=\"nofollow\" data-mailto=\"\"><i class=\"fa-ssbs fa-ssbs-fw fa-ssbs-facebook\"><\/i><div class=\"counter-wrap standard\"><span class=\"counter\">0<\/span><\/div><\/a><a data-networks=\"[]\" class=\"social-sharing-button sharer-flat sharer-flat-1 counter-standard without-counter tooltip-icon twitter\" target=\"_blank\" title=\"auf Twitter teilen\" href=\"https:\/\/twitter.com\/share?url=https%3A%2F%2Fmia.phtg.ch%2F%3Fp%3D317&text=Tagungsreihe+%C2%ABSchulentwicklung+konkret%C2%BB\" data-main-href=\"https:\/\/twitter.com\/share?url={url}&text={title}\" data-nid=\"2\" data-name=\"\" data-pid=\"1\" data-post-id=\"317\" data-url=\"https:\/\/mia.phtg.ch\/wp-admin\/admin-ajax.php\" rel=\"nofollow\" data-mailto=\"\"><i class=\"fa-ssbs fa-ssbs-fw fa-ssbs-twitter\"><\/i><div class=\"counter-wrap standard\"><span class=\"counter\">0<\/span><\/div><\/a><a data-networks=\"[]\" class=\"social-sharing-button sharer-flat sharer-flat-1 counter-standard without-counter tooltip-icon linkedin\" target=\"_blank\" title=\"auf Linkedin teilen\" href=\"https:\/\/www.linkedin.com\/shareArticle?mini=true&title=Tagungsreihe+%C2%ABSchulentwicklung+konkret%C2%BB&url=https%3A%2F%2Fmia.phtg.ch%2F%3Fp%3D317\" data-main-href=\"https:\/\/www.linkedin.com\/shareArticle?mini=true&title={title}&url={url}\" data-nid=\"13\" data-name=\"\" data-pid=\"1\" data-post-id=\"317\" data-url=\"https:\/\/mia.phtg.ch\/wp-admin\/admin-ajax.php\" rel=\"nofollow\" data-mailto=\"\"><i class=\"fa-ssbs fa-ssbs-fw fa-ssbs-linkedin\"><\/i><div class=\"counter-wrap standard\"><span class=\"counter\">0<\/span><\/div><\/a><a data-networks=\"[]\" class=\"social-sharing-button sharer-flat sharer-flat-1 counter-standard without-counter tooltip-icon mail\" target=\"_blank\" title=\"per E-Mail teilen\" href=\"#\" data-main-href=\"#\" data-nid=\"16\" data-name=\"\" data-pid=\"1\" data-post-id=\"317\" data-url=\"https:\/\/mia.phtg.ch\/wp-admin\/admin-ajax.php\" rel=\"nofollow\" data-mailto=\"\"><i class=\"fa-ssbs fa-ssbs-fw fa-ssbs-envelope-o\"><\/i><div class=\"counter-wrap standard\"><span class=\"counter\">0<\/span><\/div><\/a><\/div>","protected":false},"excerpt":{"rendered":"<p>Der Fachbereich Schulentwicklung des Amts f\u00fcr Volksschule bietet seit \u00fcber 10 Jahren die Veranstaltungsreihe &#171;SE-konkret&#187; an. Grundintention ist das Wissensmanagement und die Vernetzung zwischen Schulen&hellip;<\/p>\n<div data-animation=\"no-animation\" data-icons-animation=\"no-animation\" data-overlay=\"\" data-change-size=\"\" data-button-size=\"0.7\" style=\"font-size:0.7em!important;display:none;\" class=\"supsystic-social-sharing supsystic-social-sharing-package-flat supsystic-social-sharing-spacing supsystic-social-sharing-content supsystic-social-sharing-content-align-left\" data-text=\"\"><a data-networks=\"[]\" class=\"social-sharing-button sharer-flat sharer-flat-1 counter-standard without-counter tooltip-icon facebook\" target=\"_blank\" title=\"auf Facebook teilen\" href=\"http:\/\/www.facebook.com\/sharer.php?u=https%3A%2F%2Fmia.phtg.ch%2F%3Fp%3D317\" data-main-href=\"http:\/\/www.facebook.com\/sharer.php?u={url}\" data-nid=\"1\" data-name=\"\" data-pid=\"1\" data-post-id=\"317\" data-url=\"https:\/\/mia.phtg.ch\/wp-admin\/admin-ajax.php\" rel=\"nofollow\" data-mailto=\"\"><i class=\"fa-ssbs fa-ssbs-fw fa-ssbs-facebook\"><\/i><div class=\"counter-wrap standard\"><span class=\"counter\">0<\/span><\/div><\/a><a data-networks=\"[]\" class=\"social-sharing-button sharer-flat sharer-flat-1 counter-standard without-counter tooltip-icon twitter\" target=\"_blank\" title=\"auf Twitter teilen\" href=\"https:\/\/twitter.com\/share?url=https%3A%2F%2Fmia.phtg.ch%2F%3Fp%3D317&text=Tagungsreihe+%C2%ABSchulentwicklung+konkret%C2%BB\" data-main-href=\"https:\/\/twitter.com\/share?url={url}&text={title}\" data-nid=\"2\" data-name=\"\" data-pid=\"1\" data-post-id=\"317\" data-url=\"https:\/\/mia.phtg.ch\/wp-admin\/admin-ajax.php\" rel=\"nofollow\" data-mailto=\"\"><i class=\"fa-ssbs fa-ssbs-fw fa-ssbs-twitter\"><\/i><div class=\"counter-wrap standard\"><span class=\"counter\">0<\/span><\/div><\/a><a data-networks=\"[]\" class=\"social-sharing-button sharer-flat sharer-flat-1 counter-standard without-counter tooltip-icon linkedin\" target=\"_blank\" title=\"auf Linkedin teilen\" href=\"https:\/\/www.linkedin.com\/shareArticle?mini=true&title=Tagungsreihe+%C2%ABSchulentwicklung+konkret%C2%BB&url=https%3A%2F%2Fmia.phtg.ch%2F%3Fp%3D317\" data-main-href=\"https:\/\/www.linkedin.com\/shareArticle?mini=true&title={title}&url={url}\" data-nid=\"13\" data-name=\"\" data-pid=\"1\" data-post-id=\"317\" data-url=\"https:\/\/mia.phtg.ch\/wp-admin\/admin-ajax.php\" rel=\"nofollow\" data-mailto=\"\"><i class=\"fa-ssbs fa-ssbs-fw fa-ssbs-linkedin\"><\/i><div class=\"counter-wrap standard\"><span class=\"counter\">0<\/span><\/div><\/a><a data-networks=\"[]\" class=\"social-sharing-button sharer-flat sharer-flat-1 counter-standard without-counter tooltip-icon mail\" target=\"_blank\" title=\"per E-Mail teilen\" href=\"#\" data-main-href=\"#\" data-nid=\"16\" data-name=\"\" data-pid=\"1\" data-post-id=\"317\" data-url=\"https:\/\/mia.phtg.ch\/wp-admin\/admin-ajax.php\" rel=\"nofollow\" data-mailto=\"\"><i class=\"fa-ssbs fa-ssbs-fw fa-ssbs-envelope-o\"><\/i><div class=\"counter-wrap standard\"><span class=\"counter\">0<\/span><\/div><\/a><\/div>","protected":false},"author":11,"featured_media":286,"comment_status":"open","ping_status":"open","sticky":false,"template":"","format":"standard","meta":{"footnotes":""},"categories":[25,66,23,10,24,11,22],"tags":[85,86,84,83],"class_list":["post-317","post","type-post","status-publish","format-standard","has-post-thumbnail","hentry","category-anwendungskompetenzen","category-av","category-informatik","category-medien","category-mia","category-ressourcen","category-veranstaltungen","tag-ict","tag-infrastruktur","tag-mia","tag-schulentwicklung"],"_links":{"self":[{"href":"https:\/\/mia.phtg.ch\/index.php?rest_route=\/wp\/v2\/posts\/317","targetHints":{"allow":["GET"]}}],"collection":[{"href":"https:\/\/mia.phtg.ch\/index.php?rest_route=\/wp\/v2\/posts"}],"about":[{"href":"https:\/\/mia.phtg.ch\/index.php?rest_route=\/wp\/v2\/types\/post"}],"author":[{"embeddable":true,"href":"https:\/\/mia.phtg.ch\/index.php?rest_route=\/wp\/v2\/users\/11"}],"replies":[{"embeddable":true,"href":"https:\/\/mia.phtg.ch\/index.php?rest_route=%2Fwp%2Fv2%2Fcomments&post=317"}],"version-history":[{"count":7,"href":"https:\/\/mia.phtg.ch\/index.php?rest_route=\/wp\/v2\/posts\/317\/revisions"}],"predecessor-version":[{"id":495,"href":"https:\/\/mia.phtg.ch\/index.php?rest_route=\/wp\/v2\/posts\/317\/revisions\/495"}],"wp:featuredmedia":[{"embeddable":true,"href":"https:\/\/mia.phtg.ch\/index.php?rest_route=\/wp\/v2\/media\/286"}],"wp:attachment":[{"href":"https:\/\/mia.phtg.ch\/index.php?rest_route=%2Fwp%2Fv2%2Fmedia&parent=317"}],"wp:term":[{"taxonomy":"category","embeddable":true,"href":"https:\/\/mia.phtg.ch\/index.php?rest_route=%2Fwp%2Fv2%2Fcategories&post=317"},{"taxonomy":"post_tag","embeddable":true,"href":"https:\/\/mia.phtg.ch\/index.php?rest_route=%2Fwp%2Fv2%2Ftags&post=317"}],"curies":[{"name":"wp","href":"https:\/\/api.w.org\/{rel}","templated":true}]}}