{"id":3248,"date":"2021-11-12T12:02:00","date_gmt":"2021-11-12T10:02:00","guid":{"rendered":"https:\/\/mia.phtg.ch\/?p=3248"},"modified":"2021-11-11T14:30:21","modified_gmt":"2021-11-11T12:30:21","slug":"als-ich-ploetzlich-keine-wandtafel-mehr-hatte","status":"publish","type":"post","link":"https:\/\/mia.phtg.ch\/?p=3248","title":{"rendered":"Als ich pl\u00f6tzlich keine Wandtafel mehr hatte"},"content":{"rendered":"\n<h1 class=\"has-text-color wp-block-heading\" style=\"color:#678c96\"><strong>Als ich pl\u00f6tzlich keine Wandtafel mehr hatte<\/strong><\/h1>\n\n\n\n<div class=\"wp-block-cover has-background-dim-10 has-background-dim\" style=\"min-height:230px;aspect-ratio:unset;\"><img loading=\"lazy\" decoding=\"async\" width=\"926\" height=\"760\" class=\"wp-block-cover__image-background wp-image-3258\" alt=\"\" src=\"https:\/\/mia.phtg.ch\/wp-content\/uploads\/2021\/11\/Wandtafel-Titelbild.png\" style=\"object-position:56% 14%\" data-object-fit=\"cover\" data-object-position=\"56% 14%\" srcset=\"https:\/\/mia.phtg.ch\/wp-content\/uploads\/2021\/11\/Wandtafel-Titelbild.png 926w, https:\/\/mia.phtg.ch\/wp-content\/uploads\/2021\/11\/Wandtafel-Titelbild-300x246.png 300w, https:\/\/mia.phtg.ch\/wp-content\/uploads\/2021\/11\/Wandtafel-Titelbild-768x630.png 768w\" sizes=\"auto, (max-width: 926px) 100vw, 926px\" \/><div class=\"wp-block-cover__inner-container is-layout-flow wp-block-cover-is-layout-flow\">\n<p class=\"has-text-align-center has-large-font-size\"><\/p>\n<\/div><\/div>\n\n\n\n<p> <\/p>\n\n\n\n<p>Wer hat nicht schon damit gearbeitet oder davon geh\u00f6rt? Interaktive Whiteboards (IAW) sind in immer mehr Schweizer Klassenzimmern anzutreffen und \u00e4hnlich wie es vielen Lehrpersonen geht, habe auch ich jahrelang eines dieser Ger\u00e4te bei mir im Klassenzimmer gehabt. Die Verwendung war allerdings meist sp\u00e4rlich und problemanf\u00e4llig. Einfacher war es auf die regul\u00e4re Wandtafel auszuweichen und das digitale Board maximal als Beamerleinwand zu benutzen.<\/p>\n\n\n\n<p>Seit Anfang dieses Schuljahrs unterrichte ich allerdings eine sehr kleine Klasse in einem noch kleineren Klassenzimmer, in welchem nur eines von beidem Platz gehabt h\u00e4tte: Eine Wandtafel oder ein IAW. Wie man vielleicht schon erahnen kann, konnte ich von nun an nicht mehr darauf ausweichen, laminierte Bilder mit Magneten zu versehen und diese auf der Wandtafel zu gebrauchen. Auch meiner digitalen Wandtafel d\u00fcrfen n\u00e4mlich keine Magnete angebracht werden. Es war allerdings daf\u00fcr ein neueres Modell: ohne Beamer und mit funktionierenden Stiften.<\/p>\n\n\n\n<p>Die Sommerferien verbrachte ich dann nicht nur mit dem Einrichten des neuen Klassenzimmers, sondern auch meiner Wandtafel: Apps wurden installiert, Stifte ausprobiert, die Handschrift ge\u00fcbt und Material eingescannt, damit ich es auf meine Wandtafel laden und bearbeiten kann. Grunds\u00e4tzlich kann ich das Board n\u00e4mlich gebrauch wie ein Tablet. Ich gewann mehr Zuversicht und hatte bald Vorfreude, das Material und die Apps nach den Sommerferien zu gebrauchen.<\/p>\n\n\n\n<figure class=\"wp-block-image size-large is-resized\"><img loading=\"lazy\" decoding=\"async\" src=\"https:\/\/mia.phtg.ch\/wp-content\/uploads\/2021\/11\/FokusiScout_Zitat_IWB-1024x1024.png\" alt=\"\" class=\"wp-image-3260\" width=\"415\" height=\"415\" srcset=\"https:\/\/mia.phtg.ch\/wp-content\/uploads\/2021\/11\/FokusiScout_Zitat_IWB-1024x1024.png 1024w, https:\/\/mia.phtg.ch\/wp-content\/uploads\/2021\/11\/FokusiScout_Zitat_IWB-300x300.png 300w, https:\/\/mia.phtg.ch\/wp-content\/uploads\/2021\/11\/FokusiScout_Zitat_IWB-150x150.png 150w, https:\/\/mia.phtg.ch\/wp-content\/uploads\/2021\/11\/FokusiScout_Zitat_IWB-768x768.png 768w, https:\/\/mia.phtg.ch\/wp-content\/uploads\/2021\/11\/FokusiScout_Zitat_IWB.png 1200w\" sizes=\"auto, (max-width: 415px) 100vw, 415px\" \/><\/figure>\n\n\n\n<p>Am ersten Schultag begutachteten die Sch\u00fcler*innen dann das neue Klassenzimmer und bestaunten mit grossen Augen den Bildschirm, der da hinter dem Lehrerpult hing. Sie kannten vorher nur die Version der IAW mit Beamer und Stift, der selten funktionierte. Schnell kam der Wunsch der Kinder auf, mal selbst etwas zu schreiben und zu malen und so schaltete ich sie ein. Als alle ungeduldig warteten und ich sagte: \u00abMoment Kinder, die Wandtafel muss erst hochfahren\u00bb, bekam ich meine ersten Zweifel. Als ich vor zehn Jahren meine Lehrerausbildung anfing, h\u00e4tte ich niemals gedacht, so einen Satz aus meinem Mund zu h\u00f6ren und mir blieb nichts anderes \u00fcbrig, als dar\u00fcber leicht zu schmunzeln.<\/p>\n\n\n\n<p>Nach einem Quartal Erfahrung mit der IAW kann ich nun aber aus voller \u00dcberzeugung sagen, dass ich sie nicht mehr missen m\u00f6chte. Ich habe zu viele Vorteile entdeckt, als dass ich sie einfach so hergeben k\u00f6nnte. Hier sind nur einige Beispiele, die ohne mein IAW so nicht m\u00f6glich gewesen w\u00e4ren:<\/p>\n\n\n\n<ul class=\"wp-block-list\"><li>Alle Arbeitsbl\u00e4tter und Buchseiten sind als Kopie auf der Wandtafel abgelegt, sodass ich Aufgaben mit den Sch\u00fclern zusammen direkt in die Hefte und B\u00fccher l\u00f6sen kann. Ich habe keine Materialschlacht mehr unter dem Visualizer. So kann ich beim gemeinsamen Korrigieren auf der Wandtafel schreiben und meine Schrift danach einfach wieder l\u00f6schen, sodass ich f\u00fcr das n\u00e4chste Mal wieder ein leeres Arbeitsblatt habe. \u00c4hnlich verh\u00e4lt es sich mit dem Ausf\u00fcllen des Hausaufgabenheftes. So beschrifte ich w\u00f6chentlich dieselbe eingescannte Seite.<\/li><\/ul>\n\n\n\n<figure class=\"wp-block-image size-large is-resized\"><a href=\"https:\/\/mia.phtg.ch\/wp-content\/uploads\/2021\/11\/Zitat_IAW_Gisitzki.jpg\"><img loading=\"lazy\" decoding=\"async\" src=\"https:\/\/mia.phtg.ch\/wp-content\/uploads\/2021\/11\/Zitat_IAW_Gisitzki-1024x768.jpg\" alt=\"\" class=\"wp-image-3251\" width=\"682\" height=\"512\" srcset=\"https:\/\/mia.phtg.ch\/wp-content\/uploads\/2021\/11\/Zitat_IAW_Gisitzki-1024x768.jpg 1024w, https:\/\/mia.phtg.ch\/wp-content\/uploads\/2021\/11\/Zitat_IAW_Gisitzki-300x225.jpg 300w, https:\/\/mia.phtg.ch\/wp-content\/uploads\/2021\/11\/Zitat_IAW_Gisitzki-768x576.jpg 768w, https:\/\/mia.phtg.ch\/wp-content\/uploads\/2021\/11\/Zitat_IAW_Gisitzki-1536x1152.jpg 1536w, https:\/\/mia.phtg.ch\/wp-content\/uploads\/2021\/11\/Zitat_IAW_Gisitzki-2048x1536.jpg 2048w\" sizes=\"auto, (max-width: 682px) 100vw, 682px\" \/><\/a><figcaption>(Arbeiten mit Scratch auf der Interaktiven Wandtafel)<\/figcaption><\/figure>\n\n\n\n<ul class=\"wp-block-list\"><li>Der Gebrauch von tollen Apps wie StreetView, Visible Body, SolarSystemScope oder dem Padlet. Nat\u00fcrlich kann ich diese auch auf einer Tabletoberfl\u00e4che benutzen und diese dann auf der Wandtafel spiegeln, die Sch\u00fcler*innen k\u00f6nnen aber so genau nachverfolgen, was ich alles anklicke und mache, sodass sie dies einfach kopieren k\u00f6nnen. Dies ist besonders praktisch, wenn man ihnen die Funktionsweise von Apps erkl\u00e4rt.<\/li><\/ul>\n\n\n\n<ul class=\"wp-block-list\"><li>Wandtafelaufschriebe k\u00f6nnen \u00fcber Wochen, Monate und Jahre gespeichert und bei Bedarf hervorgeholt werden. \u00abDie Tafel wischen\u00bb f\u00fchrt nun nicht mehr dazu, dass alles f\u00fcr immer weg ist. So bauten wir beispielsweise \u00fcber mehrere Wochen Schritt f\u00fcr Schritt eine MindMap zum alten \u00c4gypten auf.<\/li><\/ul>\n\n\n\n<figure class=\"wp-block-image size-large is-resized\"><a href=\"https:\/\/mia.phtg.ch\/wp-content\/uploads\/2021\/11\/Mindmap-Magdalena.png\"><img loading=\"lazy\" decoding=\"async\" src=\"https:\/\/mia.phtg.ch\/wp-content\/uploads\/2021\/11\/Mindmap-Magdalena-1024x576.png\" alt=\"\" class=\"wp-image-3254\" width=\"674\" height=\"379\" srcset=\"https:\/\/mia.phtg.ch\/wp-content\/uploads\/2021\/11\/Mindmap-Magdalena-1024x576.png 1024w, https:\/\/mia.phtg.ch\/wp-content\/uploads\/2021\/11\/Mindmap-Magdalena-300x169.png 300w, https:\/\/mia.phtg.ch\/wp-content\/uploads\/2021\/11\/Mindmap-Magdalena-768x432.png 768w, https:\/\/mia.phtg.ch\/wp-content\/uploads\/2021\/11\/Mindmap-Magdalena-1536x863.png 1536w, https:\/\/mia.phtg.ch\/wp-content\/uploads\/2021\/11\/Mindmap-Magdalena-2048x1151.png 2048w\" sizes=\"auto, (max-width: 674px) 100vw, 674px\" \/><\/a><figcaption>(Mindmap \u00c4gypten)<\/figcaption><\/figure>\n\n\n\n<p>Und was mach ich nun mit all dem magnetischen Material, welches f\u00fcr eine Wandtafel gemacht worden ist? Nun, das benutze ich einfach im Bankkreis auf dem Boden. Wenn ich also ein Fazit machen m\u00fcsste, was ich nun lieber habe: klassische Wandtafel mit Kreide oder einem interaktiven Whiteboard, welches am Morgen erstmal hochgefahren werden muss \u2013 dann w\u00fcrde ich mich nun jederzeit f\u00fcr das IAW entscheiden.<\/p>\n\n\n\n<p><em>Magdalena Gisitzki, Lehrperson Zyklus 2, iScout Schulanlage Erzenholz<\/em><\/p>\n\n\n\n<p>(Die verwendeten Bilder sind alle von der Autorin selbst erstellt). <\/p>\n<div data-animation=\"no-animation\" data-icons-animation=\"no-animation\" data-overlay=\"\" data-change-size=\"\" data-button-size=\"0.7\" style=\"font-size:0.7em!important;display:none;\" class=\"supsystic-social-sharing supsystic-social-sharing-package-flat supsystic-social-sharing-spacing supsystic-social-sharing-content supsystic-social-sharing-content-align-left\" data-text=\"\"><a data-networks=\"[]\" class=\"social-sharing-button sharer-flat sharer-flat-1 counter-standard without-counter tooltip-icon facebook\" target=\"_blank\" title=\"auf Facebook teilen\" href=\"http:\/\/www.facebook.com\/sharer.php?u=https%3A%2F%2Fmia.phtg.ch%2F%3Fp%3D3248\" data-main-href=\"http:\/\/www.facebook.com\/sharer.php?u={url}\" data-nid=\"1\" data-name=\"\" data-pid=\"1\" data-post-id=\"3248\" data-url=\"https:\/\/mia.phtg.ch\/wp-admin\/admin-ajax.php\" rel=\"nofollow\" data-mailto=\"\"><i class=\"fa-ssbs fa-ssbs-fw fa-ssbs-facebook\"><\/i><div class=\"counter-wrap standard\"><span class=\"counter\">0<\/span><\/div><\/a><a data-networks=\"[]\" class=\"social-sharing-button sharer-flat sharer-flat-1 counter-standard without-counter tooltip-icon twitter\" target=\"_blank\" title=\"auf Twitter teilen\" href=\"https:\/\/twitter.com\/share?url=https%3A%2F%2Fmia.phtg.ch%2F%3Fp%3D3248&text=Als+ich+pl%C3%B6tzlich+keine+Wandtafel+mehr+hatte\" data-main-href=\"https:\/\/twitter.com\/share?url={url}&text={title}\" data-nid=\"2\" data-name=\"\" data-pid=\"1\" data-post-id=\"3248\" data-url=\"https:\/\/mia.phtg.ch\/wp-admin\/admin-ajax.php\" rel=\"nofollow\" data-mailto=\"\"><i class=\"fa-ssbs fa-ssbs-fw fa-ssbs-twitter\"><\/i><div class=\"counter-wrap standard\"><span class=\"counter\">0<\/span><\/div><\/a><a data-networks=\"[]\" class=\"social-sharing-button sharer-flat sharer-flat-1 counter-standard without-counter tooltip-icon linkedin\" target=\"_blank\" title=\"auf Linkedin teilen\" href=\"https:\/\/www.linkedin.com\/shareArticle?mini=true&title=Als+ich+pl%C3%B6tzlich+keine+Wandtafel+mehr+hatte&url=https%3A%2F%2Fmia.phtg.ch%2F%3Fp%3D3248\" data-main-href=\"https:\/\/www.linkedin.com\/shareArticle?mini=true&title={title}&url={url}\" data-nid=\"13\" data-name=\"\" data-pid=\"1\" data-post-id=\"3248\" data-url=\"https:\/\/mia.phtg.ch\/wp-admin\/admin-ajax.php\" rel=\"nofollow\" data-mailto=\"\"><i class=\"fa-ssbs fa-ssbs-fw fa-ssbs-linkedin\"><\/i><div class=\"counter-wrap standard\"><span class=\"counter\">0<\/span><\/div><\/a><a data-networks=\"[]\" class=\"social-sharing-button sharer-flat sharer-flat-1 counter-standard without-counter tooltip-icon mail\" target=\"_blank\" title=\"per E-Mail teilen\" href=\"#\" data-main-href=\"#\" data-nid=\"16\" data-name=\"\" data-pid=\"1\" data-post-id=\"3248\" data-url=\"https:\/\/mia.phtg.ch\/wp-admin\/admin-ajax.php\" rel=\"nofollow\" data-mailto=\"\"><i class=\"fa-ssbs fa-ssbs-fw fa-ssbs-envelope-o\"><\/i><div class=\"counter-wrap standard\"><span class=\"counter\">0<\/span><\/div><\/a><\/div>","protected":false},"excerpt":{"rendered":"<p>Als ich pl\u00f6tzlich keine Wandtafel mehr hatte Wer hat nicht schon damit gearbeitet oder davon geh\u00f6rt? Interaktive Whiteboards (IAW) sind in immer mehr Schweizer Klassenzimmern&hellip;<\/p>\n<div data-animation=\"no-animation\" data-icons-animation=\"no-animation\" data-overlay=\"\" data-change-size=\"\" data-button-size=\"0.7\" style=\"font-size:0.7em!important;display:none;\" class=\"supsystic-social-sharing supsystic-social-sharing-package-flat supsystic-social-sharing-spacing supsystic-social-sharing-content supsystic-social-sharing-content-align-left\" data-text=\"\"><a data-networks=\"[]\" class=\"social-sharing-button sharer-flat sharer-flat-1 counter-standard without-counter tooltip-icon facebook\" target=\"_blank\" title=\"auf Facebook teilen\" href=\"http:\/\/www.facebook.com\/sharer.php?u=https%3A%2F%2Fmia.phtg.ch%2F%3Fp%3D3248\" data-main-href=\"http:\/\/www.facebook.com\/sharer.php?u={url}\" data-nid=\"1\" data-name=\"\" data-pid=\"1\" data-post-id=\"3248\" data-url=\"https:\/\/mia.phtg.ch\/wp-admin\/admin-ajax.php\" rel=\"nofollow\" data-mailto=\"\"><i class=\"fa-ssbs fa-ssbs-fw fa-ssbs-facebook\"><\/i><div class=\"counter-wrap standard\"><span class=\"counter\">0<\/span><\/div><\/a><a data-networks=\"[]\" class=\"social-sharing-button sharer-flat sharer-flat-1 counter-standard without-counter tooltip-icon twitter\" target=\"_blank\" title=\"auf Twitter teilen\" href=\"https:\/\/twitter.com\/share?url=https%3A%2F%2Fmia.phtg.ch%2F%3Fp%3D3248&text=Als+ich+pl%C3%B6tzlich+keine+Wandtafel+mehr+hatte\" data-main-href=\"https:\/\/twitter.com\/share?url={url}&text={title}\" data-nid=\"2\" data-name=\"\" data-pid=\"1\" data-post-id=\"3248\" data-url=\"https:\/\/mia.phtg.ch\/wp-admin\/admin-ajax.php\" rel=\"nofollow\" data-mailto=\"\"><i class=\"fa-ssbs fa-ssbs-fw fa-ssbs-twitter\"><\/i><div class=\"counter-wrap standard\"><span class=\"counter\">0<\/span><\/div><\/a><a data-networks=\"[]\" class=\"social-sharing-button sharer-flat sharer-flat-1 counter-standard without-counter tooltip-icon linkedin\" target=\"_blank\" title=\"auf Linkedin teilen\" href=\"https:\/\/www.linkedin.com\/shareArticle?mini=true&title=Als+ich+pl%C3%B6tzlich+keine+Wandtafel+mehr+hatte&url=https%3A%2F%2Fmia.phtg.ch%2F%3Fp%3D3248\" data-main-href=\"https:\/\/www.linkedin.com\/shareArticle?mini=true&title={title}&url={url}\" data-nid=\"13\" data-name=\"\" data-pid=\"1\" data-post-id=\"3248\" data-url=\"https:\/\/mia.phtg.ch\/wp-admin\/admin-ajax.php\" rel=\"nofollow\" data-mailto=\"\"><i class=\"fa-ssbs fa-ssbs-fw fa-ssbs-linkedin\"><\/i><div class=\"counter-wrap standard\"><span class=\"counter\">0<\/span><\/div><\/a><a data-networks=\"[]\" class=\"social-sharing-button sharer-flat sharer-flat-1 counter-standard without-counter tooltip-icon mail\" target=\"_blank\" title=\"per E-Mail teilen\" href=\"#\" data-main-href=\"#\" data-nid=\"16\" data-name=\"\" data-pid=\"1\" data-post-id=\"3248\" data-url=\"https:\/\/mia.phtg.ch\/wp-admin\/admin-ajax.php\" rel=\"nofollow\" data-mailto=\"\"><i class=\"fa-ssbs fa-ssbs-fw fa-ssbs-envelope-o\"><\/i><div class=\"counter-wrap standard\"><span class=\"counter\">0<\/span><\/div><\/a><\/div>","protected":false},"author":24,"featured_media":3258,"comment_status":"open","ping_status":"open","sticky":false,"template":"","format":"standard","meta":{"footnotes":""},"categories":[25,131,351,230,3],"tags":[108,44,43,26,359,41,84,106,361,360,124],"class_list":["post-3248","post","type-post","status-publish","format-standard","has-post-thumbnail","hentry","category-anwendungskompetenzen","category-digitale-transformation","category-interdisziplinaer","category-primarstufe","category-werkzeuge","tag-anwendungskompetenzen","tag-digitale-transformation","tag-digitalisierung","tag-informatik","tag-interaktive-wandtafel","tag-iscout","tag-mia","tag-mia21","tag-smartboard","tag-whiteboard","tag-zyklus-2"],"_links":{"self":[{"href":"https:\/\/mia.phtg.ch\/index.php?rest_route=\/wp\/v2\/posts\/3248","targetHints":{"allow":["GET"]}}],"collection":[{"href":"https:\/\/mia.phtg.ch\/index.php?rest_route=\/wp\/v2\/posts"}],"about":[{"href":"https:\/\/mia.phtg.ch\/index.php?rest_route=\/wp\/v2\/types\/post"}],"author":[{"embeddable":true,"href":"https:\/\/mia.phtg.ch\/index.php?rest_route=\/wp\/v2\/users\/24"}],"replies":[{"embeddable":true,"href":"https:\/\/mia.phtg.ch\/index.php?rest_route=%2Fwp%2Fv2%2Fcomments&post=3248"}],"version-history":[{"count":9,"href":"https:\/\/mia.phtg.ch\/index.php?rest_route=\/wp\/v2\/posts\/3248\/revisions"}],"predecessor-version":[{"id":3271,"href":"https:\/\/mia.phtg.ch\/index.php?rest_route=\/wp\/v2\/posts\/3248\/revisions\/3271"}],"wp:featuredmedia":[{"embeddable":true,"href":"https:\/\/mia.phtg.ch\/index.php?rest_route=\/wp\/v2\/media\/3258"}],"wp:attachment":[{"href":"https:\/\/mia.phtg.ch\/index.php?rest_route=%2Fwp%2Fv2%2Fmedia&parent=3248"}],"wp:term":[{"taxonomy":"category","embeddable":true,"href":"https:\/\/mia.phtg.ch\/index.php?rest_route=%2Fwp%2Fv2%2Fcategories&post=3248"},{"taxonomy":"post_tag","embeddable":true,"href":"https:\/\/mia.phtg.ch\/index.php?rest_route=%2Fwp%2Fv2%2Ftags&post=3248"}],"curies":[{"name":"wp","href":"https:\/\/api.w.org\/{rel}","templated":true}]}}