{"id":3313,"date":"2021-12-10T11:00:00","date_gmt":"2021-12-10T09:00:00","guid":{"rendered":"https:\/\/mia.phtg.ch\/?p=3313"},"modified":"2022-03-01T11:50:44","modified_gmt":"2022-03-01T09:50:44","slug":"umsetzungsbeispiele-mia21-kurse","status":"publish","type":"post","link":"https:\/\/mia.phtg.ch\/?p=3313","title":{"rendered":"Medieneinsatz im Fachbereich Deutsch"},"content":{"rendered":"\n<h1 class=\"has-text-color wp-block-heading\" style=\"color:#9b214c\"><strong>Umsetzungsbeispiel MIA21-Kurs<\/strong><\/h1>\n\n\n\n<div class=\"wp-block-cover is-light\" style=\"min-height:214px;aspect-ratio:unset;\"><span aria-hidden=\"true\" class=\"has-background-dim-10 wp-block-cover__gradient-background has-background-dim\"><\/span><img loading=\"lazy\" decoding=\"async\" width=\"1446\" height=\"1187\" class=\"wp-block-cover__image-background wp-image-3414\" alt=\"\" src=\"https:\/\/mia.phtg.ch\/wp-content\/uploads\/2021\/12\/Deutsch_BUT.jpg\" style=\"object-position:68% 10%\" data-object-fit=\"cover\" data-object-position=\"68% 10%\" srcset=\"https:\/\/mia.phtg.ch\/wp-content\/uploads\/2021\/12\/Deutsch_BUT.jpg 1446w, https:\/\/mia.phtg.ch\/wp-content\/uploads\/2021\/12\/Deutsch_BUT-300x246.jpg 300w, https:\/\/mia.phtg.ch\/wp-content\/uploads\/2021\/12\/Deutsch_BUT-1024x841.jpg 1024w, https:\/\/mia.phtg.ch\/wp-content\/uploads\/2021\/12\/Deutsch_BUT-768x630.jpg 768w\" sizes=\"auto, (max-width: 1446px) 100vw, 1446px\" \/><div class=\"wp-block-cover__inner-container is-layout-flow wp-block-cover-is-layout-flow\">\n<p class=\"has-text-align-center has-large-font-size\"><\/p>\n<\/div><\/div>\n\n\n\n<p><\/p>\n\n\n\n<p>Weiterbildungen unter dem Namen MIA21 sind in vielen Thurgauer Schulhausteams l\u00e4ngstens ein Begriff. Nebst den spezifischen, in eigener Regie entwickelten Weiterbildungsformaten an diversen Schulen haben die MIA21-Medien- und Informatikkurse der PHTG einen festen Platz in der Bildungslandschaft eingenommen.&nbsp;<\/p>\n\n\n\n<p>Die Kurse schliessen nach vielen theoriegeleiteten \u00dcbungen, fachlichen Inputs und intensiven Gruppendiskussionen mit der Umsetzung einer Unterrichtsidee mit der eigenen Klasse ab. Bei der abschliessenden Pr\u00e4sentation im letzten Kurshalbtag erleben die Kursteilnehmenden bisweilen ein wahres Feuerwerk an Kreativit\u00e4t und Ideenreichtum. Um diese Unterrichtsideen auch einem breiteren Publikum zug\u00e4nglich zu machen, werden wir \u00fcber diesen Blog k\u00fcnftig spannende Idee aus den MIA21-Kursen pr\u00e4sentieren. <\/p>\n\n\n\n<p>Uns geht es nicht darum, pfannenfertige Unterrichtsvorbereitungen zu streuen, sondern Anregungen f\u00fcr die eigene Praxis zu geben und die Vielfalt und M\u00f6glichkeiten von Unterricht unter Einbezug der Kompetenzziele aus dem Modul Medien und Informatik aufzuzeigen. Nicht zuletzt bekommt die MIA21-Weiterbildung mit den vorgestellten Ideen ein Gesicht und es l\u00e4sst sich erahnen, wie sich die Investitionen und Aktivit\u00e4ten in die Weiterbildung zum Modul Medien und Informatik gelohnt haben.&nbsp;<\/p>\n\n\n\n<h2 class=\"has-text-color wp-block-heading\" style=\"color:#9b214c\"><strong>Unterrichtsbeispiel Fachbereich Deutsch, 1. Sekundarklasse aus Eschenz<\/strong><\/h2>\n\n\n\n<p class=\"has-normal-font-size\">Das Beispiel aus Eschenz zeigt, wie vielf\u00e4ltig Anwendungskompetenzen in andere Fachbereiche integriert werden k\u00f6nnen. F\u00e4cher\u00fcbergreifender Unterricht liegt bei der Bearbeitung von Kompetenzen aus dem Modul Medien und Informatik fast schon auf der Hand. Die Arbeitsauftr\u00e4ge in den hier beschriebenen Posten legen grossen Wert auf einen vielf\u00e4ltigen Einsatz von Tools rund ums Lernen, Schreiben, Pr\u00e4sentieren und f\u00fcr den gemeinsamen Austausch, was dem Kompetenzbereich Anwendungen entspricht. Im MIA21-Kurs standen nat\u00fcrlich die Medienkompetenzen im Vordergrund. Diese kommen bei den Posten 5 und 6 besonders zur Geltung.<\/p>\n\n\n\n<h3 class=\"has-text-color wp-block-heading\" style=\"color:#9b214c\"><strong>Die Ziele der Unterrichtseinheit zu &#171;Die Sprachstarken 7 | Worte sind mehr als Worte&#187;<\/strong><\/h3>\n\n\n\n<p>Die Sch\u00fcler:innen arbeiten in Partner- oder Gruppenarbeit an den einzelnen Posten, vertiefen dabei spielerisch ihr Wissen \u00fcber Redewendungen und Sprichw\u00f6rter, lernen dabei gezielt neue digitale Anwendungskompetenzen und Pr\u00e4sentationstechniken kennen, die sie auch gleich auf attraktive Art ausprobieren und sich gegenseitig beibringen k\u00f6nnen. Sie stellen zudem eigenes \u00dcbungsmaterial her und geben sich gegenseitig R\u00fcckmeldungen.<\/p>\n\n\n\n<p>Ziel 1:&nbsp;&nbsp;&nbsp;&nbsp;&nbsp;&nbsp;&nbsp;&nbsp;&nbsp;&nbsp;&nbsp;&nbsp;&nbsp;&nbsp;Pr\u00e4sentation von Ergebnissen auf konventionelle (analoge) Art (Bsp. Plakate auf Stellw\u00e4nden)<\/p>\n\n\n\n<p>Ziel 2:&nbsp;&nbsp;&nbsp;&nbsp;&nbsp;&nbsp;&nbsp;&nbsp;&nbsp;&nbsp;&nbsp;&nbsp;&nbsp;&nbsp;Kennenlernen und Anwendung digitaler Pr\u00e4sentationsformen (Bsp. interaktives Padlet)<\/p>\n\n\n\n<p>Ziel 3:&nbsp;&nbsp;&nbsp;&nbsp;&nbsp;&nbsp;&nbsp;&nbsp;&nbsp;&nbsp;&nbsp;&nbsp;&nbsp;&nbsp;Vorbereitung auf einen summativen Test<\/p>\n\n\n\n<h3 class=\"has-text-color wp-block-heading\" style=\"color:#9b214c\"><strong>Die Umsetzung \u2013 Werkstatt mit digitalen Elementen<\/strong><\/h3>\n\n\n\n<p>Da die Lehrpersonen der Sekundarschule mit dem Einsatz von Microsoft 365 bestens vertraut sind, wurden die Werkstattposten, Infobl\u00e4tter und eine Pr\u00e4sentation zum Thema &#171;Tipps f\u00fcr gute Fotos&#187; auf Sharepoint f\u00fcr die Sch\u00fcler:innen bereitgestellt.&nbsp;<\/p>\n\n\n\n<figure class=\"wp-block-image size-full is-resized\"><a href=\"https:\/\/mia.phtg.ch\/wp-content\/uploads\/2021\/11\/Sharepoint.png\"><img loading=\"lazy\" decoding=\"async\" src=\"https:\/\/mia.phtg.ch\/wp-content\/uploads\/2021\/11\/Sharepoint.png\" alt=\"\" class=\"wp-image-3324\" width=\"273\" height=\"290\" srcset=\"https:\/\/mia.phtg.ch\/wp-content\/uploads\/2021\/11\/Sharepoint.png 364w, https:\/\/mia.phtg.ch\/wp-content\/uploads\/2021\/11\/Sharepoint-283x300.png 283w\" sizes=\"auto, (max-width: 273px) 100vw, 273px\" \/><\/a><figcaption><em>Bild: SharePoint schuleneschenz<\/em><\/figcaption><\/figure>\n\n\n\n<h3 class=\"has-text-color wp-block-heading\" style=\"color:#9b214c\"><strong>Posten 1: Emojis meet Redenarten<\/strong><\/h3>\n\n\n\n<p>Im ersten Posten gelang es den Lehrpersonen, altbekannte Sprichw\u00f6rter mit Emojis darzustellen und die Sch\u00fcler:innen mit Symbolen aus ihrer Lebenswelt zu begegnen:<\/p>\n\n\n\n<figure class=\"wp-block-image size-large is-resized\"><a href=\"https:\/\/mia.phtg.ch\/wp-content\/uploads\/2021\/11\/Emojis.png\"><img loading=\"lazy\" decoding=\"async\" src=\"https:\/\/mia.phtg.ch\/wp-content\/uploads\/2021\/11\/Emojis-1024x545.png\" alt=\"\" class=\"wp-image-3326\" width=\"256\" height=\"136\" srcset=\"https:\/\/mia.phtg.ch\/wp-content\/uploads\/2021\/11\/Emojis-1024x545.png 1024w, https:\/\/mia.phtg.ch\/wp-content\/uploads\/2021\/11\/Emojis-300x160.png 300w, https:\/\/mia.phtg.ch\/wp-content\/uploads\/2021\/11\/Emojis-768x409.png 768w, https:\/\/mia.phtg.ch\/wp-content\/uploads\/2021\/11\/Emojis.png 1382w\" sizes=\"auto, (max-width: 256px) 100vw, 256px\" \/><\/a><figcaption><em>Bild: SharePoint schuleneschenz<\/em><\/figcaption><\/figure>\n\n\n\n<p>L\u00f6sungen:<\/p>\n\n\n\n<div class=\"wp-block-columns is-layout-flex wp-container-core-columns-is-layout-9d6595d7 wp-block-columns-is-layout-flex\">\n<div class=\"wp-block-column is-layout-flow wp-block-column-is-layout-flow\" style=\"flex-basis:100%\">\n<ol class=\"has-small-font-size wp-block-list\"><li><mark style=\"background-color:rgba(0, 0, 0, 0)\" class=\"has-inline-color has-black-color\">Die Axt im Haus erspart den Zimmermann<\/mark><\/li><li><mark style=\"background-color:rgba(0, 0, 0, 0)\" class=\"has-inline-color has-black-color\">Eine Schwalbe macht noch keinen Sommer<\/mark><\/li><li><mark style=\"background-color:rgba(0, 0, 0, 0)\" class=\"has-inline-color has-black-color\">Lieber den Spatz in der Hand als eine Taube auf dem Dach<\/mark><\/li><\/ol>\n<\/div>\n<\/div>\n\n\n\n<p>Der Auftrag bestand darin, Sprichw\u00f6rter und Redensarten m\u00f6glichst einfach und leicht verst\u00e4ndlich durch Emojis darzustellen. Als Hilfestellung wurde die Seite <a rel=\"noreferrer noopener\" href=\"http:\/\/www.emojiterra.com\" target=\"_blank\"><strong>www.emojiterra.com<\/strong><\/a> angeboten.<\/p>\n\n\n\n<h3 class=\"has-text-color wp-block-heading\" style=\"color:#9b214c\"><strong>Posten 2: Plakate gemeinsam pr\u00e4sentieren<\/strong><\/h3>\n\n\n\n<p>Als weiteres Beispiel wird hier die Integration von <a rel=\"noreferrer noopener\" href=\"http:\/\/www.padlet.com\" target=\"_blank\"><strong>Padlet<\/strong><\/a> in den Deutschunterricht aufgezeigt. Im zweiten Posten wurde der Klasse der Auftrag erteilt, Redewendungen in Form eines Plakates darzustellen. Die mit Hilfe von Microsoft Word entstandenen Plakate stellten die Sch\u00fcler:innen auf dem bereitgestellten Padlet bereit. Der Blick auf die Sammlung zeigt, wie kreativ die Gruppen bei der Arbeit waren.<\/p>\n\n\n\n<figure class=\"wp-block-image size-large\"><a href=\"https:\/\/mia.phtg.ch\/wp-content\/uploads\/2021\/11\/Padlet_SuS.png\"><img loading=\"lazy\" decoding=\"async\" width=\"1024\" height=\"466\" src=\"https:\/\/mia.phtg.ch\/wp-content\/uploads\/2021\/11\/Padlet_SuS-1024x466.png\" alt=\"\" class=\"wp-image-3327\" srcset=\"https:\/\/mia.phtg.ch\/wp-content\/uploads\/2021\/11\/Padlet_SuS-1024x466.png 1024w, https:\/\/mia.phtg.ch\/wp-content\/uploads\/2021\/11\/Padlet_SuS-300x137.png 300w, https:\/\/mia.phtg.ch\/wp-content\/uploads\/2021\/11\/Padlet_SuS-768x350.png 768w, https:\/\/mia.phtg.ch\/wp-content\/uploads\/2021\/11\/Padlet_SuS-1536x700.png 1536w, https:\/\/mia.phtg.ch\/wp-content\/uploads\/2021\/11\/Padlet_SuS.png 1620w\" sizes=\"auto, (max-width: 1024px) 100vw, 1024px\" \/><\/a><figcaption><em>Bild: Padlet Klasse Eschenz<\/em><\/figcaption><\/figure>\n\n\n\n<h3 class=\"has-text-color wp-block-heading\" style=\"color:#9b214c\"><strong>Posten 3: Mit QR-Codes auf Inhalte verweisen<\/strong><\/h3>\n\n\n\n<p>Wie stellt man einen eignen QR-Code her? Was l\u00e4sst sich mit diesen schon fast allt\u00e4glich gewordenen Zeichen codieren? Die Sch\u00fcler:innen probierten hier die M\u00f6glichkeiten mit Hilfe des Tools <strong><a href=\"http:\/\/www.goqr.me\" target=\"_blank\" rel=\"noreferrer noopener\">www.goqr.me<\/a><\/strong> aus.<\/p>\n\n\n\n<h3 class=\"has-text-color wp-block-heading\" style=\"color:#9b214c\"><strong>Posten 4: Lernkarten zur Bedeutung von Redewendungen mit Quizlet<\/strong><\/h3>\n\n\n\n<p>Das Erstellen von digitalen Karteik\u00e4rtchen mit dem Werkzeug<strong> <a rel=\"noreferrer noopener\" href=\"https:\/\/quizlet.com\/de\" target=\"_blank\">Quizlet<\/a> <\/strong>stand bei Posten 4 im Zentrum. Die Sch\u00fcler:innen wurden dabei aufgefordert, ein eigenes Lernset zum Thema &#171;Essen und Trinken&#187; herzustellen und der Klasse zur Verf\u00fcgung zustellen. Ein Beispiel, wie das aussehen k\u00f6nnte, gibt es hier: <strong><a rel=\"noreferrer noopener\" href=\"https:\/\/quizlet.com\/ch\/546078067\/redewendungen-mit-kopfbedeckungen-und-anderen-sachen-flash-cards\/\" data-type=\"URL\" data-id=\"https:\/\/quizlet.com\/ch\/546078067\/redewendungen-mit-kopfbedeckungen-und-anderen-sachen-flash-cards\/\" target=\"_blank\">Quizlet zu Redewendungen rund um Kopfbedeckungen<\/a><\/strong>. Das Beispiel steht f\u00fcr die vielen entstandenen Lernsets.<\/p>\n\n\n\n<h3 class=\"has-text-color wp-block-heading\" style=\"color:#9b214c\"><strong>Posten 5: Videos erstellen &#8211; Fremdsprachunterricht kombiniert mit Medienkompetenz<\/strong><\/h3>\n\n\n\n<p>Bevor das Filmteam die Kamera in die Hand nahm, waren zahlreiche Vorbereitungen und \u00dcberlegungen  im Vordergrund. Fragen zum Equipment (Stativ, Gimbal etc.), Einstellungsgr\u00f6ssen, Storyboard und Software sowie Musik zur Unterlegung des geschnittenen Film forderten die Sch\u00fclerteams heraus und bereiteten sie f\u00fcr den Schritt vor bzw. hinter die Kamera vor. Nebst korrekter Aussprache und sicherem Auftritt war auch jede Menge Kreativit\u00e4t gefragt.<\/p>\n\n\n\n<figure class=\"wp-block-image size-full is-resized\"><a href=\"https:\/\/mia.phtg.ch\/wp-content\/uploads\/2021\/11\/Redensarten_Video.png\"><img loading=\"lazy\" decoding=\"async\" src=\"https:\/\/mia.phtg.ch\/wp-content\/uploads\/2021\/11\/Redensarten_Video.png\" alt=\"\" class=\"wp-image-3329\" width=\"731\" height=\"557\" srcset=\"https:\/\/mia.phtg.ch\/wp-content\/uploads\/2021\/11\/Redensarten_Video.png 731w, https:\/\/mia.phtg.ch\/wp-content\/uploads\/2021\/11\/Redensarten_Video-300x229.png 300w\" sizes=\"auto, (max-width: 731px) 100vw, 731px\" \/><\/a><figcaption><em>Bild: Ausschnitt aus dem Postenblatt 5<\/em><\/figcaption><\/figure>\n\n\n\n<h3 class=\"has-text-color wp-block-heading\" style=\"color:#9b214c\"><strong>Posten 6: Foto(roman) zu Redensarten<\/strong><\/h3>\n\n\n\n<p>Eine Redewendung, eine Redensart mit einem, eventuell zwei Bildern darzustellen ist keine leichte Aufgabe. Das Themenbuch &#171;Die Sprachstarken 7&#187; zeigt auf der Doppelseite 30\/31 ein interessantes &#171;Wimmelbild&#187;. Hinter den vielen kleinen Zeichnung verstecken sich bekannte Sprichw\u00f6rter und Redensarten. Die Sch\u00fcler:innen stellten daraufhin \u00e4hnliche Szenen nach und erstellten ihre eigenen Fotos. Die Aufl\u00f6sung verstecken sie mittels selber hergestellten QR-Code (Posten 3). <\/p>\n\n\n\n<figure class=\"wp-block-image size-full\"><a href=\"https:\/\/mia.phtg.ch\/wp-content\/uploads\/2021\/11\/QR_Redensarten.png\"><img loading=\"lazy\" decoding=\"async\" width=\"339\" height=\"159\" src=\"https:\/\/mia.phtg.ch\/wp-content\/uploads\/2021\/11\/QR_Redensarten.png\" alt=\"\" class=\"wp-image-3330\" srcset=\"https:\/\/mia.phtg.ch\/wp-content\/uploads\/2021\/11\/QR_Redensarten.png 339w, https:\/\/mia.phtg.ch\/wp-content\/uploads\/2021\/11\/QR_Redensarten-300x141.png 300w\" sizes=\"auto, (max-width: 339px) 100vw, 339px\" \/><\/a><\/figure>\n\n\n\n<h3 class=\"has-text-color wp-block-heading\" style=\"color:#9b214c\"><strong>Posten 7: Reflexion und Feedback<\/strong><\/h3>\n\n\n\n<p>Im abschliessenden Feedback konnten die Sch\u00fcler:innen aufzeigen, wie sie diese Postenarbeit erlebt und was sie dabei gelernt haben. Nebst dem Fragebogen zum Ankreuzen konnten sie auch zu diesen Fragen Stellung nehmen: <\/p>\n\n\n\n<p>Was hat dir am besten gefallen? Was hat dich gest\u00f6rt und was k\u00f6nnte man besser machen? Welche digitalen Anwendungskompetenzen wirst du auch in Zukunft nutzen?<\/p>\n\n\n\n<figure class=\"wp-block-image size-full\"><a href=\"https:\/\/mia.phtg.ch\/wp-content\/uploads\/2021\/12\/Feedback.png\"><img loading=\"lazy\" decoding=\"async\" width=\"630\" height=\"262\" src=\"https:\/\/mia.phtg.ch\/wp-content\/uploads\/2021\/12\/Feedback.png\" alt=\"\" class=\"wp-image-3391\" srcset=\"https:\/\/mia.phtg.ch\/wp-content\/uploads\/2021\/12\/Feedback.png 630w, https:\/\/mia.phtg.ch\/wp-content\/uploads\/2021\/12\/Feedback-300x125.png 300w\" sizes=\"auto, (max-width: 630px) 100vw, 630px\" \/><\/a><figcaption><em>Bild: Ausschnitt aus Arbeitsblatt Posten 7<\/em><\/figcaption><\/figure>\n\n\n\n<p>Der hier gezeigte Ausschnitt aus den Unterrichtsmaterialien, die im Zusammenhang mit dem MIA21-Medienkurs entstanden sind, macht deutlich, wie umfassend die M\u00f6glichkeiten f\u00fcr den Einsatz von digitalen Elementen sind. Dass dabei einige Kompetenzen aus dem Kompetenzbereich Medien integrativ im Fachbereich Deutsch bearbeitet wurden, macht dieses Beispiel besonders wertvoll.<\/p>\n\n\n\n<p>Zum Schluss m\u00f6chte ich mich bei den Lehrpersonen aus Eschenz bedanken, dass wir an dieser Stelle \u00fcber ihre Umsetzung berichten durften. Ich hoffe, das vielf\u00e4ltige Praxis-Beispiel ermutigt m\u00f6glichst viele auf diesen Spuren zu folgen.<\/p>\n<div data-animation=\"no-animation\" data-icons-animation=\"no-animation\" data-overlay=\"\" data-change-size=\"\" data-button-size=\"0.7\" style=\"font-size:0.7em!important;display:none;\" class=\"supsystic-social-sharing supsystic-social-sharing-package-flat supsystic-social-sharing-spacing supsystic-social-sharing-content supsystic-social-sharing-content-align-left\" data-text=\"\"><a data-networks=\"[]\" class=\"social-sharing-button sharer-flat sharer-flat-1 counter-standard without-counter tooltip-icon facebook\" target=\"_blank\" title=\"auf Facebook teilen\" href=\"http:\/\/www.facebook.com\/sharer.php?u=https%3A%2F%2Fmia.phtg.ch%2F%3Fp%3D3313\" data-main-href=\"http:\/\/www.facebook.com\/sharer.php?u={url}\" data-nid=\"1\" data-name=\"\" data-pid=\"1\" data-post-id=\"3313\" data-url=\"https:\/\/mia.phtg.ch\/wp-admin\/admin-ajax.php\" rel=\"nofollow\" data-mailto=\"\"><i class=\"fa-ssbs fa-ssbs-fw fa-ssbs-facebook\"><\/i><div class=\"counter-wrap standard\"><span class=\"counter\">0<\/span><\/div><\/a><a data-networks=\"[]\" class=\"social-sharing-button sharer-flat sharer-flat-1 counter-standard without-counter tooltip-icon twitter\" target=\"_blank\" title=\"auf Twitter teilen\" href=\"https:\/\/twitter.com\/share?url=https%3A%2F%2Fmia.phtg.ch%2F%3Fp%3D3313&text=Medieneinsatz+im+Fachbereich+Deutsch\" data-main-href=\"https:\/\/twitter.com\/share?url={url}&text={title}\" data-nid=\"2\" data-name=\"\" data-pid=\"1\" data-post-id=\"3313\" data-url=\"https:\/\/mia.phtg.ch\/wp-admin\/admin-ajax.php\" rel=\"nofollow\" data-mailto=\"\"><i class=\"fa-ssbs fa-ssbs-fw fa-ssbs-twitter\"><\/i><div class=\"counter-wrap standard\"><span class=\"counter\">0<\/span><\/div><\/a><a data-networks=\"[]\" class=\"social-sharing-button sharer-flat sharer-flat-1 counter-standard without-counter tooltip-icon linkedin\" target=\"_blank\" title=\"auf Linkedin teilen\" href=\"https:\/\/www.linkedin.com\/shareArticle?mini=true&title=Medieneinsatz+im+Fachbereich+Deutsch&url=https%3A%2F%2Fmia.phtg.ch%2F%3Fp%3D3313\" data-main-href=\"https:\/\/www.linkedin.com\/shareArticle?mini=true&title={title}&url={url}\" data-nid=\"13\" data-name=\"\" data-pid=\"1\" data-post-id=\"3313\" data-url=\"https:\/\/mia.phtg.ch\/wp-admin\/admin-ajax.php\" rel=\"nofollow\" data-mailto=\"\"><i class=\"fa-ssbs fa-ssbs-fw fa-ssbs-linkedin\"><\/i><div class=\"counter-wrap standard\"><span class=\"counter\">0<\/span><\/div><\/a><a data-networks=\"[]\" class=\"social-sharing-button sharer-flat sharer-flat-1 counter-standard without-counter tooltip-icon mail\" target=\"_blank\" title=\"per E-Mail teilen\" href=\"#\" data-main-href=\"#\" data-nid=\"16\" data-name=\"\" data-pid=\"1\" data-post-id=\"3313\" data-url=\"https:\/\/mia.phtg.ch\/wp-admin\/admin-ajax.php\" rel=\"nofollow\" data-mailto=\"\"><i class=\"fa-ssbs fa-ssbs-fw fa-ssbs-envelope-o\"><\/i><div class=\"counter-wrap standard\"><span class=\"counter\">0<\/span><\/div><\/a><\/div>","protected":false},"excerpt":{"rendered":"<p>Umsetzungsbeispiel MIA21-Kurs Weiterbildungen unter dem Namen MIA21 sind in vielen Thurgauer Schulhausteams l\u00e4ngstens ein Begriff. Nebst den spezifischen, in eigener Regie entwickelten Weiterbildungsformaten an diversen&hellip;<\/p>\n<div data-animation=\"no-animation\" data-icons-animation=\"no-animation\" data-overlay=\"\" data-change-size=\"\" data-button-size=\"0.7\" style=\"font-size:0.7em!important;display:none;\" class=\"supsystic-social-sharing supsystic-social-sharing-package-flat supsystic-social-sharing-spacing supsystic-social-sharing-content supsystic-social-sharing-content-align-left\" data-text=\"\"><a data-networks=\"[]\" class=\"social-sharing-button sharer-flat sharer-flat-1 counter-standard without-counter tooltip-icon facebook\" target=\"_blank\" title=\"auf Facebook teilen\" href=\"http:\/\/www.facebook.com\/sharer.php?u=https%3A%2F%2Fmia.phtg.ch%2F%3Fp%3D3313\" data-main-href=\"http:\/\/www.facebook.com\/sharer.php?u={url}\" data-nid=\"1\" data-name=\"\" data-pid=\"1\" data-post-id=\"3313\" data-url=\"https:\/\/mia.phtg.ch\/wp-admin\/admin-ajax.php\" rel=\"nofollow\" data-mailto=\"\"><i class=\"fa-ssbs fa-ssbs-fw fa-ssbs-facebook\"><\/i><div class=\"counter-wrap standard\"><span class=\"counter\">0<\/span><\/div><\/a><a data-networks=\"[]\" class=\"social-sharing-button sharer-flat sharer-flat-1 counter-standard without-counter tooltip-icon twitter\" target=\"_blank\" title=\"auf Twitter teilen\" href=\"https:\/\/twitter.com\/share?url=https%3A%2F%2Fmia.phtg.ch%2F%3Fp%3D3313&text=Medieneinsatz+im+Fachbereich+Deutsch\" data-main-href=\"https:\/\/twitter.com\/share?url={url}&text={title}\" data-nid=\"2\" data-name=\"\" data-pid=\"1\" data-post-id=\"3313\" data-url=\"https:\/\/mia.phtg.ch\/wp-admin\/admin-ajax.php\" rel=\"nofollow\" data-mailto=\"\"><i class=\"fa-ssbs fa-ssbs-fw fa-ssbs-twitter\"><\/i><div class=\"counter-wrap standard\"><span class=\"counter\">0<\/span><\/div><\/a><a data-networks=\"[]\" class=\"social-sharing-button sharer-flat sharer-flat-1 counter-standard without-counter tooltip-icon linkedin\" target=\"_blank\" title=\"auf Linkedin teilen\" href=\"https:\/\/www.linkedin.com\/shareArticle?mini=true&title=Medieneinsatz+im+Fachbereich+Deutsch&url=https%3A%2F%2Fmia.phtg.ch%2F%3Fp%3D3313\" data-main-href=\"https:\/\/www.linkedin.com\/shareArticle?mini=true&title={title}&url={url}\" data-nid=\"13\" data-name=\"\" data-pid=\"1\" data-post-id=\"3313\" data-url=\"https:\/\/mia.phtg.ch\/wp-admin\/admin-ajax.php\" rel=\"nofollow\" data-mailto=\"\"><i class=\"fa-ssbs fa-ssbs-fw fa-ssbs-linkedin\"><\/i><div class=\"counter-wrap standard\"><span class=\"counter\">0<\/span><\/div><\/a><a data-networks=\"[]\" class=\"social-sharing-button sharer-flat sharer-flat-1 counter-standard without-counter tooltip-icon mail\" target=\"_blank\" title=\"per E-Mail teilen\" href=\"#\" data-main-href=\"#\" data-nid=\"16\" data-name=\"\" data-pid=\"1\" data-post-id=\"3313\" data-url=\"https:\/\/mia.phtg.ch\/wp-admin\/admin-ajax.php\" rel=\"nofollow\" data-mailto=\"\"><i class=\"fa-ssbs fa-ssbs-fw fa-ssbs-envelope-o\"><\/i><div class=\"counter-wrap standard\"><span class=\"counter\">0<\/span><\/div><\/a><\/div>","protected":false},"author":17,"featured_media":3414,"comment_status":"open","ping_status":"open","sticky":false,"template":"","format":"standard","meta":{"footnotes":""},"categories":[25,10,24,283,215,137,51],"tags":[108,302,84,106,330,125],"class_list":["post-3313","post","type-post","status-publish","format-standard","has-post-thumbnail","hentry","category-anwendungskompetenzen","category-medien","category-mia","category-mia-praxis","category-sekundarstufe-i","category-unterricht","category-weiterbildung","tag-anwendungskompetenzen","tag-deutsch","tag-mia","tag-mia21","tag-unterrichtsszenario","tag-zyklus-3"],"_links":{"self":[{"href":"https:\/\/mia.phtg.ch\/index.php?rest_route=\/wp\/v2\/posts\/3313","targetHints":{"allow":["GET"]}}],"collection":[{"href":"https:\/\/mia.phtg.ch\/index.php?rest_route=\/wp\/v2\/posts"}],"about":[{"href":"https:\/\/mia.phtg.ch\/index.php?rest_route=\/wp\/v2\/types\/post"}],"author":[{"embeddable":true,"href":"https:\/\/mia.phtg.ch\/index.php?rest_route=\/wp\/v2\/users\/17"}],"replies":[{"embeddable":true,"href":"https:\/\/mia.phtg.ch\/index.php?rest_route=%2Fwp%2Fv2%2Fcomments&post=3313"}],"version-history":[{"count":25,"href":"https:\/\/mia.phtg.ch\/index.php?rest_route=\/wp\/v2\/posts\/3313\/revisions"}],"predecessor-version":[{"id":3616,"href":"https:\/\/mia.phtg.ch\/index.php?rest_route=\/wp\/v2\/posts\/3313\/revisions\/3616"}],"wp:featuredmedia":[{"embeddable":true,"href":"https:\/\/mia.phtg.ch\/index.php?rest_route=\/wp\/v2\/media\/3414"}],"wp:attachment":[{"href":"https:\/\/mia.phtg.ch\/index.php?rest_route=%2Fwp%2Fv2%2Fmedia&parent=3313"}],"wp:term":[{"taxonomy":"category","embeddable":true,"href":"https:\/\/mia.phtg.ch\/index.php?rest_route=%2Fwp%2Fv2%2Fcategories&post=3313"},{"taxonomy":"post_tag","embeddable":true,"href":"https:\/\/mia.phtg.ch\/index.php?rest_route=%2Fwp%2Fv2%2Ftags&post=3313"}],"curies":[{"name":"wp","href":"https:\/\/api.w.org\/{rel}","templated":true}]}}