{"id":3487,"date":"2022-01-28T10:30:49","date_gmt":"2022-01-28T08:30:49","guid":{"rendered":"https:\/\/mia.phtg.ch\/?p=3487"},"modified":"2022-02-10T22:18:49","modified_gmt":"2022-02-10T20:18:49","slug":"kreative-bilderverarbeitung-im-textilen-werken","status":"publish","type":"post","link":"https:\/\/mia.phtg.ch\/?p=3487","title":{"rendered":"Kreative Bilderbearbeitung im textilen Werken"},"content":{"rendered":"\n<p>Stellt euch vor die Sch\u00fclerinnen und Sch\u00fcler machen Fotos mit Tablets. Diese werden mit einem Bildbearbeitungsprogramm weiter bearbeitet. Wenn die TW-Lehrpersonen diese Kompetenzen bereits voraussetzen k\u00f6nnen, kann im TW-Unterricht kreativ weiter gearbeitet werden.<\/p>\n\n\n\n<figure class=\"wp-block-gallery has-nested-images columns-default is-cropped wp-block-gallery-1 is-layout-flex wp-block-gallery-is-layout-flex\">\n<figure class=\"wp-block-image size-full is-style-default\"><a href=\"https:\/\/mia.phtg.ch\/wp-content\/uploads\/2022\/01\/handyhome2-1.png\"><img loading=\"lazy\" decoding=\"async\" width=\"945\" height=\"708\" data-id=\"3494\" src=\"https:\/\/mia.phtg.ch\/wp-content\/uploads\/2022\/01\/handyhome2-1.png\" alt=\"\" class=\"wp-image-3494\" srcset=\"https:\/\/mia.phtg.ch\/wp-content\/uploads\/2022\/01\/handyhome2-1.png 945w, https:\/\/mia.phtg.ch\/wp-content\/uploads\/2022\/01\/handyhome2-1-300x225.png 300w, https:\/\/mia.phtg.ch\/wp-content\/uploads\/2022\/01\/handyhome2-1-768x575.png 768w\" sizes=\"auto, (max-width: 945px) 100vw, 945px\" \/><\/a><figcaption>Stoffdruck des Natursujets<\/figcaption><\/figure>\n\n\n\n<figure class=\"wp-block-image size-full is-style-default\"><a href=\"https:\/\/mia.phtg.ch\/wp-content\/uploads\/2022\/01\/kissen1-1.png\"><img loading=\"lazy\" decoding=\"async\" width=\"945\" height=\"708\" data-id=\"3492\" src=\"https:\/\/mia.phtg.ch\/wp-content\/uploads\/2022\/01\/kissen1-1.png\" alt=\"\" class=\"wp-image-3492\" srcset=\"https:\/\/mia.phtg.ch\/wp-content\/uploads\/2022\/01\/kissen1-1.png 945w, https:\/\/mia.phtg.ch\/wp-content\/uploads\/2022\/01\/kissen1-1-300x225.png 300w, https:\/\/mia.phtg.ch\/wp-content\/uploads\/2022\/01\/kissen1-1-768x575.png 768w\" sizes=\"auto, (max-width: 945px) 100vw, 945px\" \/><\/a><figcaption>Laptoph\u00fclle mit besticktem Bildmotiv<\/figcaption><\/figure>\n<\/figure>\n\n\n\n<p>Genau dies haben zwei 6. Klassen in Romanshorn umgesetzt &#8211; ihr manuell und digital verarbeitetes Foto mit einem selbsthergestellten textilen Produkt kombiniert. Im ersten Schritt wurden in einer Lektion <strong>Gegenst\u00e4nde fotografiert<\/strong>. Dabei wurde ein Gebrauchsgegenstand oder eine Dekorobjekt in den Fokus ger\u00fcckt. Sie \u00fcbten auch verschiedene Perspektiven anzuwenden <strong>(Frosch-, Vogel- und Normalperspektive)<\/strong>. Im Nachgang wurden die Bilder besprochen. Im zweiten Schritt wurde die Natur im <strong>Umkreis des Schulhauses f\u00fcr die Sujets fotografiert.<\/strong> Auch diese Bilder wurden in der Klasse besprochen. Dabei kamen die Kinder ins Staunen, als sie die Bilder mit den unterschiedlichen Perspektiven betrachteten.<br><br>F\u00fcr die Weiterverarbeitung w\u00e4hlten die Kinder ihr bestes Bild aus. In den n\u00e4chsten drei Lektionen widmeten sie sich der kreativen Gestaltung. <strong>Das ausgew\u00e4hlte Bild wurde digital bearbeitet<\/strong>. Dabei wurden Elemente hinzugef\u00fcgt, Farbe und Pixel ver\u00e4ndert und somit Dinge wegretuschiert. Die Bilderver\u00e4nderungen wurden besprochen. <strong>Das jeweils gelungenste Bild wurde spiegelverkehrt auf Transferfolie ausgedruckt, so konnte es auf einen hellen Stoff aufgeb\u00fcgelt werden.<\/strong><\/p>\n\n\n\n<p>Die manuelle Bearbeitung des gleichen Bildes, welches ebenfalls auf Transferfolie ausgedruckt wurde, war der n\u00e4chste Schritt. Die Sch\u00fclerinnen und Sch\u00fcler durften <strong>unterschiedliche Techniken <\/strong>verwenden, wie Druck \/ Sticken \/ N\u00e4hen mit der Maschine u.a.. . F\u00fcr die Weiterverarbeitung wurde definiert, welchen Gegenstand die Kinder herstellen m\u00f6chten. So entstanden <strong>unterschiedliche Produkte<\/strong>, wie bspw. Kissen, Taschen, Laptoph\u00fcllen oder auch ein Buchumschlag.<\/p>\n\n\n\n<figure class=\"wp-block-gallery has-nested-images columns-default is-cropped wp-block-gallery-2 is-layout-flex wp-block-gallery-is-layout-flex\">\n<figure class=\"wp-block-image size-large\"><a href=\"https:\/\/mia.phtg.ch\/wp-content\/uploads\/2022\/01\/werbetasche2-2.png\"><img loading=\"lazy\" decoding=\"async\" width=\"687\" height=\"914\" data-id=\"3521\" src=\"https:\/\/mia.phtg.ch\/wp-content\/uploads\/2022\/01\/werbetasche2-2.png\" alt=\"\" class=\"wp-image-3521\" srcset=\"https:\/\/mia.phtg.ch\/wp-content\/uploads\/2022\/01\/werbetasche2-2.png 687w, https:\/\/mia.phtg.ch\/wp-content\/uploads\/2022\/01\/werbetasche2-2-225x300.png 225w\" sizes=\"auto, (max-width: 687px) 100vw, 687px\" \/><\/a><figcaption>Werbetasche neu gestalten<\/figcaption><\/figure>\n\n\n\n<figure class=\"wp-block-image size-large\"><a href=\"https:\/\/mia.phtg.ch\/wp-content\/uploads\/2022\/01\/werbetasche1-2.png\"><img loading=\"lazy\" decoding=\"async\" width=\"691\" height=\"922\" data-id=\"3518\" src=\"https:\/\/mia.phtg.ch\/wp-content\/uploads\/2022\/01\/werbetasche1-2.png\" alt=\"\" class=\"wp-image-3518\" srcset=\"https:\/\/mia.phtg.ch\/wp-content\/uploads\/2022\/01\/werbetasche1-2.png 691w, https:\/\/mia.phtg.ch\/wp-content\/uploads\/2022\/01\/werbetasche1-2-225x300.png 225w\" sizes=\"auto, (max-width: 691px) 100vw, 691px\" \/><\/a><figcaption>Tasche kreative Stickerei im Bild<\/figcaption><\/figure>\n\n\n\n<figure class=\"wp-block-image size-large\"><a href=\"https:\/\/mia.phtg.ch\/wp-content\/uploads\/2022\/01\/handyhu\u0308lle1-3.png\"><img loading=\"lazy\" decoding=\"async\" width=\"667\" height=\"1024\" data-id=\"3522\" src=\"https:\/\/mia.phtg.ch\/wp-content\/uploads\/2022\/01\/handyhu\u0308lle1-3-667x1024.png\" alt=\"\" class=\"wp-image-3522\" srcset=\"https:\/\/mia.phtg.ch\/wp-content\/uploads\/2022\/01\/handyhu\u0308lle1-3-667x1024.png 667w, https:\/\/mia.phtg.ch\/wp-content\/uploads\/2022\/01\/handyhu\u0308lle1-3-195x300.png 195w, https:\/\/mia.phtg.ch\/wp-content\/uploads\/2022\/01\/handyhu\u0308lle1-3-768x1180.png 768w, https:\/\/mia.phtg.ch\/wp-content\/uploads\/2022\/01\/handyhu\u0308lle1-3.png 800w\" sizes=\"auto, (max-width: 667px) 100vw, 667px\" \/><\/a><figcaption>Handyh\u00fclle mit Natursujet<\/figcaption><\/figure>\n\n\n\n<figure class=\"wp-block-image size-large\"><a href=\"https:\/\/mia.phtg.ch\/wp-content\/uploads\/2022\/01\/laptophu\u0308lle4-1.png\"><img loading=\"lazy\" decoding=\"async\" width=\"745\" height=\"993\" data-id=\"3517\" src=\"https:\/\/mia.phtg.ch\/wp-content\/uploads\/2022\/01\/laptophu\u0308lle4-1.png\" alt=\"\" class=\"wp-image-3517\" srcset=\"https:\/\/mia.phtg.ch\/wp-content\/uploads\/2022\/01\/laptophu\u0308lle4-1.png 745w, https:\/\/mia.phtg.ch\/wp-content\/uploads\/2022\/01\/laptophu\u0308lle4-1-225x300.png 225w\" sizes=\"auto, (max-width: 745px) 100vw, 745px\" \/><\/a><figcaption>Laptoph\u00fclle mit Natursujet<\/figcaption><\/figure>\n\n\n\n<figure class=\"wp-block-image size-large\"><a href=\"https:\/\/mia.phtg.ch\/wp-content\/uploads\/2022\/01\/laptophu\u0308lle3-1.png\"><img loading=\"lazy\" decoding=\"async\" width=\"508\" height=\"381\" data-id=\"3515\" src=\"https:\/\/mia.phtg.ch\/wp-content\/uploads\/2022\/01\/laptophu\u0308lle3-1.png\" alt=\"\" class=\"wp-image-3515\" srcset=\"https:\/\/mia.phtg.ch\/wp-content\/uploads\/2022\/01\/laptophu\u0308lle3-1.png 508w, https:\/\/mia.phtg.ch\/wp-content\/uploads\/2022\/01\/laptophu\u0308lle3-1-300x225.png 300w\" sizes=\"auto, (max-width: 508px) 100vw, 508px\" \/><\/a><figcaption>Labptoph\u00fclle mit Bild und Grafik<\/figcaption><\/figure>\n\n\n\n<figure class=\"wp-block-image size-full\"><a href=\"https:\/\/mia.phtg.ch\/wp-content\/uploads\/2022\/01\/laptophu\u0308lle1-2.png\"><img loading=\"lazy\" decoding=\"async\" width=\"702\" height=\"937\" data-id=\"3530\" src=\"https:\/\/mia.phtg.ch\/wp-content\/uploads\/2022\/01\/laptophu\u0308lle1-2.png\" alt=\"\" class=\"wp-image-3530\" srcset=\"https:\/\/mia.phtg.ch\/wp-content\/uploads\/2022\/01\/laptophu\u0308lle1-2.png 702w, https:\/\/mia.phtg.ch\/wp-content\/uploads\/2022\/01\/laptophu\u0308lle1-2-225x300.png 225w\" sizes=\"auto, (max-width: 702px) 100vw, 702px\" \/><\/a><figcaption>Laptoph\u00fclle Bildgestaltung<\/figcaption><\/figure>\n\n\n\n<figure class=\"wp-block-image size-large\"><a href=\"https:\/\/mia.phtg.ch\/wp-content\/uploads\/2022\/01\/kissen1-3.png\"><img loading=\"lazy\" decoding=\"async\" width=\"945\" height=\"708\" data-id=\"3519\" src=\"https:\/\/mia.phtg.ch\/wp-content\/uploads\/2022\/01\/kissen1-3.png\" alt=\"\" class=\"wp-image-3519\" srcset=\"https:\/\/mia.phtg.ch\/wp-content\/uploads\/2022\/01\/kissen1-3.png 945w, https:\/\/mia.phtg.ch\/wp-content\/uploads\/2022\/01\/kissen1-3-300x225.png 300w, https:\/\/mia.phtg.ch\/wp-content\/uploads\/2022\/01\/kissen1-3-768x575.png 768w\" sizes=\"auto, (max-width: 945px) 100vw, 945px\" \/><\/a><figcaption>Laptoph\u00fclle besticktes Bild<\/figcaption><\/figure>\n\n\n\n<figure class=\"wp-block-image size-large\"><a href=\"https:\/\/mia.phtg.ch\/wp-content\/uploads\/2022\/01\/handyhome2-3.png\"><img loading=\"lazy\" decoding=\"async\" width=\"945\" height=\"708\" data-id=\"3524\" src=\"https:\/\/mia.phtg.ch\/wp-content\/uploads\/2022\/01\/handyhome2-3.png\" alt=\"\" class=\"wp-image-3524\" srcset=\"https:\/\/mia.phtg.ch\/wp-content\/uploads\/2022\/01\/handyhome2-3.png 945w, https:\/\/mia.phtg.ch\/wp-content\/uploads\/2022\/01\/handyhome2-3-300x225.png 300w, https:\/\/mia.phtg.ch\/wp-content\/uploads\/2022\/01\/handyhome2-3-768x575.png 768w\" sizes=\"auto, (max-width: 945px) 100vw, 945px\" \/><\/a><figcaption>Tasche mit Natursujet<\/figcaption><\/figure>\n\n\n\n<figure class=\"wp-block-image size-large\"><a href=\"https:\/\/mia.phtg.ch\/wp-content\/uploads\/2022\/01\/handyhome1-1.png\"><img loading=\"lazy\" decoding=\"async\" width=\"945\" height=\"708\" data-id=\"3523\" src=\"https:\/\/mia.phtg.ch\/wp-content\/uploads\/2022\/01\/handyhome1-1.png\" alt=\"\" class=\"wp-image-3523\" srcset=\"https:\/\/mia.phtg.ch\/wp-content\/uploads\/2022\/01\/handyhome1-1.png 945w, https:\/\/mia.phtg.ch\/wp-content\/uploads\/2022\/01\/handyhome1-1-300x225.png 300w, https:\/\/mia.phtg.ch\/wp-content\/uploads\/2022\/01\/handyhome1-1-768x575.png 768w\" sizes=\"auto, (max-width: 945px) 100vw, 945px\" \/><\/a><figcaption>Tasche mit Natursujet<\/figcaption><\/figure>\n\n\n\n<figure class=\"wp-block-image size-large\"><a href=\"https:\/\/mia.phtg.ch\/wp-content\/uploads\/2022\/01\/Ma\u0308ppli1-1.png\"><img loading=\"lazy\" decoding=\"async\" width=\"577\" height=\"391\" data-id=\"3525\" src=\"https:\/\/mia.phtg.ch\/wp-content\/uploads\/2022\/01\/Ma\u0308ppli1-1.png\" alt=\"\" class=\"wp-image-3525\" srcset=\"https:\/\/mia.phtg.ch\/wp-content\/uploads\/2022\/01\/Ma\u0308ppli1-1.png 577w, https:\/\/mia.phtg.ch\/wp-content\/uploads\/2022\/01\/Ma\u0308ppli1-1-300x203.png 300w\" sizes=\"auto, (max-width: 577px) 100vw, 577px\" \/><\/a><figcaption>T\u00e4schle mit Zusatzgrafiken<\/figcaption><\/figure>\n\n\n\n<figure class=\"wp-block-image size-large\"><a href=\"https:\/\/mia.phtg.ch\/wp-content\/uploads\/2022\/01\/ma\u0308ppli1b-1.png\"><img loading=\"lazy\" decoding=\"async\" width=\"583\" height=\"477\" data-id=\"3526\" src=\"https:\/\/mia.phtg.ch\/wp-content\/uploads\/2022\/01\/ma\u0308ppli1b-1.png\" alt=\"\" class=\"wp-image-3526\" srcset=\"https:\/\/mia.phtg.ch\/wp-content\/uploads\/2022\/01\/ma\u0308ppli1b-1.png 583w, https:\/\/mia.phtg.ch\/wp-content\/uploads\/2022\/01\/ma\u0308ppli1b-1-300x245.png 300w\" sizes=\"auto, (max-width: 583px) 100vw, 583px\" \/><\/a><figcaption>Tasche mit Personensujet<\/figcaption><\/figure>\n\n\n\n<figure class=\"wp-block-image size-large\"><a href=\"https:\/\/mia.phtg.ch\/wp-content\/uploads\/2022\/01\/ma\u0308ppli1a-2.png\"><img loading=\"lazy\" decoding=\"async\" width=\"572\" height=\"391\" data-id=\"3527\" src=\"https:\/\/mia.phtg.ch\/wp-content\/uploads\/2022\/01\/ma\u0308ppli1a-2.png\" alt=\"\" class=\"wp-image-3527\" srcset=\"https:\/\/mia.phtg.ch\/wp-content\/uploads\/2022\/01\/ma\u0308ppli1a-2.png 572w, https:\/\/mia.phtg.ch\/wp-content\/uploads\/2022\/01\/ma\u0308ppli1a-2-300x205.png 300w\" sizes=\"auto, (max-width: 572px) 100vw, 572px\" \/><\/a><figcaption>Tasche f\u00fcr Bff Stickerei<\/figcaption><\/figure>\n<figcaption class=\"blocks-gallery-caption\"><strong>Einige entstandene Produkte<\/strong><\/figcaption><\/figure>\n\n\n\n<p>Mit den fertigen Produkten der Sch\u00fclerinnen und Sch\u00fcler gab es Reflexionsrunden. Da waren einerseits R\u00fcckmeldungen der Peers erw\u00fcnscht und es wurde auch Selbstreflexion \u00fcber den Entstehungsprozess und das Produkt ge\u00fcbt. (Lehrpersonen Elvira F\u00e4ssler, Pia Koch)<\/p>\n<div data-animation=\"no-animation\" data-icons-animation=\"no-animation\" data-overlay=\"\" data-change-size=\"\" data-button-size=\"0.7\" style=\"font-size:0.7em!important;display:none;\" class=\"supsystic-social-sharing supsystic-social-sharing-package-flat supsystic-social-sharing-spacing supsystic-social-sharing-content supsystic-social-sharing-content-align-left\" data-text=\"\"><a data-networks=\"[]\" class=\"social-sharing-button sharer-flat sharer-flat-1 counter-standard without-counter tooltip-icon facebook\" target=\"_blank\" title=\"auf Facebook teilen\" href=\"http:\/\/www.facebook.com\/sharer.php?u=https%3A%2F%2Fmia.phtg.ch%2F%3Fp%3D3487\" data-main-href=\"http:\/\/www.facebook.com\/sharer.php?u={url}\" data-nid=\"1\" data-name=\"\" data-pid=\"1\" data-post-id=\"3487\" data-url=\"https:\/\/mia.phtg.ch\/wp-admin\/admin-ajax.php\" rel=\"nofollow\" data-mailto=\"\"><i class=\"fa-ssbs fa-ssbs-fw fa-ssbs-facebook\"><\/i><div class=\"counter-wrap standard\"><span class=\"counter\">0<\/span><\/div><\/a><a data-networks=\"[]\" class=\"social-sharing-button sharer-flat sharer-flat-1 counter-standard without-counter tooltip-icon twitter\" target=\"_blank\" title=\"auf Twitter teilen\" href=\"https:\/\/twitter.com\/share?url=https%3A%2F%2Fmia.phtg.ch%2F%3Fp%3D3487&text=Kreative+Bilderbearbeitung+im+textilen+Werken\" data-main-href=\"https:\/\/twitter.com\/share?url={url}&text={title}\" data-nid=\"2\" data-name=\"\" data-pid=\"1\" data-post-id=\"3487\" data-url=\"https:\/\/mia.phtg.ch\/wp-admin\/admin-ajax.php\" rel=\"nofollow\" data-mailto=\"\"><i class=\"fa-ssbs fa-ssbs-fw fa-ssbs-twitter\"><\/i><div class=\"counter-wrap standard\"><span class=\"counter\">0<\/span><\/div><\/a><a data-networks=\"[]\" class=\"social-sharing-button sharer-flat sharer-flat-1 counter-standard without-counter tooltip-icon linkedin\" target=\"_blank\" title=\"auf Linkedin teilen\" href=\"https:\/\/www.linkedin.com\/shareArticle?mini=true&title=Kreative+Bilderbearbeitung+im+textilen+Werken&url=https%3A%2F%2Fmia.phtg.ch%2F%3Fp%3D3487\" data-main-href=\"https:\/\/www.linkedin.com\/shareArticle?mini=true&title={title}&url={url}\" data-nid=\"13\" data-name=\"\" data-pid=\"1\" data-post-id=\"3487\" data-url=\"https:\/\/mia.phtg.ch\/wp-admin\/admin-ajax.php\" rel=\"nofollow\" data-mailto=\"\"><i class=\"fa-ssbs fa-ssbs-fw fa-ssbs-linkedin\"><\/i><div class=\"counter-wrap standard\"><span class=\"counter\">0<\/span><\/div><\/a><a data-networks=\"[]\" class=\"social-sharing-button sharer-flat sharer-flat-1 counter-standard without-counter tooltip-icon mail\" target=\"_blank\" title=\"per E-Mail teilen\" href=\"#\" data-main-href=\"#\" data-nid=\"16\" data-name=\"\" data-pid=\"1\" data-post-id=\"3487\" data-url=\"https:\/\/mia.phtg.ch\/wp-admin\/admin-ajax.php\" rel=\"nofollow\" data-mailto=\"\"><i class=\"fa-ssbs fa-ssbs-fw fa-ssbs-envelope-o\"><\/i><div class=\"counter-wrap standard\"><span class=\"counter\">0<\/span><\/div><\/a><\/div>","protected":false},"excerpt":{"rendered":"<p>Stellt euch vor die Sch\u00fclerinnen und Sch\u00fcler machen Fotos mit Tablets. Diese werden mit einem Bildbearbeitungsprogramm weiter bearbeitet. Wenn die TW-Lehrpersonen diese Kompetenzen bereits voraussetzen&hellip;<\/p>\n<div data-animation=\"no-animation\" data-icons-animation=\"no-animation\" data-overlay=\"\" data-change-size=\"\" data-button-size=\"0.7\" style=\"font-size:0.7em!important;display:none;\" class=\"supsystic-social-sharing supsystic-social-sharing-package-flat supsystic-social-sharing-spacing supsystic-social-sharing-content supsystic-social-sharing-content-align-left\" data-text=\"\"><a data-networks=\"[]\" class=\"social-sharing-button sharer-flat sharer-flat-1 counter-standard without-counter tooltip-icon facebook\" target=\"_blank\" title=\"auf Facebook teilen\" href=\"http:\/\/www.facebook.com\/sharer.php?u=https%3A%2F%2Fmia.phtg.ch%2F%3Fp%3D3487\" data-main-href=\"http:\/\/www.facebook.com\/sharer.php?u={url}\" data-nid=\"1\" data-name=\"\" data-pid=\"1\" data-post-id=\"3487\" data-url=\"https:\/\/mia.phtg.ch\/wp-admin\/admin-ajax.php\" rel=\"nofollow\" data-mailto=\"\"><i class=\"fa-ssbs fa-ssbs-fw fa-ssbs-facebook\"><\/i><div class=\"counter-wrap standard\"><span class=\"counter\">0<\/span><\/div><\/a><a data-networks=\"[]\" class=\"social-sharing-button sharer-flat sharer-flat-1 counter-standard without-counter tooltip-icon twitter\" target=\"_blank\" title=\"auf Twitter teilen\" href=\"https:\/\/twitter.com\/share?url=https%3A%2F%2Fmia.phtg.ch%2F%3Fp%3D3487&text=Kreative+Bilderbearbeitung+im+textilen+Werken\" data-main-href=\"https:\/\/twitter.com\/share?url={url}&text={title}\" data-nid=\"2\" data-name=\"\" data-pid=\"1\" data-post-id=\"3487\" data-url=\"https:\/\/mia.phtg.ch\/wp-admin\/admin-ajax.php\" rel=\"nofollow\" data-mailto=\"\"><i class=\"fa-ssbs fa-ssbs-fw fa-ssbs-twitter\"><\/i><div class=\"counter-wrap standard\"><span class=\"counter\">0<\/span><\/div><\/a><a data-networks=\"[]\" class=\"social-sharing-button sharer-flat sharer-flat-1 counter-standard without-counter tooltip-icon linkedin\" target=\"_blank\" title=\"auf Linkedin teilen\" href=\"https:\/\/www.linkedin.com\/shareArticle?mini=true&title=Kreative+Bilderbearbeitung+im+textilen+Werken&url=https%3A%2F%2Fmia.phtg.ch%2F%3Fp%3D3487\" data-main-href=\"https:\/\/www.linkedin.com\/shareArticle?mini=true&title={title}&url={url}\" data-nid=\"13\" data-name=\"\" data-pid=\"1\" data-post-id=\"3487\" data-url=\"https:\/\/mia.phtg.ch\/wp-admin\/admin-ajax.php\" rel=\"nofollow\" data-mailto=\"\"><i class=\"fa-ssbs fa-ssbs-fw fa-ssbs-linkedin\"><\/i><div class=\"counter-wrap standard\"><span class=\"counter\">0<\/span><\/div><\/a><a data-networks=\"[]\" class=\"social-sharing-button sharer-flat sharer-flat-1 counter-standard without-counter tooltip-icon mail\" target=\"_blank\" title=\"per E-Mail teilen\" href=\"#\" data-main-href=\"#\" data-nid=\"16\" data-name=\"\" data-pid=\"1\" data-post-id=\"3487\" data-url=\"https:\/\/mia.phtg.ch\/wp-admin\/admin-ajax.php\" rel=\"nofollow\" data-mailto=\"\"><i class=\"fa-ssbs fa-ssbs-fw fa-ssbs-envelope-o\"><\/i><div class=\"counter-wrap standard\"><span class=\"counter\">0<\/span><\/div><\/a><\/div>","protected":false},"author":15,"featured_media":3568,"comment_status":"open","ping_status":"open","sticky":false,"template":"","format":"standard","meta":{"footnotes":""},"categories":[10,24,283,230,1,137],"tags":[358,106,370,42,124],"class_list":["post-3487","post","type-post","status-publish","format-standard","has-post-thumbnail","hentry","category-medien","category-mia","category-mia-praxis","category-primarstufe","category-uncategorized","category-unterricht","tag-medienbildung","tag-mia21","tag-textiles-gestalten","tag-weiterbildung","tag-zyklus-2"],"_links":{"self":[{"href":"https:\/\/mia.phtg.ch\/index.php?rest_route=\/wp\/v2\/posts\/3487","targetHints":{"allow":["GET"]}}],"collection":[{"href":"https:\/\/mia.phtg.ch\/index.php?rest_route=\/wp\/v2\/posts"}],"about":[{"href":"https:\/\/mia.phtg.ch\/index.php?rest_route=\/wp\/v2\/types\/post"}],"author":[{"embeddable":true,"href":"https:\/\/mia.phtg.ch\/index.php?rest_route=\/wp\/v2\/users\/15"}],"replies":[{"embeddable":true,"href":"https:\/\/mia.phtg.ch\/index.php?rest_route=%2Fwp%2Fv2%2Fcomments&post=3487"}],"version-history":[{"count":5,"href":"https:\/\/mia.phtg.ch\/index.php?rest_route=\/wp\/v2\/posts\/3487\/revisions"}],"predecessor-version":[{"id":3569,"href":"https:\/\/mia.phtg.ch\/index.php?rest_route=\/wp\/v2\/posts\/3487\/revisions\/3569"}],"wp:featuredmedia":[{"embeddable":true,"href":"https:\/\/mia.phtg.ch\/index.php?rest_route=\/wp\/v2\/media\/3568"}],"wp:attachment":[{"href":"https:\/\/mia.phtg.ch\/index.php?rest_route=%2Fwp%2Fv2%2Fmedia&parent=3487"}],"wp:term":[{"taxonomy":"category","embeddable":true,"href":"https:\/\/mia.phtg.ch\/index.php?rest_route=%2Fwp%2Fv2%2Fcategories&post=3487"},{"taxonomy":"post_tag","embeddable":true,"href":"https:\/\/mia.phtg.ch\/index.php?rest_route=%2Fwp%2Fv2%2Ftags&post=3487"}],"curies":[{"name":"wp","href":"https:\/\/api.w.org\/{rel}","templated":true}]}}