{"id":3624,"date":"2022-04-21T07:23:00","date_gmt":"2022-04-21T05:23:00","guid":{"rendered":"https:\/\/mia.phtg.ch\/?p=3624"},"modified":"2022-04-25T13:51:24","modified_gmt":"2022-04-25T11:51:24","slug":"der-ipaedagoge","status":"publish","type":"post","link":"https:\/\/mia.phtg.ch\/?p=3624","title":{"rendered":"Der iP\u00e4dagoge"},"content":{"rendered":"\n<p>Ein Beitrag von Valentin Wild \u2013 Mittelstufenlehrer und iScout an der Heilp\u00e4dagogischen Schule Mauren<\/p>\n\n\n\n<figure class=\"wp-block-image size-full\"><img loading=\"lazy\" decoding=\"async\" width=\"800\" height=\"200\" src=\"https:\/\/mia.phtg.ch\/wp-content\/uploads\/2022\/04\/iPadagoge_Breit.png\" alt=\"\" class=\"wp-image-3785\" srcset=\"https:\/\/mia.phtg.ch\/wp-content\/uploads\/2022\/04\/iPadagoge_Breit.png 800w, https:\/\/mia.phtg.ch\/wp-content\/uploads\/2022\/04\/iPadagoge_Breit-300x75.png 300w, https:\/\/mia.phtg.ch\/wp-content\/uploads\/2022\/04\/iPadagoge_Breit-768x192.png 768w\" sizes=\"auto, (max-width: 800px) 100vw, 800px\" \/><\/figure>\n\n\n\n<p>Als Mittelstufenlehrer und iScout in spe arbeite ich an der Heilp\u00e4dagogischen Schule in Mauren. Seit einigen Wochen haben wir ein iPad in der Klasse und von den ersten Gehversuchen und Erlebnissen m\u00f6chte ich gerne kurz berichten.<\/p>\n\n\n\n<figure class=\"wp-block-image size-large is-resized\"><img loading=\"lazy\" decoding=\"async\" src=\"https:\/\/mia.phtg.ch\/wp-content\/uploads\/2022\/04\/Titelbild_iPaedagoge_ValentinWild-1024x768.png\" alt=\"\" class=\"wp-image-3662\" width=\"532\" height=\"399\" srcset=\"https:\/\/mia.phtg.ch\/wp-content\/uploads\/2022\/04\/Titelbild_iPaedagoge_ValentinWild-1024x768.png 1024w, https:\/\/mia.phtg.ch\/wp-content\/uploads\/2022\/04\/Titelbild_iPaedagoge_ValentinWild-300x225.png 300w, https:\/\/mia.phtg.ch\/wp-content\/uploads\/2022\/04\/Titelbild_iPaedagoge_ValentinWild-768x576.png 768w, https:\/\/mia.phtg.ch\/wp-content\/uploads\/2022\/04\/Titelbild_iPaedagoge_ValentinWild-1536x1151.png 1536w, https:\/\/mia.phtg.ch\/wp-content\/uploads\/2022\/04\/Titelbild_iPaedagoge_ValentinWild-2048x1535.png 2048w\" sizes=\"auto, (max-width: 532px) 100vw, 532px\" \/><\/figure>\n\n\n\n<h4 class=\"wp-block-heading\"><strong>Nutzen f\u00fcr Sch\u00fclerInnen<\/strong>&nbsp;<\/h4>\n\n\n\n<p>Das iPad wirkte auf die Kinder sofort wie ein starker Magnet. Alle wollen es brauchen und wenn wir das iPad im Unterricht benutzen, ist sofort Interesse vorhanden. Da einige Kinder zu Hause ein eigenes Tablet besitzen, wussten sie bereits viel \u00fcber das Ger\u00e4t, die Anwendung und dessen Nutzungsm\u00f6glichkeiten. Erstaunlich zum Beispiel auch, wie schnell die Kinder den Code zum Entsperren des iPads auswendig konnten.&nbsp;<\/p>\n\n\n\n<p>Zu Beginn brauchten wir das iPad vorwiegend zum Fotografieren und Recherchieren. In der Zwischenzeit bedienen die Kinder unterschiedliche Apps zum Zeichnen, Comics herstellen oder schauen Lernvideos auf YouTube. Dabei hilft es den Kindern, dass sie in Ihrem Tempo arbeiten k\u00f6nnen.&nbsp;<\/p>\n\n\n\n<h4 class=\"wp-block-heading\"><strong>Nutzen f\u00fcr Lehrperson<\/strong><\/h4>\n\n\n\n<p>Mir als Lehrperson hilft das iPad ebenso. Die App \u00abChwazi\u00bb beispielsweise, w\u00e4hlt Sch\u00fclerInnen nach dem Zufallsprinzip aus. So bin ich nicht mehr f\u00fcr den Unmut der Kinder bei negativen Entscheidungen verantwortlich. Die App setze ich vor allem bei Gruppeneinteilungen oder Wahlen ein. Eine weitere n\u00fctzliche Funktion ist die Slow Motion Filmaufnahme. Im Sportunterricht kann ich den Kindern so detailliertere R\u00fcckmeldungen geben und sie sind begeistert, sich selbst zu beobachten. Nat\u00fcrlich k\u00f6nnte ich an dieser Stelle noch viele weitere Anwendungen aufz\u00e4hlen.&nbsp;<\/p>\n\n\n\n<figure class=\"wp-block-image size-full\"><img loading=\"lazy\" decoding=\"async\" width=\"552\" height=\"274\" src=\"https:\/\/mia.phtg.ch\/wp-content\/uploads\/2022\/04\/2022-04-03_12h33_07.png\" alt=\"\" class=\"wp-image-3669\" srcset=\"https:\/\/mia.phtg.ch\/wp-content\/uploads\/2022\/04\/2022-04-03_12h33_07.png 552w, https:\/\/mia.phtg.ch\/wp-content\/uploads\/2022\/04\/2022-04-03_12h33_07-300x149.png 300w\" sizes=\"auto, (max-width: 552px) 100vw, 552px\" \/><\/figure>\n\n\n\n<h4 class=\"wp-block-heading\"><strong>Zus\u00e4tzlicher P\u00e4dagoge<\/strong>&nbsp;<\/h4>\n\n\n\n<p>Mein iPad nenne ich neuerdings \u00abiP\u00e4dagoge\u00bb. Dies soll bedeuten, dass es mich unterst\u00fctzt, assistiert und auch Teile meiner Aufgaben \u00fcbernehmen kann. Es gibt den Kindern R\u00fcckmeldungen zu ihrem Lernstand und wiederholt Inhalte unendlich viele Male. Geduldig, klar und mobil. So entlastet es mich im Unterricht und bringt neue M\u00f6glichkeiten. Gerade im individualisierten Unterricht an der HPSM ist dies eine grosse Bereicherung. So k\u00f6nnen die Kinder einfache Rechen\u00fcbungen am Tablet machen und bekommen sogleich eine R\u00fcckmeldung. Weiter brauche ich das Tablet zum Rechtschreiben im Word oder zum Comiczeichnen mithilfe von Vorlagen. Geschickt im Unterricht eingebettet, bietet es somit viele Vorteile und Entlastung. Zu meiner Freude kommt hinzu, dass ich das Potenzial noch nicht ann\u00e4hernd ausgesch\u00f6pft habe. Regelm\u00e4ssig kommen neue Einsatzm\u00f6glichkeiten dazu.&nbsp;&nbsp;Wir stehen erst am Anfang und sammeln als zuk\u00fcnftige iScouts nun erste Erfahrungen mit den iPads, die wir dann an unser Kollegium weitergeben k\u00f6nnen.<\/p>\n\n\n\n<p><\/p>\n\n\n\n<figure class=\"wp-block-image size-full is-resized\"><img loading=\"lazy\" decoding=\"async\" src=\"https:\/\/mia.phtg.ch\/wp-content\/uploads\/2022\/04\/ZusaetzlicherPaedagoge_ValentinWild.jpg\" alt=\"\" class=\"wp-image-3663\" width=\"514\" height=\"526\" srcset=\"https:\/\/mia.phtg.ch\/wp-content\/uploads\/2022\/04\/ZusaetzlicherPaedagoge_ValentinWild.jpg 715w, https:\/\/mia.phtg.ch\/wp-content\/uploads\/2022\/04\/ZusaetzlicherPaedagoge_ValentinWild-293x300.jpg 293w\" sizes=\"auto, (max-width: 514px) 100vw, 514px\" \/><\/figure>\n\n\n\n<h4 class=\"wp-block-heading\"><strong>Eigenst\u00e4ndiger P\u00e4dagoge?<\/strong>&nbsp;<\/h4>\n\n\n\n<p>Um die Aufgaben einer Lehrperson und ihrer Verantwortung gegen\u00fcber den Sch\u00fclerInnen nicht zu schm\u00e4lern, stellt sich f\u00fcr mich die Frage, ob das iPad auch ohne Lehrperson einen ad\u00e4quaten Nutzen im Unterricht hat. Wenn wir den Aspekt ausklammern, dass jmd. das Ger\u00e4t bedienen muss, um an die Inhalte zu gelangen, ist diese Frage f\u00fcr mich nicht abschliessend zu kl\u00e4ren bzw. m\u00fcsste viel detaillierter gestellt werden. Die Aufgaben einer Lehrperson \u00fcbersteigen meiner Meinung nach bei weitem die M\u00f6glichkeiten des iPads. Diese Erkenntnis soll aber auf keinen Fall meine Begeisterung f\u00fcr den Einsatz des Ger\u00e4ts im Unterricht in Frage stellen. Ich sehe es als meinen kleinen Helfer. Als zweiten P\u00e4dagogen im Schulzimmer. Eben als iP\u00e4dagogen.<\/p>\n\n\n\n<p>Bilder: Valentin Wild<\/p>\n<div data-animation=\"no-animation\" data-icons-animation=\"no-animation\" data-overlay=\"\" data-change-size=\"\" data-button-size=\"0.7\" style=\"font-size:0.7em!important;display:none;\" class=\"supsystic-social-sharing supsystic-social-sharing-package-flat supsystic-social-sharing-spacing supsystic-social-sharing-content supsystic-social-sharing-content-align-left\" data-text=\"\"><a data-networks=\"[]\" class=\"social-sharing-button sharer-flat sharer-flat-1 counter-standard without-counter tooltip-icon facebook\" target=\"_blank\" title=\"auf Facebook teilen\" href=\"http:\/\/www.facebook.com\/sharer.php?u=https%3A%2F%2Fmia.phtg.ch%2F%3Fp%3D3624\" data-main-href=\"http:\/\/www.facebook.com\/sharer.php?u={url}\" data-nid=\"1\" data-name=\"\" data-pid=\"1\" data-post-id=\"3624\" data-url=\"https:\/\/mia.phtg.ch\/wp-admin\/admin-ajax.php\" rel=\"nofollow\" data-mailto=\"\"><i class=\"fa-ssbs fa-ssbs-fw fa-ssbs-facebook\"><\/i><div class=\"counter-wrap standard\"><span class=\"counter\">0<\/span><\/div><\/a><a data-networks=\"[]\" class=\"social-sharing-button sharer-flat sharer-flat-1 counter-standard without-counter tooltip-icon twitter\" target=\"_blank\" title=\"auf Twitter teilen\" href=\"https:\/\/twitter.com\/share?url=https%3A%2F%2Fmia.phtg.ch%2F%3Fp%3D3624&text=Der+iP%C3%A4dagoge\" data-main-href=\"https:\/\/twitter.com\/share?url={url}&text={title}\" data-nid=\"2\" data-name=\"\" data-pid=\"1\" data-post-id=\"3624\" data-url=\"https:\/\/mia.phtg.ch\/wp-admin\/admin-ajax.php\" rel=\"nofollow\" data-mailto=\"\"><i class=\"fa-ssbs fa-ssbs-fw fa-ssbs-twitter\"><\/i><div class=\"counter-wrap standard\"><span class=\"counter\">0<\/span><\/div><\/a><a data-networks=\"[]\" class=\"social-sharing-button sharer-flat sharer-flat-1 counter-standard without-counter tooltip-icon linkedin\" target=\"_blank\" title=\"auf Linkedin teilen\" href=\"https:\/\/www.linkedin.com\/shareArticle?mini=true&title=Der+iP%C3%A4dagoge&url=https%3A%2F%2Fmia.phtg.ch%2F%3Fp%3D3624\" data-main-href=\"https:\/\/www.linkedin.com\/shareArticle?mini=true&title={title}&url={url}\" data-nid=\"13\" data-name=\"\" data-pid=\"1\" data-post-id=\"3624\" data-url=\"https:\/\/mia.phtg.ch\/wp-admin\/admin-ajax.php\" rel=\"nofollow\" data-mailto=\"\"><i class=\"fa-ssbs fa-ssbs-fw fa-ssbs-linkedin\"><\/i><div class=\"counter-wrap standard\"><span class=\"counter\">0<\/span><\/div><\/a><a data-networks=\"[]\" class=\"social-sharing-button sharer-flat sharer-flat-1 counter-standard without-counter tooltip-icon mail\" target=\"_blank\" title=\"per E-Mail teilen\" href=\"#\" data-main-href=\"#\" data-nid=\"16\" data-name=\"\" data-pid=\"1\" data-post-id=\"3624\" data-url=\"https:\/\/mia.phtg.ch\/wp-admin\/admin-ajax.php\" rel=\"nofollow\" data-mailto=\"\"><i class=\"fa-ssbs fa-ssbs-fw fa-ssbs-envelope-o\"><\/i><div class=\"counter-wrap standard\"><span class=\"counter\">0<\/span><\/div><\/a><\/div>","protected":false},"excerpt":{"rendered":"<p>Ein Beitrag von Valentin Wild \u2013 Mittelstufenlehrer und iScout an der Heilp\u00e4dagogischen Schule Mauren Als Mittelstufenlehrer und iScout in spe arbeite ich an der Heilp\u00e4dagogischen&hellip;<\/p>\n<div data-animation=\"no-animation\" data-icons-animation=\"no-animation\" data-overlay=\"\" data-change-size=\"\" data-button-size=\"0.7\" style=\"font-size:0.7em!important;display:none;\" class=\"supsystic-social-sharing supsystic-social-sharing-package-flat supsystic-social-sharing-spacing supsystic-social-sharing-content supsystic-social-sharing-content-align-left\" data-text=\"\"><a data-networks=\"[]\" class=\"social-sharing-button sharer-flat sharer-flat-1 counter-standard without-counter tooltip-icon facebook\" target=\"_blank\" title=\"auf Facebook teilen\" href=\"http:\/\/www.facebook.com\/sharer.php?u=https%3A%2F%2Fmia.phtg.ch%2F%3Fp%3D3624\" data-main-href=\"http:\/\/www.facebook.com\/sharer.php?u={url}\" data-nid=\"1\" data-name=\"\" data-pid=\"1\" data-post-id=\"3624\" data-url=\"https:\/\/mia.phtg.ch\/wp-admin\/admin-ajax.php\" rel=\"nofollow\" data-mailto=\"\"><i class=\"fa-ssbs fa-ssbs-fw fa-ssbs-facebook\"><\/i><div class=\"counter-wrap standard\"><span class=\"counter\">0<\/span><\/div><\/a><a data-networks=\"[]\" class=\"social-sharing-button sharer-flat sharer-flat-1 counter-standard without-counter tooltip-icon twitter\" target=\"_blank\" title=\"auf Twitter teilen\" href=\"https:\/\/twitter.com\/share?url=https%3A%2F%2Fmia.phtg.ch%2F%3Fp%3D3624&text=Der+iP%C3%A4dagoge\" data-main-href=\"https:\/\/twitter.com\/share?url={url}&text={title}\" data-nid=\"2\" data-name=\"\" data-pid=\"1\" data-post-id=\"3624\" data-url=\"https:\/\/mia.phtg.ch\/wp-admin\/admin-ajax.php\" rel=\"nofollow\" data-mailto=\"\"><i class=\"fa-ssbs fa-ssbs-fw fa-ssbs-twitter\"><\/i><div class=\"counter-wrap standard\"><span class=\"counter\">0<\/span><\/div><\/a><a data-networks=\"[]\" class=\"social-sharing-button sharer-flat sharer-flat-1 counter-standard without-counter tooltip-icon linkedin\" target=\"_blank\" title=\"auf Linkedin teilen\" href=\"https:\/\/www.linkedin.com\/shareArticle?mini=true&title=Der+iP%C3%A4dagoge&url=https%3A%2F%2Fmia.phtg.ch%2F%3Fp%3D3624\" data-main-href=\"https:\/\/www.linkedin.com\/shareArticle?mini=true&title={title}&url={url}\" data-nid=\"13\" data-name=\"\" data-pid=\"1\" data-post-id=\"3624\" data-url=\"https:\/\/mia.phtg.ch\/wp-admin\/admin-ajax.php\" rel=\"nofollow\" data-mailto=\"\"><i class=\"fa-ssbs fa-ssbs-fw fa-ssbs-linkedin\"><\/i><div class=\"counter-wrap standard\"><span class=\"counter\">0<\/span><\/div><\/a><a data-networks=\"[]\" class=\"social-sharing-button sharer-flat sharer-flat-1 counter-standard without-counter tooltip-icon mail\" target=\"_blank\" title=\"per E-Mail teilen\" href=\"#\" data-main-href=\"#\" data-nid=\"16\" data-name=\"\" data-pid=\"1\" data-post-id=\"3624\" data-url=\"https:\/\/mia.phtg.ch\/wp-admin\/admin-ajax.php\" rel=\"nofollow\" data-mailto=\"\"><i class=\"fa-ssbs fa-ssbs-fw fa-ssbs-envelope-o\"><\/i><div class=\"counter-wrap standard\"><span class=\"counter\">0<\/span><\/div><\/a><\/div>","protected":false},"author":24,"featured_media":3783,"comment_status":"open","ping_status":"open","sticky":false,"template":"","format":"standard","meta":{"footnotes":""},"categories":[131,347,275],"tags":[382,381,380],"class_list":["post-3624","post","type-post","status-publish","format-standard","has-post-thumbnail","hentry","category-digitale-transformation","category-heilpaedagogik","category-iscout","tag-erfahrungsbericht","tag-ipad-im-untericht","tag-ipaedagoge"],"_links":{"self":[{"href":"https:\/\/mia.phtg.ch\/index.php?rest_route=\/wp\/v2\/posts\/3624","targetHints":{"allow":["GET"]}}],"collection":[{"href":"https:\/\/mia.phtg.ch\/index.php?rest_route=\/wp\/v2\/posts"}],"about":[{"href":"https:\/\/mia.phtg.ch\/index.php?rest_route=\/wp\/v2\/types\/post"}],"author":[{"embeddable":true,"href":"https:\/\/mia.phtg.ch\/index.php?rest_route=\/wp\/v2\/users\/24"}],"replies":[{"embeddable":true,"href":"https:\/\/mia.phtg.ch\/index.php?rest_route=%2Fwp%2Fv2%2Fcomments&post=3624"}],"version-history":[{"count":7,"href":"https:\/\/mia.phtg.ch\/index.php?rest_route=\/wp\/v2\/posts\/3624\/revisions"}],"predecessor-version":[{"id":3786,"href":"https:\/\/mia.phtg.ch\/index.php?rest_route=\/wp\/v2\/posts\/3624\/revisions\/3786"}],"wp:featuredmedia":[{"embeddable":true,"href":"https:\/\/mia.phtg.ch\/index.php?rest_route=\/wp\/v2\/media\/3783"}],"wp:attachment":[{"href":"https:\/\/mia.phtg.ch\/index.php?rest_route=%2Fwp%2Fv2%2Fmedia&parent=3624"}],"wp:term":[{"taxonomy":"category","embeddable":true,"href":"https:\/\/mia.phtg.ch\/index.php?rest_route=%2Fwp%2Fv2%2Fcategories&post=3624"},{"taxonomy":"post_tag","embeddable":true,"href":"https:\/\/mia.phtg.ch\/index.php?rest_route=%2Fwp%2Fv2%2Ftags&post=3624"}],"curies":[{"name":"wp","href":"https:\/\/api.w.org\/{rel}","templated":true}]}}