{"id":3627,"date":"2022-05-02T08:44:00","date_gmt":"2022-05-02T06:44:00","guid":{"rendered":"https:\/\/mia.phtg.ch\/?p=3627"},"modified":"2022-05-14T09:35:55","modified_gmt":"2022-05-14T07:35:55","slug":"verbindlich-und-doch-frei-der-ict-pass-als-leitplanke","status":"publish","type":"post","link":"https:\/\/mia.phtg.ch\/?p=3627","title":{"rendered":"Verbindlich und doch frei \u2013 der ICT-Pass als Leitplanke"},"content":{"rendered":"\n<h1 class=\"has-text-color wp-block-heading\" style=\"color:#678c96\"><strong>Verbindlich und doch frei \u2013 der ICT-Pass als Leitplanke<\/strong><\/h1>\n\n\n\n<div class=\"wp-block-cover is-light\" style=\"min-height:238px;aspect-ratio:unset;\"><span aria-hidden=\"true\" class=\"has-background-dim-10 wp-block-cover__gradient-background has-background-dim\"><\/span><img loading=\"lazy\" decoding=\"async\" width=\"1157\" height=\"950\" class=\"wp-block-cover__image-background wp-image-3641\" alt=\"\" src=\"https:\/\/mia.phtg.ch\/wp-content\/uploads\/2022\/03\/Titelbild_ICT-Pass.png\" style=\"object-position:60% 13%\" data-object-fit=\"cover\" data-object-position=\"60% 13%\" srcset=\"https:\/\/mia.phtg.ch\/wp-content\/uploads\/2022\/03\/Titelbild_ICT-Pass.png 1157w, https:\/\/mia.phtg.ch\/wp-content\/uploads\/2022\/03\/Titelbild_ICT-Pass-300x246.png 300w, https:\/\/mia.phtg.ch\/wp-content\/uploads\/2022\/03\/Titelbild_ICT-Pass-1024x841.png 1024w, https:\/\/mia.phtg.ch\/wp-content\/uploads\/2022\/03\/Titelbild_ICT-Pass-768x631.png 768w\" sizes=\"auto, (max-width: 1157px) 100vw, 1157px\" \/><div class=\"wp-block-cover__inner-container is-layout-flow wp-block-cover-is-layout-flow\">\n<p class=\"has-text-align-center has-large-font-size\"><\/p>\n<\/div><\/div>\n\n\n\n<p>Austauschen, Erfahrungen teilen, sich gelungene Konzepte \u00ababschauen\u00bb und weiterentwickeln \u2013 neben den fachlichen Inputs sch\u00e4tze ich diese drei Aspekte an der iScout-Ausbildung am meisten. Auf Grund dessen m\u00f6chte ich mit diesem Blogbeitrag meine Erfahrungen als Lehrperson\/iScout mit dem \u00abICT-Pass\u00bb-Konzept unserer Schulgemeinde teilen.<\/p>\n\n\n\n<h2 class=\"has-text-color wp-block-heading\" style=\"color:#678c96\"><strong>Lehrmittel und Lernprogramme \u2013 wer die Wahl hat\u2026<\/strong><\/h2>\n\n\n\n<p>W\u00e4hrend meiner Weitbildungstage finde ich mich oft in Gespr\u00e4chen wieder, in denen wir unsere Schulgemeinden und deren Konzepte zur Umsetzung der Inhalte aus dem Modullehrplan \u00abMedien und Informatik\u00bb vergleichen. Neben meist grossen infrastrukturellen Unterschieden stehen an zweiter Stelle der Diskussionsthemen oft Lehrmittel und Lernprogramme. Die Auswahl an Lehrmitteln, Lernsoftware und Weitebildungsangeboten im Bereich Medien und Informatik wird immer gr\u00f6sser. Welche davon sind denn jetzt sinnvoll, welche notwendig, welche \u00abnice to try\u00bb, welche kosteng\u00fcnstig, welche sicher? Diese Fragen lassen sich oft schnell beantworten und ansonsten weiss Dr. Google meist Rat.<\/p>\n\n\n\n<p>Seit meiner Ausbildung zur Primarlehrperson habe ich mich damit besch\u00e4ftigt, diese zu durchforsten, auszuprobieren und habe mir dabei meine \u00abFavoriten\u00bb zusammengesucht. Im Austausch mit Teamkolleg*innen aber auch anderen Lehrerkollegen*innen ver\u00e4ndern sich diese Favoriten stetig und das ist auch gut so. Schliesslich gibt es f\u00fcr den Bereich Medien und Informatik kein verbindliches Lehrmittel und ich kann als Lehrperson frei entscheiden, wie und womit ich die Inhalte aus dem Modullehrplan M&amp;I umsetzen m\u00f6chte.<\/p>\n\n\n\n<h2 class=\"has-text-color wp-block-heading\" style=\"color:#678c96\"><strong>\u00dcber- und Unterforderung im Team<\/strong><\/h2>\n\n\n\n<p>Mit der Einf\u00fchrung des Lehrplan 21 lag in den letzten Jahren der Fokus vor allem auch auf der Ausbildung bzw. Weiterbildung der Lehrpersonen im Bereich Medien und Informatik. In der schulinternen Weiterbildung wurde schnell deutlich, dass wir alle an v\u00f6llig unterschiedlichen (Stand-)Punkten stehen. Der Blick auf die Lernziele im Modullehrplan M&amp;I liess anf\u00e4nglich in vielen Gesichtern einen \u00fcberforderten Ausdruck erkennen. (Wer gerade als iScout oder Schulleitung diese Beschreibung liest, kennt diesen Ausdruck mit Sicherheit!)<\/p>\n\n\n\n<p>Aus dem Austausch in den Stufenteams von Zyklus 1 und 2 wurde klar, dass man ein einheitliches Lehrmittel bevorzugen w\u00fcrde. Zu diesem Zeitpunkt war jedoch keines Vorhanden, was einen nahtlosen \u00dcbergang zwischen den Stufen versprach.<\/p>\n\n\n\n<p>F\u00fcr die technik- und medieninteressierten Lehrpersonen war zudem klar, dass man sich nicht NUR auf ein Lehrmittel \u00abversteifen\u00bb wolle. Man m\u00fcsse darauf eingehen k\u00f6nnen, was die Kids gerade in ihrer Lebenswelt besch\u00e4ftigt und diese Tools nutzen, die \u00abhipp\u00bb und hoch im Kurs sind. F\u00fcr Andere jedoch war es nur schon eine \u00dcberforderung, nebst einem M&amp;I-Lehrmittel noch verschiedene Lernsoftware f\u00fcr geeignet (oder eben nicht) zu befinden. Was tun, wenn man sein Team nicht einschr\u00e4nken und dennoch Sicherheit geben m\u00f6chte? Das ICT-Team der VSG T\u00e4gerwilen fand die L\u00f6sung im \u00abICT-Pass\u00bb.<\/p>\n\n\n\n<figure class=\"wp-block-image size-full is-resized\"><a href=\"https:\/\/mia.phtg.ch\/wp-content\/uploads\/2022\/03\/ICT_Pass_Foto1.jpg\"><img loading=\"lazy\" decoding=\"async\" src=\"https:\/\/mia.phtg.ch\/wp-content\/uploads\/2022\/03\/ICT_Pass_Foto1.jpg\" alt=\"\" class=\"wp-image-3643\" width=\"377\" height=\"503\" srcset=\"https:\/\/mia.phtg.ch\/wp-content\/uploads\/2022\/03\/ICT_Pass_Foto1.jpg 756w, https:\/\/mia.phtg.ch\/wp-content\/uploads\/2022\/03\/ICT_Pass_Foto1-225x300.jpg 225w\" sizes=\"auto, (max-width: 377px) 100vw, 377px\" \/><\/a><\/figure>\n\n\n\n<h2 class=\"has-text-color wp-block-heading\" style=\"color:#678c96\"><strong>Eine Leitplanke bringt Orientierung \u2013 der ICT-Pass<\/strong><\/h2>\n\n\n\n<p>F\u00fcr das ICT-Team war klar, dass sie den Lehrpersonen vom Zyklus 1 und 2 ein Instrument in die Hand geben wollten, welches sie trotz der individuellen Umsetzungsideen alle einsetzen konnten. Was ist jetzt also der ICT-Pass?<\/p>\n\n\n\n<p>Kurz gesagt \u2013 Eine A4 Brosch\u00fcre mit Aufgaben zu den Lernzielen aus dem Modullehrplan f\u00fcr M&amp;I. Schaut man genau hin, lassen sich die Aufgaben jedoch in s\u00e4mtliche Unterrichtsideen integrieren. Wie in der Einleitung vom Modullehrplan beschrieben, lassen sich die einzelnen Lernziele im Bereich M&amp;I n\u00e4mlich mit vielen Inhalten anderer F\u00e4cher verbinden. Der ICT-Pass schafft genau das: er stellt Aufgabenstellungen zur Verf\u00fcgung, welche einen Kompetenzbereich bzw. ein Lernziel aus dem Lehrplan abdeckt und dabei den Bereich f\u00fcr dessen Umsetzung v\u00f6llig frei l\u00e4sst.<\/p>\n\n\n\n<figure class=\"wp-block-image size-full is-resized\"><a href=\"https:\/\/mia.phtg.ch\/wp-content\/uploads\/2022\/03\/ICT_Pass_Foto2.jpg\"><img loading=\"lazy\" decoding=\"async\" src=\"https:\/\/mia.phtg.ch\/wp-content\/uploads\/2022\/03\/ICT_Pass_Foto2.jpg\" alt=\"\" class=\"wp-image-3644\" width=\"355\" height=\"473\" srcset=\"https:\/\/mia.phtg.ch\/wp-content\/uploads\/2022\/03\/ICT_Pass_Foto2.jpg 473w, https:\/\/mia.phtg.ch\/wp-content\/uploads\/2022\/03\/ICT_Pass_Foto2-225x300.jpg 225w\" sizes=\"auto, (max-width: 355px) 100vw, 355px\" \/><\/a><\/figure>\n\n\n\n<p>Obwohl alle Lehrpersonen damit arbeiten, wird der ICT-Pass unterschiedlich verwendet. Er ist einerseits das \u00abLehrmittel\u00bb selbst, anderseits eine Erg\u00e4nzung zu weiteren verwendeten Lehrmitteln wie \u00abinform@\u00bb oder \u00abMinibiber\u00bb.<\/p>\n\n\n\n<h2 class=\"has-text-color wp-block-heading\" style=\"color:#678c96\"><strong>Fazit<\/strong><\/h2>\n\n\n\n<p>Eine Leitplanke f\u00fcr ein sich so schnell wandelbares Unterrichtsfach wie Medien und Informatik zu haben, ist sinnvoll. Es gibt unsicheren Lehrpersonen Orientierung und l\u00e4sst innovativen Lehrpersonen Freiraum. Pers\u00f6nlich sehe ich den gr\u00f6ssten Vorteil darin, dass gerade bei einem Stufen\u00fcbertritt weniger Absprachen notwendig sind. Der ICT-Pass schafft demnach eine verbindliche Grundlage, auf der die abnehmenden Lehrpersonen aufbauen k\u00f6nnen, ohne die abgebenden Lehrpersonen einzuengen. Dabei kann der ICT-Pass immer wieder \u00fcberarbeitet und auf die neusten Ver\u00e4nderungen angepasst werden.<\/p>\n\n\n\n<p><strong>Autorin:<\/strong> Nadine Bollmann, Primarlehrerin in T\u00e4gerwilen, iScout seit August 2021<\/p>\n\n\n\n<p>Auf Anfrage kann eine Wordvorlage des ICT-Pass bei <strong><a href=\"https:\/\/www.vsgtaegerwilen.ch\/index.php\/component\/contact\/contact\/22-primarschule-vsg\/66?Itemid=101\" target=\"_blank\" rel=\"noreferrer noopener\">Nadine Bollmann <\/a><\/strong>bezogen werden.<\/p>\n\n\n\n<p><br>***<br><strong>Erg\u00e4nzung des iScout-Teams der PHTG: <\/strong><\/p>\n\n\n\n<p>Die ICT-Fachgruppe des Kantons Zug hat MI-Kompetenzp\u00e4sse entwickelt. Unter <a href=\"https:\/\/www.oskin.ch\/publikationen\/mi-kompetenzpaesse\/\" data-type=\"URL\" data-id=\"https:\/\/www.oskin.ch\/publikationen\/mi-kompetenzpaesse\/\" target=\"_blank\" rel=\"noreferrer noopener\"><strong>diesem Link<\/strong><\/a> findet man Produkte f\u00fcr die Sch\u00fcler*innen und Lehrpersonen aller Volksschulstufen (Druck- sowie bearbeitbare PDF-Versionen). Zudem gibt es \u00abBegleitnotizen\u00bb, welche Hintergrundinformationen zu den MI-P\u00e4ssen liefern. <\/p>\n\n\n\n<p><\/p>\n<div data-animation=\"no-animation\" data-icons-animation=\"no-animation\" data-overlay=\"\" data-change-size=\"\" data-button-size=\"0.7\" style=\"font-size:0.7em!important;display:none;\" class=\"supsystic-social-sharing supsystic-social-sharing-package-flat supsystic-social-sharing-spacing supsystic-social-sharing-content supsystic-social-sharing-content-align-left\" data-text=\"\"><a data-networks=\"[]\" class=\"social-sharing-button sharer-flat sharer-flat-1 counter-standard without-counter tooltip-icon facebook\" target=\"_blank\" title=\"auf Facebook teilen\" href=\"http:\/\/www.facebook.com\/sharer.php?u=https%3A%2F%2Fmia.phtg.ch%2F%3Fp%3D3627\" data-main-href=\"http:\/\/www.facebook.com\/sharer.php?u={url}\" data-nid=\"1\" data-name=\"\" data-pid=\"1\" data-post-id=\"3627\" data-url=\"https:\/\/mia.phtg.ch\/wp-admin\/admin-ajax.php\" rel=\"nofollow\" data-mailto=\"\"><i class=\"fa-ssbs fa-ssbs-fw fa-ssbs-facebook\"><\/i><div class=\"counter-wrap standard\"><span class=\"counter\">0<\/span><\/div><\/a><a data-networks=\"[]\" class=\"social-sharing-button sharer-flat sharer-flat-1 counter-standard without-counter tooltip-icon twitter\" target=\"_blank\" title=\"auf Twitter teilen\" href=\"https:\/\/twitter.com\/share?url=https%3A%2F%2Fmia.phtg.ch%2F%3Fp%3D3627&text=Verbindlich+und+doch+frei+%E2%80%93+der+ICT-Pass+als+Leitplanke\" data-main-href=\"https:\/\/twitter.com\/share?url={url}&text={title}\" data-nid=\"2\" data-name=\"\" data-pid=\"1\" data-post-id=\"3627\" data-url=\"https:\/\/mia.phtg.ch\/wp-admin\/admin-ajax.php\" rel=\"nofollow\" data-mailto=\"\"><i class=\"fa-ssbs fa-ssbs-fw fa-ssbs-twitter\"><\/i><div class=\"counter-wrap standard\"><span class=\"counter\">0<\/span><\/div><\/a><a data-networks=\"[]\" class=\"social-sharing-button sharer-flat sharer-flat-1 counter-standard without-counter tooltip-icon linkedin\" target=\"_blank\" title=\"auf Linkedin teilen\" href=\"https:\/\/www.linkedin.com\/shareArticle?mini=true&title=Verbindlich+und+doch+frei+%E2%80%93+der+ICT-Pass+als+Leitplanke&url=https%3A%2F%2Fmia.phtg.ch%2F%3Fp%3D3627\" data-main-href=\"https:\/\/www.linkedin.com\/shareArticle?mini=true&title={title}&url={url}\" data-nid=\"13\" data-name=\"\" data-pid=\"1\" data-post-id=\"3627\" data-url=\"https:\/\/mia.phtg.ch\/wp-admin\/admin-ajax.php\" rel=\"nofollow\" data-mailto=\"\"><i class=\"fa-ssbs fa-ssbs-fw fa-ssbs-linkedin\"><\/i><div class=\"counter-wrap standard\"><span class=\"counter\">0<\/span><\/div><\/a><a data-networks=\"[]\" class=\"social-sharing-button sharer-flat sharer-flat-1 counter-standard without-counter tooltip-icon mail\" target=\"_blank\" title=\"per E-Mail teilen\" href=\"#\" data-main-href=\"#\" data-nid=\"16\" data-name=\"\" data-pid=\"1\" data-post-id=\"3627\" data-url=\"https:\/\/mia.phtg.ch\/wp-admin\/admin-ajax.php\" rel=\"nofollow\" data-mailto=\"\"><i class=\"fa-ssbs fa-ssbs-fw fa-ssbs-envelope-o\"><\/i><div class=\"counter-wrap standard\"><span class=\"counter\">0<\/span><\/div><\/a><\/div>","protected":false},"excerpt":{"rendered":"<p>Verbindlich und doch frei \u2013 der ICT-Pass als Leitplanke Austauschen, Erfahrungen teilen, sich gelungene Konzepte \u00ababschauen\u00bb und weiterentwickeln \u2013 neben den fachlichen Inputs sch\u00e4tze ich&hellip;<\/p>\n<div data-animation=\"no-animation\" data-icons-animation=\"no-animation\" data-overlay=\"\" data-change-size=\"\" data-button-size=\"0.7\" style=\"font-size:0.7em!important;display:none;\" class=\"supsystic-social-sharing supsystic-social-sharing-package-flat supsystic-social-sharing-spacing supsystic-social-sharing-content supsystic-social-sharing-content-align-left\" data-text=\"\"><a data-networks=\"[]\" class=\"social-sharing-button sharer-flat sharer-flat-1 counter-standard without-counter tooltip-icon facebook\" target=\"_blank\" title=\"auf Facebook teilen\" href=\"http:\/\/www.facebook.com\/sharer.php?u=https%3A%2F%2Fmia.phtg.ch%2F%3Fp%3D3627\" data-main-href=\"http:\/\/www.facebook.com\/sharer.php?u={url}\" data-nid=\"1\" data-name=\"\" data-pid=\"1\" data-post-id=\"3627\" data-url=\"https:\/\/mia.phtg.ch\/wp-admin\/admin-ajax.php\" rel=\"nofollow\" data-mailto=\"\"><i class=\"fa-ssbs fa-ssbs-fw fa-ssbs-facebook\"><\/i><div class=\"counter-wrap standard\"><span class=\"counter\">0<\/span><\/div><\/a><a data-networks=\"[]\" class=\"social-sharing-button sharer-flat sharer-flat-1 counter-standard without-counter tooltip-icon twitter\" target=\"_blank\" title=\"auf Twitter teilen\" href=\"https:\/\/twitter.com\/share?url=https%3A%2F%2Fmia.phtg.ch%2F%3Fp%3D3627&text=Verbindlich+und+doch+frei+%E2%80%93+der+ICT-Pass+als+Leitplanke\" data-main-href=\"https:\/\/twitter.com\/share?url={url}&text={title}\" data-nid=\"2\" data-name=\"\" data-pid=\"1\" data-post-id=\"3627\" data-url=\"https:\/\/mia.phtg.ch\/wp-admin\/admin-ajax.php\" rel=\"nofollow\" data-mailto=\"\"><i class=\"fa-ssbs fa-ssbs-fw fa-ssbs-twitter\"><\/i><div class=\"counter-wrap standard\"><span class=\"counter\">0<\/span><\/div><\/a><a data-networks=\"[]\" class=\"social-sharing-button sharer-flat sharer-flat-1 counter-standard without-counter tooltip-icon linkedin\" target=\"_blank\" title=\"auf Linkedin teilen\" href=\"https:\/\/www.linkedin.com\/shareArticle?mini=true&title=Verbindlich+und+doch+frei+%E2%80%93+der+ICT-Pass+als+Leitplanke&url=https%3A%2F%2Fmia.phtg.ch%2F%3Fp%3D3627\" data-main-href=\"https:\/\/www.linkedin.com\/shareArticle?mini=true&title={title}&url={url}\" data-nid=\"13\" data-name=\"\" data-pid=\"1\" data-post-id=\"3627\" data-url=\"https:\/\/mia.phtg.ch\/wp-admin\/admin-ajax.php\" rel=\"nofollow\" data-mailto=\"\"><i class=\"fa-ssbs fa-ssbs-fw fa-ssbs-linkedin\"><\/i><div class=\"counter-wrap standard\"><span class=\"counter\">0<\/span><\/div><\/a><a data-networks=\"[]\" class=\"social-sharing-button sharer-flat sharer-flat-1 counter-standard without-counter tooltip-icon mail\" target=\"_blank\" title=\"per E-Mail teilen\" href=\"#\" data-main-href=\"#\" data-nid=\"16\" data-name=\"\" data-pid=\"1\" data-post-id=\"3627\" data-url=\"https:\/\/mia.phtg.ch\/wp-admin\/admin-ajax.php\" rel=\"nofollow\" data-mailto=\"\"><i class=\"fa-ssbs fa-ssbs-fw fa-ssbs-envelope-o\"><\/i><div class=\"counter-wrap standard\"><span class=\"counter\">0<\/span><\/div><\/a><\/div>","protected":false},"author":24,"featured_media":3641,"comment_status":"open","ping_status":"open","sticky":false,"template":"","format":"standard","meta":{"footnotes":""},"categories":[25,23,275,10,24,230,290],"tags":[235,379,95,378,84,142,124],"class_list":["post-3627","post","type-post","status-publish","format-standard","has-post-thumbnail","hentry","category-anwendungskompetenzen","category-informatik","category-iscout","category-medien","category-mia","category-primarstufe","category-zyklus-1","tag-grundlagen","tag-ict-pass","tag-lehrmittel","tag-lernsoftware","tag-mia","tag-zyklus-1-2","tag-zyklus-2"],"_links":{"self":[{"href":"https:\/\/mia.phtg.ch\/index.php?rest_route=\/wp\/v2\/posts\/3627","targetHints":{"allow":["GET"]}}],"collection":[{"href":"https:\/\/mia.phtg.ch\/index.php?rest_route=\/wp\/v2\/posts"}],"about":[{"href":"https:\/\/mia.phtg.ch\/index.php?rest_route=\/wp\/v2\/types\/post"}],"author":[{"embeddable":true,"href":"https:\/\/mia.phtg.ch\/index.php?rest_route=\/wp\/v2\/users\/24"}],"replies":[{"embeddable":true,"href":"https:\/\/mia.phtg.ch\/index.php?rest_route=%2Fwp%2Fv2%2Fcomments&post=3627"}],"version-history":[{"count":17,"href":"https:\/\/mia.phtg.ch\/index.php?rest_route=\/wp\/v2\/posts\/3627\/revisions"}],"predecessor-version":[{"id":3661,"href":"https:\/\/mia.phtg.ch\/index.php?rest_route=\/wp\/v2\/posts\/3627\/revisions\/3661"}],"wp:featuredmedia":[{"embeddable":true,"href":"https:\/\/mia.phtg.ch\/index.php?rest_route=\/wp\/v2\/media\/3641"}],"wp:attachment":[{"href":"https:\/\/mia.phtg.ch\/index.php?rest_route=%2Fwp%2Fv2%2Fmedia&parent=3627"}],"wp:term":[{"taxonomy":"category","embeddable":true,"href":"https:\/\/mia.phtg.ch\/index.php?rest_route=%2Fwp%2Fv2%2Fcategories&post=3627"},{"taxonomy":"post_tag","embeddable":true,"href":"https:\/\/mia.phtg.ch\/index.php?rest_route=%2Fwp%2Fv2%2Ftags&post=3627"}],"curies":[{"name":"wp","href":"https:\/\/api.w.org\/{rel}","templated":true}]}}