{"id":3748,"date":"2022-04-18T11:04:29","date_gmt":"2022-04-18T09:04:29","guid":{"rendered":"https:\/\/mia.phtg.ch\/?p=3748"},"modified":"2022-04-18T11:06:15","modified_gmt":"2022-04-18T09:06:15","slug":"design-thinking-in-der-iscout-ausbildung","status":"publish","type":"post","link":"https:\/\/mia.phtg.ch\/?p=3748","title":{"rendered":"Design Thinking in der iScout-Ausbildung"},"content":{"rendered":"\n<h1 class=\"has-text-color wp-block-heading\" style=\"color:#678c96\"><strong>Design Thinking in der iScout-Ausbildung<\/strong><\/h1>\n\n\n\n<div class=\"wp-block-cover is-light\" style=\"min-height:240px;aspect-ratio:unset;\"><span aria-hidden=\"true\" class=\"has-background-dim-10 wp-block-cover__gradient-background has-background-dim\"><\/span><img loading=\"lazy\" decoding=\"async\" width=\"800\" height=\"657\" class=\"wp-block-cover__image-background wp-image-3763\" alt=\"\" src=\"https:\/\/mia.phtg.ch\/wp-content\/uploads\/2022\/04\/Designthinking_Titelbild-1.png\" style=\"object-position:37% 13%\" data-object-fit=\"cover\" data-object-position=\"37% 13%\" srcset=\"https:\/\/mia.phtg.ch\/wp-content\/uploads\/2022\/04\/Designthinking_Titelbild-1.png 800w, https:\/\/mia.phtg.ch\/wp-content\/uploads\/2022\/04\/Designthinking_Titelbild-1-300x246.png 300w, https:\/\/mia.phtg.ch\/wp-content\/uploads\/2022\/04\/Designthinking_Titelbild-1-768x631.png 768w\" sizes=\"auto, (max-width: 800px) 100vw, 800px\" \/><div class=\"wp-block-cover__inner-container is-layout-flow wp-block-cover-is-layout-flow\">\n<p class=\"has-text-align-center has-large-font-size\"><\/p>\n<\/div><\/div>\n\n\n\n<p><\/p>\n\n\n\n<p>Am 4. April 2022 fanden sich die angehenden iScouts im Makerspace an der PHTG ein, um das Design Thinking Prozess Modell kennenzulernen. Der Kurstag fokussierte sich darauf, nicht nur die Theorie dieser Methode zu \u00fcbermitteln, sondern im Sinne der Handlungsorientierung und Selbstwirksamkeit m\u00f6glichst konstruktiv t\u00e4tig zu werden. Zu den Herausforderungen dieses Ansatzes geh\u00f6rt das vollst\u00e4ndige Durchlaufen definierter Phasen, damit das Problem bestm\u00f6glich erkannt und kreativ beantwortet wird. Dieser Tatsache wurde am Vormittag Rechnung getragen, da nicht sofort nach L\u00f6sungen f\u00fcr Probleme gefragt wurde, sondern nach Perspektiven und Ideen.<\/p>\n\n\n\n<figure class=\"wp-block-image size-large\"><a href=\"https:\/\/mia.phtg.ch\/wp-content\/uploads\/2022\/04\/20220404_102148.jpg\"><img loading=\"lazy\" decoding=\"async\" width=\"1024\" height=\"813\" src=\"https:\/\/mia.phtg.ch\/wp-content\/uploads\/2022\/04\/20220404_102148-1024x813.jpg\" alt=\"\" class=\"wp-image-3750\" srcset=\"https:\/\/mia.phtg.ch\/wp-content\/uploads\/2022\/04\/20220404_102148-1024x813.jpg 1024w, https:\/\/mia.phtg.ch\/wp-content\/uploads\/2022\/04\/20220404_102148-300x238.jpg 300w, https:\/\/mia.phtg.ch\/wp-content\/uploads\/2022\/04\/20220404_102148-768x610.jpg 768w, https:\/\/mia.phtg.ch\/wp-content\/uploads\/2022\/04\/20220404_102148.jpg 1280w\" sizes=\"auto, (max-width: 1024px) 100vw, 1024px\" \/><\/a><figcaption>Die iScouts sammeln Herausforderungen ihres Arbeitsalltags<\/figcaption><\/figure>\n\n\n\n<figure class=\"wp-block-image size-large\"><a href=\"https:\/\/mia.phtg.ch\/wp-content\/uploads\/2022\/04\/DSC2102-Kopie.jpg\"><img loading=\"lazy\" decoding=\"async\" width=\"1024\" height=\"683\" src=\"https:\/\/mia.phtg.ch\/wp-content\/uploads\/2022\/04\/DSC2102-Kopie-1024x683.jpg\" alt=\"\" class=\"wp-image-3754\" srcset=\"https:\/\/mia.phtg.ch\/wp-content\/uploads\/2022\/04\/DSC2102-Kopie-1024x683.jpg 1024w, https:\/\/mia.phtg.ch\/wp-content\/uploads\/2022\/04\/DSC2102-Kopie-300x200.jpg 300w, https:\/\/mia.phtg.ch\/wp-content\/uploads\/2022\/04\/DSC2102-Kopie-768x512.jpg 768w, https:\/\/mia.phtg.ch\/wp-content\/uploads\/2022\/04\/DSC2102-Kopie.jpg 1472w\" sizes=\"auto, (max-width: 1024px) 100vw, 1024px\" \/><\/a><\/figure>\n\n\n\n<figure class=\"wp-block-image size-large\"><a href=\"https:\/\/mia.phtg.ch\/wp-content\/uploads\/2022\/04\/DSC2112-Kopie.jpg\"><img loading=\"lazy\" decoding=\"async\" width=\"1024\" height=\"683\" src=\"https:\/\/mia.phtg.ch\/wp-content\/uploads\/2022\/04\/DSC2112-Kopie-1024x683.jpg\" alt=\"\" class=\"wp-image-3753\" srcset=\"https:\/\/mia.phtg.ch\/wp-content\/uploads\/2022\/04\/DSC2112-Kopie-1024x683.jpg 1024w, https:\/\/mia.phtg.ch\/wp-content\/uploads\/2022\/04\/DSC2112-Kopie-300x200.jpg 300w, https:\/\/mia.phtg.ch\/wp-content\/uploads\/2022\/04\/DSC2112-Kopie-768x512.jpg 768w, https:\/\/mia.phtg.ch\/wp-content\/uploads\/2022\/04\/DSC2112-Kopie.jpg 1280w\" sizes=\"auto, (max-width: 1024px) 100vw, 1024px\" \/><\/a><\/figure>\n\n\n\n<p>Die Ergebnisse (Prototypen) zu selbst gew\u00e4hlten Fragestellungen wurden am Nachmittag vorgestellt. Eine Gruppe versuchte schauspielerisch die Zukunft mit selbst gebastelten AR- und VR-Brillen nachzustellen, eine andere pr\u00e4sentierte mithilfe Zeichnungen ein intelligentes E-Journal, welches zur Beurteilung der Lernenden massgebend beitr\u00e4gt. Eine dritte und vierte Gruppe stellten unabh\u00e4ngig voneinander IT-Supportsysteme in den Schulzimmern der Zukunft vor.<\/p>\n\n\n\n<figure class=\"wp-block-gallery has-nested-images columns-default is-cropped wp-block-gallery-1 is-layout-flex wp-block-gallery-is-layout-flex\">\n<figure class=\"wp-block-image size-large\"><a href=\"https:\/\/mia.phtg.ch\/wp-content\/uploads\/2022\/04\/20220404_160046.jpg\"><img loading=\"lazy\" decoding=\"async\" width=\"2016\" height=\"1512\" data-id=\"3752\" src=\"https:\/\/mia.phtg.ch\/wp-content\/uploads\/2022\/04\/20220404_160046.jpg\" alt=\"\" class=\"wp-image-3752\" srcset=\"https:\/\/mia.phtg.ch\/wp-content\/uploads\/2022\/04\/20220404_160046.jpg 2016w, https:\/\/mia.phtg.ch\/wp-content\/uploads\/2022\/04\/20220404_160046-300x225.jpg 300w, https:\/\/mia.phtg.ch\/wp-content\/uploads\/2022\/04\/20220404_160046-1024x768.jpg 1024w, https:\/\/mia.phtg.ch\/wp-content\/uploads\/2022\/04\/20220404_160046-768x576.jpg 768w, https:\/\/mia.phtg.ch\/wp-content\/uploads\/2022\/04\/20220404_160046-1536x1152.jpg 1536w\" sizes=\"auto, (max-width: 2016px) 100vw, 2016px\" \/><\/a><figcaption>Prototyp in Form eines Rollenspiels<\/figcaption><\/figure>\n\n\n\n<figure class=\"wp-block-image size-large\"><a href=\"https:\/\/mia.phtg.ch\/wp-content\/uploads\/2022\/04\/DSC2098-Kopie.jpg\"><img loading=\"lazy\" decoding=\"async\" width=\"1280\" height=\"854\" data-id=\"3755\" src=\"https:\/\/mia.phtg.ch\/wp-content\/uploads\/2022\/04\/DSC2098-Kopie.jpg\" alt=\"\" class=\"wp-image-3755\" srcset=\"https:\/\/mia.phtg.ch\/wp-content\/uploads\/2022\/04\/DSC2098-Kopie.jpg 1280w, https:\/\/mia.phtg.ch\/wp-content\/uploads\/2022\/04\/DSC2098-Kopie-300x200.jpg 300w, https:\/\/mia.phtg.ch\/wp-content\/uploads\/2022\/04\/DSC2098-Kopie-1024x683.jpg 1024w, https:\/\/mia.phtg.ch\/wp-content\/uploads\/2022\/04\/DSC2098-Kopie-768x512.jpg 768w\" sizes=\"auto, (max-width: 1280px) 100vw, 1280px\" \/><\/a><figcaption>Eine neue App wird entwickelt<\/figcaption><\/figure>\n\n\n\n<figure class=\"wp-block-image size-large\"><a href=\"https:\/\/mia.phtg.ch\/wp-content\/uploads\/2022\/04\/20220404_155003.jpg\"><img loading=\"lazy\" decoding=\"async\" width=\"1840\" height=\"1254\" data-id=\"3751\" src=\"https:\/\/mia.phtg.ch\/wp-content\/uploads\/2022\/04\/20220404_155003.jpg\" alt=\"\" class=\"wp-image-3751\" srcset=\"https:\/\/mia.phtg.ch\/wp-content\/uploads\/2022\/04\/20220404_155003.jpg 1840w, https:\/\/mia.phtg.ch\/wp-content\/uploads\/2022\/04\/20220404_155003-300x204.jpg 300w, https:\/\/mia.phtg.ch\/wp-content\/uploads\/2022\/04\/20220404_155003-1024x698.jpg 1024w, https:\/\/mia.phtg.ch\/wp-content\/uploads\/2022\/04\/20220404_155003-768x523.jpg 768w, https:\/\/mia.phtg.ch\/wp-content\/uploads\/2022\/04\/20220404_155003-1536x1047.jpg 1536w\" sizes=\"auto, (max-width: 1840px) 100vw, 1840px\" \/><\/a><figcaption>Visualisierung eines p\u00e4dagogischen Supports<\/figcaption><\/figure>\n<\/figure>\n\n\n\n<p>Nach diesem kreativen Arbeitstag blieben den angehenden iScouts nicht nur die Phasen des Design Thinking Prozesses (Problemfeld verstehen, Empathie aufbauen, Nutzerperspektive erfassen, Ideen sammeln, Prototypen bauen, Prototypen testen) und die Visualisierung dieses Kreativprozesses (Double Diamond) in guter Erinnerung, sondern auch die Erkenntnis, dass wir nicht nach der ungewissen Zukunft fragen sollen, sondern diese mitgestalten m\u00fcssen.<\/p>\n\n\n\n<p><\/p>\n\n\n\n<p class=\"has-black-color has-text-color\">Dany Gradl, Berufsfachschullehrer und Medienp\u00e4dagoge, hat im Rahmen seines Weiterbildungssemesters, welches er zu einem Teil  an der PHTG verbracht hat, einen Einblick in die Ausbildung der iScout erhalten. In diesem Blogbeitrag berichtet er \u00fcber den Kurstag <strong>\u00abDesign Thinking: Ein Prozessmodell f\u00fcr das Probleml\u00f6sen in der VUCA-Welt\u00bb<\/strong><\/p>\n\n\n\n<p>***<\/p>\n\n\n\n<p>Hilfreiche Unterlagen f\u00fcr die Arbeit mit Design Thinking im Bildungskontext: <\/p>\n\n\n\n<p><strong><a href=\"https:\/\/unterrichtsmaterialien.hopp-foundation.de\/konzepte\/design-thinking-und-schule\">https:\/\/unterrichtsmaterialien.hopp-foundation.de\/konzepte\/design-thinking-und-schule<\/a><\/strong><\/p>\n\n\n\n<p><strong><a href=\"https:\/\/www.telekom-stiftung.de\/aktivitaeten\/design-thinking-der-bildung\" target=\"_blank\" rel=\"noreferrer noopener\">https:\/\/www.telekom-stiftung.de\/aktivitaeten\/design-thinking-der-bildung<\/a><\/strong><\/p>\n\n\n\n<p>Zuf\u00e4llig ist am selben Tag der durchgef\u00fchrten Weiterbildung der nachfolgende Podcast mit Andi Brugger (Leiter Fachstelle Medien und Informatik der PHSH) und Eva Isberg (Strategic Designer an der ZHdK\/Zust\u00e4ndig f\u00fcr Weiterbildungen am Intrinsic Campus) publiziert worden. Im Gespr\u00e4ch geht es unter anderen darum, was Design Thinking genau ist warum sich dieses Prozessmodell in der Schule bereits ab dem 1. Zyklus einsetzen l\u00e4sst. Reinh\u00f6ren lohnt sich! <\/p>\n\n\n\n<p><a href=\"https:\/\/schuleheute.blog\/podcast\/\" target=\"_blank\" rel=\"noreferrer noopener\"><strong>https:\/\/schuleheute.blog\/podcast\/<\/strong><\/a><\/p>\n\n\n\n<p>Fotos: Evelyne Fankhauser &amp; Antoinette von Massenbach<\/p>\n<div data-animation=\"no-animation\" data-icons-animation=\"no-animation\" data-overlay=\"\" data-change-size=\"\" data-button-size=\"0.7\" style=\"font-size:0.7em!important;display:none;\" class=\"supsystic-social-sharing supsystic-social-sharing-package-flat supsystic-social-sharing-spacing supsystic-social-sharing-content supsystic-social-sharing-content-align-left\" data-text=\"\"><a data-networks=\"[]\" class=\"social-sharing-button sharer-flat sharer-flat-1 counter-standard without-counter tooltip-icon facebook\" target=\"_blank\" title=\"auf Facebook teilen\" href=\"http:\/\/www.facebook.com\/sharer.php?u=https%3A%2F%2Fmia.phtg.ch%2F%3Fp%3D3748\" data-main-href=\"http:\/\/www.facebook.com\/sharer.php?u={url}\" data-nid=\"1\" data-name=\"\" data-pid=\"1\" data-post-id=\"3748\" data-url=\"https:\/\/mia.phtg.ch\/wp-admin\/admin-ajax.php\" rel=\"nofollow\" data-mailto=\"\"><i class=\"fa-ssbs fa-ssbs-fw fa-ssbs-facebook\"><\/i><div class=\"counter-wrap standard\"><span class=\"counter\">0<\/span><\/div><\/a><a data-networks=\"[]\" class=\"social-sharing-button sharer-flat sharer-flat-1 counter-standard without-counter tooltip-icon twitter\" target=\"_blank\" title=\"auf Twitter teilen\" href=\"https:\/\/twitter.com\/share?url=https%3A%2F%2Fmia.phtg.ch%2F%3Fp%3D3748&text=Design+Thinking+in+der+iScout-Ausbildung\" data-main-href=\"https:\/\/twitter.com\/share?url={url}&text={title}\" data-nid=\"2\" data-name=\"\" data-pid=\"1\" data-post-id=\"3748\" data-url=\"https:\/\/mia.phtg.ch\/wp-admin\/admin-ajax.php\" rel=\"nofollow\" data-mailto=\"\"><i class=\"fa-ssbs fa-ssbs-fw fa-ssbs-twitter\"><\/i><div class=\"counter-wrap standard\"><span class=\"counter\">0<\/span><\/div><\/a><a data-networks=\"[]\" class=\"social-sharing-button sharer-flat sharer-flat-1 counter-standard without-counter tooltip-icon linkedin\" target=\"_blank\" title=\"auf Linkedin teilen\" href=\"https:\/\/www.linkedin.com\/shareArticle?mini=true&title=Design+Thinking+in+der+iScout-Ausbildung&url=https%3A%2F%2Fmia.phtg.ch%2F%3Fp%3D3748\" data-main-href=\"https:\/\/www.linkedin.com\/shareArticle?mini=true&title={title}&url={url}\" data-nid=\"13\" data-name=\"\" data-pid=\"1\" data-post-id=\"3748\" data-url=\"https:\/\/mia.phtg.ch\/wp-admin\/admin-ajax.php\" rel=\"nofollow\" data-mailto=\"\"><i class=\"fa-ssbs fa-ssbs-fw fa-ssbs-linkedin\"><\/i><div class=\"counter-wrap standard\"><span class=\"counter\">0<\/span><\/div><\/a><a data-networks=\"[]\" class=\"social-sharing-button sharer-flat sharer-flat-1 counter-standard without-counter tooltip-icon mail\" target=\"_blank\" title=\"per E-Mail teilen\" href=\"#\" data-main-href=\"#\" data-nid=\"16\" data-name=\"\" data-pid=\"1\" data-post-id=\"3748\" data-url=\"https:\/\/mia.phtg.ch\/wp-admin\/admin-ajax.php\" rel=\"nofollow\" data-mailto=\"\"><i class=\"fa-ssbs fa-ssbs-fw fa-ssbs-envelope-o\"><\/i><div class=\"counter-wrap standard\"><span class=\"counter\">0<\/span><\/div><\/a><\/div>","protected":false},"excerpt":{"rendered":"<p>Design Thinking in der iScout-Ausbildung Am 4. April 2022 fanden sich die angehenden iScouts im Makerspace an der PHTG ein, um das Design Thinking Prozess&hellip;<\/p>\n<div data-animation=\"no-animation\" data-icons-animation=\"no-animation\" data-overlay=\"\" data-change-size=\"\" data-button-size=\"0.7\" style=\"font-size:0.7em!important;display:none;\" class=\"supsystic-social-sharing supsystic-social-sharing-package-flat supsystic-social-sharing-spacing supsystic-social-sharing-content supsystic-social-sharing-content-align-left\" data-text=\"\"><a data-networks=\"[]\" class=\"social-sharing-button sharer-flat sharer-flat-1 counter-standard without-counter tooltip-icon facebook\" target=\"_blank\" title=\"auf Facebook teilen\" href=\"http:\/\/www.facebook.com\/sharer.php?u=https%3A%2F%2Fmia.phtg.ch%2F%3Fp%3D3748\" data-main-href=\"http:\/\/www.facebook.com\/sharer.php?u={url}\" data-nid=\"1\" data-name=\"\" data-pid=\"1\" data-post-id=\"3748\" data-url=\"https:\/\/mia.phtg.ch\/wp-admin\/admin-ajax.php\" rel=\"nofollow\" data-mailto=\"\"><i class=\"fa-ssbs fa-ssbs-fw fa-ssbs-facebook\"><\/i><div class=\"counter-wrap standard\"><span class=\"counter\">0<\/span><\/div><\/a><a data-networks=\"[]\" class=\"social-sharing-button sharer-flat sharer-flat-1 counter-standard without-counter tooltip-icon twitter\" target=\"_blank\" title=\"auf Twitter teilen\" href=\"https:\/\/twitter.com\/share?url=https%3A%2F%2Fmia.phtg.ch%2F%3Fp%3D3748&text=Design+Thinking+in+der+iScout-Ausbildung\" data-main-href=\"https:\/\/twitter.com\/share?url={url}&text={title}\" data-nid=\"2\" data-name=\"\" data-pid=\"1\" data-post-id=\"3748\" data-url=\"https:\/\/mia.phtg.ch\/wp-admin\/admin-ajax.php\" rel=\"nofollow\" data-mailto=\"\"><i class=\"fa-ssbs fa-ssbs-fw fa-ssbs-twitter\"><\/i><div class=\"counter-wrap standard\"><span class=\"counter\">0<\/span><\/div><\/a><a data-networks=\"[]\" class=\"social-sharing-button sharer-flat sharer-flat-1 counter-standard without-counter tooltip-icon linkedin\" target=\"_blank\" title=\"auf Linkedin teilen\" href=\"https:\/\/www.linkedin.com\/shareArticle?mini=true&title=Design+Thinking+in+der+iScout-Ausbildung&url=https%3A%2F%2Fmia.phtg.ch%2F%3Fp%3D3748\" data-main-href=\"https:\/\/www.linkedin.com\/shareArticle?mini=true&title={title}&url={url}\" data-nid=\"13\" data-name=\"\" data-pid=\"1\" data-post-id=\"3748\" data-url=\"https:\/\/mia.phtg.ch\/wp-admin\/admin-ajax.php\" rel=\"nofollow\" data-mailto=\"\"><i class=\"fa-ssbs fa-ssbs-fw fa-ssbs-linkedin\"><\/i><div class=\"counter-wrap standard\"><span class=\"counter\">0<\/span><\/div><\/a><a data-networks=\"[]\" class=\"social-sharing-button sharer-flat sharer-flat-1 counter-standard without-counter tooltip-icon mail\" target=\"_blank\" title=\"per E-Mail teilen\" href=\"#\" data-main-href=\"#\" data-nid=\"16\" data-name=\"\" data-pid=\"1\" data-post-id=\"3748\" data-url=\"https:\/\/mia.phtg.ch\/wp-admin\/admin-ajax.php\" rel=\"nofollow\" data-mailto=\"\"><i class=\"fa-ssbs fa-ssbs-fw fa-ssbs-envelope-o\"><\/i><div class=\"counter-wrap standard\"><span class=\"counter\">0<\/span><\/div><\/a><\/div>","protected":false},"author":24,"featured_media":3763,"comment_status":"open","ping_status":"open","sticky":false,"template":"","format":"standard","meta":{"footnotes":""},"categories":[351,275,24,283,38,1,137,51,290],"tags":[398,41,399,277],"class_list":["post-3748","post","type-post","status-publish","format-standard","has-post-thumbnail","hentry","category-interdisziplinaer","category-iscout","category-mia","category-mia-praxis","category-phtg","category-uncategorized","category-unterricht","category-weiterbildung","category-zyklus-1","tag-designthinking","tag-iscout","tag-kreatives-denken","tag-paedagogischer-support"],"_links":{"self":[{"href":"https:\/\/mia.phtg.ch\/index.php?rest_route=\/wp\/v2\/posts\/3748","targetHints":{"allow":["GET"]}}],"collection":[{"href":"https:\/\/mia.phtg.ch\/index.php?rest_route=\/wp\/v2\/posts"}],"about":[{"href":"https:\/\/mia.phtg.ch\/index.php?rest_route=\/wp\/v2\/types\/post"}],"author":[{"embeddable":true,"href":"https:\/\/mia.phtg.ch\/index.php?rest_route=\/wp\/v2\/users\/24"}],"replies":[{"embeddable":true,"href":"https:\/\/mia.phtg.ch\/index.php?rest_route=%2Fwp%2Fv2%2Fcomments&post=3748"}],"version-history":[{"count":15,"href":"https:\/\/mia.phtg.ch\/index.php?rest_route=\/wp\/v2\/posts\/3748\/revisions"}],"predecessor-version":[{"id":3774,"href":"https:\/\/mia.phtg.ch\/index.php?rest_route=\/wp\/v2\/posts\/3748\/revisions\/3774"}],"wp:featuredmedia":[{"embeddable":true,"href":"https:\/\/mia.phtg.ch\/index.php?rest_route=\/wp\/v2\/media\/3763"}],"wp:attachment":[{"href":"https:\/\/mia.phtg.ch\/index.php?rest_route=%2Fwp%2Fv2%2Fmedia&parent=3748"}],"wp:term":[{"taxonomy":"category","embeddable":true,"href":"https:\/\/mia.phtg.ch\/index.php?rest_route=%2Fwp%2Fv2%2Fcategories&post=3748"},{"taxonomy":"post_tag","embeddable":true,"href":"https:\/\/mia.phtg.ch\/index.php?rest_route=%2Fwp%2Fv2%2Ftags&post=3748"}],"curies":[{"name":"wp","href":"https:\/\/api.w.org\/{rel}","templated":true}]}}