{"id":3886,"date":"2022-06-28T08:28:59","date_gmt":"2022-06-28T06:28:59","guid":{"rendered":"https:\/\/mia.phtg.ch\/?p=3886"},"modified":"2022-06-28T08:29:00","modified_gmt":"2022-06-28T06:29:00","slug":"buchtrailer-im-deutschunterricht","status":"publish","type":"post","link":"https:\/\/mia.phtg.ch\/?p=3886","title":{"rendered":"Buchtrailer im Deutschunterricht"},"content":{"rendered":"\n<h1 class=\"has-text-color wp-block-heading\" style=\"color:#9b214c\"><strong>Buchtrailer im Deutschunterricht<\/strong><\/h1>\n\n\n\n<div class=\"wp-block-cover is-light\" style=\"min-height:212px;aspect-ratio:unset;\"><span aria-hidden=\"true\" class=\"wp-block-cover__background has-background-dim-10 has-background-dim\"><\/span><img loading=\"lazy\" decoding=\"async\" width=\"1000\" height=\"821\" class=\"wp-block-cover__image-background wp-image-4044\" alt=\"\" src=\"https:\/\/mia.phtg.ch\/wp-content\/uploads\/2022\/06\/but_deutsch-1.jpg\" style=\"object-position:66% 11%\" data-object-fit=\"cover\" data-object-position=\"66% 11%\" srcset=\"https:\/\/mia.phtg.ch\/wp-content\/uploads\/2022\/06\/but_deutsch-1.jpg 1000w, https:\/\/mia.phtg.ch\/wp-content\/uploads\/2022\/06\/but_deutsch-1-300x246.jpg 300w, https:\/\/mia.phtg.ch\/wp-content\/uploads\/2022\/06\/but_deutsch-1-768x631.jpg 768w\" sizes=\"auto, (max-width: 1000px) 100vw, 1000px\" \/><div class=\"wp-block-cover__inner-container is-layout-flow wp-block-cover-is-layout-flow\">\n<p class=\"has-text-align-center has-large-font-size\"><\/p>\n<\/div><\/div>\n\n\n\n<p><\/p>\n\n\n\n<p>Das Produzieren von Medienbeitr\u00e4gen im Unterricht bietet ein grosses Motivationspotential und erm\u00f6glicht eine aktive Auseinandersetzung mit Kompetenzen aus dem Bereich Medien und Anwendungskompetenzen. Dieser Blogbeitrag zeigt, wie in einer 3. Sekundarklasse das Thema Buchtrailer bearbeitet wurde. Ausgesprochenes Ziel war, zur gelesenen Lekt\u00fcre aus dem Deutschunterricht, einen passenden Trailer zu produzieren.<\/p>\n\n\n\n<h3 class=\"has-text-color wp-block-heading\" style=\"color:#9b214c\"><strong>Hilfsmittel zur Arbeitsplanung<\/strong><\/h3>\n\n\n\n<p>Die Sch\u00fclerinnen und Sch\u00fcler liessen sich von der Idee eines Buchtrailers schnell begeistern und waren demnach auch von Beginn weg motiviert bei der Arbeit. Um die Arbeit zu strukturieren, boten die Lehrpersonen Vorlagen zum Storyboard und Anleitung an. Die Sch\u00fclerinnen und Sch\u00fcler planten die n\u00e4chsten Arbeitsschritte mit Hilfe eines Kanban-Boards, was sich als sehr hilfreich erwies. So waren sie gezwungen, zuerst alle zu erledigenden Aufgaben aufzulisten und sich einen \u00dcberblick zu verschaffen. Das System mit den Klebezetteln war einfach zu verstehen und es liessen sich im Verlauf des Projektes weitere Aufgaben erg\u00e4nzen.&nbsp;<\/p>\n\n\n\n<figure class=\"wp-block-image size-large\"><img loading=\"lazy\" decoding=\"async\" width=\"1024\" height=\"752\" src=\"https:\/\/mia.phtg.ch\/wp-content\/uploads\/2022\/05\/Kanban-1024x752.png\" alt=\"\" class=\"wp-image-3891\" srcset=\"https:\/\/mia.phtg.ch\/wp-content\/uploads\/2022\/05\/Kanban-1024x752.png 1024w, https:\/\/mia.phtg.ch\/wp-content\/uploads\/2022\/05\/Kanban-300x220.png 300w, https:\/\/mia.phtg.ch\/wp-content\/uploads\/2022\/05\/Kanban-768x564.png 768w, https:\/\/mia.phtg.ch\/wp-content\/uploads\/2022\/05\/Kanban.png 1506w\" sizes=\"auto, (max-width: 1024px) 100vw, 1024px\" \/><figcaption><em>Kanban-Vorlage f\u00fcr Klebezettel<\/em><\/figcaption><\/figure>\n\n\n\n<p>Nachdem sich die Jugendlichen f\u00fcr ein Buch entschieden hatten und diesen gelesen hatten, begann die Arbeit am Buchtrailer. Der Weg f\u00fchrte \u00fcber das Zeichnen eines Storyboards \u00fcber das Filmen bis zum fertigen Schnitt. Zum Ende des Projekts, welches \u00fcber 10 Lektionen dauerte, konnten die fertigen Clips in der Klasse gezeigt und mittels Feedbackbogens beurteilt werden. Damit der \u00dcberblick nicht verloren ging, half sicherlich auch die Checkliste.<\/p>\n\n\n\n<figure class=\"wp-block-image size-large\"><img loading=\"lazy\" decoding=\"async\" width=\"1024\" height=\"971\" src=\"https:\/\/mia.phtg.ch\/wp-content\/uploads\/2022\/05\/Checkliste-1024x971.png\" alt=\"\" class=\"wp-image-3899\" srcset=\"https:\/\/mia.phtg.ch\/wp-content\/uploads\/2022\/05\/Checkliste-1024x971.png 1024w, https:\/\/mia.phtg.ch\/wp-content\/uploads\/2022\/05\/Checkliste-300x285.png 300w, https:\/\/mia.phtg.ch\/wp-content\/uploads\/2022\/05\/Checkliste-768x728.png 768w, https:\/\/mia.phtg.ch\/wp-content\/uploads\/2022\/05\/Checkliste.png 1046w\" sizes=\"auto, (max-width: 1024px) 100vw, 1024px\" \/><\/figure>\n\n\n\n<p><em>Checkliste<\/em><\/p>\n\n\n\n<figure class=\"wp-block-image size-large is-resized\"><img loading=\"lazy\" decoding=\"async\" src=\"https:\/\/mia.phtg.ch\/wp-content\/uploads\/2022\/05\/Storyboard-1024x749.png\" alt=\"\" class=\"wp-image-3893\" width=\"840\" height=\"614\" srcset=\"https:\/\/mia.phtg.ch\/wp-content\/uploads\/2022\/05\/Storyboard-1024x749.png 1024w, https:\/\/mia.phtg.ch\/wp-content\/uploads\/2022\/05\/Storyboard-300x220.png 300w, https:\/\/mia.phtg.ch\/wp-content\/uploads\/2022\/05\/Storyboard-768x562.png 768w, https:\/\/mia.phtg.ch\/wp-content\/uploads\/2022\/05\/Storyboard.png 1536w\" sizes=\"auto, (max-width: 840px) 100vw, 840px\" \/><figcaption><em>Vorlage Storyboard<\/em><\/figcaption><\/figure>\n\n\n\n<p>W\u00e4hrend des Projekts konnten sich die Sch\u00fclerinnen und Sch\u00fcler an den 6 Steps orientieren und die n\u00e4chsten Arbeitsschritte planen.<\/p>\n\n\n\n<figure class=\"wp-block-gallery has-nested-images columns-default is-cropped wp-block-gallery-1 is-layout-flex wp-block-gallery-is-layout-flex\">\n<figure class=\"wp-block-image size-large\"><img loading=\"lazy\" decoding=\"async\" width=\"974\" height=\"1024\" data-id=\"3895\" src=\"https:\/\/mia.phtg.ch\/wp-content\/uploads\/2022\/05\/Step1_4-974x1024.png\" alt=\"\" class=\"wp-image-3895\" srcset=\"https:\/\/mia.phtg.ch\/wp-content\/uploads\/2022\/05\/Step1_4-974x1024.png 974w, https:\/\/mia.phtg.ch\/wp-content\/uploads\/2022\/05\/Step1_4-285x300.png 285w, https:\/\/mia.phtg.ch\/wp-content\/uploads\/2022\/05\/Step1_4-768x807.png 768w, https:\/\/mia.phtg.ch\/wp-content\/uploads\/2022\/05\/Step1_4.png 1016w\" sizes=\"auto, (max-width: 974px) 100vw, 974px\" \/><\/figure>\n<\/figure>\n\n\n\n<figure class=\"wp-block-image size-full is-style-default\"><img loading=\"lazy\" decoding=\"async\" width=\"972\" height=\"554\" src=\"https:\/\/mia.phtg.ch\/wp-content\/uploads\/2022\/05\/Step5-1.png\" alt=\"\" class=\"wp-image-3897\" srcset=\"https:\/\/mia.phtg.ch\/wp-content\/uploads\/2022\/05\/Step5-1.png 972w, https:\/\/mia.phtg.ch\/wp-content\/uploads\/2022\/05\/Step5-1-300x171.png 300w, https:\/\/mia.phtg.ch\/wp-content\/uploads\/2022\/05\/Step5-1-768x438.png 768w\" sizes=\"auto, (max-width: 972px) 100vw, 972px\" \/><\/figure>\n\n\n\n<p>Die Hilfsmittel bew\u00e4hrten sich in der Praxis. Zugegeben, es war auch nicht einfach, die Produkte zu bewerten. Dennoch l\u00e4sst sich ein positive Fazit ziehen: Das Erstellen eines Buchtrailers nimmt sehr viel Zeit in Anspruch, lohnt sich aber auf jeden Fall, weil die Sch\u00fclerinnen und Sch\u00fcler dabei sehr viel lernen und tolle Endprodukte entstehen.<\/p>\n\n\n\n<h3 class=\"has-text-color wp-block-heading\" style=\"color:#9b214c\"><strong>Gemeinsame Lernkultur<\/strong><\/h3>\n\n\n\n<p>Bei der Medienproduktion schl\u00fcpften die Lehrpersonen vermehrt in die Rolle eines Coaches. Bei der Begleitung der Projekte konnten auch sie viele, neue Erfahrungen sammeln. Die Sch\u00fclerinnen und Sch\u00fcler versuchten allerdings viele Probleme in der Gruppe zu kl\u00e4ren. Das Schneiden und Vertonen der Aufnahmen verlief grunds\u00e4tzlich ohne Probleme.&nbsp;Beim n\u00e4chsten Mal w\u00fcrden sie vorher einen Input zur Arbeit mit Green Screen einplanen, um die Grundlagen zu vermitteln.<\/p>\n\n\n\n<figure class=\"wp-block-image size-large\"><img loading=\"lazy\" decoding=\"async\" width=\"829\" height=\"1024\" src=\"https:\/\/mia.phtg.ch\/wp-content\/uploads\/2022\/05\/Bewertung_Trailer-829x1024.png\" alt=\"\" class=\"wp-image-3890\" srcset=\"https:\/\/mia.phtg.ch\/wp-content\/uploads\/2022\/05\/Bewertung_Trailer-829x1024.png 829w, https:\/\/mia.phtg.ch\/wp-content\/uploads\/2022\/05\/Bewertung_Trailer-243x300.png 243w, https:\/\/mia.phtg.ch\/wp-content\/uploads\/2022\/05\/Bewertung_Trailer-768x948.png 768w, https:\/\/mia.phtg.ch\/wp-content\/uploads\/2022\/05\/Bewertung_Trailer.png 1014w\" sizes=\"auto, (max-width: 829px) 100vw, 829px\" \/><figcaption><em>Bewertungsraster Buchtrailer<\/em><\/figcaption><\/figure>\n\n\n\n<p>Leider d\u00fcrfen die entstandenen Buchtrailer aus Datenschutzgr\u00fcnden hier nicht ver\u00f6ffentlicht werden. Wer zum Projekt &#171;Buchtrailer&#187; weitere Fragen hat, kann sich gerne an Simon Weber wenden, der die hier gezeigten Materialien erstellt und die Idee mit seiner Klasse umgesetzt hat. Die Emailadresse lautet: simon.weber@schule-sirnach.ch<\/p>\n<div data-animation=\"no-animation\" data-icons-animation=\"no-animation\" data-overlay=\"\" data-change-size=\"\" data-button-size=\"0.7\" style=\"font-size:0.7em!important;display:none;\" class=\"supsystic-social-sharing supsystic-social-sharing-package-flat supsystic-social-sharing-spacing supsystic-social-sharing-content supsystic-social-sharing-content-align-left\" data-text=\"\"><a data-networks=\"[]\" class=\"social-sharing-button sharer-flat sharer-flat-1 counter-standard without-counter tooltip-icon facebook\" target=\"_blank\" title=\"auf Facebook teilen\" href=\"http:\/\/www.facebook.com\/sharer.php?u=https%3A%2F%2Fmia.phtg.ch%2F%3Fp%3D3886\" data-main-href=\"http:\/\/www.facebook.com\/sharer.php?u={url}\" data-nid=\"1\" data-name=\"\" data-pid=\"1\" data-post-id=\"3886\" data-url=\"https:\/\/mia.phtg.ch\/wp-admin\/admin-ajax.php\" rel=\"nofollow\" data-mailto=\"\"><i class=\"fa-ssbs fa-ssbs-fw fa-ssbs-facebook\"><\/i><div class=\"counter-wrap standard\"><span class=\"counter\">0<\/span><\/div><\/a><a data-networks=\"[]\" class=\"social-sharing-button sharer-flat sharer-flat-1 counter-standard without-counter tooltip-icon twitter\" target=\"_blank\" title=\"auf Twitter teilen\" href=\"https:\/\/twitter.com\/share?url=https%3A%2F%2Fmia.phtg.ch%2F%3Fp%3D3886&text=Buchtrailer+im+Deutschunterricht\" data-main-href=\"https:\/\/twitter.com\/share?url={url}&text={title}\" data-nid=\"2\" data-name=\"\" data-pid=\"1\" data-post-id=\"3886\" data-url=\"https:\/\/mia.phtg.ch\/wp-admin\/admin-ajax.php\" rel=\"nofollow\" data-mailto=\"\"><i class=\"fa-ssbs fa-ssbs-fw fa-ssbs-twitter\"><\/i><div class=\"counter-wrap standard\"><span class=\"counter\">0<\/span><\/div><\/a><a data-networks=\"[]\" class=\"social-sharing-button sharer-flat sharer-flat-1 counter-standard without-counter tooltip-icon linkedin\" target=\"_blank\" title=\"auf Linkedin teilen\" href=\"https:\/\/www.linkedin.com\/shareArticle?mini=true&title=Buchtrailer+im+Deutschunterricht&url=https%3A%2F%2Fmia.phtg.ch%2F%3Fp%3D3886\" data-main-href=\"https:\/\/www.linkedin.com\/shareArticle?mini=true&title={title}&url={url}\" data-nid=\"13\" data-name=\"\" data-pid=\"1\" data-post-id=\"3886\" data-url=\"https:\/\/mia.phtg.ch\/wp-admin\/admin-ajax.php\" rel=\"nofollow\" data-mailto=\"\"><i class=\"fa-ssbs fa-ssbs-fw fa-ssbs-linkedin\"><\/i><div class=\"counter-wrap standard\"><span class=\"counter\">0<\/span><\/div><\/a><a data-networks=\"[]\" class=\"social-sharing-button sharer-flat sharer-flat-1 counter-standard without-counter tooltip-icon mail\" target=\"_blank\" title=\"per E-Mail teilen\" href=\"#\" data-main-href=\"#\" data-nid=\"16\" data-name=\"\" data-pid=\"1\" data-post-id=\"3886\" data-url=\"https:\/\/mia.phtg.ch\/wp-admin\/admin-ajax.php\" rel=\"nofollow\" data-mailto=\"\"><i class=\"fa-ssbs fa-ssbs-fw fa-ssbs-envelope-o\"><\/i><div class=\"counter-wrap standard\"><span class=\"counter\">0<\/span><\/div><\/a><\/div>","protected":false},"excerpt":{"rendered":"<p>Buchtrailer im Deutschunterricht Das Produzieren von Medienbeitr\u00e4gen im Unterricht bietet ein grosses Motivationspotential und erm\u00f6glicht eine aktive Auseinandersetzung mit Kompetenzen aus dem Bereich Medien und&hellip;<\/p>\n<div data-animation=\"no-animation\" data-icons-animation=\"no-animation\" data-overlay=\"\" data-change-size=\"\" data-button-size=\"0.7\" style=\"font-size:0.7em!important;display:none;\" class=\"supsystic-social-sharing supsystic-social-sharing-package-flat supsystic-social-sharing-spacing supsystic-social-sharing-content supsystic-social-sharing-content-align-left\" data-text=\"\"><a data-networks=\"[]\" class=\"social-sharing-button sharer-flat sharer-flat-1 counter-standard without-counter tooltip-icon facebook\" target=\"_blank\" title=\"auf Facebook teilen\" href=\"http:\/\/www.facebook.com\/sharer.php?u=https%3A%2F%2Fmia.phtg.ch%2F%3Fp%3D3886\" data-main-href=\"http:\/\/www.facebook.com\/sharer.php?u={url}\" data-nid=\"1\" data-name=\"\" data-pid=\"1\" data-post-id=\"3886\" data-url=\"https:\/\/mia.phtg.ch\/wp-admin\/admin-ajax.php\" rel=\"nofollow\" data-mailto=\"\"><i class=\"fa-ssbs fa-ssbs-fw fa-ssbs-facebook\"><\/i><div class=\"counter-wrap standard\"><span class=\"counter\">0<\/span><\/div><\/a><a data-networks=\"[]\" class=\"social-sharing-button sharer-flat sharer-flat-1 counter-standard without-counter tooltip-icon twitter\" target=\"_blank\" title=\"auf Twitter teilen\" href=\"https:\/\/twitter.com\/share?url=https%3A%2F%2Fmia.phtg.ch%2F%3Fp%3D3886&text=Buchtrailer+im+Deutschunterricht\" data-main-href=\"https:\/\/twitter.com\/share?url={url}&text={title}\" data-nid=\"2\" data-name=\"\" data-pid=\"1\" data-post-id=\"3886\" data-url=\"https:\/\/mia.phtg.ch\/wp-admin\/admin-ajax.php\" rel=\"nofollow\" data-mailto=\"\"><i class=\"fa-ssbs fa-ssbs-fw fa-ssbs-twitter\"><\/i><div class=\"counter-wrap standard\"><span class=\"counter\">0<\/span><\/div><\/a><a data-networks=\"[]\" class=\"social-sharing-button sharer-flat sharer-flat-1 counter-standard without-counter tooltip-icon linkedin\" target=\"_blank\" title=\"auf Linkedin teilen\" href=\"https:\/\/www.linkedin.com\/shareArticle?mini=true&title=Buchtrailer+im+Deutschunterricht&url=https%3A%2F%2Fmia.phtg.ch%2F%3Fp%3D3886\" data-main-href=\"https:\/\/www.linkedin.com\/shareArticle?mini=true&title={title}&url={url}\" data-nid=\"13\" data-name=\"\" data-pid=\"1\" data-post-id=\"3886\" data-url=\"https:\/\/mia.phtg.ch\/wp-admin\/admin-ajax.php\" rel=\"nofollow\" data-mailto=\"\"><i class=\"fa-ssbs fa-ssbs-fw fa-ssbs-linkedin\"><\/i><div class=\"counter-wrap standard\"><span class=\"counter\">0<\/span><\/div><\/a><a data-networks=\"[]\" class=\"social-sharing-button sharer-flat sharer-flat-1 counter-standard without-counter tooltip-icon mail\" target=\"_blank\" title=\"per E-Mail teilen\" href=\"#\" data-main-href=\"#\" data-nid=\"16\" data-name=\"\" data-pid=\"1\" data-post-id=\"3886\" data-url=\"https:\/\/mia.phtg.ch\/wp-admin\/admin-ajax.php\" rel=\"nofollow\" data-mailto=\"\"><i class=\"fa-ssbs fa-ssbs-fw fa-ssbs-envelope-o\"><\/i><div class=\"counter-wrap standard\"><span class=\"counter\">0<\/span><\/div><\/a><\/div>","protected":false},"author":17,"featured_media":4044,"comment_status":"open","ping_status":"open","sticky":false,"template":"","format":"standard","meta":{"footnotes":""},"categories":[25,351,10,24,283,215,137],"tags":[108,16,84,106,125],"class_list":["post-3886","post","type-post","status-publish","format-standard","has-post-thumbnail","hentry","category-anwendungskompetenzen","category-interdisziplinaer","category-medien","category-mia","category-mia-praxis","category-sekundarstufe-i","category-unterricht","tag-anwendungskompetenzen","tag-medien","tag-mia","tag-mia21","tag-zyklus-3"],"_links":{"self":[{"href":"https:\/\/mia.phtg.ch\/index.php?rest_route=\/wp\/v2\/posts\/3886","targetHints":{"allow":["GET"]}}],"collection":[{"href":"https:\/\/mia.phtg.ch\/index.php?rest_route=\/wp\/v2\/posts"}],"about":[{"href":"https:\/\/mia.phtg.ch\/index.php?rest_route=\/wp\/v2\/types\/post"}],"author":[{"embeddable":true,"href":"https:\/\/mia.phtg.ch\/index.php?rest_route=\/wp\/v2\/users\/17"}],"replies":[{"embeddable":true,"href":"https:\/\/mia.phtg.ch\/index.php?rest_route=%2Fwp%2Fv2%2Fcomments&post=3886"}],"version-history":[{"count":15,"href":"https:\/\/mia.phtg.ch\/index.php?rest_route=\/wp\/v2\/posts\/3886\/revisions"}],"predecessor-version":[{"id":4062,"href":"https:\/\/mia.phtg.ch\/index.php?rest_route=\/wp\/v2\/posts\/3886\/revisions\/4062"}],"wp:featuredmedia":[{"embeddable":true,"href":"https:\/\/mia.phtg.ch\/index.php?rest_route=\/wp\/v2\/media\/4044"}],"wp:attachment":[{"href":"https:\/\/mia.phtg.ch\/index.php?rest_route=%2Fwp%2Fv2%2Fmedia&parent=3886"}],"wp:term":[{"taxonomy":"category","embeddable":true,"href":"https:\/\/mia.phtg.ch\/index.php?rest_route=%2Fwp%2Fv2%2Fcategories&post=3886"},{"taxonomy":"post_tag","embeddable":true,"href":"https:\/\/mia.phtg.ch\/index.php?rest_route=%2Fwp%2Fv2%2Ftags&post=3886"}],"curies":[{"name":"wp","href":"https:\/\/api.w.org\/{rel}","templated":true}]}}