{"id":3983,"date":"2022-06-13T09:10:00","date_gmt":"2022-06-13T07:10:00","guid":{"rendered":"https:\/\/mia.phtg.ch\/?p=3983"},"modified":"2022-09-01T15:13:51","modified_gmt":"2022-09-01T13:13:51","slug":"apps-fuer-die-unterstuetzende-kommunikation-bei-kindern-mit-ass","status":"publish","type":"post","link":"https:\/\/mia.phtg.ch\/?p=3983","title":{"rendered":"Apps f\u00fcr die unterst\u00fctzende Kommunikation bei Kindern mit ASS"},"content":{"rendered":"\n<h1 class=\"has-text-color wp-block-heading\" style=\"color:#678c96\"><strong>Apps f\u00fcr die unterst\u00fctzende Kommunikation bei Kindern mit ASS<\/strong><\/h1>\n\n\n\n<div class=\"wp-block-cover is-light\" style=\"min-height:300px;aspect-ratio:unset;\"><span aria-hidden=\"true\" class=\"wp-block-cover__background has-background-dim-10 has-background-dim\"><\/span><img loading=\"lazy\" decoding=\"async\" width=\"1200\" height=\"1200\" class=\"wp-block-cover__image-background wp-image-3987\" alt=\"\" src=\"https:\/\/mia.phtg.ch\/wp-content\/uploads\/2022\/06\/Titelbild_Fabian_iScout.png\" style=\"object-position:45% 9%\" data-object-fit=\"cover\" data-object-position=\"45% 9%\" srcset=\"https:\/\/mia.phtg.ch\/wp-content\/uploads\/2022\/06\/Titelbild_Fabian_iScout.png 1200w, https:\/\/mia.phtg.ch\/wp-content\/uploads\/2022\/06\/Titelbild_Fabian_iScout-300x300.png 300w, https:\/\/mia.phtg.ch\/wp-content\/uploads\/2022\/06\/Titelbild_Fabian_iScout-1024x1024.png 1024w, https:\/\/mia.phtg.ch\/wp-content\/uploads\/2022\/06\/Titelbild_Fabian_iScout-150x150.png 150w, https:\/\/mia.phtg.ch\/wp-content\/uploads\/2022\/06\/Titelbild_Fabian_iScout-768x768.png 768w\" sizes=\"auto, (max-width: 1200px) 100vw, 1200px\" \/><div class=\"wp-block-cover__inner-container is-layout-flow wp-block-cover-is-layout-flow\">\n<p class=\"has-text-align-center has-large-font-size\"><\/p>\n<\/div><\/div>\n\n\n\n<p> <\/p>\n\n\n\n<p>Ein Beitrag von  Fabian Fl\u00fcck, Sozialp\u00e4dagoge und iScout an der Heilp\u00e4dagogischen Schule Mauren&nbsp;<\/p>\n\n\n\n<p>***<\/p>\n\n\n\n<p>Als angehender iScout in der Heilp\u00e4dagogischen Schule Mauren, welche ab dem Schuljahr 22\/23 mit drei iPad-Pilot Klassen starten m\u00f6chte, stelle ich mir die Frage, wie man das Potential des neuen Mediums als Komunikationsbr\u00fccke f\u00fcr Kinder mit ASS (Autismus-Spektrum-St\u00f6rung), welche sich mit Hilfe der Lautsprache nicht oder nur ungen\u00fcgend verst\u00e4ndigen k\u00f6nnen, nutzen kann.<\/p>\n\n\n\n<p>Um meine Frage zu beantworten, recherchierte ich nach geeigneten Programmen und Apss, welche einerseits praxistauglich sind und gleichzeitig einen Mehrwert f\u00fcr unsere Sch\u00fclerinnen und Sch\u00fcler mit ASS bieten k\u00f6nnten.<\/p>\n\n\n\n<p>Um hierbei eine Orientierungshilfe zu bekommen, wurden einige Appss mit drei Kindern mit ASS ausprobiert und bewertet.<\/p>\n\n\n\n<h4 class=\"has-text-color wp-block-heading\" style=\"color:#678c96\"><strong>Die Apps und Programme, die ich ausprobiert habe:<\/strong><\/h4>\n\n\n\n<ul class=\"wp-block-list\"><li><strong><a rel=\"noreferrer noopener\" href=\"https:\/\/apps.apple.com\/ch\/app\/elinespricht-uk-app\/id1426342822\" data-type=\"URL\" data-id=\"https:\/\/apps.apple.com\/ch\/app\/elinespricht-uk-app\/id1426342822\" target=\"_blank\">Elinespricht<\/a><\/strong><\/li><li><strong><a rel=\"noreferrer noopener\" href=\"https:\/\/apps.apple.com\/ch\/app\/eis-app\/id1481083656\" data-type=\"URL\" data-id=\"https:\/\/apps.apple.com\/ch\/app\/eis-app\/id1481083656\" target=\"_blank\">EiS Metacom<\/a><\/strong><\/li><li><strong><a rel=\"noreferrer noopener\" href=\"https:\/\/apps.apple.com\/ch\/app\/acho\/id1281934088\" data-type=\"URL\" data-id=\"https:\/\/apps.apple.com\/ch\/app\/acho\/id1281934088\" target=\"_blank\">ACHo<\/a><\/strong><\/li><li><strong><a rel=\"noreferrer noopener\" href=\"https:\/\/apps.apple.com\/ch\/app\/deutsche-w%C3%B6rter-lernen-mit-st\/id1510693819\" data-type=\"URL\" data-id=\"https:\/\/apps.apple.com\/ch\/app\/deutsche-w%C3%B6rter-lernen-mit-st\/id1510693819\" target=\"_blank\">Deutsche W\u00f6rter lernen mit Smart-Teacher<\/a><\/strong><\/li><li><strong><a rel=\"noreferrer noopener\" href=\"https:\/\/apps.apple.com\/ch\/app\/wort-zauberer-lesen-lernen\/id496574443\" data-type=\"URL\" data-id=\"https:\/\/apps.apple.com\/ch\/app\/wort-zauberer-lesen-lernen\/id496574443\" target=\"_blank\">Wort-Zauberer &#8211; Lesen lernen<\/a><\/strong><\/li><\/ul>\n\n\n\n<p>Eine Zusammenstellung der Erfahrungen pro App kann hier runtergeladen werden: <\/p>\n\n\n\n<div class=\"wp-block-buttons is-content-justification-center is-layout-flex wp-container-core-buttons-is-layout-16018d1d wp-block-buttons-is-layout-flex\">\n<div class=\"wp-block-button\"><a class=\"wp-block-button__link\" href=\"https:\/\/mia.phtg.ch\/wp-content\/uploads\/2022\/06\/22_Kommunikationsbruecken_Programme.pdf\" target=\"_blank\" rel=\"noreferrer noopener\">Herunterladen<\/a><\/div>\n<\/div>\n\n\n\n<h4 class=\"has-text-color wp-block-heading\" style=\"color:#678c96\"><br><strong>Mein Fazit f\u00fcr den Gebrauch von Apps mit unseren ASS Sch\u00fclerinnen und Sch\u00fcler<\/strong><\/h4>\n\n\n\n<p>Beim Ausprobieren der Programme stellte sich sehr schnell heraus, welche der Sch\u00fclerinnen und Sch\u00fcler schon Erfahrung im Umgang mit dem iPad hatten.<\/p>\n\n\n\n<p>W\u00e4hrend sich manche Kinder auf das vorgeschlagene Programm gut einlassen konnten, waren andere mehr an dem Ger\u00e4t und der dargebotenen Ablenkung selbst interessiert.<\/p>\n\n\n\n<figure class=\"wp-block-image size-large\"><img loading=\"lazy\" decoding=\"async\" width=\"1024\" height=\"665\" src=\"https:\/\/mia.phtg.ch\/wp-content\/uploads\/2022\/06\/ScreenShot_DeutscheWo\u0308rter_SmartTeacher-2022-04-24-07_41_56-1024x665.png\" alt=\"\" class=\"wp-image-3988\" srcset=\"https:\/\/mia.phtg.ch\/wp-content\/uploads\/2022\/06\/ScreenShot_DeutscheWo\u0308rter_SmartTeacher-2022-04-24-07_41_56-1024x665.png 1024w, https:\/\/mia.phtg.ch\/wp-content\/uploads\/2022\/06\/ScreenShot_DeutscheWo\u0308rter_SmartTeacher-2022-04-24-07_41_56-300x195.png 300w, https:\/\/mia.phtg.ch\/wp-content\/uploads\/2022\/06\/ScreenShot_DeutscheWo\u0308rter_SmartTeacher-2022-04-24-07_41_56-768x498.png 768w, https:\/\/mia.phtg.ch\/wp-content\/uploads\/2022\/06\/ScreenShot_DeutscheWo\u0308rter_SmartTeacher-2022-04-24-07_41_56-1536x997.png 1536w, https:\/\/mia.phtg.ch\/wp-content\/uploads\/2022\/06\/ScreenShot_DeutscheWo\u0308rter_SmartTeacher-2022-04-24-07_41_56-2048x1329.png 2048w\" sizes=\"auto, (max-width: 1024px) 100vw, 1024px\" \/><figcaption>(Screenshot: Deutsche W\u00f6rter lernen mit Smart-Teacher)<\/figcaption><\/figure>\n\n\n\n<p>Bei zwei Kindern wurden, nach einer kurzen Eingew\u00f6hnungsphase an den haptischen Umgang mit dem iPad und der Voraussetzung, dass nur mit dem vorgegebenen Programm gearbeitet wird, schnelle Lernfortschritte sichtbar. Bei diesen zwei Kinder gehen wir seit kurzem auch davon aus, dass sie sich mit Hilfe dieser Programme eine digital unterst\u00fctze, Sprachproduktion aneignen k\u00f6nnen. Bei einem Sch\u00fcler konnte ich bereits beobachten, dass er die App \u00abEiS\u00bb selbst\u00e4ndig benutzte, um so seine Kommunikation zu erweitern.<\/p>\n\n\n\n<p>Ich bin der Meinung, dass die Kommunikation auch bei Menschen mit stark beeintr\u00e4chtigtem Spracherwerb, eine essenzielle Rolle im Alltag spielt. Damit die soziale Interaktion, die Teilhabe am gesellschaftlichen Leben als auch die Selbstwirksamkeit gelebt und selbst zum Ausdruck gebracht werden k\u00f6nnen ist eine Unters\u00fctzung der Kommunikation notwendig. Die neuen, digitalen Unterst\u00fctzungsformen er\u00f6ffnen hierbei neue, f\u00fcr die betroffenen Kinder, motivierende Formen.<\/p>\n\n\n\n<p>In meiner Praxis benutze ich dankbar Apps, welche die Kommunikation unterst\u00fctzen und so diese f\u00fcr unsere Sch\u00fclerinnen und Sch\u00fcler erlebbar machen.<\/p>\n<div data-animation=\"no-animation\" data-icons-animation=\"no-animation\" data-overlay=\"\" data-change-size=\"\" data-button-size=\"0.7\" style=\"font-size:0.7em!important;display:none;\" class=\"supsystic-social-sharing supsystic-social-sharing-package-flat supsystic-social-sharing-spacing supsystic-social-sharing-content supsystic-social-sharing-content-align-left\" data-text=\"\"><a data-networks=\"[]\" class=\"social-sharing-button sharer-flat sharer-flat-1 counter-standard without-counter tooltip-icon facebook\" target=\"_blank\" title=\"auf Facebook teilen\" href=\"http:\/\/www.facebook.com\/sharer.php?u=https%3A%2F%2Fmia.phtg.ch%2F%3Fp%3D3983\" data-main-href=\"http:\/\/www.facebook.com\/sharer.php?u={url}\" data-nid=\"1\" data-name=\"\" data-pid=\"1\" data-post-id=\"3983\" data-url=\"https:\/\/mia.phtg.ch\/wp-admin\/admin-ajax.php\" rel=\"nofollow\" data-mailto=\"\"><i class=\"fa-ssbs fa-ssbs-fw fa-ssbs-facebook\"><\/i><div class=\"counter-wrap standard\"><span class=\"counter\">0<\/span><\/div><\/a><a data-networks=\"[]\" class=\"social-sharing-button sharer-flat sharer-flat-1 counter-standard without-counter tooltip-icon twitter\" target=\"_blank\" title=\"auf Twitter teilen\" href=\"https:\/\/twitter.com\/share?url=https%3A%2F%2Fmia.phtg.ch%2F%3Fp%3D3983&text=Apps+f%C3%BCr+die+unterst%C3%BCtzende+Kommunikation+bei+Kindern+mit+ASS\" data-main-href=\"https:\/\/twitter.com\/share?url={url}&text={title}\" data-nid=\"2\" data-name=\"\" data-pid=\"1\" data-post-id=\"3983\" data-url=\"https:\/\/mia.phtg.ch\/wp-admin\/admin-ajax.php\" rel=\"nofollow\" data-mailto=\"\"><i class=\"fa-ssbs fa-ssbs-fw fa-ssbs-twitter\"><\/i><div class=\"counter-wrap standard\"><span class=\"counter\">0<\/span><\/div><\/a><a data-networks=\"[]\" class=\"social-sharing-button sharer-flat sharer-flat-1 counter-standard without-counter tooltip-icon linkedin\" target=\"_blank\" title=\"auf Linkedin teilen\" href=\"https:\/\/www.linkedin.com\/shareArticle?mini=true&title=Apps+f%C3%BCr+die+unterst%C3%BCtzende+Kommunikation+bei+Kindern+mit+ASS&url=https%3A%2F%2Fmia.phtg.ch%2F%3Fp%3D3983\" data-main-href=\"https:\/\/www.linkedin.com\/shareArticle?mini=true&title={title}&url={url}\" data-nid=\"13\" data-name=\"\" data-pid=\"1\" data-post-id=\"3983\" data-url=\"https:\/\/mia.phtg.ch\/wp-admin\/admin-ajax.php\" rel=\"nofollow\" data-mailto=\"\"><i class=\"fa-ssbs fa-ssbs-fw fa-ssbs-linkedin\"><\/i><div class=\"counter-wrap standard\"><span class=\"counter\">0<\/span><\/div><\/a><a data-networks=\"[]\" class=\"social-sharing-button sharer-flat sharer-flat-1 counter-standard without-counter tooltip-icon mail\" target=\"_blank\" title=\"per E-Mail teilen\" href=\"#\" data-main-href=\"#\" data-nid=\"16\" data-name=\"\" data-pid=\"1\" data-post-id=\"3983\" data-url=\"https:\/\/mia.phtg.ch\/wp-admin\/admin-ajax.php\" rel=\"nofollow\" data-mailto=\"\"><i class=\"fa-ssbs fa-ssbs-fw fa-ssbs-envelope-o\"><\/i><div class=\"counter-wrap standard\"><span class=\"counter\">0<\/span><\/div><\/a><\/div>","protected":false},"excerpt":{"rendered":"<p>Apps f\u00fcr die unterst\u00fctzende Kommunikation bei Kindern mit ASS Ein Beitrag von Fabian Fl\u00fcck, Sozialp\u00e4dagoge und iScout an der Heilp\u00e4dagogischen Schule Mauren&nbsp; *** Als angehender&hellip;<\/p>\n<div data-animation=\"no-animation\" data-icons-animation=\"no-animation\" data-overlay=\"\" data-change-size=\"\" data-button-size=\"0.7\" style=\"font-size:0.7em!important;display:none;\" class=\"supsystic-social-sharing supsystic-social-sharing-package-flat supsystic-social-sharing-spacing supsystic-social-sharing-content supsystic-social-sharing-content-align-left\" data-text=\"\"><a data-networks=\"[]\" class=\"social-sharing-button sharer-flat sharer-flat-1 counter-standard without-counter tooltip-icon facebook\" target=\"_blank\" title=\"auf Facebook teilen\" href=\"http:\/\/www.facebook.com\/sharer.php?u=https%3A%2F%2Fmia.phtg.ch%2F%3Fp%3D3983\" data-main-href=\"http:\/\/www.facebook.com\/sharer.php?u={url}\" data-nid=\"1\" data-name=\"\" data-pid=\"1\" data-post-id=\"3983\" data-url=\"https:\/\/mia.phtg.ch\/wp-admin\/admin-ajax.php\" rel=\"nofollow\" data-mailto=\"\"><i class=\"fa-ssbs fa-ssbs-fw fa-ssbs-facebook\"><\/i><div class=\"counter-wrap standard\"><span class=\"counter\">0<\/span><\/div><\/a><a data-networks=\"[]\" class=\"social-sharing-button sharer-flat sharer-flat-1 counter-standard without-counter tooltip-icon twitter\" target=\"_blank\" title=\"auf Twitter teilen\" href=\"https:\/\/twitter.com\/share?url=https%3A%2F%2Fmia.phtg.ch%2F%3Fp%3D3983&text=Apps+f%C3%BCr+die+unterst%C3%BCtzende+Kommunikation+bei+Kindern+mit+ASS\" data-main-href=\"https:\/\/twitter.com\/share?url={url}&text={title}\" data-nid=\"2\" data-name=\"\" data-pid=\"1\" data-post-id=\"3983\" data-url=\"https:\/\/mia.phtg.ch\/wp-admin\/admin-ajax.php\" rel=\"nofollow\" data-mailto=\"\"><i class=\"fa-ssbs fa-ssbs-fw fa-ssbs-twitter\"><\/i><div class=\"counter-wrap standard\"><span class=\"counter\">0<\/span><\/div><\/a><a data-networks=\"[]\" class=\"social-sharing-button sharer-flat sharer-flat-1 counter-standard without-counter tooltip-icon linkedin\" target=\"_blank\" title=\"auf Linkedin teilen\" href=\"https:\/\/www.linkedin.com\/shareArticle?mini=true&title=Apps+f%C3%BCr+die+unterst%C3%BCtzende+Kommunikation+bei+Kindern+mit+ASS&url=https%3A%2F%2Fmia.phtg.ch%2F%3Fp%3D3983\" data-main-href=\"https:\/\/www.linkedin.com\/shareArticle?mini=true&title={title}&url={url}\" data-nid=\"13\" data-name=\"\" data-pid=\"1\" data-post-id=\"3983\" data-url=\"https:\/\/mia.phtg.ch\/wp-admin\/admin-ajax.php\" rel=\"nofollow\" data-mailto=\"\"><i class=\"fa-ssbs fa-ssbs-fw fa-ssbs-linkedin\"><\/i><div class=\"counter-wrap standard\"><span class=\"counter\">0<\/span><\/div><\/a><a data-networks=\"[]\" class=\"social-sharing-button sharer-flat sharer-flat-1 counter-standard without-counter tooltip-icon mail\" target=\"_blank\" title=\"per E-Mail teilen\" href=\"#\" data-main-href=\"#\" data-nid=\"16\" data-name=\"\" data-pid=\"1\" data-post-id=\"3983\" data-url=\"https:\/\/mia.phtg.ch\/wp-admin\/admin-ajax.php\" rel=\"nofollow\" data-mailto=\"\"><i class=\"fa-ssbs fa-ssbs-fw fa-ssbs-envelope-o\"><\/i><div class=\"counter-wrap standard\"><span class=\"counter\">0<\/span><\/div><\/a><\/div>","protected":false},"author":24,"featured_media":3987,"comment_status":"open","ping_status":"open","sticky":false,"template":"","format":"standard","meta":{"footnotes":""},"categories":[25,347,10,4,11,137],"tags":[413,232,411,412,410],"class_list":["post-3983","post","type-post","status-publish","format-standard","has-post-thumbnail","hentry","category-anwendungskompetenzen","category-heilpaedagogik","category-medien","category-online","category-ressourcen","category-unterricht","tag-ass","tag-heilpaedagogik","tag-ipad","tag-smartteacher","tag-unterstuetzende-kommunikation"],"_links":{"self":[{"href":"https:\/\/mia.phtg.ch\/index.php?rest_route=\/wp\/v2\/posts\/3983","targetHints":{"allow":["GET"]}}],"collection":[{"href":"https:\/\/mia.phtg.ch\/index.php?rest_route=\/wp\/v2\/posts"}],"about":[{"href":"https:\/\/mia.phtg.ch\/index.php?rest_route=\/wp\/v2\/types\/post"}],"author":[{"embeddable":true,"href":"https:\/\/mia.phtg.ch\/index.php?rest_route=\/wp\/v2\/users\/24"}],"replies":[{"embeddable":true,"href":"https:\/\/mia.phtg.ch\/index.php?rest_route=%2Fwp%2Fv2%2Fcomments&post=3983"}],"version-history":[{"count":14,"href":"https:\/\/mia.phtg.ch\/index.php?rest_route=\/wp\/v2\/posts\/3983\/revisions"}],"predecessor-version":[{"id":4131,"href":"https:\/\/mia.phtg.ch\/index.php?rest_route=\/wp\/v2\/posts\/3983\/revisions\/4131"}],"wp:featuredmedia":[{"embeddable":true,"href":"https:\/\/mia.phtg.ch\/index.php?rest_route=\/wp\/v2\/media\/3987"}],"wp:attachment":[{"href":"https:\/\/mia.phtg.ch\/index.php?rest_route=%2Fwp%2Fv2%2Fmedia&parent=3983"}],"wp:term":[{"taxonomy":"category","embeddable":true,"href":"https:\/\/mia.phtg.ch\/index.php?rest_route=%2Fwp%2Fv2%2Fcategories&post=3983"},{"taxonomy":"post_tag","embeddable":true,"href":"https:\/\/mia.phtg.ch\/index.php?rest_route=%2Fwp%2Fv2%2Ftags&post=3983"}],"curies":[{"name":"wp","href":"https:\/\/api.w.org\/{rel}","templated":true}]}}