{"id":4007,"date":"2022-06-13T15:49:00","date_gmt":"2022-06-13T13:49:00","guid":{"rendered":"https:\/\/mia.phtg.ch\/?p=4007"},"modified":"2022-06-13T09:57:50","modified_gmt":"2022-06-13T07:57:50","slug":"iscout-ausbildung-22-23-online-infoveranstaltung-do-30-juni-2022-18-uhr","status":"publish","type":"post","link":"https:\/\/mia.phtg.ch\/?p=4007","title":{"rendered":"iScout-Ausbildung 22\/23: Online-Infoveranstaltung: Do, 30. Juni 2022, 18 Uhr"},"content":{"rendered":"\n<p><a rel=\"noreferrer noopener\" href=\"https:\/\/www.phtg.ch\/weiterbildung\/uebersicht\/individuelle-weiterbildung\/medien-und-informatik\/ausbildung-zum-iscout\/\" data-type=\"URL\" data-id=\"https:\/\/www.phtg.ch\/weiterbildung\/uebersicht\/individuelle-weiterbildung\/medien-und-informatik\/ausbildung-zum-iscout\/\" target=\"_blank\"><strong>iScouts <\/strong><\/a>\u00fcbernehmen in Thurgauer Schulen wichtige Aufgaben im Bereich von Medienbildung, Informatik und Anwendungskompetenzen. Dar\u00fcber hinaus wirken sie auch als Themenh\u00fcterinnen und Themenh\u00fcter, verfolgen und beurteilen digitale Trends rund um das Stichwort \u00abDigitale Transformation\u00bb, bearbeiten konzeptionelle Fragestellungen und Anliegen und tragen so zur permanenten Weiterentwicklung ihrer Schule bei.<\/p>\n\n\n\n<p><strong>Arbeitest du an deiner Schule als iScout und m\u00f6chtest du dich gerne in diesem Bereich weiterbilden, bist aber unschl\u00fcssig, ob der \u00abLehrgang iScout\u00bb passend ist? Oder bist du f\u00fcr die Funktion des iScouts vorgesehen und unsicher, ob die zuk\u00fcnftigen Aufgaben deinen Interessen entsprechen?<\/strong><\/p>\n\n\n\n<p>Alle, die gerne mehr \u00fcber die einzelnen Inhalte oder die Arbeitsweise in der Ausbildung erfahren m\u00f6chten, sind herzlich zur Online-Infoveranstaltung eingeladen. &nbsp;<\/p>\n\n\n\n<p>Termin:&nbsp;<strong>30. Juni 2022, 18.00 bis ca. 18.30&nbsp;<\/strong><\/p>\n\n\n\n<p>Leitung<strong>:\u00a0<\/strong><a href=\"https:\/\/www.phtg.ch\/hochschule\/menschen\/seite-detailansicht\/person\/evelyne-fankhauser\/\"><strong>Evelyne Fankh<\/strong><\/a><strong><a href=\"https:\/\/www.phtg.ch\/hochschule\/menschen\/seite-detailansicht\/person\/evelyne-fankhauser\/\">auser<\/a>, <\/strong>Lehrgangsleitung, Dozentin Medien und Informatik<\/p>\n\n\n\n<p>Der Zugang erfolgt direkt \u00fcber diesen&nbsp;<a rel=\"noreferrer noopener\" href=\"https:\/\/eu01web.zoom.us\/j\/69776727005?pwd=OUNKSGlPUkw0MHBjc1V3TlZDWXVRUT09\" target=\"_blank\"><strong>Zoom-Link<\/strong><\/a>. Eine Anmeldung ist nicht n\u00f6tig.&nbsp;<\/p>\n\n\n\n<p>Falls du dich direkt f\u00fcr den Lehrgang anmelden m\u00f6chtest: Die\u00a0<a rel=\"noreferrer noopener\" href=\"http:\/\/newsletter.phtg.ch\/c\/68039986\/%5bUSER_ID_SECURE%5d\" target=\"_blank\"><strong>n\u00e4chste Durchf\u00fchrung<\/strong><\/a>\u00a0beginnt am 21.\u00a0September 2022. Hier gelangst du direkt zur\u00a0<strong><a rel=\"noreferrer noopener\" href=\"http:\/\/newsletter.phtg.ch\/c\/68039987\/%5bUSER_ID_SECURE%5d\" target=\"_blank\">Anmeldun<\/a><a href=\"http:\/\/newsletter.phtg.ch\/c\/68039987\/%5bUSER_ID_SECURE%5d\">g<\/a>. <\/strong><\/p>\n<div data-animation=\"no-animation\" data-icons-animation=\"no-animation\" data-overlay=\"\" data-change-size=\"\" data-button-size=\"0.7\" style=\"font-size:0.7em!important;display:none;\" class=\"supsystic-social-sharing supsystic-social-sharing-package-flat supsystic-social-sharing-spacing supsystic-social-sharing-content supsystic-social-sharing-content-align-left\" data-text=\"\"><a data-networks=\"[]\" class=\"social-sharing-button sharer-flat sharer-flat-1 counter-standard without-counter tooltip-icon facebook\" target=\"_blank\" title=\"auf Facebook teilen\" href=\"http:\/\/www.facebook.com\/sharer.php?u=https%3A%2F%2Fmia.phtg.ch%2F%3Fp%3D4007\" data-main-href=\"http:\/\/www.facebook.com\/sharer.php?u={url}\" data-nid=\"1\" data-name=\"\" data-pid=\"1\" data-post-id=\"4007\" data-url=\"https:\/\/mia.phtg.ch\/wp-admin\/admin-ajax.php\" rel=\"nofollow\" data-mailto=\"\"><i class=\"fa-ssbs fa-ssbs-fw fa-ssbs-facebook\"><\/i><div class=\"counter-wrap standard\"><span class=\"counter\">0<\/span><\/div><\/a><a data-networks=\"[]\" class=\"social-sharing-button sharer-flat sharer-flat-1 counter-standard without-counter tooltip-icon twitter\" target=\"_blank\" title=\"auf Twitter teilen\" href=\"https:\/\/twitter.com\/share?url=https%3A%2F%2Fmia.phtg.ch%2F%3Fp%3D4007&text=iScout-Ausbildung+22%2F23%3A+Online-Infoveranstaltung%3A+Do%2C+30.+Juni+2022%2C+18+Uhr\" data-main-href=\"https:\/\/twitter.com\/share?url={url}&text={title}\" data-nid=\"2\" data-name=\"\" data-pid=\"1\" data-post-id=\"4007\" data-url=\"https:\/\/mia.phtg.ch\/wp-admin\/admin-ajax.php\" rel=\"nofollow\" data-mailto=\"\"><i class=\"fa-ssbs fa-ssbs-fw fa-ssbs-twitter\"><\/i><div class=\"counter-wrap standard\"><span class=\"counter\">0<\/span><\/div><\/a><a data-networks=\"[]\" class=\"social-sharing-button sharer-flat sharer-flat-1 counter-standard without-counter tooltip-icon linkedin\" target=\"_blank\" title=\"auf Linkedin teilen\" href=\"https:\/\/www.linkedin.com\/shareArticle?mini=true&title=iScout-Ausbildung+22%2F23%3A+Online-Infoveranstaltung%3A+Do%2C+30.+Juni+2022%2C+18+Uhr&url=https%3A%2F%2Fmia.phtg.ch%2F%3Fp%3D4007\" data-main-href=\"https:\/\/www.linkedin.com\/shareArticle?mini=true&title={title}&url={url}\" data-nid=\"13\" data-name=\"\" data-pid=\"1\" data-post-id=\"4007\" data-url=\"https:\/\/mia.phtg.ch\/wp-admin\/admin-ajax.php\" rel=\"nofollow\" data-mailto=\"\"><i class=\"fa-ssbs fa-ssbs-fw fa-ssbs-linkedin\"><\/i><div class=\"counter-wrap standard\"><span class=\"counter\">0<\/span><\/div><\/a><a data-networks=\"[]\" class=\"social-sharing-button sharer-flat sharer-flat-1 counter-standard without-counter tooltip-icon mail\" target=\"_blank\" title=\"per E-Mail teilen\" href=\"#\" data-main-href=\"#\" data-nid=\"16\" data-name=\"\" data-pid=\"1\" data-post-id=\"4007\" data-url=\"https:\/\/mia.phtg.ch\/wp-admin\/admin-ajax.php\" rel=\"nofollow\" data-mailto=\"\"><i class=\"fa-ssbs fa-ssbs-fw fa-ssbs-envelope-o\"><\/i><div class=\"counter-wrap standard\"><span class=\"counter\">0<\/span><\/div><\/a><\/div>","protected":false},"excerpt":{"rendered":"<p>iScouts \u00fcbernehmen in Thurgauer Schulen wichtige Aufgaben im Bereich von Medienbildung, Informatik und Anwendungskompetenzen. Dar\u00fcber hinaus wirken sie auch als Themenh\u00fcterinnen und Themenh\u00fcter, verfolgen und&hellip;<\/p>\n<div data-animation=\"no-animation\" data-icons-animation=\"no-animation\" data-overlay=\"\" data-change-size=\"\" data-button-size=\"0.7\" style=\"font-size:0.7em!important;display:none;\" class=\"supsystic-social-sharing supsystic-social-sharing-package-flat supsystic-social-sharing-spacing supsystic-social-sharing-content supsystic-social-sharing-content-align-left\" data-text=\"\"><a data-networks=\"[]\" class=\"social-sharing-button sharer-flat sharer-flat-1 counter-standard without-counter tooltip-icon facebook\" target=\"_blank\" title=\"auf Facebook teilen\" href=\"http:\/\/www.facebook.com\/sharer.php?u=https%3A%2F%2Fmia.phtg.ch%2F%3Fp%3D4007\" data-main-href=\"http:\/\/www.facebook.com\/sharer.php?u={url}\" data-nid=\"1\" data-name=\"\" data-pid=\"1\" data-post-id=\"4007\" data-url=\"https:\/\/mia.phtg.ch\/wp-admin\/admin-ajax.php\" rel=\"nofollow\" data-mailto=\"\"><i class=\"fa-ssbs fa-ssbs-fw fa-ssbs-facebook\"><\/i><div class=\"counter-wrap standard\"><span class=\"counter\">0<\/span><\/div><\/a><a data-networks=\"[]\" class=\"social-sharing-button sharer-flat sharer-flat-1 counter-standard without-counter tooltip-icon twitter\" target=\"_blank\" title=\"auf Twitter teilen\" href=\"https:\/\/twitter.com\/share?url=https%3A%2F%2Fmia.phtg.ch%2F%3Fp%3D4007&text=iScout-Ausbildung+22%2F23%3A+Online-Infoveranstaltung%3A+Do%2C+30.+Juni+2022%2C+18+Uhr\" data-main-href=\"https:\/\/twitter.com\/share?url={url}&text={title}\" data-nid=\"2\" data-name=\"\" data-pid=\"1\" data-post-id=\"4007\" data-url=\"https:\/\/mia.phtg.ch\/wp-admin\/admin-ajax.php\" rel=\"nofollow\" data-mailto=\"\"><i class=\"fa-ssbs fa-ssbs-fw fa-ssbs-twitter\"><\/i><div class=\"counter-wrap standard\"><span class=\"counter\">0<\/span><\/div><\/a><a data-networks=\"[]\" class=\"social-sharing-button sharer-flat sharer-flat-1 counter-standard without-counter tooltip-icon linkedin\" target=\"_blank\" title=\"auf Linkedin teilen\" href=\"https:\/\/www.linkedin.com\/shareArticle?mini=true&title=iScout-Ausbildung+22%2F23%3A+Online-Infoveranstaltung%3A+Do%2C+30.+Juni+2022%2C+18+Uhr&url=https%3A%2F%2Fmia.phtg.ch%2F%3Fp%3D4007\" data-main-href=\"https:\/\/www.linkedin.com\/shareArticle?mini=true&title={title}&url={url}\" data-nid=\"13\" data-name=\"\" data-pid=\"1\" data-post-id=\"4007\" data-url=\"https:\/\/mia.phtg.ch\/wp-admin\/admin-ajax.php\" rel=\"nofollow\" data-mailto=\"\"><i class=\"fa-ssbs fa-ssbs-fw fa-ssbs-linkedin\"><\/i><div class=\"counter-wrap standard\"><span class=\"counter\">0<\/span><\/div><\/a><a data-networks=\"[]\" class=\"social-sharing-button sharer-flat sharer-flat-1 counter-standard without-counter tooltip-icon mail\" target=\"_blank\" title=\"per E-Mail teilen\" href=\"#\" data-main-href=\"#\" data-nid=\"16\" data-name=\"\" data-pid=\"1\" data-post-id=\"4007\" data-url=\"https:\/\/mia.phtg.ch\/wp-admin\/admin-ajax.php\" rel=\"nofollow\" data-mailto=\"\"><i class=\"fa-ssbs fa-ssbs-fw fa-ssbs-envelope-o\"><\/i><div class=\"counter-wrap standard\"><span class=\"counter\">0<\/span><\/div><\/a><\/div>","protected":false},"author":14,"featured_media":4008,"comment_status":"open","ping_status":"open","sticky":false,"template":"","format":"standard","meta":{"footnotes":""},"categories":[22,51],"tags":[195,84,42],"class_list":["post-4007","post","type-post","status-publish","format-standard","has-post-thumbnail","hentry","category-veranstaltungen","category-weiterbildung","tag-iscout-ausbildung","tag-mia","tag-weiterbildung"],"_links":{"self":[{"href":"https:\/\/mia.phtg.ch\/index.php?rest_route=\/wp\/v2\/posts\/4007","targetHints":{"allow":["GET"]}}],"collection":[{"href":"https:\/\/mia.phtg.ch\/index.php?rest_route=\/wp\/v2\/posts"}],"about":[{"href":"https:\/\/mia.phtg.ch\/index.php?rest_route=\/wp\/v2\/types\/post"}],"author":[{"embeddable":true,"href":"https:\/\/mia.phtg.ch\/index.php?rest_route=\/wp\/v2\/users\/14"}],"replies":[{"embeddable":true,"href":"https:\/\/mia.phtg.ch\/index.php?rest_route=%2Fwp%2Fv2%2Fcomments&post=4007"}],"version-history":[{"count":7,"href":"https:\/\/mia.phtg.ch\/index.php?rest_route=\/wp\/v2\/posts\/4007\/revisions"}],"predecessor-version":[{"id":4017,"href":"https:\/\/mia.phtg.ch\/index.php?rest_route=\/wp\/v2\/posts\/4007\/revisions\/4017"}],"wp:featuredmedia":[{"embeddable":true,"href":"https:\/\/mia.phtg.ch\/index.php?rest_route=\/wp\/v2\/media\/4008"}],"wp:attachment":[{"href":"https:\/\/mia.phtg.ch\/index.php?rest_route=%2Fwp%2Fv2%2Fmedia&parent=4007"}],"wp:term":[{"taxonomy":"category","embeddable":true,"href":"https:\/\/mia.phtg.ch\/index.php?rest_route=%2Fwp%2Fv2%2Fcategories&post=4007"},{"taxonomy":"post_tag","embeddable":true,"href":"https:\/\/mia.phtg.ch\/index.php?rest_route=%2Fwp%2Fv2%2Ftags&post=4007"}],"curies":[{"name":"wp","href":"https:\/\/api.w.org\/{rel}","templated":true}]}}