{"id":4032,"date":"2022-08-18T13:22:52","date_gmt":"2022-08-18T11:22:52","guid":{"rendered":"https:\/\/mia.phtg.ch\/?p=4032"},"modified":"2022-08-18T13:22:52","modified_gmt":"2022-08-18T11:22:52","slug":"schule-geht-on-air","status":"publish","type":"post","link":"https:\/\/mia.phtg.ch\/?p=4032","title":{"rendered":"Schule geht ON AIR!"},"content":{"rendered":"\n<h1 class=\"has-text-color wp-block-heading\" style=\"color:#678c96\"><strong>Schule geht ON AIR!<\/strong><\/h1>\n\n\n\n<div class=\"wp-block-cover is-light\" style=\"min-height:269px;aspect-ratio:unset;\"><span aria-hidden=\"true\" class=\"wp-block-cover__background has-background-dim-10 has-background-dim\"><\/span><img loading=\"lazy\" decoding=\"async\" width=\"1000\" height=\"821\" class=\"wp-block-cover__image-background wp-image-4038\" alt=\"\" src=\"https:\/\/mia.phtg.ch\/wp-content\/uploads\/2022\/06\/onair-1.jpg\" style=\"object-position:78% 2%\" data-object-fit=\"cover\" data-object-position=\"78% 2%\" srcset=\"https:\/\/mia.phtg.ch\/wp-content\/uploads\/2022\/06\/onair-1.jpg 1000w, https:\/\/mia.phtg.ch\/wp-content\/uploads\/2022\/06\/onair-1-300x246.jpg 300w, https:\/\/mia.phtg.ch\/wp-content\/uploads\/2022\/06\/onair-1-768x631.jpg 768w\" sizes=\"auto, (max-width: 1000px) 100vw, 1000px\" \/><div class=\"wp-block-cover__inner-container is-layout-flow wp-block-cover-is-layout-flow\">\n<p class=\"has-text-align-center has-large-font-size\"><\/p>\n<\/div><\/div>\n\n\n\n<p>Schon mal daran gedacht, mit deiner Klasse einen eigenen Radiosender zu betreiben, jedoch ohne \u00fcberm\u00e4ssig viel Equipment daf\u00fcr benutzen zu m\u00fcssen oder 24h pro Tag auf Sendung zu sein? Dann k\u00f6nnte dieser Beitrag DIE Inspiration bringen!<\/p>\n\n\n\n<p>Im Rahmen des Deutschunterrichts (Thema Medien \u2013 das Radio) haben unsere Mittelstufenklassen eine Woche lang eigene Beitr\u00e4ge und Musik gesendet. Mit einer guten Planung und einem kleinen Beitrag f\u00fcr die SUISA, alles kein Problem.<\/p>\n\n\n\n<h3 class=\"has-text-color wp-block-heading\" style=\"color:#678c96\"><strong>Warum das Thema Radio?<\/strong><\/h3>\n\n\n\n<p>Im ersten Moment denkt man da an Ger\u00e4te, welche zwischen den Jahren 1980 und 2000 aktuell waren. Man sass vor dem Radio und h\u00f6rte Sender wie DRS3, versuchte Lieder auf Kassetten aufzunehmen und freute sich \u00fcber jedes Lied, das nicht durch einen Kommentar des Moderators ruiniert wurde. Doch das Radio ist viel mehr. Es hat eine lange Geschichte, angefangen als Erfindung f\u00fcr das Milit\u00e4r bis hin zum heutigen Internetradio. Das Radio ist allgegenw\u00e4rtig. Die Verkehrsmeldungen w\u00e4hrend der Autofahrt, die Musik im Supermarkt oder beim Shoppen, oder das Hintergrundgepl\u00e4nkel in Fitnessstudios sind nur wenige Beispiele, in denen das Radio vollkommen selbstverst\u00e4ndlich ist. Deshalb entschieden wir uns, diese selbstverst\u00e4ndliche Nebensache zur Hauptsache zu machen.<\/p>\n\n\n\n<p>Mit einem Blick in den Lehrplan wird auch schnell klar, wie breit dieses Thema auch die geforderten Kompetenzen in Deutsch, NMG und M&amp;I abdeckt. F\u00e4cher\u00fcbergreifend unterrichten, Jackpot!<\/p>\n\n\n\n<h3 class=\"has-text-color wp-block-heading\" style=\"color:#678c96\"><strong>Wie wir vorgegangen sind&#8230;<\/strong><\/h3>\n\n\n\n<p>Wie erw\u00e4hnt, ist hier eine gute Planung schon die halbe Miete. Wir haben uns f\u00fcr das Thema 8 Wochen Zeit eingeplant, welche wir auch wirklich aufgebraucht haben. In dieser Zeit haben wir folgende Inhalte behandelt und mit den Sch\u00fclerinnen und Sch\u00fclern erstellt:<\/p>\n\n\n\n<ol class=\"wp-block-list\" type=\"1\"><li>Abholen, was die SuS im Allgemeinen unter dem Thema Medien verstehen und welche Medien sie bereits kennen.<\/li><li>Fragen f\u00fcr die Klasse:&nbsp;<\/li><li>Wer von euch h\u00f6rt Radio?&nbsp;<\/li><li>Bei welchen Gelegenheiten h\u00f6rt ihr Radio?&nbsp;<\/li><li>Wo zieht ihr das Radio anderen Medien vor? Warum?&nbsp;<\/li><\/ol>\n\n\n\n<p>Daraus eine Miniumfrage machen: Drei weiteren Personen werden diese drei Fragen gestellt und die Antworten ausgewertet.<\/p>\n\n\n\n<ul class=\"wp-block-list\"><li>Folgende Unterthemen wurden im Verlauf des Themas aufgenommen:&nbsp;&nbsp;<ul><li>Funktion des Radios\/geschichtlicher Hintergrund<\/li><\/ul><ul><li>Sendervielfalt, Piratensender, Finanzierung des Programms -&gt; Unterschied Privatsender \u2013 \u00f6ffentlich-rechtliche Sender -&gt; <strong>folgendes Video<\/strong> erkl\u00e4rt es ganz gut! <\/li><\/ul><ul><li>Anh\u00f6ren von verschiedenen Sendern und ihren Eigenheiten<\/li><\/ul><ul><li>Unterschied von Sender und Sendung (auch eine Sendung anh\u00f6ren), Jingles den Sendern oder Sendungen zuordnen.<\/li><\/ul><ul><li>Begriffe aus der Radiowelt kennenlernen<\/li><\/ul><ul><li>Aufgaben Moderator<\/li><\/ul><\/li><li>Eine eigene Nachrichtensendung erstellen<\/li><\/ul>\n\n\n\n<p>Als Grundlage haben wir uns eine Sendung des \u00abInfo 3\u00bb des SRF angeh\u00f6rt und deren Aufbau etwas genauer unter die Lupe genommen.<\/p>\n\n\n\n<ul class=\"wp-block-list\"><li>Wie ist der Ablauf der Sendung?&nbsp;<\/li><li>Wer spricht?&nbsp;<\/li><li>Wie werden die Beitr\u00e4ge gestaltet?&nbsp;&nbsp;<\/li><li>Was gibt es f\u00fcr Soundeffekte?&nbsp;<\/li><li>Wie werden die \u00dcberg\u00e4nge gestaltet?&nbsp;<\/li><\/ul>\n\n\n\n<p>Anschliessend wurden die SuS in Gruppen aufgeteilt, in denen sie Ideen f\u00fcr einen m\u00f6glichen fiktiven Beitrag gesammelt haben. Diese Ideen wurden verfeinert, geskriptet und die Rollen wurden verteilt. In jeder Nachrichtensendung wurden ca. 3 Beitr\u00e4ge untergebracht. Es hatte also jeder etwas zu tun! \ud83d\ude09 Diese Beitr\u00e4ge wurden geschrieben, \u00fcberarbeitet und anschliessend intensiv einge\u00fcbt. Auch das Sprechen mit Mikrofon (mit und ohne Aufnahme) muss ge\u00fcbt sein. Die Distanz, die Lautst\u00e4rke, wie auch die Artikulation des Gesprochenen sind zentral!<\/p>\n\n\n\n<p>Der fertige Beitrag wurde anschliessend mit eigenen Jingels versehen. Da sind der musikalischen Kreativit\u00e4t keine Grenzen gesetzt!<\/p>\n\n\n\n<figure class=\"wp-block-image size-large is-resized\"><img loading=\"lazy\" decoding=\"async\" src=\"https:\/\/mia.phtg.ch\/wp-content\/uploads\/2022\/06\/Interviewfragen_SendungPRF1-1024x683.jpeg\" alt=\"\" class=\"wp-image-4035\" width=\"485\" height=\"323\" srcset=\"https:\/\/mia.phtg.ch\/wp-content\/uploads\/2022\/06\/Interviewfragen_SendungPRF1-1024x683.jpeg 1024w, https:\/\/mia.phtg.ch\/wp-content\/uploads\/2022\/06\/Interviewfragen_SendungPRF1-300x200.jpeg 300w, https:\/\/mia.phtg.ch\/wp-content\/uploads\/2022\/06\/Interviewfragen_SendungPRF1-768x512.jpeg 768w, https:\/\/mia.phtg.ch\/wp-content\/uploads\/2022\/06\/Interviewfragen_SendungPRF1-1536x1024.jpeg 1536w, https:\/\/mia.phtg.ch\/wp-content\/uploads\/2022\/06\/Interviewfragen_SendungPRF1-2048x1366.jpeg 2048w\" sizes=\"auto, (max-width: 485px) 100vw, 485px\" \/><\/figure>\n\n\n\n<h3 class=\"has-text-color wp-block-heading\" style=\"color:#678c96\"><strong>Die Aufnahmen verarbeiten<\/strong><\/h3>\n\n\n\n<p>Aufgenommen haben wir diese Beitr\u00e4ge mit <strong>Audacity<\/strong>. Dieses Open Source Programm kann auf Laptopger\u00e4ten mit Windwos, Mac und Linux installiert werden und ist gratis. Es sieht im ersten Moment etwas \u00abalt\u00bb aus, ist aber einfach in der Bedienung. Die SuS k\u00f6nnen darauf ihre Beitr\u00e4ge aufnehmen und auch bearbeiten.<\/p>\n\n\n\n<p>Grunds\u00e4tzlich kann f\u00fcr die Audioaufnahme das (meistens) integrierte Mikrofon des Laptops benutzt werden. F\u00fcr eine gute Soundqualit\u00e4t beim Senden empfehle ich jedoch ein etwas hochwertigeres Mikrofon. Dieses kann man f\u00fcr wenig Geld anschaffen oder in einem Medienzentrum leihen. F\u00fcr eine Klasse reichen 2 Mikrofone, da nicht alle gleichzeitig aufnehmen werden! Im <strong>Beispielaudio<\/strong> kann man den Unterschied sehr gut h\u00f6ren!<\/p>\n\n\n\n<figure class=\"wp-block-audio\"><audio controls src=\"https:\/\/mia.phtg.ch\/wp-content\/uploads\/2022\/06\/Schule-Pfyn-ON-AIR.mp3\"><\/audio><\/figure>\n\n\n\n<p>Aus Qualit\u00e4tsgr\u00fcnden w\u00fcrde ich die Schlussverarbeitung (Zusammenf\u00fchrung Jingle und Beitr\u00e4ge) selbst machen. Die Audiodateien von Audacity lassen sich auch in andere Audiobearbeitungsprogramme importieren. Man kann es also in einem Programm bearbeiten, welches einem vertraut ist.<\/p>\n\n\n\n<h3 class=\"has-text-color wp-block-heading\" style=\"color:#678c96\"><strong>Was ist vor dem Senden zu beachten?<\/strong><\/h3>\n\n\n\n<p>Bevor etwas gesendet werden darf, sind nat\u00fcrlich die Urheberrechte zu pr\u00fcfen:<\/p>\n\n\n\n<ul class=\"wp-block-list\"><li>Einverst\u00e4ndniserkl\u00e4rung der Eltern und der SuS, wie auch der interviewten Personen einholen<ul><li>Musikliste mit Liedern an die SUISA senden (Kosten f\u00fcr Geb\u00fchren: 50.- Franken)<\/li><\/ul><\/li><\/ul>\n\n\n\n<h3 class=\"has-text-color wp-block-heading\" style=\"color:#678c96\"><strong>Und wie gehe ich ON AIR?<\/strong><\/h3>\n\n\n\n<p>Mit <strong>Radioking<\/strong> haben wir ein Tool gefunden, um unseren Radiosender zu kreieren und eine Woche lang Beitr\u00e4ge und Musik zu senden, ohne dass wir selbst pr\u00e4sent sein m\u00fcssen. Die Funktionen zu Radioking wird Nicolas Sch\u00e4r in seinem Blogbeitrag vorstellen.<\/p>\n\n\n\n<p>Und nun: an die Mikrofone, aufnehmen, ON AIR!<\/p>\n\n\n\n<p><\/p>\n\n\n\n<p><strong>Autorin:<\/strong> Evelyn Schefer, Mittelstufenlehrperson und iScout an der Primarschule Pfyn<\/p>\n\n\n\n<p>Bilder:  Die Bilder wurden von Evelyne Schefer im Unterricht erstellt.<\/p>\n<div data-animation=\"no-animation\" data-icons-animation=\"no-animation\" data-overlay=\"\" data-change-size=\"\" data-button-size=\"0.7\" style=\"font-size:0.7em!important;display:none;\" class=\"supsystic-social-sharing supsystic-social-sharing-package-flat supsystic-social-sharing-spacing supsystic-social-sharing-content supsystic-social-sharing-content-align-left\" data-text=\"\"><a data-networks=\"[]\" class=\"social-sharing-button sharer-flat sharer-flat-1 counter-standard without-counter tooltip-icon facebook\" target=\"_blank\" title=\"auf Facebook teilen\" href=\"http:\/\/www.facebook.com\/sharer.php?u=https%3A%2F%2Fmia.phtg.ch%2F%3Fp%3D4032\" data-main-href=\"http:\/\/www.facebook.com\/sharer.php?u={url}\" data-nid=\"1\" data-name=\"\" data-pid=\"1\" data-post-id=\"4032\" data-url=\"https:\/\/mia.phtg.ch\/wp-admin\/admin-ajax.php\" rel=\"nofollow\" data-mailto=\"\"><i class=\"fa-ssbs fa-ssbs-fw fa-ssbs-facebook\"><\/i><div class=\"counter-wrap standard\"><span class=\"counter\">0<\/span><\/div><\/a><a data-networks=\"[]\" class=\"social-sharing-button sharer-flat sharer-flat-1 counter-standard without-counter tooltip-icon twitter\" target=\"_blank\" title=\"auf Twitter teilen\" href=\"https:\/\/twitter.com\/share?url=https%3A%2F%2Fmia.phtg.ch%2F%3Fp%3D4032&text=Schule+geht+ON+AIR%21\" data-main-href=\"https:\/\/twitter.com\/share?url={url}&text={title}\" data-nid=\"2\" data-name=\"\" data-pid=\"1\" data-post-id=\"4032\" data-url=\"https:\/\/mia.phtg.ch\/wp-admin\/admin-ajax.php\" rel=\"nofollow\" data-mailto=\"\"><i class=\"fa-ssbs fa-ssbs-fw fa-ssbs-twitter\"><\/i><div class=\"counter-wrap standard\"><span class=\"counter\">0<\/span><\/div><\/a><a data-networks=\"[]\" class=\"social-sharing-button sharer-flat sharer-flat-1 counter-standard without-counter tooltip-icon linkedin\" target=\"_blank\" title=\"auf Linkedin teilen\" href=\"https:\/\/www.linkedin.com\/shareArticle?mini=true&title=Schule+geht+ON+AIR%21&url=https%3A%2F%2Fmia.phtg.ch%2F%3Fp%3D4032\" data-main-href=\"https:\/\/www.linkedin.com\/shareArticle?mini=true&title={title}&url={url}\" data-nid=\"13\" data-name=\"\" data-pid=\"1\" data-post-id=\"4032\" data-url=\"https:\/\/mia.phtg.ch\/wp-admin\/admin-ajax.php\" rel=\"nofollow\" data-mailto=\"\"><i class=\"fa-ssbs fa-ssbs-fw fa-ssbs-linkedin\"><\/i><div class=\"counter-wrap standard\"><span class=\"counter\">0<\/span><\/div><\/a><a data-networks=\"[]\" class=\"social-sharing-button sharer-flat sharer-flat-1 counter-standard without-counter tooltip-icon mail\" target=\"_blank\" title=\"per E-Mail teilen\" href=\"#\" data-main-href=\"#\" data-nid=\"16\" data-name=\"\" data-pid=\"1\" data-post-id=\"4032\" data-url=\"https:\/\/mia.phtg.ch\/wp-admin\/admin-ajax.php\" rel=\"nofollow\" data-mailto=\"\"><i class=\"fa-ssbs fa-ssbs-fw fa-ssbs-envelope-o\"><\/i><div class=\"counter-wrap standard\"><span class=\"counter\">0<\/span><\/div><\/a><\/div>","protected":false},"excerpt":{"rendered":"<p>Schule geht ON AIR! Schon mal daran gedacht, mit deiner Klasse einen eigenen Radiosender zu betreiben, jedoch ohne \u00fcberm\u00e4ssig viel Equipment daf\u00fcr benutzen zu m\u00fcssen&hellip;<\/p>\n<div data-animation=\"no-animation\" data-icons-animation=\"no-animation\" data-overlay=\"\" data-change-size=\"\" data-button-size=\"0.7\" style=\"font-size:0.7em!important;display:none;\" class=\"supsystic-social-sharing supsystic-social-sharing-package-flat supsystic-social-sharing-spacing supsystic-social-sharing-content supsystic-social-sharing-content-align-left\" data-text=\"\"><a data-networks=\"[]\" class=\"social-sharing-button sharer-flat sharer-flat-1 counter-standard without-counter tooltip-icon facebook\" target=\"_blank\" title=\"auf Facebook teilen\" href=\"http:\/\/www.facebook.com\/sharer.php?u=https%3A%2F%2Fmia.phtg.ch%2F%3Fp%3D4032\" data-main-href=\"http:\/\/www.facebook.com\/sharer.php?u={url}\" data-nid=\"1\" data-name=\"\" data-pid=\"1\" data-post-id=\"4032\" data-url=\"https:\/\/mia.phtg.ch\/wp-admin\/admin-ajax.php\" rel=\"nofollow\" data-mailto=\"\"><i class=\"fa-ssbs fa-ssbs-fw fa-ssbs-facebook\"><\/i><div class=\"counter-wrap standard\"><span class=\"counter\">0<\/span><\/div><\/a><a data-networks=\"[]\" class=\"social-sharing-button sharer-flat sharer-flat-1 counter-standard without-counter tooltip-icon twitter\" target=\"_blank\" title=\"auf Twitter teilen\" href=\"https:\/\/twitter.com\/share?url=https%3A%2F%2Fmia.phtg.ch%2F%3Fp%3D4032&text=Schule+geht+ON+AIR%21\" data-main-href=\"https:\/\/twitter.com\/share?url={url}&text={title}\" data-nid=\"2\" data-name=\"\" data-pid=\"1\" data-post-id=\"4032\" data-url=\"https:\/\/mia.phtg.ch\/wp-admin\/admin-ajax.php\" rel=\"nofollow\" data-mailto=\"\"><i class=\"fa-ssbs fa-ssbs-fw fa-ssbs-twitter\"><\/i><div class=\"counter-wrap standard\"><span class=\"counter\">0<\/span><\/div><\/a><a data-networks=\"[]\" class=\"social-sharing-button sharer-flat sharer-flat-1 counter-standard without-counter tooltip-icon linkedin\" target=\"_blank\" title=\"auf Linkedin teilen\" href=\"https:\/\/www.linkedin.com\/shareArticle?mini=true&title=Schule+geht+ON+AIR%21&url=https%3A%2F%2Fmia.phtg.ch%2F%3Fp%3D4032\" data-main-href=\"https:\/\/www.linkedin.com\/shareArticle?mini=true&title={title}&url={url}\" data-nid=\"13\" data-name=\"\" data-pid=\"1\" data-post-id=\"4032\" data-url=\"https:\/\/mia.phtg.ch\/wp-admin\/admin-ajax.php\" rel=\"nofollow\" data-mailto=\"\"><i class=\"fa-ssbs fa-ssbs-fw fa-ssbs-linkedin\"><\/i><div class=\"counter-wrap standard\"><span class=\"counter\">0<\/span><\/div><\/a><a data-networks=\"[]\" class=\"social-sharing-button sharer-flat sharer-flat-1 counter-standard without-counter tooltip-icon mail\" target=\"_blank\" title=\"per E-Mail teilen\" href=\"#\" data-main-href=\"#\" data-nid=\"16\" data-name=\"\" data-pid=\"1\" data-post-id=\"4032\" data-url=\"https:\/\/mia.phtg.ch\/wp-admin\/admin-ajax.php\" rel=\"nofollow\" data-mailto=\"\"><i class=\"fa-ssbs fa-ssbs-fw fa-ssbs-envelope-o\"><\/i><div class=\"counter-wrap standard\"><span class=\"counter\">0<\/span><\/div><\/a><\/div>","protected":false},"author":24,"featured_media":4038,"comment_status":"open","ping_status":"open","sticky":false,"template":"","format":"standard","meta":{"footnotes":""},"categories":[351,275,230],"tags":[16,84,416,124],"class_list":["post-4032","post","type-post","status-publish","format-standard","has-post-thumbnail","hentry","category-interdisziplinaer","category-iscout","category-primarstufe","tag-medien","tag-mia","tag-radio","tag-zyklus-2"],"_links":{"self":[{"href":"https:\/\/mia.phtg.ch\/index.php?rest_route=\/wp\/v2\/posts\/4032","targetHints":{"allow":["GET"]}}],"collection":[{"href":"https:\/\/mia.phtg.ch\/index.php?rest_route=\/wp\/v2\/posts"}],"about":[{"href":"https:\/\/mia.phtg.ch\/index.php?rest_route=\/wp\/v2\/types\/post"}],"author":[{"embeddable":true,"href":"https:\/\/mia.phtg.ch\/index.php?rest_route=\/wp\/v2\/users\/24"}],"replies":[{"embeddable":true,"href":"https:\/\/mia.phtg.ch\/index.php?rest_route=%2Fwp%2Fv2%2Fcomments&post=4032"}],"version-history":[{"count":6,"href":"https:\/\/mia.phtg.ch\/index.php?rest_route=\/wp\/v2\/posts\/4032\/revisions"}],"predecessor-version":[{"id":4122,"href":"https:\/\/mia.phtg.ch\/index.php?rest_route=\/wp\/v2\/posts\/4032\/revisions\/4122"}],"wp:featuredmedia":[{"embeddable":true,"href":"https:\/\/mia.phtg.ch\/index.php?rest_route=\/wp\/v2\/media\/4038"}],"wp:attachment":[{"href":"https:\/\/mia.phtg.ch\/index.php?rest_route=%2Fwp%2Fv2%2Fmedia&parent=4032"}],"wp:term":[{"taxonomy":"category","embeddable":true,"href":"https:\/\/mia.phtg.ch\/index.php?rest_route=%2Fwp%2Fv2%2Fcategories&post=4032"},{"taxonomy":"post_tag","embeddable":true,"href":"https:\/\/mia.phtg.ch\/index.php?rest_route=%2Fwp%2Fv2%2Ftags&post=4032"}],"curies":[{"name":"wp","href":"https:\/\/api.w.org\/{rel}","templated":true}]}}