{"id":4050,"date":"2022-08-18T07:41:50","date_gmt":"2022-08-18T05:41:50","guid":{"rendered":"https:\/\/mia.phtg.ch\/?p=4050"},"modified":"2022-08-18T07:41:51","modified_gmt":"2022-08-18T05:41:51","slug":"mit-dem-app-chatterpix-die-sprache-und-kreativitaet-foerdern","status":"publish","type":"post","link":"https:\/\/mia.phtg.ch\/?p=4050","title":{"rendered":"Mit dem App \u00abChatterPix\u00bb die Sprache und Kreativit\u00e4t f\u00f6rdern"},"content":{"rendered":"\n<h1 class=\"has-text-color wp-block-heading\" style=\"color:#678c96\"><strong>Mit dem App \u00abChatterPix\u00bb die Sprache und Kreativit\u00e4t f\u00f6rdern<\/strong><\/h1>\n\n\n\n<div class=\"wp-block-cover is-light\" style=\"min-height:265px;aspect-ratio:unset;\"><span aria-hidden=\"true\" class=\"wp-block-cover__background has-background-dim-10 has-background-dim\"><\/span><img loading=\"lazy\" decoding=\"async\" width=\"1446\" height=\"1187\" class=\"wp-block-cover__image-background wp-image-4054\" alt=\"\" src=\"https:\/\/mia.phtg.ch\/wp-content\/uploads\/2022\/06\/TitelChatterpix.png\" style=\"object-position:45% 12%\" data-object-fit=\"cover\" data-object-position=\"45% 12%\" srcset=\"https:\/\/mia.phtg.ch\/wp-content\/uploads\/2022\/06\/TitelChatterpix.png 1446w, https:\/\/mia.phtg.ch\/wp-content\/uploads\/2022\/06\/TitelChatterpix-300x246.png 300w, https:\/\/mia.phtg.ch\/wp-content\/uploads\/2022\/06\/TitelChatterpix-1024x841.png 1024w, https:\/\/mia.phtg.ch\/wp-content\/uploads\/2022\/06\/TitelChatterpix-768x630.png 768w\" sizes=\"auto, (max-width: 1446px) 100vw, 1446px\" \/><div class=\"wp-block-cover__inner-container is-layout-flow wp-block-cover-is-layout-flow\">\n<p class=\"has-text-align-center has-large-font-size\"><\/p>\n<\/div><\/div>\n\n\n\n<p> <\/p>\n\n\n\n<p>Autorin: Rebecca Bruggmann, Mittelstufenlehrerin und SHP an der Heilp\u00e4dagogischen Schule Mauren<\/p>\n\n\n\n<p>Kaum mit der iScout-Weiterbildung begonnen, dr\u00fcckte mir mein Schulleiter ein iPad in die Hand und meinte: \u00abSammle doch mal Erfahrungen in der Klasse mit dem Einsatz dieses iPads!\u00bb. Damit gab er mir nicht nur einen Auftrag, sondern erf\u00fcllte mir auch einen Wunsch: endlich mit portablen Ger\u00e4ten mit den Sch\u00fclerinnen und Sch\u00fclern arbeiten zu k\u00f6nnen. <\/p>\n\n\n\n<p>Schnell merkte ich, dass die mir bekannten Apps noch nicht installiert sind und ich daf\u00fcr auch keine Berechtigung habe. So klickte ich mich durch die vorhandenen Apps und stiess auf <strong><a href=\"https:\/\/apps.apple.com\/de\/app\/chatterpix\/id734038526\" data-type=\"URL\" data-id=\"https:\/\/apps.apple.com\/de\/app\/chatterpix\/id734038526\" target=\"_blank\" rel=\"noreferrer noopener\">\u00abChatterPix\u00bb<\/a><\/strong>. Nein, ich verstand nicht, wie man so ein \u00abkomisches\u00bb App installieren kann, Klassiker wie Anton jedoch vergessen gehen. Mit ChatterPix kann man ein Foto machen, darauf einen Mund einzeichnen und das Bild besprechen. Das Ganze ist sehr kindlich gestaltet und simpel in der Handhabung, mein Versuch ist in wenigen Sekunden fertig: ein Foto von einem Pl\u00fcschtier machen, dessen Mund einzeichnen und eine Sprachnachricht aufnehmen, fertig ist der Mini-Film. In der Galerie k\u00f6nnen alle bereits erstellte Filme angeschaut werden, mehr bietet die App nicht. Es \u00fcberzeugt mich nicht.<\/p>\n\n\n\n<p>Einige Tage sp\u00e4ter beobachtete ich eine Sch\u00fclergruppe im Spiel mit Playmobilfiguren und Fahrzeugen und stellte fest, dass die Kinder die Sprache im Spiel kaum einbeziehen. Spontan zeigte ich ihnen das App und forderte jedes Kind auf, ein Foto der Playmobil-Spielszene zu machen und dies zu besprechen \u2013 eine grosse Herausforderung f\u00fcr einige Kinder! <\/p>\n\n\n\n<figure class=\"wp-block-image size-large is-resized\"><img loading=\"lazy\" decoding=\"async\" src=\"https:\/\/mia.phtg.ch\/wp-content\/uploads\/2022\/06\/Bild_ChatterPix_RebeccaBruggmann-1024x598.jpg\" alt=\"\" class=\"wp-image-4051\" width=\"672\" height=\"392\" srcset=\"https:\/\/mia.phtg.ch\/wp-content\/uploads\/2022\/06\/Bild_ChatterPix_RebeccaBruggmann-1024x598.jpg 1024w, https:\/\/mia.phtg.ch\/wp-content\/uploads\/2022\/06\/Bild_ChatterPix_RebeccaBruggmann-300x175.jpg 300w, https:\/\/mia.phtg.ch\/wp-content\/uploads\/2022\/06\/Bild_ChatterPix_RebeccaBruggmann-768x449.jpg 768w, https:\/\/mia.phtg.ch\/wp-content\/uploads\/2022\/06\/Bild_ChatterPix_RebeccaBruggmann-1536x897.jpg 1536w, https:\/\/mia.phtg.ch\/wp-content\/uploads\/2022\/06\/Bild_ChatterPix_RebeccaBruggmann.jpg 1613w\" sizes=\"auto, (max-width: 672px) 100vw, 672px\" \/><\/figure>\n\n\n\n<p>Viele brauchten Unterst\u00fctzung bei der Ideensuche, was die Figur in jenem Setting sagen k\u00f6nne und bei den sprachlich schwachen Kindern formulierte ich einen Satz, den sie mit grosser Anstrengung und vielen Wiederholungen auswendig lernten und dann ins iPad sprachen. Schlussendlich gab es Filme von Feuerwehrm\u00e4nner, die rufen: \u00abSchnell de Schluch hole, es brennt!\u00bb, M\u00fctter, die ihre Kinder im Auto hinweisen, sich anst\u00e4ndig zu benehmen und Verk\u00e4uferinnen in der B\u00e4ckerei, welche die feinen Gipfeli verkaufen. Im n\u00e4chsten Schritt konnten die Sch\u00fclerinnen und Sch\u00fcler ihren Film noch mit Filter, Sticker und Rahmen versch\u00f6nern sowie den Namen mittels Textfeldes notieren. Dabei stellte ich schnell fest, welches Kind bereits Vorerfahrungen im Umgang mit Tablets hatte. <\/p>\n\n\n\n<figure class=\"wp-block-image size-large is-resized\"><img loading=\"lazy\" decoding=\"async\" src=\"https:\/\/mia.phtg.ch\/wp-content\/uploads\/2022\/06\/FokusiScout_Chatterpix-1024x1024.png\" alt=\"\" class=\"wp-image-4055\" width=\"371\" height=\"371\" srcset=\"https:\/\/mia.phtg.ch\/wp-content\/uploads\/2022\/06\/FokusiScout_Chatterpix-1024x1024.png 1024w, https:\/\/mia.phtg.ch\/wp-content\/uploads\/2022\/06\/FokusiScout_Chatterpix-300x300.png 300w, https:\/\/mia.phtg.ch\/wp-content\/uploads\/2022\/06\/FokusiScout_Chatterpix-150x150.png 150w, https:\/\/mia.phtg.ch\/wp-content\/uploads\/2022\/06\/FokusiScout_Chatterpix-768x768.png 768w, https:\/\/mia.phtg.ch\/wp-content\/uploads\/2022\/06\/FokusiScout_Chatterpix.png 1200w\" sizes=\"auto, (max-width: 371px) 100vw, 371px\" \/><\/figure>\n\n\n\n<p>Ich sch\u00e4tzte es sehr, dass das App auf das Wesentliche beschr\u00e4nkt wurde, so gelang es auch den schw\u00e4cheren Kindern, sich in nutzbarer Zeit f\u00fcr einen Filter zu entscheiden. Als alle Kinder einen Film erstellt haben, reservierten wir das Sitzungszimmer f\u00fcr den n\u00e4chsten Tag und die Kinder konnten die Filme gegenseitig am Beamer zeigen. Dass der Feuerwehrmann pl\u00f6tzlich die Stimme des Mitsch\u00fclers hat, brachte viele Kinder zum Lachen. Und das H\u00f6ren der eigenen Stimme war f\u00fcr einige eine grosse Herausforderung!<\/p>\n<div data-animation=\"no-animation\" data-icons-animation=\"no-animation\" data-overlay=\"\" data-change-size=\"\" data-button-size=\"0.7\" style=\"font-size:0.7em!important;display:none;\" class=\"supsystic-social-sharing supsystic-social-sharing-package-flat supsystic-social-sharing-spacing supsystic-social-sharing-content supsystic-social-sharing-content-align-left\" data-text=\"\"><a data-networks=\"[]\" class=\"social-sharing-button sharer-flat sharer-flat-1 counter-standard without-counter tooltip-icon facebook\" target=\"_blank\" title=\"auf Facebook teilen\" href=\"http:\/\/www.facebook.com\/sharer.php?u=https%3A%2F%2Fmia.phtg.ch%2F%3Fp%3D4050\" data-main-href=\"http:\/\/www.facebook.com\/sharer.php?u={url}\" data-nid=\"1\" data-name=\"\" data-pid=\"1\" data-post-id=\"4050\" data-url=\"https:\/\/mia.phtg.ch\/wp-admin\/admin-ajax.php\" rel=\"nofollow\" data-mailto=\"\"><i class=\"fa-ssbs fa-ssbs-fw fa-ssbs-facebook\"><\/i><div class=\"counter-wrap standard\"><span class=\"counter\">0<\/span><\/div><\/a><a data-networks=\"[]\" class=\"social-sharing-button sharer-flat sharer-flat-1 counter-standard without-counter tooltip-icon twitter\" target=\"_blank\" title=\"auf Twitter teilen\" href=\"https:\/\/twitter.com\/share?url=https%3A%2F%2Fmia.phtg.ch%2F%3Fp%3D4050&text=Mit+dem+App+%C2%ABChatterPix%C2%BB+die+Sprache+und+Kreativit%C3%A4t+f%C3%B6rdern\" data-main-href=\"https:\/\/twitter.com\/share?url={url}&text={title}\" data-nid=\"2\" data-name=\"\" data-pid=\"1\" data-post-id=\"4050\" data-url=\"https:\/\/mia.phtg.ch\/wp-admin\/admin-ajax.php\" rel=\"nofollow\" data-mailto=\"\"><i class=\"fa-ssbs fa-ssbs-fw fa-ssbs-twitter\"><\/i><div class=\"counter-wrap standard\"><span class=\"counter\">0<\/span><\/div><\/a><a data-networks=\"[]\" class=\"social-sharing-button sharer-flat sharer-flat-1 counter-standard without-counter tooltip-icon linkedin\" target=\"_blank\" title=\"auf Linkedin teilen\" href=\"https:\/\/www.linkedin.com\/shareArticle?mini=true&title=Mit+dem+App+%C2%ABChatterPix%C2%BB+die+Sprache+und+Kreativit%C3%A4t+f%C3%B6rdern&url=https%3A%2F%2Fmia.phtg.ch%2F%3Fp%3D4050\" data-main-href=\"https:\/\/www.linkedin.com\/shareArticle?mini=true&title={title}&url={url}\" data-nid=\"13\" data-name=\"\" data-pid=\"1\" data-post-id=\"4050\" data-url=\"https:\/\/mia.phtg.ch\/wp-admin\/admin-ajax.php\" rel=\"nofollow\" data-mailto=\"\"><i class=\"fa-ssbs fa-ssbs-fw fa-ssbs-linkedin\"><\/i><div class=\"counter-wrap standard\"><span class=\"counter\">0<\/span><\/div><\/a><a data-networks=\"[]\" class=\"social-sharing-button sharer-flat sharer-flat-1 counter-standard without-counter tooltip-icon mail\" target=\"_blank\" title=\"per E-Mail teilen\" href=\"#\" data-main-href=\"#\" data-nid=\"16\" data-name=\"\" data-pid=\"1\" data-post-id=\"4050\" data-url=\"https:\/\/mia.phtg.ch\/wp-admin\/admin-ajax.php\" rel=\"nofollow\" data-mailto=\"\"><i class=\"fa-ssbs fa-ssbs-fw fa-ssbs-envelope-o\"><\/i><div class=\"counter-wrap standard\"><span class=\"counter\">0<\/span><\/div><\/a><\/div>","protected":false},"excerpt":{"rendered":"<p>Mit dem App \u00abChatterPix\u00bb die Sprache und Kreativit\u00e4t f\u00f6rdern Autorin: Rebecca Bruggmann, Mittelstufenlehrerin und SHP an der Heilp\u00e4dagogischen Schule Mauren Kaum mit der iScout-Weiterbildung begonnen,&hellip;<\/p>\n<div data-animation=\"no-animation\" data-icons-animation=\"no-animation\" data-overlay=\"\" data-change-size=\"\" data-button-size=\"0.7\" style=\"font-size:0.7em!important;display:none;\" class=\"supsystic-social-sharing supsystic-social-sharing-package-flat supsystic-social-sharing-spacing supsystic-social-sharing-content supsystic-social-sharing-content-align-left\" data-text=\"\"><a data-networks=\"[]\" class=\"social-sharing-button sharer-flat sharer-flat-1 counter-standard without-counter tooltip-icon facebook\" target=\"_blank\" title=\"auf Facebook teilen\" href=\"http:\/\/www.facebook.com\/sharer.php?u=https%3A%2F%2Fmia.phtg.ch%2F%3Fp%3D4050\" data-main-href=\"http:\/\/www.facebook.com\/sharer.php?u={url}\" data-nid=\"1\" data-name=\"\" data-pid=\"1\" data-post-id=\"4050\" data-url=\"https:\/\/mia.phtg.ch\/wp-admin\/admin-ajax.php\" rel=\"nofollow\" data-mailto=\"\"><i class=\"fa-ssbs fa-ssbs-fw fa-ssbs-facebook\"><\/i><div class=\"counter-wrap standard\"><span class=\"counter\">0<\/span><\/div><\/a><a data-networks=\"[]\" class=\"social-sharing-button sharer-flat sharer-flat-1 counter-standard without-counter tooltip-icon twitter\" target=\"_blank\" title=\"auf Twitter teilen\" href=\"https:\/\/twitter.com\/share?url=https%3A%2F%2Fmia.phtg.ch%2F%3Fp%3D4050&text=Mit+dem+App+%C2%ABChatterPix%C2%BB+die+Sprache+und+Kreativit%C3%A4t+f%C3%B6rdern\" data-main-href=\"https:\/\/twitter.com\/share?url={url}&text={title}\" data-nid=\"2\" data-name=\"\" data-pid=\"1\" data-post-id=\"4050\" data-url=\"https:\/\/mia.phtg.ch\/wp-admin\/admin-ajax.php\" rel=\"nofollow\" data-mailto=\"\"><i class=\"fa-ssbs fa-ssbs-fw fa-ssbs-twitter\"><\/i><div class=\"counter-wrap standard\"><span class=\"counter\">0<\/span><\/div><\/a><a data-networks=\"[]\" class=\"social-sharing-button sharer-flat sharer-flat-1 counter-standard without-counter tooltip-icon linkedin\" target=\"_blank\" title=\"auf Linkedin teilen\" href=\"https:\/\/www.linkedin.com\/shareArticle?mini=true&title=Mit+dem+App+%C2%ABChatterPix%C2%BB+die+Sprache+und+Kreativit%C3%A4t+f%C3%B6rdern&url=https%3A%2F%2Fmia.phtg.ch%2F%3Fp%3D4050\" data-main-href=\"https:\/\/www.linkedin.com\/shareArticle?mini=true&title={title}&url={url}\" data-nid=\"13\" data-name=\"\" data-pid=\"1\" data-post-id=\"4050\" data-url=\"https:\/\/mia.phtg.ch\/wp-admin\/admin-ajax.php\" rel=\"nofollow\" data-mailto=\"\"><i class=\"fa-ssbs fa-ssbs-fw fa-ssbs-linkedin\"><\/i><div class=\"counter-wrap standard\"><span class=\"counter\">0<\/span><\/div><\/a><a data-networks=\"[]\" class=\"social-sharing-button sharer-flat sharer-flat-1 counter-standard without-counter tooltip-icon mail\" target=\"_blank\" title=\"per E-Mail teilen\" href=\"#\" data-main-href=\"#\" data-nid=\"16\" data-name=\"\" data-pid=\"1\" data-post-id=\"4050\" data-url=\"https:\/\/mia.phtg.ch\/wp-admin\/admin-ajax.php\" rel=\"nofollow\" data-mailto=\"\"><i class=\"fa-ssbs fa-ssbs-fw fa-ssbs-envelope-o\"><\/i><div class=\"counter-wrap standard\"><span class=\"counter\">0<\/span><\/div><\/a><\/div>","protected":false},"author":24,"featured_media":4054,"comment_status":"open","ping_status":"open","sticky":false,"template":"","format":"standard","meta":{"footnotes":""},"categories":[347,24,1,137],"tags":[257,232,418,417,142],"class_list":["post-4050","post","type-post","status-publish","format-standard","has-post-thumbnail","hentry","category-heilpaedagogik","category-mia","category-uncategorized","category-unterricht","tag-gestalten","tag-heilpaedagogik","tag-kreativitaet","tag-sprachfoerderung","tag-zyklus-1-2"],"_links":{"self":[{"href":"https:\/\/mia.phtg.ch\/index.php?rest_route=\/wp\/v2\/posts\/4050","targetHints":{"allow":["GET"]}}],"collection":[{"href":"https:\/\/mia.phtg.ch\/index.php?rest_route=\/wp\/v2\/posts"}],"about":[{"href":"https:\/\/mia.phtg.ch\/index.php?rest_route=\/wp\/v2\/types\/post"}],"author":[{"embeddable":true,"href":"https:\/\/mia.phtg.ch\/index.php?rest_route=\/wp\/v2\/users\/24"}],"replies":[{"embeddable":true,"href":"https:\/\/mia.phtg.ch\/index.php?rest_route=%2Fwp%2Fv2%2Fcomments&post=4050"}],"version-history":[{"count":7,"href":"https:\/\/mia.phtg.ch\/index.php?rest_route=\/wp\/v2\/posts\/4050\/revisions"}],"predecessor-version":[{"id":4060,"href":"https:\/\/mia.phtg.ch\/index.php?rest_route=\/wp\/v2\/posts\/4050\/revisions\/4060"}],"wp:featuredmedia":[{"embeddable":true,"href":"https:\/\/mia.phtg.ch\/index.php?rest_route=\/wp\/v2\/media\/4054"}],"wp:attachment":[{"href":"https:\/\/mia.phtg.ch\/index.php?rest_route=%2Fwp%2Fv2%2Fmedia&parent=4050"}],"wp:term":[{"taxonomy":"category","embeddable":true,"href":"https:\/\/mia.phtg.ch\/index.php?rest_route=%2Fwp%2Fv2%2Fcategories&post=4050"},{"taxonomy":"post_tag","embeddable":true,"href":"https:\/\/mia.phtg.ch\/index.php?rest_route=%2Fwp%2Fv2%2Ftags&post=4050"}],"curies":[{"name":"wp","href":"https:\/\/api.w.org\/{rel}","templated":true}]}}