{"id":4077,"date":"2022-08-17T14:28:55","date_gmt":"2022-08-17T12:28:55","guid":{"rendered":"https:\/\/mia.phtg.ch\/?p=4077"},"modified":"2022-11-15T11:58:24","modified_gmt":"2022-11-15T09:58:24","slug":"mia-integrativ-in-faecheruebergreifenden-projekten-im-zyklus-1","status":"publish","type":"post","link":"https:\/\/mia.phtg.ch\/?p=4077","title":{"rendered":"Informatik integrativ in einem f\u00e4cher\u00fcbergreifenden Projekt im Zyklus 1"},"content":{"rendered":"\n<h1 class=\"has-text-color wp-block-heading\" style=\"color:#9b214c\"><strong>Informatik integrativ in einem f\u00e4cher\u00fcbergreifenden Projekt im Zyklus 1<\/strong><\/h1>\n\n\n\n<div class=\"wp-block-cover is-light has-custom-content-position is-position-top-right\" style=\"min-height:232px;aspect-ratio:unset;\"><span aria-hidden=\"true\" class=\"wp-block-cover__background has-background-dim-10 has-background-dim\"><\/span><img loading=\"lazy\" decoding=\"async\" width=\"1446\" height=\"1187\" class=\"wp-block-cover__image-background wp-image-4180\" alt=\"\" src=\"https:\/\/mia.phtg.ch\/wp-content\/uploads\/2022\/08\/MIAintegrativ.png\" style=\"object-position:63% 8%\" data-object-fit=\"cover\" data-object-position=\"63% 8%\" srcset=\"https:\/\/mia.phtg.ch\/wp-content\/uploads\/2022\/08\/MIAintegrativ.png 1446w, https:\/\/mia.phtg.ch\/wp-content\/uploads\/2022\/08\/MIAintegrativ-300x246.png 300w, https:\/\/mia.phtg.ch\/wp-content\/uploads\/2022\/08\/MIAintegrativ-1024x841.png 1024w, https:\/\/mia.phtg.ch\/wp-content\/uploads\/2022\/08\/MIAintegrativ-768x630.png 768w\" sizes=\"auto, (max-width: 1446px) 100vw, 1446px\" \/><div class=\"wp-block-cover__inner-container is-layout-flow wp-block-cover-is-layout-flow\">\n<p class=\"has-text-align-center has-large-font-size\"><\/p>\n<\/div><\/div>\n\n\n\n<p><\/p>\n\n\n\n<p>Wir stellen euch einige Projekte aus der Praxis vor, die w\u00e4hrend der MIA21-Weiterbildung im Fr\u00fchjahr entstanden sind. Anhand von Bildern und kurzen Beschreibungen m\u00f6chten wir euch vertiefte Einblicke in die Unterrichtssituationen aus dem 1. Zyklus geben.<\/p>\n\n\n\n<p class=\"has-text-color has-medium-font-size\" style=\"color:#9b214c\"><strong>THEMA Heissluftballon (Beebots im Kindergarten)<\/strong><\/p>\n\n\n\n<p>Im Kindergarten Neuwilen mit der ganzen Gruppe (4-7 Jahre, 15 Kinder) <br>Lehrperson: Angelika Zingg<\/p>\n\n\n\n<p class=\"has-small-font-size\"><strong>Lehrplanbezug: <\/strong>MI.1.2a, MI.2.1a,  MI.2.2.1a, MI.2.3.1a, BS.3.A.1a, MA.1.A.1a, MA.1.A.2a, MA.2.C.3, D.2.B1a, D.2.B1b, D.2.C.1a<\/p>\n\n\n\n<figure class=\"wp-block-image size-large\"><img loading=\"lazy\" decoding=\"async\" width=\"1024\" height=\"638\" src=\"https:\/\/mia.phtg.ch\/wp-content\/uploads\/2022\/09\/BeeBot-1024x638.jpg\" alt=\"\" class=\"wp-image-4151\" srcset=\"https:\/\/mia.phtg.ch\/wp-content\/uploads\/2022\/09\/BeeBot-1024x638.jpg 1024w, https:\/\/mia.phtg.ch\/wp-content\/uploads\/2022\/09\/BeeBot-300x187.jpg 300w, https:\/\/mia.phtg.ch\/wp-content\/uploads\/2022\/09\/BeeBot-768x478.jpg 768w, https:\/\/mia.phtg.ch\/wp-content\/uploads\/2022\/09\/BeeBot-1536x957.jpg 1536w, https:\/\/mia.phtg.ch\/wp-content\/uploads\/2022\/09\/BeeBot-2048x1275.jpg 2048w\" sizes=\"auto, (max-width: 1024px) 100vw, 1024px\" \/><figcaption class=\"wp-element-caption\">Abbildung 1:  Foto von den Materialien des Projekts pr\u00e4sentiert am Marktplatz an der PHTG<\/figcaption><\/figure>\n\n\n\n<p><strong>Lektionen:<\/strong> 2 (bis 4 f\u00fcr die \u00c4lteren) plus \u00f6fters vertiefen und ein\u00fcben im freien Spiel und Sammelspiel<\/p>\n\n\n\n<p><strong>In der ersten Einheit<\/strong> werden die Kinder spielerisch zur Ballongeschichte an das Spiel Tic-Tac-Toe herangef\u00fchrt. Dabei geht es auch um Farben erkennen und das Z\u00e4hlen bis 3 auf dem Spielfeld.<\/p>\n\n\n\n<p><strong>In der zweiten Einheit <\/strong>wird das Tic-Tac-Toe nochmals wiederholt. Die Kinder machen auch \u00dcbungen zur Orientierung auf dem Gitternetz. Ein Kind legt ein Biella-Punkt auf seiner Vorlage, das andere Kind legt dasselbe auf seiner Vorlage auf. In dieser Einheit wird das gehen wie ein BeeBot mit den M\u00f6glichen Schritten vorw\u00e4rts-drehen-r\u00fcckw\u00e4rts-drehen ge\u00fcbt zuerst enaktiv, als ganze Person, dann mit einem laminierten BeeBot in ihrem Gitternetz. <\/p>\n\n\n\n<div class=\"wp-block-columns is-layout-flex wp-container-core-columns-is-layout-9d6595d7 wp-block-columns-is-layout-flex\">\n<div class=\"wp-block-column is-layout-flow wp-block-column-is-layout-flow\" style=\"flex-basis:100%\">\n<figure class=\"wp-block-gallery has-nested-images columns-4 is-cropped wp-block-gallery-1 is-layout-flex wp-block-gallery-is-layout-flex\">\n<figure class=\"wp-block-image size-large\"><img loading=\"lazy\" decoding=\"async\" width=\"480\" height=\"640\" data-id=\"4167\" src=\"https:\/\/mia.phtg.ch\/wp-content\/uploads\/2022\/09\/raster-rotated.jpeg\" alt=\"\" class=\"wp-image-4167\" srcset=\"https:\/\/mia.phtg.ch\/wp-content\/uploads\/2022\/09\/raster-rotated.jpeg 480w, https:\/\/mia.phtg.ch\/wp-content\/uploads\/2022\/09\/raster-225x300.jpeg 225w\" sizes=\"auto, (max-width: 480px) 100vw, 480px\" \/><figcaption class=\"wp-element-caption\">Gitternetz<\/figcaption><\/figure>\n\n\n\n<figure class=\"wp-block-image size-large\"><img loading=\"lazy\" decoding=\"async\" width=\"480\" height=\"640\" data-id=\"4166\" src=\"https:\/\/mia.phtg.ch\/wp-content\/uploads\/2022\/09\/spiel_postit-rotated.jpeg\" alt=\"\" class=\"wp-image-4166\" srcset=\"https:\/\/mia.phtg.ch\/wp-content\/uploads\/2022\/09\/spiel_postit-rotated.jpeg 480w, https:\/\/mia.phtg.ch\/wp-content\/uploads\/2022\/09\/spiel_postit-225x300.jpeg 225w\" sizes=\"auto, (max-width: 480px) 100vw, 480px\" \/><figcaption class=\"wp-element-caption\">Roboterspiel<\/figcaption><\/figure>\n\n\n\n<figure class=\"wp-block-image size-large\"><img loading=\"lazy\" decoding=\"async\" width=\"480\" height=\"640\" data-id=\"4165\" src=\"https:\/\/mia.phtg.ch\/wp-content\/uploads\/2022\/09\/farbfeld-rotated.jpeg\" alt=\"\" class=\"wp-image-4165\" srcset=\"https:\/\/mia.phtg.ch\/wp-content\/uploads\/2022\/09\/farbfeld-rotated.jpeg 480w, https:\/\/mia.phtg.ch\/wp-content\/uploads\/2022\/09\/farbfeld-225x300.jpeg 225w\" sizes=\"auto, (max-width: 480px) 100vw, 480px\" \/><figcaption class=\"wp-element-caption\">Blumenwiese<\/figcaption><\/figure>\n\n\n\n<figure class=\"wp-block-image size-large\"><img loading=\"lazy\" decoding=\"async\" width=\"480\" height=\"640\" data-id=\"4168\" src=\"https:\/\/mia.phtg.ch\/wp-content\/uploads\/2022\/09\/Zingg_6507-rotated.jpeg\" alt=\"\" class=\"wp-image-4168\" srcset=\"https:\/\/mia.phtg.ch\/wp-content\/uploads\/2022\/09\/Zingg_6507-rotated.jpeg 480w, https:\/\/mia.phtg.ch\/wp-content\/uploads\/2022\/09\/Zingg_6507-225x300.jpeg 225w\" sizes=\"auto, (max-width: 480px) 100vw, 480px\" \/><figcaption class=\"wp-element-caption\">Zahlenstrahl<\/figcaption><\/figure>\n<\/figure>\n<\/div>\n<\/div>\n\n\n\n<p><strong>In der dritten Einheit <\/strong>werden die BeeBots eingef\u00fchrt, alle Tasten erkl\u00e4rt und Bewegungsm\u00f6glichkeiten ge\u00fcbt. Nun kommt das 3&#215;3 Feld mit den farbigen Fl\u00e4chen ins Spiel. Das ist eine Blumenwiese. Es gibt sogar einen Plan (eine Anleitung) wie der BeeBot zu der entsprechenden Farbe kommt. Das sieht z.B. so aus: <\/p>\n\n\n\n<figure class=\"wp-block-image size-large text-color: blue;\"><img loading=\"lazy\" decoding=\"async\" width=\"1024\" height=\"216\" src=\"https:\/\/mia.phtg.ch\/wp-content\/uploads\/2022\/09\/Bildschirmfoto-2022-09-06-um-13.56.16-1024x216.png\" alt=\"\" class=\"wp-image-4152\" srcset=\"https:\/\/mia.phtg.ch\/wp-content\/uploads\/2022\/09\/Bildschirmfoto-2022-09-06-um-13.56.16-1024x216.png 1024w, https:\/\/mia.phtg.ch\/wp-content\/uploads\/2022\/09\/Bildschirmfoto-2022-09-06-um-13.56.16-300x63.png 300w, https:\/\/mia.phtg.ch\/wp-content\/uploads\/2022\/09\/Bildschirmfoto-2022-09-06-um-13.56.16-768x162.png 768w, https:\/\/mia.phtg.ch\/wp-content\/uploads\/2022\/09\/Bildschirmfoto-2022-09-06-um-13.56.16.png 1242w\" sizes=\"auto, (max-width: 1024px) 100vw, 1024px\" \/><figcaption class=\"wp-element-caption\">Abbildung 2: Screenshot aus dem erstellten Material von Angelika Zingg <a rel=\"noreferrer noopener\" href=\"https:\/\/mia.phtg.ch\/wp-content\/uploads\/2022\/09\/Angelika-Zingg-Bee-Bot-Material-MIA-21-PDF-1.pdf\" target=\"_blank\"><strong>(PDF zum Download)<\/strong><\/a><\/figcaption><\/figure>\n\n\n\n<p>Es werden unterschiedliche Spielvarianten mit den Kindern ge\u00fcbt. Bei einer Variante werden bei den Befehlsreihen auch solche hingelegt, bei denen die Kontroll-Zielfarbe hinten auf der Karte nicht korrekt ist. Die Kinder m\u00fcssen also sehr genau \u00fcberlegen und ausprobieren. Sie d\u00fcrfen dann die Streifen nach richtig oder falschem Zielort sortieren. Befehle sind nur vorw\u00e4rts &#8211; li drehen -re drehen &#8211; GO. <\/p>\n\n\n\n<p><strong>In der vierten Einheit <\/strong>wird der Zahlenstrahl eingef\u00fchrt. Zu Beginn steht der BeeBot auf dem Feld 10. Nun w\u00fcrfeln die Kinder mit dem Softw\u00fcrfel und f\u00fchren die angezeigte Anzahl Schritte mit dem BeeBot auf dem Zahlenstrahl durch. Ein Kind hat das Ziel 20 und eines nach 20 hinsteuern (R\u00fcckw\u00e4rtstaste oder Vorw\u00e4rtstaste verwenden). <\/p>\n\n\n\n<p><strong>Tipp: <\/strong>Einigen Kindern hat eine W\u00e4scheklammer beim Planlesen (Einheit drei, siehe auch auf Abbildung 1) geholfen um sich auf dem Plan zu orientieren.<\/p>\n\n\n\n<p><strong>Statement der Lehrperson: <\/strong><br>Das richtige, selbst\u00e4ndige Programmieren und Wissen, wo der BeeBot hinsteuert, erfordert sehr gute Vorkenntnisse und eine sehr gute Raumwahrnehmung und Vorstellung. F\u00fcr viele Kindergartenkinder ist das eher schwierig. All die Vorl\u00e4ufer\u00fcbungen waren aber ein riesen Spass! Man kann das Planlesen und das Vorgehen nach einem bestimmten Ablauf auch sehr gut ohne die BeeBots \u00fcben.<\/p>\n<div data-animation=\"no-animation\" data-icons-animation=\"no-animation\" data-overlay=\"\" data-change-size=\"\" data-button-size=\"0.7\" style=\"font-size:0.7em!important;display:none;\" class=\"supsystic-social-sharing supsystic-social-sharing-package-flat supsystic-social-sharing-spacing supsystic-social-sharing-content supsystic-social-sharing-content-align-left\" data-text=\"\"><a data-networks=\"[]\" class=\"social-sharing-button sharer-flat sharer-flat-1 counter-standard without-counter tooltip-icon facebook\" target=\"_blank\" title=\"auf Facebook teilen\" href=\"http:\/\/www.facebook.com\/sharer.php?u=https%3A%2F%2Fmia.phtg.ch%2F%3Fp%3D4077\" data-main-href=\"http:\/\/www.facebook.com\/sharer.php?u={url}\" data-nid=\"1\" data-name=\"\" data-pid=\"1\" data-post-id=\"4077\" data-url=\"https:\/\/mia.phtg.ch\/wp-admin\/admin-ajax.php\" rel=\"nofollow\" data-mailto=\"\"><i class=\"fa-ssbs fa-ssbs-fw fa-ssbs-facebook\"><\/i><div class=\"counter-wrap standard\"><span class=\"counter\">0<\/span><\/div><\/a><a data-networks=\"[]\" class=\"social-sharing-button sharer-flat sharer-flat-1 counter-standard without-counter tooltip-icon twitter\" target=\"_blank\" title=\"auf Twitter teilen\" href=\"https:\/\/twitter.com\/share?url=https%3A%2F%2Fmia.phtg.ch%2F%3Fp%3D4077&text=Informatik+integrativ+in+einem+f%C3%A4cher%C3%BCbergreifenden+Projekt+im+Zyklus+1\" data-main-href=\"https:\/\/twitter.com\/share?url={url}&text={title}\" data-nid=\"2\" data-name=\"\" data-pid=\"1\" data-post-id=\"4077\" data-url=\"https:\/\/mia.phtg.ch\/wp-admin\/admin-ajax.php\" rel=\"nofollow\" data-mailto=\"\"><i class=\"fa-ssbs fa-ssbs-fw fa-ssbs-twitter\"><\/i><div class=\"counter-wrap standard\"><span class=\"counter\">0<\/span><\/div><\/a><a data-networks=\"[]\" class=\"social-sharing-button sharer-flat sharer-flat-1 counter-standard without-counter tooltip-icon linkedin\" target=\"_blank\" title=\"auf Linkedin teilen\" href=\"https:\/\/www.linkedin.com\/shareArticle?mini=true&title=Informatik+integrativ+in+einem+f%C3%A4cher%C3%BCbergreifenden+Projekt+im+Zyklus+1&url=https%3A%2F%2Fmia.phtg.ch%2F%3Fp%3D4077\" data-main-href=\"https:\/\/www.linkedin.com\/shareArticle?mini=true&title={title}&url={url}\" data-nid=\"13\" data-name=\"\" data-pid=\"1\" data-post-id=\"4077\" data-url=\"https:\/\/mia.phtg.ch\/wp-admin\/admin-ajax.php\" rel=\"nofollow\" data-mailto=\"\"><i class=\"fa-ssbs fa-ssbs-fw fa-ssbs-linkedin\"><\/i><div class=\"counter-wrap standard\"><span class=\"counter\">0<\/span><\/div><\/a><a data-networks=\"[]\" class=\"social-sharing-button sharer-flat sharer-flat-1 counter-standard without-counter tooltip-icon mail\" target=\"_blank\" title=\"per E-Mail teilen\" href=\"#\" data-main-href=\"#\" data-nid=\"16\" data-name=\"\" data-pid=\"1\" data-post-id=\"4077\" data-url=\"https:\/\/mia.phtg.ch\/wp-admin\/admin-ajax.php\" rel=\"nofollow\" data-mailto=\"\"><i class=\"fa-ssbs fa-ssbs-fw fa-ssbs-envelope-o\"><\/i><div class=\"counter-wrap standard\"><span class=\"counter\">0<\/span><\/div><\/a><\/div>","protected":false},"excerpt":{"rendered":"<p>Informatik integrativ in einem f\u00e4cher\u00fcbergreifenden Projekt im Zyklus 1 Wir stellen euch einige Projekte aus der Praxis vor, die w\u00e4hrend der MIA21-Weiterbildung im Fr\u00fchjahr entstanden&hellip;<\/p>\n<div data-animation=\"no-animation\" data-icons-animation=\"no-animation\" data-overlay=\"\" data-change-size=\"\" data-button-size=\"0.7\" style=\"font-size:0.7em!important;display:none;\" class=\"supsystic-social-sharing supsystic-social-sharing-package-flat supsystic-social-sharing-spacing supsystic-social-sharing-content supsystic-social-sharing-content-align-left\" data-text=\"\"><a data-networks=\"[]\" class=\"social-sharing-button sharer-flat sharer-flat-1 counter-standard without-counter tooltip-icon facebook\" target=\"_blank\" title=\"auf Facebook teilen\" href=\"http:\/\/www.facebook.com\/sharer.php?u=https%3A%2F%2Fmia.phtg.ch%2F%3Fp%3D4077\" data-main-href=\"http:\/\/www.facebook.com\/sharer.php?u={url}\" data-nid=\"1\" data-name=\"\" data-pid=\"1\" data-post-id=\"4077\" data-url=\"https:\/\/mia.phtg.ch\/wp-admin\/admin-ajax.php\" rel=\"nofollow\" data-mailto=\"\"><i class=\"fa-ssbs fa-ssbs-fw fa-ssbs-facebook\"><\/i><div class=\"counter-wrap standard\"><span class=\"counter\">0<\/span><\/div><\/a><a data-networks=\"[]\" class=\"social-sharing-button sharer-flat sharer-flat-1 counter-standard without-counter tooltip-icon twitter\" target=\"_blank\" title=\"auf Twitter teilen\" href=\"https:\/\/twitter.com\/share?url=https%3A%2F%2Fmia.phtg.ch%2F%3Fp%3D4077&text=Informatik+integrativ+in+einem+f%C3%A4cher%C3%BCbergreifenden+Projekt+im+Zyklus+1\" data-main-href=\"https:\/\/twitter.com\/share?url={url}&text={title}\" data-nid=\"2\" data-name=\"\" data-pid=\"1\" data-post-id=\"4077\" data-url=\"https:\/\/mia.phtg.ch\/wp-admin\/admin-ajax.php\" rel=\"nofollow\" data-mailto=\"\"><i class=\"fa-ssbs fa-ssbs-fw fa-ssbs-twitter\"><\/i><div class=\"counter-wrap standard\"><span class=\"counter\">0<\/span><\/div><\/a><a data-networks=\"[]\" class=\"social-sharing-button sharer-flat sharer-flat-1 counter-standard without-counter tooltip-icon linkedin\" target=\"_blank\" title=\"auf Linkedin teilen\" href=\"https:\/\/www.linkedin.com\/shareArticle?mini=true&title=Informatik+integrativ+in+einem+f%C3%A4cher%C3%BCbergreifenden+Projekt+im+Zyklus+1&url=https%3A%2F%2Fmia.phtg.ch%2F%3Fp%3D4077\" data-main-href=\"https:\/\/www.linkedin.com\/shareArticle?mini=true&title={title}&url={url}\" data-nid=\"13\" data-name=\"\" data-pid=\"1\" data-post-id=\"4077\" data-url=\"https:\/\/mia.phtg.ch\/wp-admin\/admin-ajax.php\" rel=\"nofollow\" data-mailto=\"\"><i class=\"fa-ssbs fa-ssbs-fw fa-ssbs-linkedin\"><\/i><div class=\"counter-wrap standard\"><span class=\"counter\">0<\/span><\/div><\/a><a data-networks=\"[]\" class=\"social-sharing-button sharer-flat sharer-flat-1 counter-standard without-counter tooltip-icon mail\" target=\"_blank\" title=\"per E-Mail teilen\" href=\"#\" data-main-href=\"#\" data-nid=\"16\" data-name=\"\" data-pid=\"1\" data-post-id=\"4077\" data-url=\"https:\/\/mia.phtg.ch\/wp-admin\/admin-ajax.php\" rel=\"nofollow\" data-mailto=\"\"><i class=\"fa-ssbs fa-ssbs-fw fa-ssbs-envelope-o\"><\/i><div class=\"counter-wrap standard\"><span class=\"counter\">0<\/span><\/div><\/a><\/div>","protected":false},"author":29,"featured_media":4142,"comment_status":"open","ping_status":"open","sticky":false,"template":"","format":"standard","meta":{"footnotes":""},"categories":[25,23,10,24,283,38,230,1,137,51,290],"tags":[26,106,424,42,423],"class_list":["post-4077","post","type-post","status-publish","format-standard","has-post-thumbnail","hentry","category-anwendungskompetenzen","category-informatik","category-medien","category-mia","category-mia-praxis","category-phtg","category-primarstufe","category-uncategorized","category-unterricht","category-weiterbildung","category-zyklus-1","tag-informatik","tag-mia21","tag-unplugged","tag-weiterbildung","tag-zyklus1"],"_links":{"self":[{"href":"https:\/\/mia.phtg.ch\/index.php?rest_route=\/wp\/v2\/posts\/4077","targetHints":{"allow":["GET"]}}],"collection":[{"href":"https:\/\/mia.phtg.ch\/index.php?rest_route=\/wp\/v2\/posts"}],"about":[{"href":"https:\/\/mia.phtg.ch\/index.php?rest_route=\/wp\/v2\/types\/post"}],"author":[{"embeddable":true,"href":"https:\/\/mia.phtg.ch\/index.php?rest_route=\/wp\/v2\/users\/29"}],"replies":[{"embeddable":true,"href":"https:\/\/mia.phtg.ch\/index.php?rest_route=%2Fwp%2Fv2%2Fcomments&post=4077"}],"version-history":[{"count":31,"href":"https:\/\/mia.phtg.ch\/index.php?rest_route=\/wp\/v2\/posts\/4077\/revisions"}],"predecessor-version":[{"id":4259,"href":"https:\/\/mia.phtg.ch\/index.php?rest_route=\/wp\/v2\/posts\/4077\/revisions\/4259"}],"wp:featuredmedia":[{"embeddable":true,"href":"https:\/\/mia.phtg.ch\/index.php?rest_route=\/wp\/v2\/media\/4142"}],"wp:attachment":[{"href":"https:\/\/mia.phtg.ch\/index.php?rest_route=%2Fwp%2Fv2%2Fmedia&parent=4077"}],"wp:term":[{"taxonomy":"category","embeddable":true,"href":"https:\/\/mia.phtg.ch\/index.php?rest_route=%2Fwp%2Fv2%2Fcategories&post=4077"},{"taxonomy":"post_tag","embeddable":true,"href":"https:\/\/mia.phtg.ch\/index.php?rest_route=%2Fwp%2Fv2%2Ftags&post=4077"}],"curies":[{"name":"wp","href":"https:\/\/api.w.org\/{rel}","templated":true}]}}