{"id":4110,"date":"2022-09-01T15:06:40","date_gmt":"2022-09-01T13:06:40","guid":{"rendered":"https:\/\/mia.phtg.ch\/?p=4110"},"modified":"2023-05-13T11:18:12","modified_gmt":"2023-05-13T09:18:12","slug":"reduktion-der-strahlenbelastung-an-schulen","status":"publish","type":"post","link":"https:\/\/mia.phtg.ch\/?p=4110","title":{"rendered":"Reduktion der Strahlenbelastung an Schulen"},"content":{"rendered":"\n<h1 class=\"wp-block-heading has-text-color\" style=\"color:#678c96\"><strong>Reduktion der Strahlenbelastung an Schulen<\/strong><\/h1>\n\n\n\n<div class=\"wp-block-cover is-light\" style=\"min-height:260px;aspect-ratio:unset;\"><span aria-hidden=\"true\" class=\"wp-block-cover__background has-background-dim-10 has-background-dim\"><\/span><img loading=\"lazy\" decoding=\"async\" width=\"1800\" height=\"1478\" class=\"wp-block-cover__image-background wp-image-4115\" alt=\"\" src=\"https:\/\/mia.phtg.ch\/wp-content\/uploads\/2022\/08\/Zitat3_Timon.jpg\" style=\"object-position:49% 12%\" data-object-fit=\"cover\" data-object-position=\"49% 12%\" srcset=\"https:\/\/mia.phtg.ch\/wp-content\/uploads\/2022\/08\/Zitat3_Timon.jpg 1800w, https:\/\/mia.phtg.ch\/wp-content\/uploads\/2022\/08\/Zitat3_Timon-300x246.jpg 300w, https:\/\/mia.phtg.ch\/wp-content\/uploads\/2022\/08\/Zitat3_Timon-1024x841.jpg 1024w, https:\/\/mia.phtg.ch\/wp-content\/uploads\/2022\/08\/Zitat3_Timon-768x631.jpg 768w, https:\/\/mia.phtg.ch\/wp-content\/uploads\/2022\/08\/Zitat3_Timon-1536x1261.jpg 1536w\" sizes=\"auto, (max-width: 1800px) 100vw, 1800px\" \/><div class=\"wp-block-cover__inner-container is-layout-flow wp-block-cover-is-layout-flow\">\n<p class=\"has-text-align-center has-large-font-size\"><\/p>\n<\/div><\/div>\n\n\n\n<p>    <\/p>\n\n\n\n<p><\/p>\n\n\n\n<p>Einfluss der Strahlenbelastung auf unsere Gesundheit \u2013 ein Thema, das unsere \u00d6ffentlich-rechtlichen Medien nur selten streifen. Wird es einmal angesprochen, stellt es die Allgemeinheit oft in die Ecke der Verschw\u00f6rungstheorien. Demzufolge findet es mehr Beachtung in der alternativen Berichterstattung. Unabh\u00e4ngig davon beobachte ich bei mir selbst seit mehr als ein Jahrzehnt anhaltende Kopfschmerzen, wenn ich mich \u00fcber mehrere Minuten in direkter N\u00e4he von DECT-Telefonen, WLAN-Routern und \u00e4hnlichen Ger\u00e4ten aufhalte. Aus diesem Grund stellte ich auf Kabeltelefonie um und lebe zuhause seither WLAN-frei. Mein Smartphone ist zu 99% der Zeit ausgeschaltet bzw. im Flugmodus. Seitdem bemerke ich eine klare Besserung meines Gesundheitszustandes.<\/p>\n\n\n\n<p class=\"has-text-color\" style=\"color:#678c96\"><br><em><strong>Wie ernst zu nehmend ist demzufolge dieses vermeintliche Tabu-Thema in Bezug auf unsere Schulen? Wie wirkt die Strahlung auf sensible Kinder, wenn sie schon bei einer erwachsenen Person wie mir Auswirkungen zeigt?<\/strong><\/em><\/p>\n\n\n\n<p><br>Schaden durch WLAN und \u00c4hnlichem wird nicht allein von sogenannten \u00abVerschw\u00f6rungstheoretikern\u00bb propagiert, welche die Digitalisierung teilweise undifferenziert als Negativentwicklung einstufen. Dass die Belastung von Strahlung im Mikrowellenbereich Einfluss auf die Gehirnentwicklung Ungeborener in Form von Verhaltensst\u00f6rungen nimmt, ist inzwischen in einer Studie mit M\u00e4usen nachgewiesen (vgl. Scientific Reports, 2012). Es ist nicht ausgeschlossen, dass die Strahlenbelastung auch f\u00fcr junge und erwachsene Menschen Gesundheitsrisiken darstellen kann. M\u00f6glicherweise ist die Strahlenbelastung ein Grund f\u00fcr die Zunahme von Kindern mit dem ADH-Syndrom?<\/p>\n\n\n\n<figure class=\"wp-block-image size-large is-resized\"><img loading=\"lazy\" decoding=\"async\" src=\"https:\/\/mia.phtg.ch\/wp-content\/uploads\/2022\/08\/Zitat_Timon-1024x1024.png\" alt=\"\" class=\"wp-image-4112\" width=\"512\" height=\"512\" srcset=\"https:\/\/mia.phtg.ch\/wp-content\/uploads\/2022\/08\/Zitat_Timon-1024x1024.png 1024w, https:\/\/mia.phtg.ch\/wp-content\/uploads\/2022\/08\/Zitat_Timon-300x300.png 300w, https:\/\/mia.phtg.ch\/wp-content\/uploads\/2022\/08\/Zitat_Timon-150x150.png 150w, https:\/\/mia.phtg.ch\/wp-content\/uploads\/2022\/08\/Zitat_Timon-768x768.png 768w, https:\/\/mia.phtg.ch\/wp-content\/uploads\/2022\/08\/Zitat_Timon.png 1200w\" sizes=\"auto, (max-width: 512px) 100vw, 512px\" \/><\/figure>\n\n\n\n<p>Es scheint im Allgemeinen viele Unklarheiten in diesem Bereich zu geben. Das Thema ist noch nicht gen\u00fcgend erforscht, um klare Schl\u00fcsse zu ziehen. Verschiedene Warnhinweise zeugen aber davon, dass Mikrowellenstrahlung nicht als ungef\u00e4hrlich eingestuft werden sollte:<\/p>\n\n\n\n<ul class=\"wp-block-list\">\n<li>Apple schildert in der iPhone-Bedienungsanleitung Schritte zur Minimierung der Aussetzung von Funkfrequenzen. Folgende m\u00f6gliche k\u00f6rperliche Beschwerden werden in Verbindung mit dem Gebrauch des iPhones aufgef\u00fchrt: Krampf- und Ohnmachtsanf\u00e4lle, Augen- oder Kopfschmerzen. (2014, S. 198)<\/li>\n\n\n\n<li>Telekom erw\u00e4hnt in der Bedienungsanleitung des Routers \u00abSpeedport Smart 3\u00bb folgendes: \u00abVermeiden Sie das Aufstellen Ihres Speedport in unmittelbarer N\u00e4he zu Schlaf\u2010 und Kinderzimmern, um die Belastung durch elektromagnetische Felder so gering wie m\u00f6glich zu halten.\u00bb (Telekom Deutschland GmbH, 2022)<\/li>\n\n\n\n<li>Telekom Deutschland r\u00e4t, das WLAN abzuschalten: \u00abWenn Sie das WLAN nicht nutzen, sollten Sie es abschalten. Auf diese Art und Weise sch\u00fctzen Sie sich nicht nur vor Datendieben, sondern sparen auch Strom und verringern die Strahlenbelastung. Wegen der sollten WLAN-Router \u00fcbrigens nach M\u00f6glichkeit nicht im Schlafzimmer aufgestellt werden.\u00bb (WLAN-Sicherheit | Telekom Hilfe, o. J.)<\/li>\n\n\n\n<li>Deutsches Bundesamt warnt Schulen vor WLAN-Netzen. (Donner, 2015)<\/li>\n\n\n\n<li>Hochfrequente Strahlung wird von der Weltgesundheitsorganisation WHO in die Gruppe 2B der Karzinogene eingestuft. (Suchbegriff \u00abRadiofrequency electromagnetic fields\u00bb unter List of Classifications \u2013 IARC Monographs on the Identification of Carcinogenic Hazards to Humans, 2022)<\/li>\n\n\n\n<li>Es gibt weitere Beispiele, wie das Verbot von WLAN in Kinderkrippen Frankreichs und Kinderg\u00e4rten Zyperns und Israels. An einer Primarschule in Finnland wird abschaltbares WLAN vorausgesetzt. (Schulen ohne WLAN, 2022)<\/li>\n<\/ul>\n\n\n\n<p>Es gibt \u2013 wie in so einigen Forschungsgebieten \u2013 Studien, welche die Gesundheitsgef\u00e4hrdung von Mikrowellenstrahlung belegen und andere, welche keinen eindeutigen Zusammenhang nachweisen k\u00f6nnen (Scientific Reports, 2011). Im Hinblick auf unsere Schulen und die Schulkinder sehe ich als iScout eine Verantwortung darin, dem zum grossen Teil unerforschten Gebiet Sorge zu tragen. Fl\u00e4chendeckendes WLAN an Schulen ist sehr praktisch, muss meiner Meinung nach aber unbedingt unter dem gesundheitlichen Aspekt betrachtet werden. Ist eine Dauereinwirkung von Mikrowellenstrahlen gesund? Gibt es elektrosensible Kinder? Hat Mikrowellenstrahlung Einfluss auf ADHS? Solange wir diese Fragen nicht beantworten k\u00f6nnen, gilt es, sich um gewisse Schutzmassnahmen zu k\u00fcmmern und die WLAN-Belastung auf ein minimales Mass zu reduzieren.<\/p>\n\n\n\n<p>Welche Schutzmassnahmen sind praktikabel und f\u00fcr einen iScout umsetzbar? Ein ganzes Schulhaus mit allen Lehrer-, Sch\u00fcler-Computern, Druckern und Switches zu verkabeln und auf WLAN zu verzichten, scheint aufwendig und kostspielig. Doch es gibt einfach umzusetzende Massnahmen. Bevor man Schutzmassnahmen umsetzt, ist eine lokale Beurteilung durch einen Strahlenschutzspezialisten von Vorteil. Die folgende Auflistung dient als Ideensammlung zur Umsetzung einer m\u00f6glichst strahlenfreien Schule:<\/p>\n\n\n\n<ul class=\"wp-block-list\">\n<li>Zeitschaltung aktivieren: Das Schulhaus legt eine Zeit fest, in der das WLAN genutzt werden kann. Von Vorteil sind kabelgebundene Arbeitspl\u00e4tze in jedem Schulzimmer, falls ein einzelner PC einen Internetzugang w\u00e4hrend des deaktivierten WLAN braucht. Diese M\u00f6glichkeit besteht zum Beispiel bei Telekom Speedports.<\/li>\n\n\n\n<li>Access-Points m\u00f6glichst weit entfernt von den Arbeitspl\u00e4tzen der Kinder anbringen.<\/li>\n\n\n\n<li>Je nach Marke kann man die Sendeleistung per Browser nach Bedarf steuern.<\/li>\n\n\n\n<li>WLAN-Access-Points k\u00f6nnen nach dem Prinzip \u00abFaradayscher K\u00e4fig\u00bb in Schutznetze eingepackt werden, solange sie nicht genutzt werden. Damit kann man die Strahlung je nach Material um einen Grossteil reduzieren.<\/li>\n\n\n\n<li>Neuere Access-Points regulieren die Sendest\u00e4rke je nach fliessender Datenmenge.<\/li>\n\n\n\n<li>Access-Points nur dort installieren, wo sie gebraucht werden.<\/li>\n\n\n\n<li>R\u00e4ume, in welchen kein WLAN-Empfang n\u00f6tig ist, k\u00f6nnen mittels Strahlenschutz-Farbe abgeschirmt werden.<\/li>\n\n\n\n<li>Bluetooth bei Ger\u00e4ten deaktivieren, wenn sie nicht genutzt werden. <\/li>\n<\/ul>\n\n\n\n<p>Mein Wunsch ist, dass sich Personen der Thurgauer Volksschule vernetzen, um die Strahlenbelastung an unseren Schulen zu reduzieren.<\/p>\n\n\n\n<figure class=\"wp-block-image size-large is-resized\"><img loading=\"lazy\" decoding=\"async\" src=\"https:\/\/mia.phtg.ch\/wp-content\/uploads\/2022\/08\/Zitat2_Timon-1024x1024.png\" alt=\"\" class=\"wp-image-4113\" width=\"512\" height=\"512\" srcset=\"https:\/\/mia.phtg.ch\/wp-content\/uploads\/2022\/08\/Zitat2_Timon-1024x1024.png 1024w, https:\/\/mia.phtg.ch\/wp-content\/uploads\/2022\/08\/Zitat2_Timon-300x300.png 300w, https:\/\/mia.phtg.ch\/wp-content\/uploads\/2022\/08\/Zitat2_Timon-150x150.png 150w, https:\/\/mia.phtg.ch\/wp-content\/uploads\/2022\/08\/Zitat2_Timon-768x768.png 768w, https:\/\/mia.phtg.ch\/wp-content\/uploads\/2022\/08\/Zitat2_Timon.png 1200w\" sizes=\"auto, (max-width: 512px) 100vw, 512px\" \/><\/figure>\n\n\n\n<p>Falls Sie Interesse daran haben, mit mir zusammen eine Interessengruppe Strahlung innerhalb des Netzwerkes Schule und Digitalisierung zu gr\u00fcnden (Netzwerk_SchuleundDigitalisierung_Steckbrief.pdf, 2021), melden Sie sich bei mir! Gemeinsam k\u00f6nnen wir Schulen im Thurgau helfen, die Strahlenbelastung f\u00fcr unsere Schulkinder m\u00f6glichst gering zu halten. Auch bei Fragen zum Thema bin ich gerne Ihre Ansprechperson.<\/p>\n\n\n\n<p>Kontakt: timon.buehler[at]vsgdh.ch \/ timon.buehler[at]bluewin.ch<\/p>\n\n\n\n<p>Text: Timon B\u00fchler, Klassenlehrer an der Primarschule Schlatt, iScout in Diessenhofen, Basadingen-Schlattingen und Schlatt<\/p>\n\n\n\n<p><strong>Literaturliste<\/strong><\/p>\n\n\n\n<ul class=\"wp-block-list\">\n<li>Apple Inc. (2014). <em>IPhone Benutzerhandbuch<\/em>. 211.<\/li>\n\n\n\n<li>Donner, S. (2015, Februar 19). Funkwellen: Bundesamt warnt Schulen vor WLAN-Netzen. <em>DIE WELT<\/em>. <a rel=\"noreferrer noopener\" href=\"https:\/\/www.welt.de\/gesundheit\/article137612666\/Bundesamt-warnt-Schulen-vor-WLAN-Netzen.html\" target=\"_blank\">https:\/\/www.welt.de\/gesundheit\/article137612666\/Bundesamt-warnt-Schulen-vor-WLAN-Netzen.html<\/a><\/li>\n\n\n\n<li><em>List of Classifications \u2013 IARC Monographs on the Identification of Carcinogenic Hazards to Humans<\/em>. (2022, April 8). <a rel=\"noreferrer noopener\" href=\"https:\/\/monographs.iarc.who.int\/list-of-classifications\" target=\"_blank\">https:\/\/monographs.iarc.who.int\/list-of-classifications<\/a><\/li>\n\n\n\n<li><em>Netzwerk_SchuleundDigitalisierung_Steckbrief.pdf<\/em>. (2021, Juni).<a rel=\"noreferrer noopener\" href=\"https:\/\/av.tg.ch\/public\/upload\/assets\/115757\/Netzwerk_SchuleundDigitalisierung_Steckbrief.pdf\" target=\"_blank\"> https:\/\/av.tg.ch\/public\/upload\/assets\/115757\/Netzwerk_SchuleundDigitalisierung_Steckbrief.pdf<\/a><\/li>\n\n\n\n<li><em>Schulen ohne WLAN<\/em>. (2022). <a href=\"https:\/\/www.wlan-an-schulen.ch\/informationen\/schulen-ohne-wlan\" target=\"_blank\" rel=\"noreferrer noopener\">https:\/\/www.wlan-an-schulen.ch\/informationen\/schulen-ohne-wlan<\/a><\/li>\n\n\n\n<li>Scientific Reports. (2011, Juni 3). <em>WHO: Handystrahlung \u201em\u00f6glicherweise krebserregend\u201c<\/em>. scinexx | Das Wissensmagazin. <a rel=\"noreferrer noopener\" href=\"https:\/\/www.scinexx.de\/news\/technik\/who-handystrahlung-moeglicherweise-krebserregend\/\" target=\"_blank\">https:\/\/www.scinexx.de\/news\/technik\/who-handystrahlung-moeglicherweise-krebserregend\/<\/a><\/li>\n\n\n\n<li>Scientific Reports. (2012, M\u00e4rz 16). <em>Handystrahlung l\u00f6st ADHS-\u00e4hnliche Symptome aus\u2014Strahlenbelastung im Mutterleib f\u00fchrt zu Gehirn- und Verhaltens\u00e4nderungen<\/em>. scinexx | Das Wissensmagazin. <a rel=\"noreferrer noopener\" href=\"https:\/\/www.scinexx.de\/news\/biowissen\/handystrahlung-loest-adhs-aehnliche-symptome-aus\/\" target=\"_blank\">https:\/\/www.scinexx.de\/news\/biowissen\/handystrahlung-loest-adhs-aehnliche-symptome-aus\/<\/a><\/li>\n\n\n\n<li>Telekom Deutschland GmbH. (2022). <em>Bedienungsanleitung-speedport-smart-3<\/em>. <a rel=\"noreferrer noopener\" href=\"https:\/\/www.telekom.de\/hilfe\/downloads\/bedienungsanleitung-speedport-smart-3.pdf\" target=\"_blank\">https:\/\/www.telekom.de\/hilfe\/downloads\/bedienungsanleitung-speedport-smart-3.pdf<\/a><\/li>\n\n\n\n<li><em>WLAN-Sicherheit | Telekom Hilfe<\/em>. (o.&nbsp;J.). Abgerufen 1. Juni 2022, von <a rel=\"noreferrer noopener\" href=\"https:\/\/www.telekom.de\/hilfe\/festnetz-internet-tv\/sicherheit\/wlan-sicherheit?samChecked=true\" target=\"_blank\">https:\/\/www.telekom.de\/hilfe\/festnetz-internet-tv\/sicherheit\/wlan-sicherheit?samChecked=true<\/a><\/li>\n<\/ul>\n\n\n\n<p>Titelbild: Photo by <a href=\"https:\/\/unsplash.com\/@markusspiske?utm_source=unsplash&amp;utm_medium=referral&amp;utm_content=creditCopyText\">Markus Spiske<\/a> on <a href=\"https:\/\/unsplash.com\/s\/photos\/wlan?utm_source=unsplash&amp;utm_medium=referral&amp;utm_content=creditCopyText\">Unsplash<\/a><\/p>\n<div data-animation=\"no-animation\" data-icons-animation=\"no-animation\" data-overlay=\"\" data-change-size=\"\" data-button-size=\"0.7\" style=\"font-size:0.7em!important;display:none;\" class=\"supsystic-social-sharing supsystic-social-sharing-package-flat supsystic-social-sharing-spacing supsystic-social-sharing-content supsystic-social-sharing-content-align-left\" data-text=\"\"><a data-networks=\"[]\" class=\"social-sharing-button sharer-flat sharer-flat-1 counter-standard without-counter tooltip-icon facebook\" target=\"_blank\" title=\"auf Facebook teilen\" href=\"http:\/\/www.facebook.com\/sharer.php?u=https%3A%2F%2Fmia.phtg.ch%2F%3Fp%3D4110\" data-main-href=\"http:\/\/www.facebook.com\/sharer.php?u={url}\" data-nid=\"1\" data-name=\"\" data-pid=\"1\" data-post-id=\"4110\" data-url=\"https:\/\/mia.phtg.ch\/wp-admin\/admin-ajax.php\" rel=\"nofollow\" data-mailto=\"\"><i class=\"fa-ssbs fa-ssbs-fw fa-ssbs-facebook\"><\/i><div class=\"counter-wrap standard\"><span class=\"counter\">1<\/span><\/div><\/a><a data-networks=\"[]\" class=\"social-sharing-button sharer-flat sharer-flat-1 counter-standard without-counter tooltip-icon twitter\" target=\"_blank\" title=\"auf Twitter teilen\" href=\"https:\/\/twitter.com\/share?url=https%3A%2F%2Fmia.phtg.ch%2F%3Fp%3D4110&text=Reduktion+der+Strahlenbelastung+an+Schulen\" data-main-href=\"https:\/\/twitter.com\/share?url={url}&text={title}\" data-nid=\"2\" data-name=\"\" data-pid=\"1\" data-post-id=\"4110\" data-url=\"https:\/\/mia.phtg.ch\/wp-admin\/admin-ajax.php\" rel=\"nofollow\" data-mailto=\"\"><i class=\"fa-ssbs fa-ssbs-fw fa-ssbs-twitter\"><\/i><div class=\"counter-wrap standard\"><span class=\"counter\">0<\/span><\/div><\/a><a data-networks=\"[]\" class=\"social-sharing-button sharer-flat sharer-flat-1 counter-standard without-counter tooltip-icon linkedin\" target=\"_blank\" title=\"auf Linkedin teilen\" href=\"https:\/\/www.linkedin.com\/shareArticle?mini=true&title=Reduktion+der+Strahlenbelastung+an+Schulen&url=https%3A%2F%2Fmia.phtg.ch%2F%3Fp%3D4110\" data-main-href=\"https:\/\/www.linkedin.com\/shareArticle?mini=true&title={title}&url={url}\" data-nid=\"13\" data-name=\"\" data-pid=\"1\" data-post-id=\"4110\" data-url=\"https:\/\/mia.phtg.ch\/wp-admin\/admin-ajax.php\" rel=\"nofollow\" data-mailto=\"\"><i class=\"fa-ssbs fa-ssbs-fw fa-ssbs-linkedin\"><\/i><div class=\"counter-wrap standard\"><span class=\"counter\">0<\/span><\/div><\/a><a data-networks=\"[]\" class=\"social-sharing-button sharer-flat sharer-flat-1 counter-standard without-counter tooltip-icon mail\" target=\"_blank\" title=\"per E-Mail teilen\" href=\"#\" data-main-href=\"#\" data-nid=\"16\" data-name=\"\" data-pid=\"1\" data-post-id=\"4110\" data-url=\"https:\/\/mia.phtg.ch\/wp-admin\/admin-ajax.php\" rel=\"nofollow\" data-mailto=\"\"><i class=\"fa-ssbs fa-ssbs-fw fa-ssbs-envelope-o\"><\/i><div class=\"counter-wrap standard\"><span class=\"counter\">0<\/span><\/div><\/a><\/div>","protected":false},"excerpt":{"rendered":"<p>Reduktion der Strahlenbelastung an Schulen Einfluss der Strahlenbelastung auf unsere Gesundheit \u2013 ein Thema, das unsere \u00d6ffentlich-rechtlichen Medien nur selten streifen. Wird es einmal angesprochen,&hellip;<\/p>\n<div data-animation=\"no-animation\" data-icons-animation=\"no-animation\" data-overlay=\"\" data-change-size=\"\" data-button-size=\"0.7\" style=\"font-size:0.7em!important;display:none;\" class=\"supsystic-social-sharing supsystic-social-sharing-package-flat supsystic-social-sharing-spacing supsystic-social-sharing-content supsystic-social-sharing-content-align-left\" data-text=\"\"><a data-networks=\"[]\" class=\"social-sharing-button sharer-flat sharer-flat-1 counter-standard without-counter tooltip-icon facebook\" target=\"_blank\" title=\"auf Facebook teilen\" href=\"http:\/\/www.facebook.com\/sharer.php?u=https%3A%2F%2Fmia.phtg.ch%2F%3Fp%3D4110\" data-main-href=\"http:\/\/www.facebook.com\/sharer.php?u={url}\" data-nid=\"1\" data-name=\"\" data-pid=\"1\" data-post-id=\"4110\" data-url=\"https:\/\/mia.phtg.ch\/wp-admin\/admin-ajax.php\" rel=\"nofollow\" data-mailto=\"\"><i class=\"fa-ssbs fa-ssbs-fw fa-ssbs-facebook\"><\/i><div class=\"counter-wrap standard\"><span class=\"counter\">1<\/span><\/div><\/a><a data-networks=\"[]\" class=\"social-sharing-button sharer-flat sharer-flat-1 counter-standard without-counter tooltip-icon twitter\" target=\"_blank\" title=\"auf Twitter teilen\" href=\"https:\/\/twitter.com\/share?url=https%3A%2F%2Fmia.phtg.ch%2F%3Fp%3D4110&text=Reduktion+der+Strahlenbelastung+an+Schulen\" data-main-href=\"https:\/\/twitter.com\/share?url={url}&text={title}\" data-nid=\"2\" data-name=\"\" data-pid=\"1\" data-post-id=\"4110\" data-url=\"https:\/\/mia.phtg.ch\/wp-admin\/admin-ajax.php\" rel=\"nofollow\" data-mailto=\"\"><i class=\"fa-ssbs fa-ssbs-fw fa-ssbs-twitter\"><\/i><div class=\"counter-wrap standard\"><span class=\"counter\">0<\/span><\/div><\/a><a data-networks=\"[]\" class=\"social-sharing-button sharer-flat sharer-flat-1 counter-standard without-counter tooltip-icon linkedin\" target=\"_blank\" title=\"auf Linkedin teilen\" href=\"https:\/\/www.linkedin.com\/shareArticle?mini=true&title=Reduktion+der+Strahlenbelastung+an+Schulen&url=https%3A%2F%2Fmia.phtg.ch%2F%3Fp%3D4110\" data-main-href=\"https:\/\/www.linkedin.com\/shareArticle?mini=true&title={title}&url={url}\" data-nid=\"13\" data-name=\"\" data-pid=\"1\" data-post-id=\"4110\" data-url=\"https:\/\/mia.phtg.ch\/wp-admin\/admin-ajax.php\" rel=\"nofollow\" data-mailto=\"\"><i class=\"fa-ssbs fa-ssbs-fw fa-ssbs-linkedin\"><\/i><div class=\"counter-wrap standard\"><span class=\"counter\">0<\/span><\/div><\/a><a data-networks=\"[]\" class=\"social-sharing-button sharer-flat sharer-flat-1 counter-standard without-counter tooltip-icon mail\" target=\"_blank\" title=\"per E-Mail teilen\" href=\"#\" data-main-href=\"#\" data-nid=\"16\" data-name=\"\" data-pid=\"1\" data-post-id=\"4110\" data-url=\"https:\/\/mia.phtg.ch\/wp-admin\/admin-ajax.php\" rel=\"nofollow\" data-mailto=\"\"><i class=\"fa-ssbs fa-ssbs-fw fa-ssbs-envelope-o\"><\/i><div class=\"counter-wrap standard\"><span class=\"counter\">0<\/span><\/div><\/a><\/div>","protected":false},"author":24,"featured_media":4333,"comment_status":"open","ping_status":"open","sticky":false,"template":"","format":"standard","meta":{"footnotes":""},"categories":[422],"tags":[420,421,419],"class_list":["post-4110","post","type-post","status-publish","format-standard","has-post-thumbnail","hentry","category-infrastruktur","tag-mikrowelle","tag-strahlung","tag-wlan"],"_links":{"self":[{"href":"https:\/\/mia.phtg.ch\/index.php?rest_route=\/wp\/v2\/posts\/4110","targetHints":{"allow":["GET"]}}],"collection":[{"href":"https:\/\/mia.phtg.ch\/index.php?rest_route=\/wp\/v2\/posts"}],"about":[{"href":"https:\/\/mia.phtg.ch\/index.php?rest_route=\/wp\/v2\/types\/post"}],"author":[{"embeddable":true,"href":"https:\/\/mia.phtg.ch\/index.php?rest_route=\/wp\/v2\/users\/24"}],"replies":[{"embeddable":true,"href":"https:\/\/mia.phtg.ch\/index.php?rest_route=%2Fwp%2Fv2%2Fcomments&post=4110"}],"version-history":[{"count":12,"href":"https:\/\/mia.phtg.ch\/index.php?rest_route=\/wp\/v2\/posts\/4110\/revisions"}],"predecessor-version":[{"id":4332,"href":"https:\/\/mia.phtg.ch\/index.php?rest_route=\/wp\/v2\/posts\/4110\/revisions\/4332"}],"wp:featuredmedia":[{"embeddable":true,"href":"https:\/\/mia.phtg.ch\/index.php?rest_route=\/wp\/v2\/media\/4333"}],"wp:attachment":[{"href":"https:\/\/mia.phtg.ch\/index.php?rest_route=%2Fwp%2Fv2%2Fmedia&parent=4110"}],"wp:term":[{"taxonomy":"category","embeddable":true,"href":"https:\/\/mia.phtg.ch\/index.php?rest_route=%2Fwp%2Fv2%2Fcategories&post=4110"},{"taxonomy":"post_tag","embeddable":true,"href":"https:\/\/mia.phtg.ch\/index.php?rest_route=%2Fwp%2Fv2%2Ftags&post=4110"}],"curies":[{"name":"wp","href":"https:\/\/api.w.org\/{rel}","templated":true}]}}