{"id":4186,"date":"2022-09-12T13:01:00","date_gmt":"2022-09-12T11:01:00","guid":{"rendered":"https:\/\/mia.phtg.ch\/?p=4186"},"modified":"2023-05-13T11:31:04","modified_gmt":"2023-05-13T09:31:04","slug":"mia-integrativ-im-zyklus-1","status":"publish","type":"post","link":"https:\/\/mia.phtg.ch\/?p=4186","title":{"rendered":"MIA integrativ im Zyklus 1"},"content":{"rendered":"\n<p class=\"has-text-color has-large-font-size\" style=\"color:#9b214c\"><strong>MIA integrativ im Zyklus 1 <\/strong><\/p>\n\n\n\n<div class=\"wp-block-cover is-light has-custom-content-position is-position-top-right\" style=\"min-height:232px;aspect-ratio:unset;\"><span aria-hidden=\"true\" class=\"wp-block-cover__background has-background-dim-10 has-background-dim\"><\/span><img loading=\"lazy\" decoding=\"async\" width=\"1446\" height=\"1187\" class=\"wp-block-cover__image-background wp-image-4142\" alt=\"\" src=\"https:\/\/mia.phtg.ch\/wp-content\/uploads\/2022\/08\/MIintegrativ.png\" style=\"object-position:63% 8%\" data-object-fit=\"cover\" data-object-position=\"63% 8%\" srcset=\"https:\/\/mia.phtg.ch\/wp-content\/uploads\/2022\/08\/MIintegrativ.png 1446w, https:\/\/mia.phtg.ch\/wp-content\/uploads\/2022\/08\/MIintegrativ-300x246.png 300w, https:\/\/mia.phtg.ch\/wp-content\/uploads\/2022\/08\/MIintegrativ-1024x841.png 1024w, https:\/\/mia.phtg.ch\/wp-content\/uploads\/2022\/08\/MIintegrativ-768x630.png 768w\" sizes=\"auto, (max-width: 1446px) 100vw, 1446px\" \/><div class=\"wp-block-cover__inner-container is-layout-flow wp-block-cover-is-layout-flow\">\n<p class=\"has-text-align-center has-large-font-size\"><\/p>\n<\/div><\/div>\n\n\n\n<p class=\"has-text-color has-medium-font-size\" style=\"color:#9b214c\"><strong>THEMA Bauernhof (in einer 1.\/2. Klasse)<\/strong><\/p>\n\n\n\n<p>Das Thema wurde in der Primarschule Egnach in einer altersdurchmischten Klasse mit 25 Kindern umgesetzt.<\/p>\n\n\n\n<p><strong>Lehrperson:<\/strong> Christine Nold<\/p>\n\n\n\n<p class=\"has-small-font-size\">Lehrplanbezug: <a rel=\"noreferrer noopener\" href=\"https:\/\/tg.lehrplan.ch\/index.php?code=a|10|0|1|0|3\" target=\"_blank\">MI.1.3.b<\/a>, <a rel=\"noreferrer noopener\" href=\"https:\/\/tg.lehrplan.ch\/index.php?code=a|10|0|1|0|2\" target=\"_blank\">MI.1.2.c<\/a>, <a href=\"https:\/\/tg.lehrplan.ch\/index.php?code=a|10|0|1|0|2\">MI.1.2.a<\/a>, <a rel=\"noreferrer noopener\" href=\"https:\/\/tg.lehrplan.ch\/index.php?code=a|10|0|2|0|3\" target=\"_blank\">MI.2.3.d<\/a>, <a rel=\"noreferrer noopener\" href=\"https:\/\/tg.lehrplan.ch\/index.php?code=a|10|0|2|0|2\" target=\"_blank\">MI.2.2.a<\/a>, <a rel=\"noreferrer noopener\" href=\"https:\/\/tg.lehrplan.ch\/index.php?code=a|6|1|2|0|1\" target=\"_blank\">NMG.2.1.b<\/a>, <a rel=\"noreferrer noopener\" href=\"https:\/\/tg.lehrplan.ch\/index.php?code=a|6|1|2|0|4\" target=\"_blank\">NMG.2.4.a<\/a>, <a href=\"https:\/\/tg.lehrplan.ch\/index.php?code=a|1|11|4|3|1\">D.4.C.1.a<\/a>, <a href=\"https:\/\/tg.lehrplan.ch\/index.php?code=a|1|11|4|3|1\">D.4.C.1.b<\/a>, <a href=\"https:\/\/tg.lehrplan.ch\/index.php?code=a|1|11|4|4|1\">D.4.D.1.b<\/a>, <a href=\"https:\/\/tg.lehrplan.ch\/index.php?code=a|1|11|4|4|1\">D.4.D.1.c<\/a>, <a href=\"https:\/\/tg.lehrplan.ch\/index.php?code=a|7|1|2|3|1\" target=\"_blank\" rel=\"noreferrer noopener\">BG.2.C.1<\/a><\/p>\n\n\n\n<p><strong>Lektionen: <\/strong>6 <br>Die sechs Unterrichtseinheiten wurden dabei \u00fcber einen Zeitraum von einem Monat haupts\u00e4chlich verteilt auf den Halbklassenunterricht mit der 2. Klasse, zweitweise aber auch mit allen zusammen abgehalten.<\/p>\n\n\n\n<figure class=\"wp-block-image size-large\"><img loading=\"lazy\" decoding=\"async\" width=\"1024\" height=\"768\" src=\"https:\/\/mia.phtg.ch\/wp-content\/uploads\/2022\/09\/IMG_9095_kl-1024x768.jpeg\" alt=\"\" class=\"wp-image-4201\" srcset=\"https:\/\/mia.phtg.ch\/wp-content\/uploads\/2022\/09\/IMG_9095_kl-1024x768.jpeg 1024w, https:\/\/mia.phtg.ch\/wp-content\/uploads\/2022\/09\/IMG_9095_kl-300x225.jpeg 300w, https:\/\/mia.phtg.ch\/wp-content\/uploads\/2022\/09\/IMG_9095_kl-768x576.jpeg 768w, https:\/\/mia.phtg.ch\/wp-content\/uploads\/2022\/09\/IMG_9095_kl-1536x1152.jpeg 1536w, https:\/\/mia.phtg.ch\/wp-content\/uploads\/2022\/09\/IMG_9095_kl-2048x1536.jpeg 2048w\" sizes=\"auto, (max-width: 1024px) 100vw, 1024px\" \/><figcaption class=\"wp-element-caption\">Abbildung 1: Materialtisch und -wand beim Kursabschluss (MIA Z1) zum Projekt Bauernhof von Christine Nold<\/figcaption><\/figure>\n\n\n\n<blockquote class=\"wp-block-quote is-layout-flow wp-block-quote-is-layout-flow\">\n<p><strong>\u00ab<\/strong><em>Ich arbeite im Unterricht in meiner Stufe oft mit Bilderb\u00fcchern. W\u00e4hrend der Arbeit ist mir bewusst geworden, wie oft ich im Unterricht mit Medien und Informatik zu tun habe und bereits viele Kompetenzen anspreche. Wenn ich die Formulierungen der Kompetenzen in Medien und Informatik besser kenne, kann ich im Unterricht bewusster Bezug zur Sprache der Medienwelt herstellen.<\/em>\u00bb<\/p>\n<cite>Christine Nold<\/cite><\/blockquote>\n\n\n\n<p>Diesmal war das Ziel, Kompetenzen f\u00fcr Medien und Informatik bei der Planung zu ber\u00fccksichtigen und konkrete Angebote im Unterricht umzusetzen.<\/p>\n\n\n\n<p><strong>Ablauf \/ Ziele<\/strong><\/p>\n\n\n\n<div class=\"wp-block-media-text alignwide is-stacked-on-mobile\" style=\"grid-template-columns:35% auto\"><figure class=\"wp-block-media-text__media\"><img loading=\"lazy\" decoding=\"async\" width=\"1024\" height=\"756\" src=\"https:\/\/mia.phtg.ch\/wp-content\/uploads\/2022\/09\/B_Sortiermaschine-1024x756.png\" alt=\"Sortiermaschine\" class=\"wp-image-4206 size-full\" srcset=\"https:\/\/mia.phtg.ch\/wp-content\/uploads\/2022\/09\/B_Sortiermaschine-1024x756.png 1024w, https:\/\/mia.phtg.ch\/wp-content\/uploads\/2022\/09\/B_Sortiermaschine-300x221.png 300w, https:\/\/mia.phtg.ch\/wp-content\/uploads\/2022\/09\/B_Sortiermaschine-768x567.png 768w, https:\/\/mia.phtg.ch\/wp-content\/uploads\/2022\/09\/B_Sortiermaschine.png 1168w\" sizes=\"auto, (max-width: 1024px) 100vw, 1024px\" \/><\/figure><div class=\"wp-block-media-text__content\">\n<p class=\"has-small-font-size\"><strong>D, NMG, M&amp;I (1. und 2. Klasse)<\/strong><br>Die Kinder wissen, welche Tiere auf einem Bauernhof leben (Nutztier).<br>Sie lernen die Sortiermaschine kennen und versuchen Tiere nach Kriterien zu ordnen (lebend, wild lebend, Nutzen, hilfsbed\u00fcrftig: brauchen Futter), die Lehrperson hat daf\u00fcr Wortk\u00e4rtchen und Bildkarten vorbereitet. <\/p>\n<\/div><\/div>\n\n\n\n<p><\/p>\n\n\n\n<div class=\"wp-block-media-text alignwide is-stacked-on-mobile is-vertically-aligned-center\" style=\"grid-template-columns:35% auto\"><figure class=\"wp-block-media-text__media\"><img loading=\"lazy\" decoding=\"async\" width=\"770\" height=\"1024\" src=\"https:\/\/mia.phtg.ch\/wp-content\/uploads\/2022\/09\/BeeBot_Bauernhoftier_Futter2-770x1024.jpg\" alt=\"Beebot\" class=\"wp-image-4197 size-full\" srcset=\"https:\/\/mia.phtg.ch\/wp-content\/uploads\/2022\/09\/BeeBot_Bauernhoftier_Futter2-770x1024.jpg 770w, https:\/\/mia.phtg.ch\/wp-content\/uploads\/2022\/09\/BeeBot_Bauernhoftier_Futter2-226x300.jpg 226w, https:\/\/mia.phtg.ch\/wp-content\/uploads\/2022\/09\/BeeBot_Bauernhoftier_Futter2-768x1022.jpg 768w, https:\/\/mia.phtg.ch\/wp-content\/uploads\/2022\/09\/BeeBot_Bauernhoftier_Futter2.jpg 1045w\" sizes=\"auto, (max-width: 770px) 100vw, 770px\" \/><\/figure><div class=\"wp-block-media-text__content\">\n<p class=\"has-small-font-size\"><strong>D, NMG, M&amp;I (1. und 2. Klasse)<\/strong><br>Die Kinder lernen die BeeBot kennen und k\u00f6nnen verschiedene Aufgaben programmieren. <br><br>Zum Beispiel: <br>vom Tier zum Futter oder (Kuh-Gras)<br>vom Muttertier zum jungen Tier (Kuh-Kalb)<\/p>\n\n\n\n<p class=\"has-small-font-size\">Tipps:<br>Spielerische \u00dcbungen mit den BeeBots und die geh\u00f6rten oder gelesenen Bilderbuchgeschichten k\u00f6nnen die Kinder f\u00fcr ihre sp\u00e4teren Geschichten <br>(Umsetzung z.B. als E-Books) inspirieren.<\/p>\n\n\n\n<p class=\"has-small-font-size\">Die BeeBot Aufgaben k\u00f6nnen nach guter Einf\u00fchrung als Zusatzarbeit \/ Postenarbeit im Unterricht eingebaut werden. Gerade bei den Aufgaben mit dem BeeBot konnten die Kinder differenziert arbeiten und Erfahrungen sammeln.<\/p>\n<\/div><\/div>\n\n\n\n<p><\/p>\n\n\n\n<div class=\"wp-block-media-text alignwide is-stacked-on-mobile\" style=\"grid-template-columns:35% auto\"><figure class=\"wp-block-media-text__media\"><img loading=\"lazy\" decoding=\"async\" width=\"770\" height=\"1024\" src=\"https:\/\/mia.phtg.ch\/wp-content\/uploads\/2022\/09\/B_Kind_am_Laptop_rechcherche-770x1024.jpg\" alt=\"Recherche\" class=\"wp-image-4200 size-full\" srcset=\"https:\/\/mia.phtg.ch\/wp-content\/uploads\/2022\/09\/B_Kind_am_Laptop_rechcherche-770x1024.jpg 770w, https:\/\/mia.phtg.ch\/wp-content\/uploads\/2022\/09\/B_Kind_am_Laptop_rechcherche-226x300.jpg 226w, https:\/\/mia.phtg.ch\/wp-content\/uploads\/2022\/09\/B_Kind_am_Laptop_rechcherche-768x1022.jpg 768w, https:\/\/mia.phtg.ch\/wp-content\/uploads\/2022\/09\/B_Kind_am_Laptop_rechcherche.jpg 1045w\" sizes=\"auto, (max-width: 770px) 100vw, 770px\" \/><\/figure><div class=\"wp-block-media-text__content\">\n<p class=\"has-small-font-size\"><strong>D, NMG, M&amp;I (2. Klasse)<\/strong><br>Die Kinder recherchieren im Internet auf vorgegebenen Webseiten nach Bildern und Informationen zu einem Bauernhoftier. (Siehe Papierstreifen)<br>Die Kinder lernen dabei mit grundlegenden Elementen der Bedieneroberfl\u00e4che umzugehen (Fenster, Men\u00fc, mehrere ge\u00f6ffnete Programme) und gewinnen Sicherheit.<br>Die SuS k\u00f6nnen Texte am Computer verfassen.<\/p>\n\n\n\n<p class=\"has-small-font-size\"><br><strong>D (2. Klasse)<\/strong><br>Die Kinder formulieren aus ihren Recherchen zu einen Bauernhoftiere eine einfache Geschichten, sie erarbeiten die Grundlage f\u00fcr eine einfache Geschichte im BookCreator und halten diese dort schriftlich fest.<\/p>\n\n\n\n<p class=\"has-small-font-size\"><\/p>\n<\/div><\/div>\n\n\n\n<p><\/p>\n\n\n\n<div class=\"wp-block-media-text alignwide is-stacked-on-mobile has-white-background-color has-background\" style=\"grid-template-columns:35% auto\"><figure class=\"wp-block-media-text__media\"><img loading=\"lazy\" decoding=\"async\" width=\"374\" height=\"344\" src=\"https:\/\/mia.phtg.ch\/wp-content\/uploads\/2022\/09\/BookcreatorBSP.png\" alt=\"bookcreatorBsp\" class=\"wp-image-4202 size-full\" srcset=\"https:\/\/mia.phtg.ch\/wp-content\/uploads\/2022\/09\/BookcreatorBSP.png 374w, https:\/\/mia.phtg.ch\/wp-content\/uploads\/2022\/09\/BookcreatorBSP-300x276.png 300w\" sizes=\"auto, (max-width: 374px) 100vw, 374px\" \/><\/figure><div class=\"wp-block-media-text__content\">\n<p class=\"has-small-font-size\"><strong>D, NMG, M&amp;I (2. Klasse)<\/strong><br>Die Kinder gestalten eine eigene Geschichte mit dem App BookCreator.<br>In der Geschichte sind verschiedene Bauernhoftiere in Bildern zu erkennen. Die Tiere werden in der Geschichte in ihrem nat\u00fcrlichen Lebensraum beschrieben.<br>Die Szenen werden von den Kindern aufgebaut (siehe Bild links). <br>Die Fotos werden direkt im App BookCreator und deren Auswahl im Men\u00fc (Bilder, eigene Szenen mit Kamera) aufgenommen.<br>Im App BookCreator werden auch die Tonaufnahmen zu der Geschichte gemacht.<\/p>\n<\/div><\/div>\n\n\n\n<p><\/p>\n\n\n\n<div class=\"wp-block-media-text alignwide is-stacked-on-mobile\" style=\"grid-template-columns:35% auto\"><figure class=\"wp-block-media-text__media\"><img loading=\"lazy\" decoding=\"async\" width=\"1024\" height=\"768\" src=\"https:\/\/mia.phtg.ch\/wp-content\/uploads\/2022\/09\/B_Drechbuch_kl-1024x768.jpeg\" alt=\"\" class=\"wp-image-4203 size-full\" srcset=\"https:\/\/mia.phtg.ch\/wp-content\/uploads\/2022\/09\/B_Drechbuch_kl-1024x768.jpeg 1024w, https:\/\/mia.phtg.ch\/wp-content\/uploads\/2022\/09\/B_Drechbuch_kl-300x225.jpeg 300w, https:\/\/mia.phtg.ch\/wp-content\/uploads\/2022\/09\/B_Drechbuch_kl-768x576.jpeg 768w, https:\/\/mia.phtg.ch\/wp-content\/uploads\/2022\/09\/B_Drechbuch_kl-1536x1152.jpeg 1536w, https:\/\/mia.phtg.ch\/wp-content\/uploads\/2022\/09\/B_Drechbuch_kl-2048x1536.jpeg 2048w\" sizes=\"auto, (max-width: 1024px) 100vw, 1024px\" \/><\/figure><div class=\"wp-block-media-text__content\">\n<p class=\"has-small-font-size\"><strong>D, M&amp;I (2. Klasse)<\/strong><br>Die Kinder erstellen ein Storyboard. <br>Das Storyboard ist die Grundlage f\u00fcr den Stopmotion Filme.<br>Sie stellen mit den Figuren eine Szene f\u00fcr eine Stopmotion Video <br>auf und bringen die Figuren in Bewegung.<\/p>\n<\/div><\/div>\n\n\n\n<p><\/p>\n\n\n\n<div class=\"wp-block-media-text alignwide is-stacked-on-mobile\" style=\"grid-template-columns:35% auto\"><figure class=\"wp-block-media-text__media\"><img loading=\"lazy\" decoding=\"async\" width=\"1024\" height=\"768\" src=\"https:\/\/mia.phtg.ch\/wp-content\/uploads\/2022\/09\/BG_Schaf_kl-1024x768.jpeg\" alt=\"KunstundSchf\" class=\"wp-image-4205 size-full\" srcset=\"https:\/\/mia.phtg.ch\/wp-content\/uploads\/2022\/09\/BG_Schaf_kl-1024x768.jpeg 1024w, https:\/\/mia.phtg.ch\/wp-content\/uploads\/2022\/09\/BG_Schaf_kl-300x225.jpeg 300w, https:\/\/mia.phtg.ch\/wp-content\/uploads\/2022\/09\/BG_Schaf_kl-768x576.jpeg 768w, https:\/\/mia.phtg.ch\/wp-content\/uploads\/2022\/09\/BG_Schaf_kl-1536x1152.jpeg 1536w, https:\/\/mia.phtg.ch\/wp-content\/uploads\/2022\/09\/BG_Schaf_kl-2048x1536.jpeg 2048w\" sizes=\"auto, (max-width: 1024px) 100vw, 1024px\" \/><\/figure><div class=\"wp-block-media-text__content\">\n<p class=\"has-small-font-size\"><strong>BG, D (1. und 2. Klasse)<\/strong><br>Die Kinder gestalten im Word-Programm mit einer selbstgew\u00e4hlten Schrift eine ganze Seite mit den Worten Schaf. Dies wird f\u00fcr das bildnerische Gestalten von weiteren Schafbildern verwendet.<\/p>\n<\/div><\/div>\n\n\n\n<p><\/p>\n\n\n\n<div class=\"wp-block-media-text alignwide is-stacked-on-mobile\" style=\"grid-template-columns:35% auto\"><figure class=\"wp-block-media-text__media\"><img loading=\"lazy\" decoding=\"async\" width=\"1024\" height=\"703\" src=\"https:\/\/mia.phtg.ch\/wp-content\/uploads\/2022\/09\/B_Plakat-1024x703.jpg\" alt=\"\" class=\"wp-image-4204 size-full\" srcset=\"https:\/\/mia.phtg.ch\/wp-content\/uploads\/2022\/09\/B_Plakat-1024x703.jpg 1024w, https:\/\/mia.phtg.ch\/wp-content\/uploads\/2022\/09\/B_Plakat-300x206.jpg 300w, https:\/\/mia.phtg.ch\/wp-content\/uploads\/2022\/09\/B_Plakat-768x527.jpg 768w, https:\/\/mia.phtg.ch\/wp-content\/uploads\/2022\/09\/B_Plakat-1536x1055.jpg 1536w, https:\/\/mia.phtg.ch\/wp-content\/uploads\/2022\/09\/B_Plakat-2048x1407.jpg 2048w\" sizes=\"auto, (max-width: 1024px) 100vw, 1024px\" \/><\/figure><div class=\"wp-block-media-text__content\">\n<p class=\"has-small-font-size\">Zum Abschluss des Projekts gibt es eine Pr\u00e4sentation am Elternbesuchsabend MeinBlick.<\/p>\n\n\n\n<p class=\"has-small-font-size\">Es werden die Gruppenplakate \u00fcber Bauernhoftiere gezeigt und die 2. Kl\u00e4ssler zeigen zudem ihre erstellten Geschichten mit dem BookCreator.<\/p>\n<\/div><\/div>\n\n\n\n<p><\/p>\n\n\n\n<p>F\u00fcr das Recherchieren im Internet Streifen mit erlaubten Webseiten auflegen: <br><a href=\"https:\/\/klexikon.zum.de\/\">klexikon.zum.de<\/a><br><a href=\"https:\/\/www.blinde-kuh.de\/\">blinde-kuh.de<\/a><br><a href=\"https:\/\/www.planet-wissen.de\/\">planet-wissen.de<\/a><br><a href=\"https:\/\/pixabay.com\/\">pixabay.com<\/a> (Bildersuche)<br><br>Weiterf\u00fchrende Tipps \/ Materialen aus mia4you.ch<br><a rel=\"noreferrer noopener\" href=\"https:\/\/www.mia4u.ch\/katalog\/medien-und-medienbeitraege-produzieren\/unterrichtseinheit\/stop-motion-im-zyklus-1\" target=\"_blank\">StopMotion im Zyklus 1<\/a><br><a rel=\"noreferrer noopener\" href=\"https:\/\/www.mia4u.ch\/fileadmin\/user_upload\/Unterrichtsbeispiele\/Stop-Motion_z1\/vorlage-drehbuch.pdf\" target=\"_blank\">Drehbuchvorlage<\/a><\/p>\n\n\n\n<p>Wer Infos zur Detailplanung w\u00fcnscht, kann sich gerne an Christine Nold wenden.<\/p>\n<div data-animation=\"no-animation\" data-icons-animation=\"no-animation\" data-overlay=\"\" data-change-size=\"\" data-button-size=\"0.7\" style=\"font-size:0.7em!important;display:none;\" class=\"supsystic-social-sharing supsystic-social-sharing-package-flat supsystic-social-sharing-spacing supsystic-social-sharing-content supsystic-social-sharing-content-align-left\" data-text=\"\"><a data-networks=\"[]\" class=\"social-sharing-button sharer-flat sharer-flat-1 counter-standard without-counter tooltip-icon facebook\" target=\"_blank\" title=\"auf Facebook teilen\" href=\"http:\/\/www.facebook.com\/sharer.php?u=https%3A%2F%2Fmia.phtg.ch%2F%3Fp%3D4186\" data-main-href=\"http:\/\/www.facebook.com\/sharer.php?u={url}\" data-nid=\"1\" data-name=\"\" data-pid=\"1\" data-post-id=\"4186\" data-url=\"https:\/\/mia.phtg.ch\/wp-admin\/admin-ajax.php\" rel=\"nofollow\" data-mailto=\"\"><i class=\"fa-ssbs fa-ssbs-fw fa-ssbs-facebook\"><\/i><div class=\"counter-wrap standard\"><span class=\"counter\">0<\/span><\/div><\/a><a data-networks=\"[]\" class=\"social-sharing-button sharer-flat sharer-flat-1 counter-standard without-counter tooltip-icon twitter\" target=\"_blank\" title=\"auf Twitter teilen\" href=\"https:\/\/twitter.com\/share?url=https%3A%2F%2Fmia.phtg.ch%2F%3Fp%3D4186&text=MIA+integrativ+im+Zyklus+1\" data-main-href=\"https:\/\/twitter.com\/share?url={url}&text={title}\" data-nid=\"2\" data-name=\"\" data-pid=\"1\" data-post-id=\"4186\" data-url=\"https:\/\/mia.phtg.ch\/wp-admin\/admin-ajax.php\" rel=\"nofollow\" data-mailto=\"\"><i class=\"fa-ssbs fa-ssbs-fw fa-ssbs-twitter\"><\/i><div class=\"counter-wrap standard\"><span class=\"counter\">0<\/span><\/div><\/a><a data-networks=\"[]\" class=\"social-sharing-button sharer-flat sharer-flat-1 counter-standard without-counter tooltip-icon linkedin\" target=\"_blank\" title=\"auf Linkedin teilen\" href=\"https:\/\/www.linkedin.com\/shareArticle?mini=true&title=MIA+integrativ+im+Zyklus+1&url=https%3A%2F%2Fmia.phtg.ch%2F%3Fp%3D4186\" data-main-href=\"https:\/\/www.linkedin.com\/shareArticle?mini=true&title={title}&url={url}\" data-nid=\"13\" data-name=\"\" data-pid=\"1\" data-post-id=\"4186\" data-url=\"https:\/\/mia.phtg.ch\/wp-admin\/admin-ajax.php\" rel=\"nofollow\" data-mailto=\"\"><i class=\"fa-ssbs fa-ssbs-fw fa-ssbs-linkedin\"><\/i><div class=\"counter-wrap standard\"><span class=\"counter\">1<\/span><\/div><\/a><a data-networks=\"[]\" class=\"social-sharing-button sharer-flat sharer-flat-1 counter-standard without-counter tooltip-icon mail\" target=\"_blank\" title=\"per E-Mail teilen\" href=\"#\" data-main-href=\"#\" data-nid=\"16\" data-name=\"\" data-pid=\"1\" data-post-id=\"4186\" data-url=\"https:\/\/mia.phtg.ch\/wp-admin\/admin-ajax.php\" rel=\"nofollow\" data-mailto=\"\"><i class=\"fa-ssbs fa-ssbs-fw fa-ssbs-envelope-o\"><\/i><div class=\"counter-wrap standard\"><span class=\"counter\">0<\/span><\/div><\/a><\/div>","protected":false},"excerpt":{"rendered":"<p>MIA integrativ im Zyklus 1 THEMA Bauernhof (in einer 1.\/2. Klasse) Das Thema wurde in der Primarschule Egnach in einer altersdurchmischten Klasse mit 25 Kindern&hellip;<\/p>\n<div data-animation=\"no-animation\" data-icons-animation=\"no-animation\" data-overlay=\"\" data-change-size=\"\" data-button-size=\"0.7\" style=\"font-size:0.7em!important;display:none;\" class=\"supsystic-social-sharing supsystic-social-sharing-package-flat supsystic-social-sharing-spacing supsystic-social-sharing-content supsystic-social-sharing-content-align-left\" data-text=\"\"><a data-networks=\"[]\" class=\"social-sharing-button sharer-flat sharer-flat-1 counter-standard without-counter tooltip-icon facebook\" target=\"_blank\" title=\"auf Facebook teilen\" href=\"http:\/\/www.facebook.com\/sharer.php?u=https%3A%2F%2Fmia.phtg.ch%2F%3Fp%3D4186\" data-main-href=\"http:\/\/www.facebook.com\/sharer.php?u={url}\" data-nid=\"1\" data-name=\"\" data-pid=\"1\" data-post-id=\"4186\" data-url=\"https:\/\/mia.phtg.ch\/wp-admin\/admin-ajax.php\" rel=\"nofollow\" data-mailto=\"\"><i class=\"fa-ssbs fa-ssbs-fw fa-ssbs-facebook\"><\/i><div class=\"counter-wrap standard\"><span class=\"counter\">0<\/span><\/div><\/a><a data-networks=\"[]\" class=\"social-sharing-button sharer-flat sharer-flat-1 counter-standard without-counter tooltip-icon twitter\" target=\"_blank\" title=\"auf Twitter teilen\" href=\"https:\/\/twitter.com\/share?url=https%3A%2F%2Fmia.phtg.ch%2F%3Fp%3D4186&text=MIA+integrativ+im+Zyklus+1\" data-main-href=\"https:\/\/twitter.com\/share?url={url}&text={title}\" data-nid=\"2\" data-name=\"\" data-pid=\"1\" data-post-id=\"4186\" data-url=\"https:\/\/mia.phtg.ch\/wp-admin\/admin-ajax.php\" rel=\"nofollow\" data-mailto=\"\"><i class=\"fa-ssbs fa-ssbs-fw fa-ssbs-twitter\"><\/i><div class=\"counter-wrap standard\"><span class=\"counter\">0<\/span><\/div><\/a><a data-networks=\"[]\" class=\"social-sharing-button sharer-flat sharer-flat-1 counter-standard without-counter tooltip-icon linkedin\" target=\"_blank\" title=\"auf Linkedin teilen\" href=\"https:\/\/www.linkedin.com\/shareArticle?mini=true&title=MIA+integrativ+im+Zyklus+1&url=https%3A%2F%2Fmia.phtg.ch%2F%3Fp%3D4186\" data-main-href=\"https:\/\/www.linkedin.com\/shareArticle?mini=true&title={title}&url={url}\" data-nid=\"13\" data-name=\"\" data-pid=\"1\" data-post-id=\"4186\" data-url=\"https:\/\/mia.phtg.ch\/wp-admin\/admin-ajax.php\" rel=\"nofollow\" data-mailto=\"\"><i class=\"fa-ssbs fa-ssbs-fw fa-ssbs-linkedin\"><\/i><div class=\"counter-wrap standard\"><span class=\"counter\">1<\/span><\/div><\/a><a data-networks=\"[]\" class=\"social-sharing-button sharer-flat sharer-flat-1 counter-standard without-counter tooltip-icon mail\" target=\"_blank\" title=\"per E-Mail teilen\" href=\"#\" data-main-href=\"#\" data-nid=\"16\" data-name=\"\" data-pid=\"1\" data-post-id=\"4186\" data-url=\"https:\/\/mia.phtg.ch\/wp-admin\/admin-ajax.php\" rel=\"nofollow\" data-mailto=\"\"><i class=\"fa-ssbs fa-ssbs-fw fa-ssbs-envelope-o\"><\/i><div class=\"counter-wrap standard\"><span class=\"counter\">0<\/span><\/div><\/a><\/div>","protected":false},"author":29,"featured_media":4344,"comment_status":"open","ping_status":"open","sticky":false,"template":"","format":"standard","meta":{"footnotes":""},"categories":[25,23,351,10,283,38,230,271,1,137,51,290],"tags":[26,281,46,346,73,308,284,106,178,42,142],"class_list":["post-4186","post","type-post","status-publish","format-standard","has-post-thumbnail","hentry","category-anwendungskompetenzen","category-informatik","category-interdisziplinaer","category-medien","category-mia-praxis","category-phtg","category-primarstufe","category-schule","category-uncategorized","category-unterricht","category-weiterbildung","category-zyklus-1","tag-informatik","tag-medien-informatik-anwenderkompetenzen","tag-medien-und-informatik","tag-medienbeitraege-produzieren","tag-mediennutzung","tag-mia-unterricht","tag-mia-praxis","tag-mia21","tag-nmg","tag-weiterbildung","tag-zyklus-1-2"],"_links":{"self":[{"href":"https:\/\/mia.phtg.ch\/index.php?rest_route=\/wp\/v2\/posts\/4186","targetHints":{"allow":["GET"]}}],"collection":[{"href":"https:\/\/mia.phtg.ch\/index.php?rest_route=\/wp\/v2\/posts"}],"about":[{"href":"https:\/\/mia.phtg.ch\/index.php?rest_route=\/wp\/v2\/types\/post"}],"author":[{"embeddable":true,"href":"https:\/\/mia.phtg.ch\/index.php?rest_route=\/wp\/v2\/users\/29"}],"replies":[{"embeddable":true,"href":"https:\/\/mia.phtg.ch\/index.php?rest_route=%2Fwp%2Fv2%2Fcomments&post=4186"}],"version-history":[{"count":28,"href":"https:\/\/mia.phtg.ch\/index.php?rest_route=\/wp\/v2\/posts\/4186\/revisions"}],"predecessor-version":[{"id":4261,"href":"https:\/\/mia.phtg.ch\/index.php?rest_route=\/wp\/v2\/posts\/4186\/revisions\/4261"}],"wp:featuredmedia":[{"embeddable":true,"href":"https:\/\/mia.phtg.ch\/index.php?rest_route=\/wp\/v2\/media\/4344"}],"wp:attachment":[{"href":"https:\/\/mia.phtg.ch\/index.php?rest_route=%2Fwp%2Fv2%2Fmedia&parent=4186"}],"wp:term":[{"taxonomy":"category","embeddable":true,"href":"https:\/\/mia.phtg.ch\/index.php?rest_route=%2Fwp%2Fv2%2Fcategories&post=4186"},{"taxonomy":"post_tag","embeddable":true,"href":"https:\/\/mia.phtg.ch\/index.php?rest_route=%2Fwp%2Fv2%2Ftags&post=4186"}],"curies":[{"name":"wp","href":"https:\/\/api.w.org\/{rel}","templated":true}]}}