{"id":4345,"date":"2023-05-13T11:33:43","date_gmt":"2023-05-13T09:33:43","guid":{"rendered":"https:\/\/mia.phtg.ch\/?p=4345"},"modified":"2023-05-13T11:34:34","modified_gmt":"2023-05-13T09:34:34","slug":"go-live-fachstelle-schule-und-digitaliaet","status":"publish","type":"post","link":"https:\/\/mia.phtg.ch\/?p=4345","title":{"rendered":"Go Live! Fachstelle Schule und Digitali\u00e4t"},"content":{"rendered":"\n<p>Die Fachstelle \u00abSchule und Digitalit\u00e4t\u00bb sieht ihre Kernaufgabe darin, Chancen und Potenziale des digitalen Wandels aufzuzeigen sowie Schulen beim Umgang mit der Digitalisierung zu unterst\u00fctzen und zu begleiten. Dazu werden Weiterbildungen und Praxisideen f\u00fcr Lehrpersonen und Schulklassen angeboten. Die Fachstelle ist zudem Anlauf- und Beratungsstelle f\u00fcr alle aktiven iScouts.<br>&nbsp;<\/p>\n\n\n\n<p>Das Angebot der Fachstelle Schule und Digitalit\u00e4t:<\/p>\n\n\n\n<p><strong>MakerSpace &amp; campusTV<\/strong><br>Produzieren Sie mit der Klasse eine eigene TV-Sendung oder f\u00f6rdern Sie in unserem eigenen MakerSpace die Kreativit\u00e4t Ihrer Sch\u00fclerinnen und Sch\u00fcler.<\/p>\n\n\n\n<p><strong>Schule im Wandel<\/strong><br>Ob Impulstag, Innovationsworkshop oder massgeschneiderte Begleitung: Gemeinsam gestalten wir Schulentwicklungsthemen rund um Digitalit\u00e4t.<\/p>\n\n\n\n<p><strong>Materialausleihe<\/strong><br>3D-Drucker, Roboter und vieles mehr: In der Medienwerkstatt k\u00f6nnen Sie verschiedene Medien ausleihen und sich von unserer Fachstelle beraten lassen.<\/p>\n\n\n\n<p><strong>NaTech digital<\/strong><br>Nutzen Sie dieses Angebot, wenn Sie im Rahmen einer Projektwoche ihre Sch\u00fclerinnen und Sch\u00fcler zum T\u00fcfteln, Forschen und Staunen bringen m\u00f6chten.&nbsp;<\/p>\n\n\n\n<p><strong>Weiterbildungen f\u00fcr Lehrpersonen<\/strong><br>Wir unterst\u00fctzen Sie und Ihre Klasse mit einem breiten Kursangebot zu Medien und Informatik und f\u00e4cher\u00fcbergreifenden Themen wie z.B. \u00abMaking\u00bb.<\/p>\n\n\n\n<p><strong>Fokus \u00abiScout\u00bb&nbsp;<\/strong><br>Neben der Ausbildung zum iScout sind wir erste Anlauf- und Beratungsstelle f\u00fcr alle aktiven iScouts.<\/p>\n\n\n\n<p><br><strong><a href=\"https:\/\/www.schuleunddigitalitaet.phtg.ch\/de\/\">zur neuen Website<\/a><\/strong><\/p>\n<div data-animation=\"no-animation\" data-icons-animation=\"no-animation\" data-overlay=\"\" data-change-size=\"\" data-button-size=\"0.7\" style=\"font-size:0.7em!important;display:none;\" class=\"supsystic-social-sharing supsystic-social-sharing-package-flat supsystic-social-sharing-spacing supsystic-social-sharing-content supsystic-social-sharing-content-align-left\" data-text=\"\"><a data-networks=\"[]\" class=\"social-sharing-button sharer-flat sharer-flat-1 counter-standard without-counter tooltip-icon facebook\" target=\"_blank\" title=\"auf Facebook teilen\" href=\"http:\/\/www.facebook.com\/sharer.php?u=https%3A%2F%2Fmia.phtg.ch%2F%3Fp%3D4345\" data-main-href=\"http:\/\/www.facebook.com\/sharer.php?u={url}\" data-nid=\"1\" data-name=\"\" data-pid=\"1\" data-post-id=\"4345\" data-url=\"https:\/\/mia.phtg.ch\/wp-admin\/admin-ajax.php\" rel=\"nofollow\" data-mailto=\"\"><i class=\"fa-ssbs fa-ssbs-fw fa-ssbs-facebook\"><\/i><div class=\"counter-wrap standard\"><span class=\"counter\">0<\/span><\/div><\/a><a data-networks=\"[]\" class=\"social-sharing-button sharer-flat sharer-flat-1 counter-standard without-counter tooltip-icon twitter\" target=\"_blank\" title=\"auf Twitter teilen\" href=\"https:\/\/twitter.com\/share?url=https%3A%2F%2Fmia.phtg.ch%2F%3Fp%3D4345&text=Go+Live%21+Fachstelle+Schule+und+Digitali%C3%A4t\" data-main-href=\"https:\/\/twitter.com\/share?url={url}&text={title}\" data-nid=\"2\" data-name=\"\" data-pid=\"1\" data-post-id=\"4345\" data-url=\"https:\/\/mia.phtg.ch\/wp-admin\/admin-ajax.php\" rel=\"nofollow\" data-mailto=\"\"><i class=\"fa-ssbs fa-ssbs-fw fa-ssbs-twitter\"><\/i><div class=\"counter-wrap standard\"><span class=\"counter\">0<\/span><\/div><\/a><a data-networks=\"[]\" class=\"social-sharing-button sharer-flat sharer-flat-1 counter-standard without-counter tooltip-icon linkedin\" target=\"_blank\" title=\"auf Linkedin teilen\" href=\"https:\/\/www.linkedin.com\/shareArticle?mini=true&title=Go+Live%21+Fachstelle+Schule+und+Digitali%C3%A4t&url=https%3A%2F%2Fmia.phtg.ch%2F%3Fp%3D4345\" data-main-href=\"https:\/\/www.linkedin.com\/shareArticle?mini=true&title={title}&url={url}\" data-nid=\"13\" data-name=\"\" data-pid=\"1\" data-post-id=\"4345\" data-url=\"https:\/\/mia.phtg.ch\/wp-admin\/admin-ajax.php\" rel=\"nofollow\" data-mailto=\"\"><i class=\"fa-ssbs fa-ssbs-fw fa-ssbs-linkedin\"><\/i><div class=\"counter-wrap standard\"><span class=\"counter\">0<\/span><\/div><\/a><a data-networks=\"[]\" class=\"social-sharing-button sharer-flat sharer-flat-1 counter-standard without-counter tooltip-icon mail\" target=\"_blank\" title=\"per E-Mail teilen\" href=\"#\" data-main-href=\"#\" data-nid=\"16\" data-name=\"\" data-pid=\"1\" data-post-id=\"4345\" data-url=\"https:\/\/mia.phtg.ch\/wp-admin\/admin-ajax.php\" rel=\"nofollow\" data-mailto=\"\"><i class=\"fa-ssbs fa-ssbs-fw fa-ssbs-envelope-o\"><\/i><div class=\"counter-wrap standard\"><span class=\"counter\">0<\/span><\/div><\/a><\/div>","protected":false},"excerpt":{"rendered":"<p>Die Fachstelle \u00abSchule und Digitalit\u00e4t\u00bb sieht ihre Kernaufgabe darin, Chancen und Potenziale des digitalen Wandels aufzuzeigen sowie Schulen beim Umgang mit der Digitalisierung zu unterst\u00fctzen&hellip;<\/p>\n<div data-animation=\"no-animation\" data-icons-animation=\"no-animation\" data-overlay=\"\" data-change-size=\"\" data-button-size=\"0.7\" style=\"font-size:0.7em!important;display:none;\" class=\"supsystic-social-sharing supsystic-social-sharing-package-flat supsystic-social-sharing-spacing supsystic-social-sharing-content supsystic-social-sharing-content-align-left\" data-text=\"\"><a data-networks=\"[]\" class=\"social-sharing-button sharer-flat sharer-flat-1 counter-standard without-counter tooltip-icon facebook\" target=\"_blank\" title=\"auf Facebook teilen\" href=\"http:\/\/www.facebook.com\/sharer.php?u=https%3A%2F%2Fmia.phtg.ch%2F%3Fp%3D4345\" data-main-href=\"http:\/\/www.facebook.com\/sharer.php?u={url}\" data-nid=\"1\" data-name=\"\" data-pid=\"1\" data-post-id=\"4345\" data-url=\"https:\/\/mia.phtg.ch\/wp-admin\/admin-ajax.php\" rel=\"nofollow\" data-mailto=\"\"><i class=\"fa-ssbs fa-ssbs-fw fa-ssbs-facebook\"><\/i><div class=\"counter-wrap standard\"><span class=\"counter\">0<\/span><\/div><\/a><a data-networks=\"[]\" class=\"social-sharing-button sharer-flat sharer-flat-1 counter-standard without-counter tooltip-icon twitter\" target=\"_blank\" title=\"auf Twitter teilen\" href=\"https:\/\/twitter.com\/share?url=https%3A%2F%2Fmia.phtg.ch%2F%3Fp%3D4345&text=Go+Live%21+Fachstelle+Schule+und+Digitali%C3%A4t\" data-main-href=\"https:\/\/twitter.com\/share?url={url}&text={title}\" data-nid=\"2\" data-name=\"\" data-pid=\"1\" data-post-id=\"4345\" data-url=\"https:\/\/mia.phtg.ch\/wp-admin\/admin-ajax.php\" rel=\"nofollow\" data-mailto=\"\"><i class=\"fa-ssbs fa-ssbs-fw fa-ssbs-twitter\"><\/i><div class=\"counter-wrap standard\"><span class=\"counter\">0<\/span><\/div><\/a><a data-networks=\"[]\" class=\"social-sharing-button sharer-flat sharer-flat-1 counter-standard without-counter tooltip-icon linkedin\" target=\"_blank\" title=\"auf Linkedin teilen\" href=\"https:\/\/www.linkedin.com\/shareArticle?mini=true&title=Go+Live%21+Fachstelle+Schule+und+Digitali%C3%A4t&url=https%3A%2F%2Fmia.phtg.ch%2F%3Fp%3D4345\" data-main-href=\"https:\/\/www.linkedin.com\/shareArticle?mini=true&title={title}&url={url}\" data-nid=\"13\" data-name=\"\" data-pid=\"1\" data-post-id=\"4345\" data-url=\"https:\/\/mia.phtg.ch\/wp-admin\/admin-ajax.php\" rel=\"nofollow\" data-mailto=\"\"><i class=\"fa-ssbs fa-ssbs-fw fa-ssbs-linkedin\"><\/i><div class=\"counter-wrap standard\"><span class=\"counter\">0<\/span><\/div><\/a><a data-networks=\"[]\" class=\"social-sharing-button sharer-flat sharer-flat-1 counter-standard without-counter tooltip-icon mail\" target=\"_blank\" title=\"per E-Mail teilen\" href=\"#\" data-main-href=\"#\" data-nid=\"16\" data-name=\"\" data-pid=\"1\" data-post-id=\"4345\" data-url=\"https:\/\/mia.phtg.ch\/wp-admin\/admin-ajax.php\" rel=\"nofollow\" data-mailto=\"\"><i class=\"fa-ssbs fa-ssbs-fw fa-ssbs-envelope-o\"><\/i><div class=\"counter-wrap standard\"><span class=\"counter\">0<\/span><\/div><\/a><\/div>","protected":false},"author":23,"featured_media":4348,"comment_status":"open","ping_status":"open","sticky":false,"template":"","format":"standard","meta":{"footnotes":""},"categories":[24,38],"tags":[41,42],"class_list":["post-4345","post","type-post","status-publish","format-standard","has-post-thumbnail","hentry","category-mia","category-phtg","tag-iscout","tag-weiterbildung"],"_links":{"self":[{"href":"https:\/\/mia.phtg.ch\/index.php?rest_route=\/wp\/v2\/posts\/4345","targetHints":{"allow":["GET"]}}],"collection":[{"href":"https:\/\/mia.phtg.ch\/index.php?rest_route=\/wp\/v2\/posts"}],"about":[{"href":"https:\/\/mia.phtg.ch\/index.php?rest_route=\/wp\/v2\/types\/post"}],"author":[{"embeddable":true,"href":"https:\/\/mia.phtg.ch\/index.php?rest_route=\/wp\/v2\/users\/23"}],"replies":[{"embeddable":true,"href":"https:\/\/mia.phtg.ch\/index.php?rest_route=%2Fwp%2Fv2%2Fcomments&post=4345"}],"version-history":[{"count":1,"href":"https:\/\/mia.phtg.ch\/index.php?rest_route=\/wp\/v2\/posts\/4345\/revisions"}],"predecessor-version":[{"id":4347,"href":"https:\/\/mia.phtg.ch\/index.php?rest_route=\/wp\/v2\/posts\/4345\/revisions\/4347"}],"wp:featuredmedia":[{"embeddable":true,"href":"https:\/\/mia.phtg.ch\/index.php?rest_route=\/wp\/v2\/media\/4348"}],"wp:attachment":[{"href":"https:\/\/mia.phtg.ch\/index.php?rest_route=%2Fwp%2Fv2%2Fmedia&parent=4345"}],"wp:term":[{"taxonomy":"category","embeddable":true,"href":"https:\/\/mia.phtg.ch\/index.php?rest_route=%2Fwp%2Fv2%2Fcategories&post=4345"},{"taxonomy":"post_tag","embeddable":true,"href":"https:\/\/mia.phtg.ch\/index.php?rest_route=%2Fwp%2Fv2%2Ftags&post=4345"}],"curies":[{"name":"wp","href":"https:\/\/api.w.org\/{rel}","templated":true}]}}