{"id":4360,"date":"2023-05-24T09:30:01","date_gmt":"2023-05-24T07:30:01","guid":{"rendered":"https:\/\/mia.phtg.ch\/?p=4360"},"modified":"2023-05-23T09:31:30","modified_gmt":"2023-05-23T07:31:30","slug":"11-ausstattung-erfahrungen-aus-der-praxis-ein-interview","status":"publish","type":"post","link":"https:\/\/mia.phtg.ch\/?p=4360","title":{"rendered":"1:1-Ausstattung \u2013 Erfahrungen aus der Praxis \u2013 ein Interview\u00a0\u00a0\u00a0\u00a0\u00a0\u00a0\u00a0\u00a0\u00a0\u00a0"},"content":{"rendered":"\n<h1 class=\"wp-block-heading has-text-color\" style=\"color:#678c96\"><strong>1:1-Ausstattung \u2013 Erfahrungen aus der Praxis \u2013 ein Interview&nbsp;&nbsp;&nbsp;&nbsp;&nbsp;&nbsp;&nbsp;&nbsp;&nbsp;&nbsp;&nbsp; <\/strong><\/h1>\n\n\n\n<p><strong>\u00ab\u2026schwache Kinder profitieren beim Schreiben enorm\u2026\u00bb<\/strong> <\/p>\n\n\n\n<p>Vielerorts wird \u00fcber die 1:1-Ausstattung mit Ger\u00e4ten in der Primarschule diskutiert. Der IT-Dienst der Schule Rapperswil-Jona initiierte die Anschaffung von Ger\u00e4ten f\u00fcr alle Sch\u00fclerinnen und Sch\u00fcler ab der 5. Klasse auf Herbst 2022.<\/p>\n\n\n\n<p>Wo liegen die Chancen, welches sind die Herausforderungen und welche Stolpersteine gilt es zu beachten? Brigitte Ard\u00fcser, Primarlehrerin und PICTS in Rapperswil-Jona, gibt Auskunft.<\/p>\n\n\n<div class=\"wp-block-image\">\n<figure class=\"alignright is-resized\"><img loading=\"lazy\" decoding=\"async\" src=\"https:\/\/mia.phtg.ch\/wp-content\/uploads\/2023\/05\/Abbildung1_-1zu1Ausstattung_-IsabelleWoodtli.jpeg\" alt=\"\" class=\"wp-image-4361\" width=\"323\" height=\"323\" srcset=\"https:\/\/mia.phtg.ch\/wp-content\/uploads\/2023\/05\/Abbildung1_-1zu1Ausstattung_-IsabelleWoodtli.jpeg 512w, https:\/\/mia.phtg.ch\/wp-content\/uploads\/2023\/05\/Abbildung1_-1zu1Ausstattung_-IsabelleWoodtli-300x300.jpeg 300w, https:\/\/mia.phtg.ch\/wp-content\/uploads\/2023\/05\/Abbildung1_-1zu1Ausstattung_-IsabelleWoodtli-150x150.jpeg 150w\" sizes=\"auto, (max-width: 323px) 100vw, 323px\" \/><\/figure>\n<\/div>\n\n\n<p><strong>Gab es spezielle Schulungen f\u00fcr die Beteiligten?<\/strong><\/p>\n\n\n\n<p>Ja. Die MIM (Medien- und Informatikmentoren) schulten die PICTS, diese waren verantwortlich f\u00fcr die Schulung der Lehrpersonen. Die MIM gaben eine Checkliste an Anforderungen an die Lehrkr\u00e4fte heraus, die erf\u00fcllt werden mussten. Dies waren zum Beispiel: Dokumente abspeichern mit OneDrive, Dokumente teilen, Teams beherrschen. Vor allem also Microsoft 365-Programme. Ausserdem erstellten die MIM auf Sharepoint eine Plattform mit den wichtigsten Infos, damit das eigene Ger\u00e4t aufgesetzt werden konnte.<\/p>\n\n\n\n<p>Die Sch\u00fclerinnen und Sch\u00fcler wurden dann wiederum von ihren Lehrkr\u00e4ften instruiert, wie sie ihre eigenen Ger\u00e4te aufsetzen und Apps herunterladen mussten. Die hat sehr gut geklappt. Wir hatten mit viel mehr Problemen gerechnet.<\/p>\n\n\n\n<p><strong>Hat sich durch die Anschaffung erh\u00f6hter Bedarf an Elternarbeit ergeben?<\/strong><\/p>\n\n\n\n<p>Es gab einzig einen verpflichtenden Elternabend, den die Schulleitung mit den PICTS leitete. Dazu kamen vereinzelte Eltern, die die Vereinbarung nicht unterschreiben und dar\u00fcber diskutieren oder einzelne Punkte herausstreichen wollten. Ausserdem gab es Eltern, die sagten, sie h\u00e4tten gen\u00fcgend Ger\u00e4te zuhause und wollten das Schulger\u00e4t sicher nicht auch noch im Haus haben. Die Vereinbarungen wurden dann individuell angepasst.<\/p>\n\n\n\n<p><strong>Wie ist das Interesse der SuS an der Arbeit mit den Ger\u00e4ten?<\/strong><\/p>\n\n\n\n<p>Riesig! Sie freuen sich jedes Mal, wenn sie das Ger\u00e4t nutzen d\u00fcrfen.<\/p>\n\n\n\n<p><strong>D\u00fcrfen die Ger\u00e4te nach Hause genommen werden?<\/strong><\/p>\n\n\n\n<p>Grunds\u00e4tzlich entscheidet jede Schuleinheit selbst, wie das gehandhabt wird. Dazu gibt es die erw\u00e4hnte Vereinbarung mit den Eltern. In der Praxis ist es aber so, dass es auch innerhalb des Schulhauses unterschiedlich macht wird. W\u00e4hrend einige die Ger\u00e4te in den Ferien nach Hause geben, m\u00f6chten andere Lehrkr\u00e4fte sie selbst \u00fcbers Wochenende in der Schule haben. Das f\u00fchrt oft wieder zu Diskussionen mit den Kindern.<\/p>\n\n\n\n<p><strong>Nutzt ihr die digitalen Versionen von Lehrmitteln oder weiterhin gedruckte Ausgaben?<\/strong><\/p>\n\n\n\n<p>Wir haben noch mehrheitlich B\u00fccher. Aus meiner Sicht sind die meisten Lehrmittel, mit Ausnahme von <em>Dis-donc,<\/em> noch nicht parat. So bietet beispielsweise die digitale Version des Mathebuches keinen Mehrwert, ist aber im Endeffekt um einiges teurer.<\/p>\n\n\n<div class=\"wp-block-image\">\n<figure class=\"alignleft size-full is-resized\"><img loading=\"lazy\" decoding=\"async\" src=\"https:\/\/mia.phtg.ch\/wp-content\/uploads\/2023\/05\/Abbildung2-_1zu1Ausstattung_IsabelleWoodtli.jpg\" alt=\"\" class=\"wp-image-4362\" width=\"447\" height=\"355\" srcset=\"https:\/\/mia.phtg.ch\/wp-content\/uploads\/2023\/05\/Abbildung2-_1zu1Ausstattung_IsabelleWoodtli.jpg 773w, https:\/\/mia.phtg.ch\/wp-content\/uploads\/2023\/05\/Abbildung2-_1zu1Ausstattung_IsabelleWoodtli-300x239.jpg 300w, https:\/\/mia.phtg.ch\/wp-content\/uploads\/2023\/05\/Abbildung2-_1zu1Ausstattung_IsabelleWoodtli-768x611.jpg 768w\" sizes=\"auto, (max-width: 447px) 100vw, 447px\" \/><figcaption class=\"wp-element-caption\">Abbildung 2 &#8211; deepai.org<\/figcaption><\/figure>\n<\/div>\n\n\n<p><strong>Kannst du uns einen Einblick geben \u00fcber Arbeiten, die mit den Ger\u00e4ten erledigt werden?<\/strong><\/p>\n\n\n\n<p>Ein Beispiel aus dem Deutschunterricht ist ein kollaborativer Schreibanlass. Nach der analogen Ideensuche schrieben die Sch\u00fclerinnen und Sch\u00fcler in einem geteilten Worddokument gemeinsam an der Geschichte. Besonders Kindern, die keinen sch\u00f6nen Schreibablauf haben, erleichtert der Computer das Schreiben enorm, selbst wenn sie das Zehnfingersystem, das eigentlich ab der 3. Klasse ge\u00fcbt wird, nicht beherrschen.<\/p>\n\n\n\n<p>Ich setze das Ger\u00e4t oft im Wochenplan als Teil des \u00dcbens ein, in dem ich Online-\u00dcbungen anbiete, als Ersatz f\u00fcr ein Arbeitsblatt.<\/p>\n\n\n\n<p><strong>Habt ihr eine definierte Liste mit Anwendungen, die die Klassen nutzen sollen, oder sind die Lehrkr\u00e4fte frei in der Wahl der Plattformen, Apps und Webseiten?<\/strong><\/p>\n\n\n\n<p>Wir erwarten, dass haupts\u00e4chlich mit Microsoft 365 gearbeitet wird, da wir all diese Zug\u00e4nge gekauft haben. Andere kostenpflichtige Anwendungen wollen wir so weit wie m\u00f6glich reduzieren.<\/p>\n\n\n\n<p><strong>Was ist deiner Meinung nach der gr\u00f6sste Gewinn, der mit den Ger\u00e4ten erzielt werden konnte?<\/strong><\/p>\n\n\n\n<p>Ich finde, extrem schwache Kinder, Kinder mit Lese-Rechtschreibeproblem oder fremdsprachige Kinder profitieren beim Schreiben enorm von den Wordtools wie Rechtschreibprogramm, Editor, Vorlesefunktion. Ein weiterer Gewinn ist die Motivation, die viel gr\u00f6sser ist, wenn der Text auf dem Laptop geschrieben werden darf.<\/p>\n\n\n\n<p><strong>Vor welchen Stolpersteinen kannst du uns warnen, damit wir nicht auch dar\u00fcber fallen?<\/strong><\/p>\n\n\n\n<p>Etwas vom Schwierigsten ist bei uns die Aufbewahrung der Ger\u00e4te. Die Laptops samt Ladeger\u00e4t werden in der H\u00fclle auf der Fensterbank deponiert. Es war kein Budget f\u00fcr Schr\u00e4nke mit Ladefunktion vorhanden. So erlebe ich es h\u00e4ufig, dass ich den Unterricht starte und mehrere Kinder den Akku nicht geladen haben.<\/p>\n\n\n\n<p>Weiter gilt es zu \u00fcberdenken, was passiert, wenn du zwei Lektionen mit dem Laptop geplant hast und einer sein Passwort nicht mehr weiss. Oder ein Kind den Laptop nicht dabeihat. Das sind die m\u00fchsamen Sachen.<\/p>\n\n\n\n<p>Die Schere ist auch in diesem Bereich riesig. Wir haben Sch\u00fcler, die Cracks sind und programmieren k\u00f6nnen, w\u00e4hrend andere ewig brauchen, um sich einzuloggen, und noch keine Ahnung vom Ger\u00e4t haben. Eigentlich br\u00e4uchte es auch hier ISF-Lektionen.<\/p>\n\n\n\n<p>Das Gespr\u00e4ch fand am 9. M\u00e4rz 2023 statt.<\/p>\n\n\n\n<p><\/p>\n\n\n\n<p><em>Isabelle Woodtli, Primarlehrerin in Wallenwil, in Ausbildung zum iScout<\/em><\/p>\n<div data-animation=\"no-animation\" data-icons-animation=\"no-animation\" data-overlay=\"\" data-change-size=\"\" data-button-size=\"0.7\" style=\"font-size:0.7em!important;display:none;\" class=\"supsystic-social-sharing supsystic-social-sharing-package-flat supsystic-social-sharing-spacing supsystic-social-sharing-content supsystic-social-sharing-content-align-left\" data-text=\"\"><a data-networks=\"[]\" class=\"social-sharing-button sharer-flat sharer-flat-1 counter-standard without-counter tooltip-icon facebook\" target=\"_blank\" title=\"auf Facebook teilen\" href=\"http:\/\/www.facebook.com\/sharer.php?u=https%3A%2F%2Fmia.phtg.ch%2F%3Fp%3D4360\" data-main-href=\"http:\/\/www.facebook.com\/sharer.php?u={url}\" data-nid=\"1\" data-name=\"\" data-pid=\"1\" data-post-id=\"4360\" data-url=\"https:\/\/mia.phtg.ch\/wp-admin\/admin-ajax.php\" rel=\"nofollow\" data-mailto=\"\"><i class=\"fa-ssbs fa-ssbs-fw fa-ssbs-facebook\"><\/i><div class=\"counter-wrap standard\"><span class=\"counter\">0<\/span><\/div><\/a><a data-networks=\"[]\" class=\"social-sharing-button sharer-flat sharer-flat-1 counter-standard without-counter tooltip-icon twitter\" target=\"_blank\" title=\"auf Twitter teilen\" href=\"https:\/\/twitter.com\/share?url=https%3A%2F%2Fmia.phtg.ch%2F%3Fp%3D4360&text=1%3A1-Ausstattung+%E2%80%93+Erfahrungen+aus+der+Praxis+%E2%80%93+ein+Interview%C2%A0%C2%A0%C2%A0%C2%A0%C2%A0%C2%A0%C2%A0%C2%A0%C2%A0%C2%A0\" data-main-href=\"https:\/\/twitter.com\/share?url={url}&text={title}\" data-nid=\"2\" data-name=\"\" data-pid=\"1\" data-post-id=\"4360\" data-url=\"https:\/\/mia.phtg.ch\/wp-admin\/admin-ajax.php\" rel=\"nofollow\" data-mailto=\"\"><i class=\"fa-ssbs fa-ssbs-fw fa-ssbs-twitter\"><\/i><div class=\"counter-wrap standard\"><span class=\"counter\">0<\/span><\/div><\/a><a data-networks=\"[]\" class=\"social-sharing-button sharer-flat sharer-flat-1 counter-standard without-counter tooltip-icon linkedin\" target=\"_blank\" title=\"auf Linkedin teilen\" href=\"https:\/\/www.linkedin.com\/shareArticle?mini=true&title=1%3A1-Ausstattung+%E2%80%93+Erfahrungen+aus+der+Praxis+%E2%80%93+ein+Interview%C2%A0%C2%A0%C2%A0%C2%A0%C2%A0%C2%A0%C2%A0%C2%A0%C2%A0%C2%A0&url=https%3A%2F%2Fmia.phtg.ch%2F%3Fp%3D4360\" data-main-href=\"https:\/\/www.linkedin.com\/shareArticle?mini=true&title={title}&url={url}\" data-nid=\"13\" data-name=\"\" data-pid=\"1\" data-post-id=\"4360\" data-url=\"https:\/\/mia.phtg.ch\/wp-admin\/admin-ajax.php\" rel=\"nofollow\" data-mailto=\"\"><i class=\"fa-ssbs fa-ssbs-fw fa-ssbs-linkedin\"><\/i><div class=\"counter-wrap standard\"><span class=\"counter\">0<\/span><\/div><\/a><a data-networks=\"[]\" class=\"social-sharing-button sharer-flat sharer-flat-1 counter-standard without-counter tooltip-icon mail\" target=\"_blank\" title=\"per E-Mail teilen\" href=\"#\" data-main-href=\"#\" data-nid=\"16\" data-name=\"\" data-pid=\"1\" data-post-id=\"4360\" data-url=\"https:\/\/mia.phtg.ch\/wp-admin\/admin-ajax.php\" rel=\"nofollow\" data-mailto=\"\"><i class=\"fa-ssbs fa-ssbs-fw fa-ssbs-envelope-o\"><\/i><div class=\"counter-wrap standard\"><span class=\"counter\">0<\/span><\/div><\/a><\/div>","protected":false},"excerpt":{"rendered":"<p>1:1-Ausstattung \u2013 Erfahrungen aus der Praxis \u2013 ein Interview&nbsp;&nbsp;&nbsp;&nbsp;&nbsp;&nbsp;&nbsp;&nbsp;&nbsp;&nbsp;&nbsp; \u00ab\u2026schwache Kinder profitieren beim Schreiben enorm\u2026\u00bb Vielerorts wird \u00fcber die 1:1-Ausstattung mit Ger\u00e4ten in der Primarschule&hellip;<\/p>\n<div data-animation=\"no-animation\" data-icons-animation=\"no-animation\" data-overlay=\"\" data-change-size=\"\" data-button-size=\"0.7\" style=\"font-size:0.7em!important;display:none;\" class=\"supsystic-social-sharing supsystic-social-sharing-package-flat supsystic-social-sharing-spacing supsystic-social-sharing-content supsystic-social-sharing-content-align-left\" data-text=\"\"><a data-networks=\"[]\" class=\"social-sharing-button sharer-flat sharer-flat-1 counter-standard without-counter tooltip-icon facebook\" target=\"_blank\" title=\"auf Facebook teilen\" href=\"http:\/\/www.facebook.com\/sharer.php?u=https%3A%2F%2Fmia.phtg.ch%2F%3Fp%3D4360\" data-main-href=\"http:\/\/www.facebook.com\/sharer.php?u={url}\" data-nid=\"1\" data-name=\"\" data-pid=\"1\" data-post-id=\"4360\" data-url=\"https:\/\/mia.phtg.ch\/wp-admin\/admin-ajax.php\" rel=\"nofollow\" data-mailto=\"\"><i class=\"fa-ssbs fa-ssbs-fw fa-ssbs-facebook\"><\/i><div class=\"counter-wrap standard\"><span class=\"counter\">0<\/span><\/div><\/a><a data-networks=\"[]\" class=\"social-sharing-button sharer-flat sharer-flat-1 counter-standard without-counter tooltip-icon twitter\" target=\"_blank\" title=\"auf Twitter teilen\" href=\"https:\/\/twitter.com\/share?url=https%3A%2F%2Fmia.phtg.ch%2F%3Fp%3D4360&text=1%3A1-Ausstattung+%E2%80%93+Erfahrungen+aus+der+Praxis+%E2%80%93+ein+Interview%C2%A0%C2%A0%C2%A0%C2%A0%C2%A0%C2%A0%C2%A0%C2%A0%C2%A0%C2%A0\" data-main-href=\"https:\/\/twitter.com\/share?url={url}&text={title}\" data-nid=\"2\" data-name=\"\" data-pid=\"1\" data-post-id=\"4360\" data-url=\"https:\/\/mia.phtg.ch\/wp-admin\/admin-ajax.php\" rel=\"nofollow\" data-mailto=\"\"><i class=\"fa-ssbs fa-ssbs-fw fa-ssbs-twitter\"><\/i><div class=\"counter-wrap standard\"><span class=\"counter\">0<\/span><\/div><\/a><a data-networks=\"[]\" class=\"social-sharing-button sharer-flat sharer-flat-1 counter-standard without-counter tooltip-icon linkedin\" target=\"_blank\" title=\"auf Linkedin teilen\" href=\"https:\/\/www.linkedin.com\/shareArticle?mini=true&title=1%3A1-Ausstattung+%E2%80%93+Erfahrungen+aus+der+Praxis+%E2%80%93+ein+Interview%C2%A0%C2%A0%C2%A0%C2%A0%C2%A0%C2%A0%C2%A0%C2%A0%C2%A0%C2%A0&url=https%3A%2F%2Fmia.phtg.ch%2F%3Fp%3D4360\" data-main-href=\"https:\/\/www.linkedin.com\/shareArticle?mini=true&title={title}&url={url}\" data-nid=\"13\" data-name=\"\" data-pid=\"1\" data-post-id=\"4360\" data-url=\"https:\/\/mia.phtg.ch\/wp-admin\/admin-ajax.php\" rel=\"nofollow\" data-mailto=\"\"><i class=\"fa-ssbs fa-ssbs-fw fa-ssbs-linkedin\"><\/i><div class=\"counter-wrap standard\"><span class=\"counter\">0<\/span><\/div><\/a><a data-networks=\"[]\" class=\"social-sharing-button sharer-flat sharer-flat-1 counter-standard without-counter tooltip-icon mail\" target=\"_blank\" title=\"per E-Mail teilen\" href=\"#\" data-main-href=\"#\" data-nid=\"16\" data-name=\"\" data-pid=\"1\" data-post-id=\"4360\" data-url=\"https:\/\/mia.phtg.ch\/wp-admin\/admin-ajax.php\" rel=\"nofollow\" data-mailto=\"\"><i class=\"fa-ssbs fa-ssbs-fw fa-ssbs-envelope-o\"><\/i><div class=\"counter-wrap standard\"><span class=\"counter\">0<\/span><\/div><\/a><\/div>","protected":false},"author":24,"featured_media":4370,"comment_status":"open","ping_status":"open","sticky":false,"template":"","format":"standard","meta":{"footnotes":""},"categories":[275,431,440],"tags":[439,86,272,83,81],"class_list":["post-4360","post","type-post","status-publish","format-standard","has-post-thumbnail","hentry","category-iscout","category-zyklus-2","category-zyklus-3","tag-11-ausstattung","tag-infrastruktur","tag-interview","tag-schulentwicklung","tag-unterricht"],"_links":{"self":[{"href":"https:\/\/mia.phtg.ch\/index.php?rest_route=\/wp\/v2\/posts\/4360","targetHints":{"allow":["GET"]}}],"collection":[{"href":"https:\/\/mia.phtg.ch\/index.php?rest_route=\/wp\/v2\/posts"}],"about":[{"href":"https:\/\/mia.phtg.ch\/index.php?rest_route=\/wp\/v2\/types\/post"}],"author":[{"embeddable":true,"href":"https:\/\/mia.phtg.ch\/index.php?rest_route=\/wp\/v2\/users\/24"}],"replies":[{"embeddable":true,"href":"https:\/\/mia.phtg.ch\/index.php?rest_route=%2Fwp%2Fv2%2Fcomments&post=4360"}],"version-history":[{"count":8,"href":"https:\/\/mia.phtg.ch\/index.php?rest_route=\/wp\/v2\/posts\/4360\/revisions"}],"predecessor-version":[{"id":4371,"href":"https:\/\/mia.phtg.ch\/index.php?rest_route=\/wp\/v2\/posts\/4360\/revisions\/4371"}],"wp:featuredmedia":[{"embeddable":true,"href":"https:\/\/mia.phtg.ch\/index.php?rest_route=\/wp\/v2\/media\/4370"}],"wp:attachment":[{"href":"https:\/\/mia.phtg.ch\/index.php?rest_route=%2Fwp%2Fv2%2Fmedia&parent=4360"}],"wp:term":[{"taxonomy":"category","embeddable":true,"href":"https:\/\/mia.phtg.ch\/index.php?rest_route=%2Fwp%2Fv2%2Fcategories&post=4360"},{"taxonomy":"post_tag","embeddable":true,"href":"https:\/\/mia.phtg.ch\/index.php?rest_route=%2Fwp%2Fv2%2Ftags&post=4360"}],"curies":[{"name":"wp","href":"https:\/\/api.w.org\/{rel}","templated":true}]}}