{"id":504,"date":"2019-03-15T14:32:56","date_gmt":"2019-03-15T12:32:56","guid":{"rendered":"https:\/\/mia.phtg.ch\/?p=504"},"modified":"2019-08-13T13:43:23","modified_gmt":"2019-08-13T11:43:23","slug":"mia21-kursangebot-sj-19-20","status":"publish","type":"post","link":"https:\/\/mia.phtg.ch\/?p=504","title":{"rendered":"MIA21-Kursangebot SJ 19\/20"},"content":{"rendered":"\n<p>Die MIA21-Weiterbildungsangebote f\u00fcr das Schuljahr 19\/20 sind auf der <strong><a href=\"https:\/\/www.phtg.ch\/weiterbildung\/uebersicht\/individuelle-weiterbildung\/medien-und-informatik\/\" target=\"_blank\" rel=\"noreferrer noopener\" aria-label=\" (\u00f6ffnet in neuem Tab)\">Website<\/a> <\/strong>der PHTG aufgeschaltet. Darunter finden Sie zwei neue Angebote:<\/p>\n\n\n\n<p><strong>Intensiv-Woche \u2212 <\/strong>Neu gibt es die M\u00f6glichkeit sich im Rahmen einer Blockwoche intensiv mit den Kompetenzbereichen Medien oder Informatik auseinanderzusetzen. In den Herbstferien (7.\u201311. Oktober 2019) ist jeweils ein Kompaktkurs Zyklus 2 Medien und ein Kompaktkurs Zyklus 2 Informatik geplant. Dabei finden jeweils am Morgen die einzelnen Blockveranstaltungen statt (f\u00fcnf Halbtage). Der Nachmittag ist f\u00fcr das Selbststudium reserviert. Damit gen\u00fcgend Zeit f\u00fcr die Umsetzung im eigenen Unterricht bleibt, findet der sechste und letzte Halbtag im Januar 2020 statt. (<a rel=\"noreferrer noopener\" aria-label=\" (\u00f6ffnet in neuem Tab)\" href=\"https:\/\/lehrplan21.phtg.ch\/de\/medien-und-informatik\/mia21-an-der-phtg\/\" target=\"_blank\"><strong>I<\/strong><\/a><strong><a href=\"https:\/\/www.phtg.ch\/weiterbildung\/uebersicht\/individuelle-weiterbildung\/medien-und-informatik\/mia21-an-der-phtg-kompaktweiterbildungen\/\" target=\"_blank\" rel=\"noreferrer noopener\" aria-label=\"nformationen zu den Formaten der Kompaktweiterbildungen an der PHTG (\u00f6ffnet in neuem Tab)\">nformationen zu den Formaten der Kompaktweiterbildungen an der PHTG<\/a><\/strong>).<\/p>\n\n\n\n<p><strong>MIA21-Anwendungskompetenzen \u2212 <\/strong>Ab Herbstsemester 2019 werden an der PHTG f\u00fcr die Zyklen 2 und 3 zus\u00e4tzlich Weiterbildungen zu Anwendungskompetenzen angeboten. Die Inhalte orientieren sich an den MIA21-Modulen. (<strong><a href=\"https:\/\/www.phtg.ch\/weiterbildung\/uebersicht\/individuelle-weiterbildung\/medien-und-informatik\/mia21-an-der-phtg-anwendungskompetenzen\/\" target=\"_blank\" rel=\"noreferrer noopener\" aria-label=\"Inhalte, Termine, Anmeldungen (\u00f6ffnet in neuem Tab)\">Inhalte, Termine, Anmeldungen<\/a><\/strong>)<\/p>\n\n\n\n<p>Im Schuljahr 2019\/20 sind folgende Angebote vorgesehen:<\/p>\n\n\n\n<ul class=\"wp-block-list\"><li><em>Herbstsemester 2019:<\/em> Pr\u00e4sentieren mit digitalen Medien (Heft Nr. 20). In dieser Weiterbildung werden die Grundlagen f\u00fcr gute Pr\u00e4sentationen mit digitalen Medien aufgezeigt. Dabei werden Aufbau, Gliederung und Gestaltung einer Pr\u00e4sentation durchleuchtet und die Ideen mit verschiedenen Pr\u00e4sentationsprogrammen umgesetzt. <\/li><li><em>Fr\u00fchlingssemester 2020:<\/em> Informationsrecherche (Heft Nr. 18). In dieser Weiterbildung wird aufgezeigt, wie die Kompetenz der Informationsrecherche in vielen Fachbereichen und im Modul Medien und Informatik im allt\u00e4glichen Unterricht eine Rolle spielen soll. Viele Ideen k\u00f6nnen f\u00fcr den eignen Unterricht adaptiert werden.<\/li><\/ul>\n\n\n\n<p>Die detaillierten Informationen zu s\u00e4mtlichen Weiterbildungen sind auf der <strong><a href=\"https:\/\/www.phtg.ch\/weiterbildung\/uebersicht\/individuelle-weiterbildung\/medien-und-informatik\/\" target=\"_blank\" rel=\"noreferrer noopener\" aria-label=\" (\u00f6ffnet in neuem Tab)\">Website<\/a> <\/strong>der PHTG aufgeschaltet.<\/p>\n\n\n\n<p>(Quelle Titelbild: <a href=\"https:\/\/de.fotolia.com\/\">Fotolia<\/a>)<\/p>\n<div data-animation=\"no-animation\" data-icons-animation=\"no-animation\" data-overlay=\"\" data-change-size=\"\" data-button-size=\"0.7\" style=\"font-size:0.7em!important;display:none;\" class=\"supsystic-social-sharing supsystic-social-sharing-package-flat supsystic-social-sharing-spacing supsystic-social-sharing-content supsystic-social-sharing-content-align-left\" data-text=\"\"><a data-networks=\"[]\" class=\"social-sharing-button sharer-flat sharer-flat-1 counter-standard without-counter tooltip-icon facebook\" target=\"_blank\" title=\"auf Facebook teilen\" href=\"http:\/\/www.facebook.com\/sharer.php?u=https%3A%2F%2Fmia.phtg.ch%2F%3Fp%3D504\" data-main-href=\"http:\/\/www.facebook.com\/sharer.php?u={url}\" data-nid=\"1\" data-name=\"\" data-pid=\"1\" data-post-id=\"504\" data-url=\"https:\/\/mia.phtg.ch\/wp-admin\/admin-ajax.php\" rel=\"nofollow\" data-mailto=\"\"><i class=\"fa-ssbs fa-ssbs-fw fa-ssbs-facebook\"><\/i><div class=\"counter-wrap standard\"><span class=\"counter\">0<\/span><\/div><\/a><a data-networks=\"[]\" class=\"social-sharing-button sharer-flat sharer-flat-1 counter-standard without-counter tooltip-icon twitter\" target=\"_blank\" title=\"auf Twitter teilen\" href=\"https:\/\/twitter.com\/share?url=https%3A%2F%2Fmia.phtg.ch%2F%3Fp%3D504&text=MIA21-Kursangebot+SJ+19%2F20\" data-main-href=\"https:\/\/twitter.com\/share?url={url}&text={title}\" data-nid=\"2\" data-name=\"\" data-pid=\"1\" data-post-id=\"504\" data-url=\"https:\/\/mia.phtg.ch\/wp-admin\/admin-ajax.php\" rel=\"nofollow\" data-mailto=\"\"><i class=\"fa-ssbs fa-ssbs-fw fa-ssbs-twitter\"><\/i><div class=\"counter-wrap standard\"><span class=\"counter\">0<\/span><\/div><\/a><a data-networks=\"[]\" class=\"social-sharing-button sharer-flat sharer-flat-1 counter-standard without-counter tooltip-icon linkedin\" target=\"_blank\" title=\"auf Linkedin teilen\" href=\"https:\/\/www.linkedin.com\/shareArticle?mini=true&title=MIA21-Kursangebot+SJ+19%2F20&url=https%3A%2F%2Fmia.phtg.ch%2F%3Fp%3D504\" data-main-href=\"https:\/\/www.linkedin.com\/shareArticle?mini=true&title={title}&url={url}\" data-nid=\"13\" data-name=\"\" data-pid=\"1\" data-post-id=\"504\" data-url=\"https:\/\/mia.phtg.ch\/wp-admin\/admin-ajax.php\" rel=\"nofollow\" data-mailto=\"\"><i class=\"fa-ssbs fa-ssbs-fw fa-ssbs-linkedin\"><\/i><div class=\"counter-wrap standard\"><span class=\"counter\">0<\/span><\/div><\/a><a data-networks=\"[]\" class=\"social-sharing-button sharer-flat sharer-flat-1 counter-standard without-counter tooltip-icon mail\" target=\"_blank\" title=\"per E-Mail teilen\" href=\"#\" data-main-href=\"#\" data-nid=\"16\" data-name=\"\" data-pid=\"1\" data-post-id=\"504\" data-url=\"https:\/\/mia.phtg.ch\/wp-admin\/admin-ajax.php\" rel=\"nofollow\" data-mailto=\"\"><i class=\"fa-ssbs fa-ssbs-fw fa-ssbs-envelope-o\"><\/i><div class=\"counter-wrap standard\"><span class=\"counter\">0<\/span><\/div><\/a><\/div>","protected":false},"excerpt":{"rendered":"<p>Die MIA21-Weiterbildungsangebote f\u00fcr das Schuljahr 19\/20 sind auf der Website der PHTG aufgeschaltet. Darunter finden Sie zwei neue Angebote: Intensiv-Woche \u2212 Neu gibt es die&hellip;<\/p>\n<div data-animation=\"no-animation\" data-icons-animation=\"no-animation\" data-overlay=\"\" data-change-size=\"\" data-button-size=\"0.7\" style=\"font-size:0.7em!important;display:none;\" class=\"supsystic-social-sharing supsystic-social-sharing-package-flat supsystic-social-sharing-spacing supsystic-social-sharing-content supsystic-social-sharing-content-align-left\" data-text=\"\"><a data-networks=\"[]\" class=\"social-sharing-button sharer-flat sharer-flat-1 counter-standard without-counter tooltip-icon facebook\" target=\"_blank\" title=\"auf Facebook teilen\" href=\"http:\/\/www.facebook.com\/sharer.php?u=https%3A%2F%2Fmia.phtg.ch%2F%3Fp%3D504\" data-main-href=\"http:\/\/www.facebook.com\/sharer.php?u={url}\" data-nid=\"1\" data-name=\"\" data-pid=\"1\" data-post-id=\"504\" data-url=\"https:\/\/mia.phtg.ch\/wp-admin\/admin-ajax.php\" rel=\"nofollow\" data-mailto=\"\"><i class=\"fa-ssbs fa-ssbs-fw fa-ssbs-facebook\"><\/i><div class=\"counter-wrap standard\"><span class=\"counter\">0<\/span><\/div><\/a><a data-networks=\"[]\" class=\"social-sharing-button sharer-flat sharer-flat-1 counter-standard without-counter tooltip-icon twitter\" target=\"_blank\" title=\"auf Twitter teilen\" href=\"https:\/\/twitter.com\/share?url=https%3A%2F%2Fmia.phtg.ch%2F%3Fp%3D504&text=MIA21-Kursangebot+SJ+19%2F20\" data-main-href=\"https:\/\/twitter.com\/share?url={url}&text={title}\" data-nid=\"2\" data-name=\"\" data-pid=\"1\" data-post-id=\"504\" data-url=\"https:\/\/mia.phtg.ch\/wp-admin\/admin-ajax.php\" rel=\"nofollow\" data-mailto=\"\"><i class=\"fa-ssbs fa-ssbs-fw fa-ssbs-twitter\"><\/i><div class=\"counter-wrap standard\"><span class=\"counter\">0<\/span><\/div><\/a><a data-networks=\"[]\" class=\"social-sharing-button sharer-flat sharer-flat-1 counter-standard without-counter tooltip-icon linkedin\" target=\"_blank\" title=\"auf Linkedin teilen\" href=\"https:\/\/www.linkedin.com\/shareArticle?mini=true&title=MIA21-Kursangebot+SJ+19%2F20&url=https%3A%2F%2Fmia.phtg.ch%2F%3Fp%3D504\" data-main-href=\"https:\/\/www.linkedin.com\/shareArticle?mini=true&title={title}&url={url}\" data-nid=\"13\" data-name=\"\" data-pid=\"1\" data-post-id=\"504\" data-url=\"https:\/\/mia.phtg.ch\/wp-admin\/admin-ajax.php\" rel=\"nofollow\" data-mailto=\"\"><i class=\"fa-ssbs fa-ssbs-fw fa-ssbs-linkedin\"><\/i><div class=\"counter-wrap standard\"><span class=\"counter\">0<\/span><\/div><\/a><a data-networks=\"[]\" class=\"social-sharing-button sharer-flat sharer-flat-1 counter-standard without-counter tooltip-icon mail\" target=\"_blank\" title=\"per E-Mail teilen\" href=\"#\" data-main-href=\"#\" data-nid=\"16\" data-name=\"\" data-pid=\"1\" data-post-id=\"504\" data-url=\"https:\/\/mia.phtg.ch\/wp-admin\/admin-ajax.php\" rel=\"nofollow\" data-mailto=\"\"><i class=\"fa-ssbs fa-ssbs-fw fa-ssbs-envelope-o\"><\/i><div class=\"counter-wrap standard\"><span class=\"counter\">0<\/span><\/div><\/a><\/div>","protected":false},"author":14,"featured_media":446,"comment_status":"open","ping_status":"open","sticky":false,"template":"","format":"standard","meta":{"footnotes":""},"categories":[23,10,24,38,51,3],"tags":[108,109,107,106,110,111,112,42],"class_list":["post-504","post","type-post","status-publish","format-standard","has-post-thumbnail","hentry","category-informatik","category-medien","category-mia","category-phtg","category-weiterbildung","category-werkzeuge","tag-anwendungskompetenzen","tag-intensivkurs","tag-kursangebot","tag-mia21","tag-praesentieren","tag-recherchieren","tag-schuljahr-19-20","tag-weiterbildung"],"_links":{"self":[{"href":"https:\/\/mia.phtg.ch\/index.php?rest_route=\/wp\/v2\/posts\/504","targetHints":{"allow":["GET"]}}],"collection":[{"href":"https:\/\/mia.phtg.ch\/index.php?rest_route=\/wp\/v2\/posts"}],"about":[{"href":"https:\/\/mia.phtg.ch\/index.php?rest_route=\/wp\/v2\/types\/post"}],"author":[{"embeddable":true,"href":"https:\/\/mia.phtg.ch\/index.php?rest_route=\/wp\/v2\/users\/14"}],"replies":[{"embeddable":true,"href":"https:\/\/mia.phtg.ch\/index.php?rest_route=%2Fwp%2Fv2%2Fcomments&post=504"}],"version-history":[{"count":8,"href":"https:\/\/mia.phtg.ch\/index.php?rest_route=\/wp\/v2\/posts\/504\/revisions"}],"predecessor-version":[{"id":922,"href":"https:\/\/mia.phtg.ch\/index.php?rest_route=\/wp\/v2\/posts\/504\/revisions\/922"}],"wp:featuredmedia":[{"embeddable":true,"href":"https:\/\/mia.phtg.ch\/index.php?rest_route=\/wp\/v2\/media\/446"}],"wp:attachment":[{"href":"https:\/\/mia.phtg.ch\/index.php?rest_route=%2Fwp%2Fv2%2Fmedia&parent=504"}],"wp:term":[{"taxonomy":"category","embeddable":true,"href":"https:\/\/mia.phtg.ch\/index.php?rest_route=%2Fwp%2Fv2%2Fcategories&post=504"},{"taxonomy":"post_tag","embeddable":true,"href":"https:\/\/mia.phtg.ch\/index.php?rest_route=%2Fwp%2Fv2%2Ftags&post=504"}],"curies":[{"name":"wp","href":"https:\/\/api.w.org\/{rel}","templated":true}]}}