{"id":564,"date":"2019-04-08T19:58:20","date_gmt":"2019-04-08T17:58:20","guid":{"rendered":"https:\/\/mia.phtg.ch\/?p=564"},"modified":"2019-04-08T19:58:21","modified_gmt":"2019-04-08T17:58:21","slug":"ideen-fuers-modul-medien-und-informatik","status":"publish","type":"post","link":"https:\/\/mia.phtg.ch\/?p=564","title":{"rendered":"Ideen f\u00fcrs Modul Medien und Informatik"},"content":{"rendered":"\n<p>Die Homepage von <a rel=\"noreferrer noopener\" aria-label=\"Unterricht-digital (\u00f6ffnet in neuem Tab)\" href=\"https:\/\/unterricht-digital.ch\/medien\/\" target=\"_blank\">Unterricht-digital<\/a> bietet Zugriff auf interessante Internetseiten f\u00fcrs Modul Medien und Informatik. Nach Zyklen und Kompetenzen sortiert, findet man f\u00fcr jede Kompetenzstufe konkrete Lernziele f\u00fcr den eigenen Unterricht. Verantwortlich f\u00fcr die Seite ist der Verein <a rel=\"noreferrer noopener\" aria-label=\" (\u00f6ffnet in neuem Tab)\" href=\"https:\/\/schmizh.ch\/\" target=\"_blank\">&#171;Schule Medien Informatik Z\u00fcrich&#187;<\/a>, kurz schmizh.<\/p>\n\n\n\n<figure class=\"wp-block-image is-resized\"><a href=\"https:\/\/unterricht-digital.ch\/medien\/\" target=\"_blank\" rel=\"noreferrer noopener\"><img loading=\"lazy\" decoding=\"async\" src=\"https:\/\/mia.phtg.ch\/wp-content\/uploads\/2019\/04\/Medien-1024x599.png\" alt=\"\" class=\"wp-image-573\" width=\"769\" height=\"451\" srcset=\"https:\/\/mia.phtg.ch\/wp-content\/uploads\/2019\/04\/Medien-1024x599.png 1024w, https:\/\/mia.phtg.ch\/wp-content\/uploads\/2019\/04\/Medien-300x176.png 300w, https:\/\/mia.phtg.ch\/wp-content\/uploads\/2019\/04\/Medien-768x449.png 768w, https:\/\/mia.phtg.ch\/wp-content\/uploads\/2019\/04\/Medien.png 1263w\" sizes=\"auto, (max-width: 769px) 100vw, 769px\" \/><\/a><figcaption>Hinter den Kompetenzbereichen sind die Lernziele und Weblinks nach Zyklen sortiert zu finden.<\/figcaption><\/figure>\n\n\n\n<figure class=\"wp-block-image\"><a href=\"https:\/\/unterricht-digital.ch\/informatik\/\" target=\"_blank\" rel=\"noreferrer noopener\"><img loading=\"lazy\" decoding=\"async\" width=\"1024\" height=\"478\" src=\"https:\/\/mia.phtg.ch\/wp-content\/uploads\/2019\/04\/Bildschirmfoto-2019-04-08-um-19.56.53-1024x478.png\" alt=\"\" class=\"wp-image-582\" srcset=\"https:\/\/mia.phtg.ch\/wp-content\/uploads\/2019\/04\/Bildschirmfoto-2019-04-08-um-19.56.53-1024x478.png 1024w, https:\/\/mia.phtg.ch\/wp-content\/uploads\/2019\/04\/Bildschirmfoto-2019-04-08-um-19.56.53-300x140.png 300w, https:\/\/mia.phtg.ch\/wp-content\/uploads\/2019\/04\/Bildschirmfoto-2019-04-08-um-19.56.53-768x359.png 768w, https:\/\/mia.phtg.ch\/wp-content\/uploads\/2019\/04\/Bildschirmfoto-2019-04-08-um-19.56.53.png 1928w\" sizes=\"auto, (max-width: 1024px) 100vw, 1024px\" \/><\/a><\/figure>\n\n\n\n<p>Auf der Seite findet man weitere, n\u00fctzliche Informationen, z. B. Jahresplanungen zur Verteilung der Kompetenzen auf die Schuljahre, Ideen zu Informatik ohne Strom, sowie die Online-Unterrichtseinheiten <a href=\"https:\/\/unterricht-digital.ch\/fit-bit-fuer-bit\/\" target=\"_blank\" rel=\"noreferrer noopener\" aria-label=\" (\u00f6ffnet in neuem Tab)\">&#171;Fit-Bit f\u00fcr Bit&#187;.<\/a><\/p>\n\n\n\n<p>Bilder: Screenshots Webseite <a href=\"https:\/\/unterricht-digital.ch\/\">https:\/\/unterricht-digital.ch\/<\/a><\/p>\n<div data-animation=\"no-animation\" data-icons-animation=\"no-animation\" data-overlay=\"\" data-change-size=\"\" data-button-size=\"0.7\" style=\"font-size:0.7em!important;display:none;\" class=\"supsystic-social-sharing supsystic-social-sharing-package-flat supsystic-social-sharing-spacing supsystic-social-sharing-content supsystic-social-sharing-content-align-left\" data-text=\"\"><a data-networks=\"[]\" class=\"social-sharing-button sharer-flat sharer-flat-1 counter-standard without-counter tooltip-icon facebook\" target=\"_blank\" title=\"auf Facebook teilen\" href=\"http:\/\/www.facebook.com\/sharer.php?u=https%3A%2F%2Fmia.phtg.ch%2F%3Fp%3D564\" data-main-href=\"http:\/\/www.facebook.com\/sharer.php?u={url}\" data-nid=\"1\" data-name=\"\" data-pid=\"1\" data-post-id=\"564\" data-url=\"https:\/\/mia.phtg.ch\/wp-admin\/admin-ajax.php\" rel=\"nofollow\" data-mailto=\"\"><i class=\"fa-ssbs fa-ssbs-fw fa-ssbs-facebook\"><\/i><div class=\"counter-wrap standard\"><span class=\"counter\">0<\/span><\/div><\/a><a data-networks=\"[]\" class=\"social-sharing-button sharer-flat sharer-flat-1 counter-standard without-counter tooltip-icon twitter\" target=\"_blank\" title=\"auf Twitter teilen\" href=\"https:\/\/twitter.com\/share?url=https%3A%2F%2Fmia.phtg.ch%2F%3Fp%3D564&text=Ideen+f%C3%BCrs+Modul+Medien+und+Informatik\" data-main-href=\"https:\/\/twitter.com\/share?url={url}&text={title}\" data-nid=\"2\" data-name=\"\" data-pid=\"1\" data-post-id=\"564\" data-url=\"https:\/\/mia.phtg.ch\/wp-admin\/admin-ajax.php\" rel=\"nofollow\" data-mailto=\"\"><i class=\"fa-ssbs fa-ssbs-fw fa-ssbs-twitter\"><\/i><div class=\"counter-wrap standard\"><span class=\"counter\">0<\/span><\/div><\/a><a data-networks=\"[]\" class=\"social-sharing-button sharer-flat sharer-flat-1 counter-standard without-counter tooltip-icon linkedin\" target=\"_blank\" title=\"auf Linkedin teilen\" href=\"https:\/\/www.linkedin.com\/shareArticle?mini=true&title=Ideen+f%C3%BCrs+Modul+Medien+und+Informatik&url=https%3A%2F%2Fmia.phtg.ch%2F%3Fp%3D564\" data-main-href=\"https:\/\/www.linkedin.com\/shareArticle?mini=true&title={title}&url={url}\" data-nid=\"13\" data-name=\"\" data-pid=\"1\" data-post-id=\"564\" data-url=\"https:\/\/mia.phtg.ch\/wp-admin\/admin-ajax.php\" rel=\"nofollow\" data-mailto=\"\"><i class=\"fa-ssbs fa-ssbs-fw fa-ssbs-linkedin\"><\/i><div class=\"counter-wrap standard\"><span class=\"counter\">0<\/span><\/div><\/a><a data-networks=\"[]\" class=\"social-sharing-button sharer-flat sharer-flat-1 counter-standard without-counter tooltip-icon mail\" target=\"_blank\" title=\"per E-Mail teilen\" href=\"#\" data-main-href=\"#\" data-nid=\"16\" data-name=\"\" data-pid=\"1\" data-post-id=\"564\" data-url=\"https:\/\/mia.phtg.ch\/wp-admin\/admin-ajax.php\" rel=\"nofollow\" data-mailto=\"\"><i class=\"fa-ssbs fa-ssbs-fw fa-ssbs-envelope-o\"><\/i><div class=\"counter-wrap standard\"><span class=\"counter\">0<\/span><\/div><\/a><\/div>","protected":false},"excerpt":{"rendered":"<p>Die Homepage von Unterricht-digital bietet Zugriff auf interessante Internetseiten f\u00fcrs Modul Medien und Informatik. Nach Zyklen und Kompetenzen sortiert, findet man f\u00fcr jede Kompetenzstufe konkrete&hellip;<\/p>\n<div data-animation=\"no-animation\" data-icons-animation=\"no-animation\" data-overlay=\"\" data-change-size=\"\" data-button-size=\"0.7\" style=\"font-size:0.7em!important;display:none;\" class=\"supsystic-social-sharing supsystic-social-sharing-package-flat supsystic-social-sharing-spacing supsystic-social-sharing-content supsystic-social-sharing-content-align-left\" data-text=\"\"><a data-networks=\"[]\" class=\"social-sharing-button sharer-flat sharer-flat-1 counter-standard without-counter tooltip-icon facebook\" target=\"_blank\" title=\"auf Facebook teilen\" href=\"http:\/\/www.facebook.com\/sharer.php?u=https%3A%2F%2Fmia.phtg.ch%2F%3Fp%3D564\" data-main-href=\"http:\/\/www.facebook.com\/sharer.php?u={url}\" data-nid=\"1\" data-name=\"\" data-pid=\"1\" data-post-id=\"564\" data-url=\"https:\/\/mia.phtg.ch\/wp-admin\/admin-ajax.php\" rel=\"nofollow\" data-mailto=\"\"><i class=\"fa-ssbs fa-ssbs-fw fa-ssbs-facebook\"><\/i><div class=\"counter-wrap standard\"><span class=\"counter\">0<\/span><\/div><\/a><a data-networks=\"[]\" class=\"social-sharing-button sharer-flat sharer-flat-1 counter-standard without-counter tooltip-icon twitter\" target=\"_blank\" title=\"auf Twitter teilen\" href=\"https:\/\/twitter.com\/share?url=https%3A%2F%2Fmia.phtg.ch%2F%3Fp%3D564&text=Ideen+f%C3%BCrs+Modul+Medien+und+Informatik\" data-main-href=\"https:\/\/twitter.com\/share?url={url}&text={title}\" data-nid=\"2\" data-name=\"\" data-pid=\"1\" data-post-id=\"564\" data-url=\"https:\/\/mia.phtg.ch\/wp-admin\/admin-ajax.php\" rel=\"nofollow\" data-mailto=\"\"><i class=\"fa-ssbs fa-ssbs-fw fa-ssbs-twitter\"><\/i><div class=\"counter-wrap standard\"><span class=\"counter\">0<\/span><\/div><\/a><a data-networks=\"[]\" class=\"social-sharing-button sharer-flat sharer-flat-1 counter-standard without-counter tooltip-icon linkedin\" target=\"_blank\" title=\"auf Linkedin teilen\" href=\"https:\/\/www.linkedin.com\/shareArticle?mini=true&title=Ideen+f%C3%BCrs+Modul+Medien+und+Informatik&url=https%3A%2F%2Fmia.phtg.ch%2F%3Fp%3D564\" data-main-href=\"https:\/\/www.linkedin.com\/shareArticle?mini=true&title={title}&url={url}\" data-nid=\"13\" data-name=\"\" data-pid=\"1\" data-post-id=\"564\" data-url=\"https:\/\/mia.phtg.ch\/wp-admin\/admin-ajax.php\" rel=\"nofollow\" data-mailto=\"\"><i class=\"fa-ssbs fa-ssbs-fw fa-ssbs-linkedin\"><\/i><div class=\"counter-wrap standard\"><span class=\"counter\">0<\/span><\/div><\/a><a data-networks=\"[]\" class=\"social-sharing-button sharer-flat sharer-flat-1 counter-standard without-counter tooltip-icon mail\" target=\"_blank\" title=\"per E-Mail teilen\" href=\"#\" data-main-href=\"#\" data-nid=\"16\" data-name=\"\" data-pid=\"1\" data-post-id=\"564\" data-url=\"https:\/\/mia.phtg.ch\/wp-admin\/admin-ajax.php\" rel=\"nofollow\" data-mailto=\"\"><i class=\"fa-ssbs fa-ssbs-fw fa-ssbs-envelope-o\"><\/i><div class=\"counter-wrap standard\"><span class=\"counter\">0<\/span><\/div><\/a><\/div>","protected":false},"author":17,"featured_media":566,"comment_status":"open","ping_status":"open","sticky":false,"template":"","format":"standard","meta":{"footnotes":""},"categories":[66,23,10,1],"tags":[116,114,8],"class_list":["post-564","post","type-post","status-publish","format-standard","has-post-thumbnail","hentry","category-av","category-informatik","category-medien","category-uncategorized","tag-cs-unplugged","tag-jahresplanung","tag-online"],"_links":{"self":[{"href":"https:\/\/mia.phtg.ch\/index.php?rest_route=\/wp\/v2\/posts\/564","targetHints":{"allow":["GET"]}}],"collection":[{"href":"https:\/\/mia.phtg.ch\/index.php?rest_route=\/wp\/v2\/posts"}],"about":[{"href":"https:\/\/mia.phtg.ch\/index.php?rest_route=\/wp\/v2\/types\/post"}],"author":[{"embeddable":true,"href":"https:\/\/mia.phtg.ch\/index.php?rest_route=\/wp\/v2\/users\/17"}],"replies":[{"embeddable":true,"href":"https:\/\/mia.phtg.ch\/index.php?rest_route=%2Fwp%2Fv2%2Fcomments&post=564"}],"version-history":[{"count":13,"href":"https:\/\/mia.phtg.ch\/index.php?rest_route=\/wp\/v2\/posts\/564\/revisions"}],"predecessor-version":[{"id":796,"href":"https:\/\/mia.phtg.ch\/index.php?rest_route=\/wp\/v2\/posts\/564\/revisions\/796"}],"wp:featuredmedia":[{"embeddable":true,"href":"https:\/\/mia.phtg.ch\/index.php?rest_route=\/wp\/v2\/media\/566"}],"wp:attachment":[{"href":"https:\/\/mia.phtg.ch\/index.php?rest_route=%2Fwp%2Fv2%2Fmedia&parent=564"}],"wp:term":[{"taxonomy":"category","embeddable":true,"href":"https:\/\/mia.phtg.ch\/index.php?rest_route=%2Fwp%2Fv2%2Fcategories&post=564"},{"taxonomy":"post_tag","embeddable":true,"href":"https:\/\/mia.phtg.ch\/index.php?rest_route=%2Fwp%2Fv2%2Ftags&post=564"}],"curies":[{"name":"wp","href":"https:\/\/api.w.org\/{rel}","templated":true}]}}