{"id":586,"date":"2019-04-26T13:27:12","date_gmt":"2019-04-26T11:27:12","guid":{"rendered":"https:\/\/mia.phtg.ch\/?p=586"},"modified":"2019-04-26T13:27:13","modified_gmt":"2019-04-26T11:27:13","slug":"instagram-im-unterricht","status":"publish","type":"post","link":"https:\/\/mia.phtg.ch\/?p=586","title":{"rendered":"Instagram im Unterricht"},"content":{"rendered":"\n<p>Laut <strong><a rel=\"noreferrer noopener\" aria-label=\"JAMES-Studie  (\u00f6ffnet in neuem Tab)\" href=\"https:\/\/www.swisscom.ch\/de\/about\/unternehmen\/nachhaltigkeit\/cr-ziele-und-resultate\/james.html#T=52989ce3-75fc-4194-8c8a-11db7bf92ac7&amp;TS=2bjCd6_PTWibjxdFworiy9wEcibHlacLxMEWEw8qUFk\" target=\"_blank\">JAMES-Studie <\/a><\/strong>haben 94% der Jugendlichen zwischen 12 und 19 Jahren einen Account bei einer Social Media Plattform, 87% nutzen dabei Instagram. Ein guter Grund, um Instagram und dessen M\u00f6glichkeiten auch im Unterricht zum Thema zu machen. <\/p>\n\n\n\n<p>Das Landesmedienzentrum Baden-W\u00fcrtemberg hat rund ums Thema \u00abInstagram\u00bb eine umfangreiche <strong><a rel=\"noreferrer noopener\" aria-label=\"Materialsammlung (\u00f6ffnet in neuem Tab)\" href=\"https:\/\/www.lmz-bw.de\/\/nc\/newsroom\/aktuelle-beitraege-aller-bereiche\/detailseite\/materialsammlung-zu-instagram-veroeffentlicht\/\" target=\"_blank\">Materialsammlung<\/a><\/strong> zusammengestellt. Darin findet man einerseits Fakten zur Social Media App und andererseits werden Materialien und komplette Unterrichtseinheiten  f\u00fcr die Zyklen 2 und 3 vorgestellt. Zus\u00e4tzlich findet man Informationen zu den Themen Selbstdarstellung, Sch\u00f6nheitsidealen und den medialen Frauen- und M\u00e4nnerbildern, die \u00fcber Instagram vermittelt werden.<\/p>\n\n\n\n<p>Die Unterlagen stehen unter einer <strong><a rel=\"noreferrer noopener\" aria-label=\"CC-Lizenz (\u00f6ffnet in neuem Tab)\" href=\"http:\/\/www.creativecommons.ch\/\" target=\"_blank\">CC-Lizenz<\/a><\/strong> und stehen somit kostenlos zum Download zur verf\u00fcgung. <\/p>\n\n\n\n<h4 class=\"wp-block-heading\">Weitere Informationen zum Thema<\/h4>\n\n\n\n<p>Auf <strong><a rel=\"noreferrer noopener\" aria-label=\"Klicksafe.de (\u00f6ffnet in neuem Tab)\" href=\"https:\/\/www.klicksafe.de\/themen\/kommunizieren\/soziale-netzwerke\/instagram\/was-ist-instagram\" target=\"_blank\">Klicksafe.de<\/a><\/strong> und <strong><a rel=\"noreferrer noopener\" aria-label=\"saferinternet.at (\u00f6ffnet in neuem Tab)\" href=\"https:\/\/www.saferinternet.at\/privatsphaere-leitfaeden\/instagram\/\" target=\"_blank\">saferinternet.at<\/a><\/strong> findet man weiterreichende Informationen wie zum Beispiel Schritt f\u00fcr Schritt Anleitungen oder Privatsph\u00e4re-Einstellungen zur Instagram-App. <\/p>\n\n\n\n<p>Im Medienp\u00e4dagogik-Praxis-Blog wird zudem in einem aktuellen <strong><a rel=\"noreferrer noopener\" aria-label=\"Blogbeitrag (\u00f6ffnet in neuem Tab)\" href=\"https:\/\/www.medienpaedagogik-praxis.de\/2019\/03\/05\/instagram-leitfaden-fuer-paedagogische-fachkraefte\/\" target=\"_blank\">Blogbeitrag<\/a><\/strong> der Instagram-Handlungsleitfaden der Medienwerkstatt Potsdam vorgestellt. <\/p>\n\n\n\n<p>Titelbild: <a href=\"https:\/\/pixabay.com\/de\/users\/USA-Reiseblogger-328188\/?utm_source=link-attribution&amp;utm_medium=referral&amp;utm_campaign=image&amp;utm_content=1701096\">USA-Reiseblogger<\/a> auf <a href=\"https:\/\/pixabay.com\/de\/?utm_source=link-attribution&amp;utm_medium=referral&amp;utm_campaign=image&amp;utm_content=1701096\">Pixabay<\/a><\/p>\n\n\n\n<p><br><\/p>\n<div data-animation=\"no-animation\" data-icons-animation=\"no-animation\" data-overlay=\"\" data-change-size=\"\" data-button-size=\"0.7\" style=\"font-size:0.7em!important;display:none;\" class=\"supsystic-social-sharing supsystic-social-sharing-package-flat supsystic-social-sharing-spacing supsystic-social-sharing-content supsystic-social-sharing-content-align-left\" data-text=\"\"><a data-networks=\"[]\" class=\"social-sharing-button sharer-flat sharer-flat-1 counter-standard without-counter tooltip-icon facebook\" target=\"_blank\" title=\"auf Facebook teilen\" href=\"http:\/\/www.facebook.com\/sharer.php?u=https%3A%2F%2Fmia.phtg.ch%2F%3Fp%3D586\" data-main-href=\"http:\/\/www.facebook.com\/sharer.php?u={url}\" data-nid=\"1\" data-name=\"\" data-pid=\"1\" data-post-id=\"586\" data-url=\"https:\/\/mia.phtg.ch\/wp-admin\/admin-ajax.php\" rel=\"nofollow\" data-mailto=\"\"><i class=\"fa-ssbs fa-ssbs-fw fa-ssbs-facebook\"><\/i><div class=\"counter-wrap standard\"><span class=\"counter\">0<\/span><\/div><\/a><a data-networks=\"[]\" class=\"social-sharing-button sharer-flat sharer-flat-1 counter-standard without-counter tooltip-icon twitter\" target=\"_blank\" title=\"auf Twitter teilen\" href=\"https:\/\/twitter.com\/share?url=https%3A%2F%2Fmia.phtg.ch%2F%3Fp%3D586&text=Instagram+im+Unterricht\" data-main-href=\"https:\/\/twitter.com\/share?url={url}&text={title}\" data-nid=\"2\" data-name=\"\" data-pid=\"1\" data-post-id=\"586\" data-url=\"https:\/\/mia.phtg.ch\/wp-admin\/admin-ajax.php\" rel=\"nofollow\" data-mailto=\"\"><i class=\"fa-ssbs fa-ssbs-fw fa-ssbs-twitter\"><\/i><div class=\"counter-wrap standard\"><span class=\"counter\">0<\/span><\/div><\/a><a data-networks=\"[]\" class=\"social-sharing-button sharer-flat sharer-flat-1 counter-standard without-counter tooltip-icon linkedin\" target=\"_blank\" title=\"auf Linkedin teilen\" href=\"https:\/\/www.linkedin.com\/shareArticle?mini=true&title=Instagram+im+Unterricht&url=https%3A%2F%2Fmia.phtg.ch%2F%3Fp%3D586\" data-main-href=\"https:\/\/www.linkedin.com\/shareArticle?mini=true&title={title}&url={url}\" data-nid=\"13\" data-name=\"\" data-pid=\"1\" data-post-id=\"586\" data-url=\"https:\/\/mia.phtg.ch\/wp-admin\/admin-ajax.php\" rel=\"nofollow\" data-mailto=\"\"><i class=\"fa-ssbs fa-ssbs-fw fa-ssbs-linkedin\"><\/i><div class=\"counter-wrap standard\"><span class=\"counter\">0<\/span><\/div><\/a><a data-networks=\"[]\" class=\"social-sharing-button sharer-flat sharer-flat-1 counter-standard without-counter tooltip-icon mail\" target=\"_blank\" title=\"per E-Mail teilen\" href=\"#\" data-main-href=\"#\" data-nid=\"16\" data-name=\"\" data-pid=\"1\" data-post-id=\"586\" data-url=\"https:\/\/mia.phtg.ch\/wp-admin\/admin-ajax.php\" rel=\"nofollow\" data-mailto=\"\"><i class=\"fa-ssbs fa-ssbs-fw fa-ssbs-envelope-o\"><\/i><div class=\"counter-wrap standard\"><span class=\"counter\">0<\/span><\/div><\/a><\/div>","protected":false},"excerpt":{"rendered":"<p>Laut JAMES-Studie haben 94% der Jugendlichen zwischen 12 und 19 Jahren einen Account bei einer Social Media Plattform, 87% nutzen dabei Instagram. Ein guter Grund,&hellip;<\/p>\n<div data-animation=\"no-animation\" data-icons-animation=\"no-animation\" data-overlay=\"\" data-change-size=\"\" data-button-size=\"0.7\" style=\"font-size:0.7em!important;display:none;\" class=\"supsystic-social-sharing supsystic-social-sharing-package-flat supsystic-social-sharing-spacing supsystic-social-sharing-content supsystic-social-sharing-content-align-left\" data-text=\"\"><a data-networks=\"[]\" class=\"social-sharing-button sharer-flat sharer-flat-1 counter-standard without-counter tooltip-icon facebook\" target=\"_blank\" title=\"auf Facebook teilen\" href=\"http:\/\/www.facebook.com\/sharer.php?u=https%3A%2F%2Fmia.phtg.ch%2F%3Fp%3D586\" data-main-href=\"http:\/\/www.facebook.com\/sharer.php?u={url}\" data-nid=\"1\" data-name=\"\" data-pid=\"1\" data-post-id=\"586\" data-url=\"https:\/\/mia.phtg.ch\/wp-admin\/admin-ajax.php\" rel=\"nofollow\" data-mailto=\"\"><i class=\"fa-ssbs fa-ssbs-fw fa-ssbs-facebook\"><\/i><div class=\"counter-wrap standard\"><span class=\"counter\">0<\/span><\/div><\/a><a data-networks=\"[]\" class=\"social-sharing-button sharer-flat sharer-flat-1 counter-standard without-counter tooltip-icon twitter\" target=\"_blank\" title=\"auf Twitter teilen\" href=\"https:\/\/twitter.com\/share?url=https%3A%2F%2Fmia.phtg.ch%2F%3Fp%3D586&text=Instagram+im+Unterricht\" data-main-href=\"https:\/\/twitter.com\/share?url={url}&text={title}\" data-nid=\"2\" data-name=\"\" data-pid=\"1\" data-post-id=\"586\" data-url=\"https:\/\/mia.phtg.ch\/wp-admin\/admin-ajax.php\" rel=\"nofollow\" data-mailto=\"\"><i class=\"fa-ssbs fa-ssbs-fw fa-ssbs-twitter\"><\/i><div class=\"counter-wrap standard\"><span class=\"counter\">0<\/span><\/div><\/a><a data-networks=\"[]\" class=\"social-sharing-button sharer-flat sharer-flat-1 counter-standard without-counter tooltip-icon linkedin\" target=\"_blank\" title=\"auf Linkedin teilen\" href=\"https:\/\/www.linkedin.com\/shareArticle?mini=true&title=Instagram+im+Unterricht&url=https%3A%2F%2Fmia.phtg.ch%2F%3Fp%3D586\" data-main-href=\"https:\/\/www.linkedin.com\/shareArticle?mini=true&title={title}&url={url}\" data-nid=\"13\" data-name=\"\" data-pid=\"1\" data-post-id=\"586\" data-url=\"https:\/\/mia.phtg.ch\/wp-admin\/admin-ajax.php\" rel=\"nofollow\" data-mailto=\"\"><i class=\"fa-ssbs fa-ssbs-fw fa-ssbs-linkedin\"><\/i><div class=\"counter-wrap standard\"><span class=\"counter\">0<\/span><\/div><\/a><a data-networks=\"[]\" class=\"social-sharing-button sharer-flat sharer-flat-1 counter-standard without-counter tooltip-icon mail\" target=\"_blank\" title=\"per E-Mail teilen\" href=\"#\" data-main-href=\"#\" data-nid=\"16\" data-name=\"\" data-pid=\"1\" data-post-id=\"586\" data-url=\"https:\/\/mia.phtg.ch\/wp-admin\/admin-ajax.php\" rel=\"nofollow\" data-mailto=\"\"><i class=\"fa-ssbs fa-ssbs-fw fa-ssbs-envelope-o\"><\/i><div class=\"counter-wrap standard\"><span class=\"counter\">0<\/span><\/div><\/a><\/div>","protected":false},"author":14,"featured_media":588,"comment_status":"open","ping_status":"open","sticky":false,"template":"","format":"standard","meta":{"footnotes":""},"categories":[10,24,1,51],"tags":[123,124,125],"class_list":["post-586","post","type-post","status-publish","format-standard","has-post-thumbnail","hentry","category-medien","category-mia","category-uncategorized","category-weiterbildung","tag-leben-in-der-mediengesellschaft","tag-zyklus-2","tag-zyklus-3"],"_links":{"self":[{"href":"https:\/\/mia.phtg.ch\/index.php?rest_route=\/wp\/v2\/posts\/586","targetHints":{"allow":["GET"]}}],"collection":[{"href":"https:\/\/mia.phtg.ch\/index.php?rest_route=\/wp\/v2\/posts"}],"about":[{"href":"https:\/\/mia.phtg.ch\/index.php?rest_route=\/wp\/v2\/types\/post"}],"author":[{"embeddable":true,"href":"https:\/\/mia.phtg.ch\/index.php?rest_route=\/wp\/v2\/users\/14"}],"replies":[{"embeddable":true,"href":"https:\/\/mia.phtg.ch\/index.php?rest_route=%2Fwp%2Fv2%2Fcomments&post=586"}],"version-history":[{"count":9,"href":"https:\/\/mia.phtg.ch\/index.php?rest_route=\/wp\/v2\/posts\/586\/revisions"}],"predecessor-version":[{"id":623,"href":"https:\/\/mia.phtg.ch\/index.php?rest_route=\/wp\/v2\/posts\/586\/revisions\/623"}],"wp:featuredmedia":[{"embeddable":true,"href":"https:\/\/mia.phtg.ch\/index.php?rest_route=\/wp\/v2\/media\/588"}],"wp:attachment":[{"href":"https:\/\/mia.phtg.ch\/index.php?rest_route=%2Fwp%2Fv2%2Fmedia&parent=586"}],"wp:term":[{"taxonomy":"category","embeddable":true,"href":"https:\/\/mia.phtg.ch\/index.php?rest_route=%2Fwp%2Fv2%2Fcategories&post=586"},{"taxonomy":"post_tag","embeddable":true,"href":"https:\/\/mia.phtg.ch\/index.php?rest_route=%2Fwp%2Fv2%2Ftags&post=586"}],"curies":[{"name":"wp","href":"https:\/\/api.w.org\/{rel}","templated":true}]}}