{"id":603,"date":"2019-04-16T07:24:02","date_gmt":"2019-04-16T05:24:02","guid":{"rendered":"https:\/\/mia.phtg.ch\/?p=603"},"modified":"2019-04-16T07:24:03","modified_gmt":"2019-04-16T05:24:03","slug":"bericht-aufwachsen-im-digitalen-zeitalter","status":"publish","type":"post","link":"https:\/\/mia.phtg.ch\/?p=603","title":{"rendered":"Bericht: \u00abAufwachsen im digitalen Zeitalter\u00bb"},"content":{"rendered":"\n<p>Wie wirkt sich die Digitalisierung auf Kinder und Jugendliche aus? Was m\u00fcssen Kinder und Jugendliche heute lernen, damit sie in der zuk\u00fcnftigen Lebens- und Arbeitswelt gute Chancen haben? Diesen Fragen ist die Eidgen\u00f6ssische Kommission f\u00fcr Kinder- und Jugendfragen (<strong><a rel=\"noreferrer noopener\" aria-label=\"EKKJ (\u00f6ffnet in neuem Tab)\" href=\"https:\/\/www.ekkj.admin.ch\/\" target=\"_blank\">EKKJ<\/a><\/strong>) nachgegangen. In der Publikation \u00ab<a href=\"https:\/\/www.ekkj.admin.ch\/fileadmin\/user_upload\/ekkj\/02pubblikationen\/Berichte\/d_2019_EKKJ_Bericht_Digitalisierung.pdf\" target=\"_blank\" rel=\"noreferrer noopener\" aria-label=\"Aufwachsen im digitalen Zeitalter (\u00f6ffnet in neuem Tab)\">Aufwachsen im digitalen Zeitalter<\/a>\u00bb kommen Autoren aus unterschiedlichen Bereichen zu Wort und stellen ihre Sichtweise auf das Thema dar. <\/p>\n\n\n\n<p>Abschliessend stellt die EKKJ 11 Forderungen zur Digitalisierung auf, die sich an die verschiedenen Ansprechpartner in Politik, Wirtschaft, Bildung, Wissenschaft und Gesellschaft richten. Das Ziel dabei ist, die Bed\u00fcrfnisse und Perspektiven der Kinder und Jugendlichen besser wahrzunehmen und auch zu ber\u00fccksichtigen. <\/p>\n\n\n\n<p>Aus Sicht der Lehrpersonen lohnt es sich besonders, die folgenden Artikel zu lesen: <\/p>\n\n\n\n<ul class=\"wp-block-list\"><li>Kompetenzen und Grundwerte im digitalen Zeitalter (Sarah Genner) <\/li><li>Digitalisierung und Bildung: Welche Kompetenzen sind in der k\u00fcnftigen Arbeitswelt gefragt? (Roger Wehrli) <\/li><li>Die eigentliche digitale Transformation f\u00fcr die Schule steht noch bevor (Thomas Merz) <\/li><li>Fr\u00fchkindliche Medienwelten im digitalen Zeitalter (Friederike Telemann und Sabine Eder) <\/li><\/ul>\n\n\n\n<p>Zu den einzelnen Artikeln wird jeweils weiterf\u00fchrende Literatur erw\u00e4hnt.<\/p>\n\n\n\n<figure class=\"wp-block-image\"><img loading=\"lazy\" decoding=\"async\" width=\"1024\" height=\"970\" src=\"https:\/\/mia.phtg.ch\/wp-content\/uploads\/2019\/04\/19_Genner_Kompetenzen_und_Grundwerte-1024x970.jpg\" alt=\"\" class=\"wp-image-605\" srcset=\"https:\/\/mia.phtg.ch\/wp-content\/uploads\/2019\/04\/19_Genner_Kompetenzen_und_Grundwerte-1024x970.jpg 1024w, https:\/\/mia.phtg.ch\/wp-content\/uploads\/2019\/04\/19_Genner_Kompetenzen_und_Grundwerte-300x284.jpg 300w, https:\/\/mia.phtg.ch\/wp-content\/uploads\/2019\/04\/19_Genner_Kompetenzen_und_Grundwerte-768x728.jpg 768w, https:\/\/mia.phtg.ch\/wp-content\/uploads\/2019\/04\/19_Genner_Kompetenzen_und_Grundwerte.jpg 1467w\" sizes=\"auto, (max-width: 1024px) 100vw, 1024px\" \/><figcaption>Screenshot aus dem Beitrag von Sarah Genner, Seite 13<\/figcaption><\/figure>\n\n\n\n<p>Direkter <strong><a href=\"https:\/\/www.ekkj.admin.ch\/fileadmin\/user_upload\/ekkj\/02pubblikationen\/Berichte\/d_2019_EKKJ_Bericht_Digitalisierung.pdf\" target=\"_blank\" rel=\"noreferrer noopener\" aria-label=\"Download (\u00f6ffnet in neuem Tab)\">Download<\/a><\/strong> des Berichts<\/p>\n\n\n\n<p><strong><a href=\"https:\/\/www.ekkj.admin.ch\/publikationen\/berichte\/\" target=\"_blank\" rel=\"noreferrer noopener\" aria-label=\"Bestellm\u00f6glichkeit (\u00f6ffnet in neuem Tab)\">Bestellm\u00f6glichkeit<\/a><\/strong><a rel=\"noreferrer noopener\" aria-label=\"Bestellm\u00f6glichkeit  (\u00f6ffnet in neuem Tab)\" href=\"https:\/\/www.ekkj.admin.ch\/fileadmin\/user_upload\/ekkj\/02pubblikationen\/Berichte\/d_2019_EKKJ_Bericht_Digitalisierung.pdf\" target=\"_blank\"> <\/a>(z.B. zur Auflage im Lehrpersonenzimmer)<\/p>\n\n\n\n<p><\/p>\n\n\n\n<p>Bildquelle: Screenshot Titelblatt \u00abAufwachsen im digitalen Zeitalter\u00bb<\/p>\n<div data-animation=\"no-animation\" data-icons-animation=\"no-animation\" data-overlay=\"\" data-change-size=\"\" data-button-size=\"0.7\" style=\"font-size:0.7em!important;display:none;\" class=\"supsystic-social-sharing supsystic-social-sharing-package-flat supsystic-social-sharing-spacing supsystic-social-sharing-content supsystic-social-sharing-content-align-left\" data-text=\"\"><a data-networks=\"[]\" class=\"social-sharing-button sharer-flat sharer-flat-1 counter-standard without-counter tooltip-icon facebook\" target=\"_blank\" title=\"auf Facebook teilen\" href=\"http:\/\/www.facebook.com\/sharer.php?u=https%3A%2F%2Fmia.phtg.ch%2F%3Fp%3D603\" data-main-href=\"http:\/\/www.facebook.com\/sharer.php?u={url}\" data-nid=\"1\" data-name=\"\" data-pid=\"1\" data-post-id=\"603\" data-url=\"https:\/\/mia.phtg.ch\/wp-admin\/admin-ajax.php\" rel=\"nofollow\" data-mailto=\"\"><i class=\"fa-ssbs fa-ssbs-fw fa-ssbs-facebook\"><\/i><div class=\"counter-wrap standard\"><span class=\"counter\">1<\/span><\/div><\/a><a data-networks=\"[]\" class=\"social-sharing-button sharer-flat sharer-flat-1 counter-standard without-counter tooltip-icon twitter\" target=\"_blank\" title=\"auf Twitter teilen\" href=\"https:\/\/twitter.com\/share?url=https%3A%2F%2Fmia.phtg.ch%2F%3Fp%3D603&text=Bericht%3A+%C2%ABAufwachsen+im+digitalen+Zeitalter%C2%BB\" data-main-href=\"https:\/\/twitter.com\/share?url={url}&text={title}\" data-nid=\"2\" data-name=\"\" data-pid=\"1\" data-post-id=\"603\" data-url=\"https:\/\/mia.phtg.ch\/wp-admin\/admin-ajax.php\" rel=\"nofollow\" data-mailto=\"\"><i class=\"fa-ssbs fa-ssbs-fw fa-ssbs-twitter\"><\/i><div class=\"counter-wrap standard\"><span class=\"counter\">3<\/span><\/div><\/a><a data-networks=\"[]\" class=\"social-sharing-button sharer-flat sharer-flat-1 counter-standard without-counter tooltip-icon linkedin\" target=\"_blank\" title=\"auf Linkedin teilen\" href=\"https:\/\/www.linkedin.com\/shareArticle?mini=true&title=Bericht%3A+%C2%ABAufwachsen+im+digitalen+Zeitalter%C2%BB&url=https%3A%2F%2Fmia.phtg.ch%2F%3Fp%3D603\" data-main-href=\"https:\/\/www.linkedin.com\/shareArticle?mini=true&title={title}&url={url}\" data-nid=\"13\" data-name=\"\" data-pid=\"1\" data-post-id=\"603\" data-url=\"https:\/\/mia.phtg.ch\/wp-admin\/admin-ajax.php\" rel=\"nofollow\" data-mailto=\"\"><i class=\"fa-ssbs fa-ssbs-fw fa-ssbs-linkedin\"><\/i><div class=\"counter-wrap standard\"><span class=\"counter\">0<\/span><\/div><\/a><a data-networks=\"[]\" class=\"social-sharing-button sharer-flat sharer-flat-1 counter-standard without-counter tooltip-icon mail\" target=\"_blank\" title=\"per E-Mail teilen\" href=\"#\" data-main-href=\"#\" data-nid=\"16\" data-name=\"\" data-pid=\"1\" data-post-id=\"603\" data-url=\"https:\/\/mia.phtg.ch\/wp-admin\/admin-ajax.php\" rel=\"nofollow\" data-mailto=\"\"><i class=\"fa-ssbs fa-ssbs-fw fa-ssbs-envelope-o\"><\/i><div class=\"counter-wrap standard\"><span class=\"counter\">0<\/span><\/div><\/a><\/div>","protected":false},"excerpt":{"rendered":"<p>Wie wirkt sich die Digitalisierung auf Kinder und Jugendliche aus? Was m\u00fcssen Kinder und Jugendliche heute lernen, damit sie in der zuk\u00fcnftigen Lebens- und Arbeitswelt&hellip;<\/p>\n<div data-animation=\"no-animation\" data-icons-animation=\"no-animation\" data-overlay=\"\" data-change-size=\"\" data-button-size=\"0.7\" style=\"font-size:0.7em!important;display:none;\" class=\"supsystic-social-sharing supsystic-social-sharing-package-flat supsystic-social-sharing-spacing supsystic-social-sharing-content supsystic-social-sharing-content-align-left\" data-text=\"\"><a data-networks=\"[]\" class=\"social-sharing-button sharer-flat sharer-flat-1 counter-standard without-counter tooltip-icon facebook\" target=\"_blank\" title=\"auf Facebook teilen\" href=\"http:\/\/www.facebook.com\/sharer.php?u=https%3A%2F%2Fmia.phtg.ch%2F%3Fp%3D603\" data-main-href=\"http:\/\/www.facebook.com\/sharer.php?u={url}\" data-nid=\"1\" data-name=\"\" data-pid=\"1\" data-post-id=\"603\" data-url=\"https:\/\/mia.phtg.ch\/wp-admin\/admin-ajax.php\" rel=\"nofollow\" data-mailto=\"\"><i class=\"fa-ssbs fa-ssbs-fw fa-ssbs-facebook\"><\/i><div class=\"counter-wrap standard\"><span class=\"counter\">1<\/span><\/div><\/a><a data-networks=\"[]\" class=\"social-sharing-button sharer-flat sharer-flat-1 counter-standard without-counter tooltip-icon twitter\" target=\"_blank\" title=\"auf Twitter teilen\" href=\"https:\/\/twitter.com\/share?url=https%3A%2F%2Fmia.phtg.ch%2F%3Fp%3D603&text=Bericht%3A+%C2%ABAufwachsen+im+digitalen+Zeitalter%C2%BB\" data-main-href=\"https:\/\/twitter.com\/share?url={url}&text={title}\" data-nid=\"2\" data-name=\"\" data-pid=\"1\" data-post-id=\"603\" data-url=\"https:\/\/mia.phtg.ch\/wp-admin\/admin-ajax.php\" rel=\"nofollow\" data-mailto=\"\"><i class=\"fa-ssbs fa-ssbs-fw fa-ssbs-twitter\"><\/i><div class=\"counter-wrap standard\"><span class=\"counter\">3<\/span><\/div><\/a><a data-networks=\"[]\" class=\"social-sharing-button sharer-flat sharer-flat-1 counter-standard without-counter tooltip-icon linkedin\" target=\"_blank\" title=\"auf Linkedin teilen\" href=\"https:\/\/www.linkedin.com\/shareArticle?mini=true&title=Bericht%3A+%C2%ABAufwachsen+im+digitalen+Zeitalter%C2%BB&url=https%3A%2F%2Fmia.phtg.ch%2F%3Fp%3D603\" data-main-href=\"https:\/\/www.linkedin.com\/shareArticle?mini=true&title={title}&url={url}\" data-nid=\"13\" data-name=\"\" data-pid=\"1\" data-post-id=\"603\" data-url=\"https:\/\/mia.phtg.ch\/wp-admin\/admin-ajax.php\" rel=\"nofollow\" data-mailto=\"\"><i class=\"fa-ssbs fa-ssbs-fw fa-ssbs-linkedin\"><\/i><div class=\"counter-wrap standard\"><span class=\"counter\">0<\/span><\/div><\/a><a data-networks=\"[]\" class=\"social-sharing-button sharer-flat sharer-flat-1 counter-standard without-counter tooltip-icon mail\" target=\"_blank\" title=\"per E-Mail teilen\" href=\"#\" data-main-href=\"#\" data-nid=\"16\" data-name=\"\" data-pid=\"1\" data-post-id=\"603\" data-url=\"https:\/\/mia.phtg.ch\/wp-admin\/admin-ajax.php\" rel=\"nofollow\" data-mailto=\"\"><i class=\"fa-ssbs fa-ssbs-fw fa-ssbs-envelope-o\"><\/i><div class=\"counter-wrap standard\"><span class=\"counter\">0<\/span><\/div><\/a><\/div>","protected":false},"author":14,"featured_media":604,"comment_status":"open","ping_status":"open","sticky":false,"template":"","format":"standard","meta":{"footnotes":""},"categories":[69,1,51],"tags":[120,44,43,122,121,81],"class_list":["post-603","post","type-post","status-publish","format-standard","has-post-thumbnail","hentry","category-studien","category-uncategorized","category-weiterbildung","tag-21st-century-skills","tag-digitale-transformation","tag-digitalisierung","tag-kinder-und-jugendliche","tag-kompetenzorientierung","tag-unterricht"],"_links":{"self":[{"href":"https:\/\/mia.phtg.ch\/index.php?rest_route=\/wp\/v2\/posts\/603","targetHints":{"allow":["GET"]}}],"collection":[{"href":"https:\/\/mia.phtg.ch\/index.php?rest_route=\/wp\/v2\/posts"}],"about":[{"href":"https:\/\/mia.phtg.ch\/index.php?rest_route=\/wp\/v2\/types\/post"}],"author":[{"embeddable":true,"href":"https:\/\/mia.phtg.ch\/index.php?rest_route=\/wp\/v2\/users\/14"}],"replies":[{"embeddable":true,"href":"https:\/\/mia.phtg.ch\/index.php?rest_route=%2Fwp%2Fv2%2Fcomments&post=603"}],"version-history":[{"count":9,"href":"https:\/\/mia.phtg.ch\/index.php?rest_route=\/wp\/v2\/posts\/603\/revisions"}],"predecessor-version":[{"id":631,"href":"https:\/\/mia.phtg.ch\/index.php?rest_route=\/wp\/v2\/posts\/603\/revisions\/631"}],"wp:featuredmedia":[{"embeddable":true,"href":"https:\/\/mia.phtg.ch\/index.php?rest_route=\/wp\/v2\/media\/604"}],"wp:attachment":[{"href":"https:\/\/mia.phtg.ch\/index.php?rest_route=%2Fwp%2Fv2%2Fmedia&parent=603"}],"wp:term":[{"taxonomy":"category","embeddable":true,"href":"https:\/\/mia.phtg.ch\/index.php?rest_route=%2Fwp%2Fv2%2Fcategories&post=603"},{"taxonomy":"post_tag","embeddable":true,"href":"https:\/\/mia.phtg.ch\/index.php?rest_route=%2Fwp%2Fv2%2Ftags&post=603"}],"curies":[{"name":"wp","href":"https:\/\/api.w.org\/{rel}","templated":true}]}}