{"id":638,"date":"2019-05-10T12:10:06","date_gmt":"2019-05-10T10:10:06","guid":{"rendered":"https:\/\/mia.phtg.ch\/?p=638"},"modified":"2019-05-09T15:32:47","modified_gmt":"2019-05-09T13:32:47","slug":"summer-school-digital-teaching-an-der-ph-luzern","status":"publish","type":"post","link":"https:\/\/mia.phtg.ch\/?p=638","title":{"rendered":"Summer School \u00abDigital Teaching\u00bb an der PH Luzern"},"content":{"rendered":"\n<p>Die <strong>Summer School \u00abDigital Teaching\u00bb der PH Luzern<\/strong> bietet vom 8. bis 12. Juli die Gelegenheit sich gezielt mit informatischen und medialen Inhaltenauseinanderzusetzen. Das mehrt\u00e4gige Weiterbildungsangebot erm\u00f6glicht es, Digital Skills aufzubauen und Ideen f\u00fcr den eigenen Unterricht zu entwickeln.<br><\/p>\n\n\n\n<p>Spannende Fachreferate er\u00f6ffnen jeweils die Tage und regen zum Weiterdenken an. Am Nachmittag folgen dann praxisorientierte Inputs, die dann zu den gew\u00e4hlten Kursen \u00fcberleiten.<\/p>\n\n\n\n<p>Das vollst\u00e4ndige Programm und sowie die Anmeldung ist auf der <strong><a rel=\"noreferrer noopener\" aria-label=\"ebseite der PH Luzern  (\u00f6ffnet in neuem Tab)\" href=\"https:\/\/www.phlu.ch\/weiterbildung\/fokusseiten\/summerschool.html\" target=\"_blank\">Webseite der PH Luzern <\/a><\/strong>m\u00f6glich.<\/p>\n\n\n\n<h2 class=\"wp-block-heading\">Fachreferate<\/h2>\n\n\n\n<ul class=\"wp-block-list\"><li> Raum f\u00fcr Kreativit\u00e4t: Erkenntnisse aus einem MakerSpace-Projekt<\/li><li> Fake News \u2013 Was Medienbildung mit dem Brexit, der Deutschen Bahn und Habermas zu tun hat<\/li><li> Neue Textformen in Online-Medien<\/li><li> Bitcoins, Smart Contracts und die Blockchain-Technologie<\/li><li> Konsequenzen der Digitalisierung in der Musik<\/li><\/ul>\n\n\n\n<p><\/p>\n\n\n\n<h2 class=\"wp-block-heading\">Kurse<\/h2>\n\n\n\n<h4 class=\"wp-block-heading\">  Kurse Montag, 8. Juli 2019<br><\/h4>\n\n\n\n<ul class=\"wp-block-list\"><li> Videos im Netz \u2013 effektive Videos mit dem Smartphone erstellen<\/li><li> F\u00fchrung im Digitalen Zeitalter<\/li><li> E-Bausteine entwickeln: Konzeptionell-didaktische &amp; praktische Werkstatt<\/li><li> Mein Medienprojekt \u2013 ein Beratungsangebot<\/li><\/ul>\n\n\n\n<h4 class=\"wp-block-heading\"> Kurse Dienstag, 9. Juli 2019<\/h4>\n\n\n\n<ul class=\"wp-block-list\"><li>Raus aus dem Schulzimmer \u2013 Geschichten und Entdeckungen per Karten Web App vor Ort erleben<\/li><li>Digitale Lernpfade \u2013 Museumsguides als Anregung f\u00fcr den Schulalltag<\/li><li>Medien erschliessen und die Debatte als Unterrichtsmethode kennenlernen<\/li><\/ul>\n\n\n\n<p><\/p>\n\n\n\n<h4 class=\"wp-block-heading\"> Kurse Mittwoch, 10. Juli 2019<\/h4>\n\n\n\n<ul class=\"wp-block-list\"><li>Multimediale eBooks im Sprachunterricht: Arbeit mit dem BookCreator<\/li><li> Digital gepr\u00e4gte Gesellschaft: Das Spiel kehrt zur\u00fcck!<\/li><li> Mein Medienprojekt \u2013 ein Beratungsangebot<\/li><\/ul>\n\n\n\n<p><\/p>\n\n\n\n<h4 class=\"wp-block-heading\"> Kurse Donnerstag, 11. Juli 2019<\/h4>\n\n\n\n<ul class=\"wp-block-list\"><li> Einstieg in die Webprogrammierung: Entwicklung einer einfachen Chat-App<\/li><li> Interdisziplin\u00e4re MINT-Bildung: analoge und digitale Stromkreise<\/li><li> \u00abEinfach Informatik\u00bb im Zyklus 2: Daten, Algorithmen &amp; Programmieren<\/li><li> \u00abEinfach Informatik\u00bb im Zyklus 3 und im Gymnasium: Daten, Algorithmen &amp; Programmieren<\/li><\/ul>\n\n\n\n<p><\/p>\n\n\n\n<h4 class=\"wp-block-heading\"> Kurse Freitag, 12. Juli 2019<\/h4>\n\n\n\n<ul class=\"wp-block-list\"><li> Stop Motion \u2013 Cut-Out-Animation<\/li><li> Maschinenmusik \u2013 Tools und Strategien f\u00fcr den Musikunterricht<\/li><li> Makerspace \u2013 basteln, l\u00f6ten, programmieren und spielen<\/li><\/ul>\n<div data-animation=\"no-animation\" data-icons-animation=\"no-animation\" data-overlay=\"\" data-change-size=\"\" data-button-size=\"0.7\" style=\"font-size:0.7em!important;display:none;\" class=\"supsystic-social-sharing supsystic-social-sharing-package-flat supsystic-social-sharing-spacing supsystic-social-sharing-content supsystic-social-sharing-content-align-left\" data-text=\"\"><a data-networks=\"[]\" class=\"social-sharing-button sharer-flat sharer-flat-1 counter-standard without-counter tooltip-icon facebook\" target=\"_blank\" title=\"auf Facebook teilen\" href=\"http:\/\/www.facebook.com\/sharer.php?u=https%3A%2F%2Fmia.phtg.ch%2F%3Fp%3D638\" data-main-href=\"http:\/\/www.facebook.com\/sharer.php?u={url}\" data-nid=\"1\" data-name=\"\" data-pid=\"1\" data-post-id=\"638\" data-url=\"https:\/\/mia.phtg.ch\/wp-admin\/admin-ajax.php\" rel=\"nofollow\" data-mailto=\"\"><i class=\"fa-ssbs fa-ssbs-fw fa-ssbs-facebook\"><\/i><div class=\"counter-wrap standard\"><span class=\"counter\">1<\/span><\/div><\/a><a data-networks=\"[]\" class=\"social-sharing-button sharer-flat sharer-flat-1 counter-standard without-counter tooltip-icon twitter\" target=\"_blank\" title=\"auf Twitter teilen\" href=\"https:\/\/twitter.com\/share?url=https%3A%2F%2Fmia.phtg.ch%2F%3Fp%3D638&text=Summer+School+%C2%ABDigital+Teaching%C2%BB+an+der+PH+Luzern\" data-main-href=\"https:\/\/twitter.com\/share?url={url}&text={title}\" data-nid=\"2\" data-name=\"\" data-pid=\"1\" data-post-id=\"638\" data-url=\"https:\/\/mia.phtg.ch\/wp-admin\/admin-ajax.php\" rel=\"nofollow\" data-mailto=\"\"><i class=\"fa-ssbs fa-ssbs-fw fa-ssbs-twitter\"><\/i><div class=\"counter-wrap standard\"><span class=\"counter\">0<\/span><\/div><\/a><a data-networks=\"[]\" class=\"social-sharing-button sharer-flat sharer-flat-1 counter-standard without-counter tooltip-icon linkedin\" target=\"_blank\" title=\"auf Linkedin teilen\" href=\"https:\/\/www.linkedin.com\/shareArticle?mini=true&title=Summer+School+%C2%ABDigital+Teaching%C2%BB+an+der+PH+Luzern&url=https%3A%2F%2Fmia.phtg.ch%2F%3Fp%3D638\" data-main-href=\"https:\/\/www.linkedin.com\/shareArticle?mini=true&title={title}&url={url}\" data-nid=\"13\" data-name=\"\" data-pid=\"1\" data-post-id=\"638\" data-url=\"https:\/\/mia.phtg.ch\/wp-admin\/admin-ajax.php\" rel=\"nofollow\" data-mailto=\"\"><i class=\"fa-ssbs fa-ssbs-fw fa-ssbs-linkedin\"><\/i><div class=\"counter-wrap standard\"><span class=\"counter\">0<\/span><\/div><\/a><a data-networks=\"[]\" class=\"social-sharing-button sharer-flat sharer-flat-1 counter-standard without-counter tooltip-icon mail\" target=\"_blank\" title=\"per E-Mail teilen\" href=\"#\" data-main-href=\"#\" data-nid=\"16\" data-name=\"\" data-pid=\"1\" data-post-id=\"638\" data-url=\"https:\/\/mia.phtg.ch\/wp-admin\/admin-ajax.php\" rel=\"nofollow\" data-mailto=\"\"><i class=\"fa-ssbs fa-ssbs-fw fa-ssbs-envelope-o\"><\/i><div class=\"counter-wrap standard\"><span class=\"counter\">0<\/span><\/div><\/a><\/div>","protected":false},"excerpt":{"rendered":"<p>Die Summer School \u00abDigital Teaching\u00bb der PH Luzern bietet vom 8. bis 12. Juli die Gelegenheit sich gezielt mit informatischen und medialen Inhaltenauseinanderzusetzen. Das mehrt\u00e4gige&hellip;<\/p>\n<div data-animation=\"no-animation\" data-icons-animation=\"no-animation\" data-overlay=\"\" data-change-size=\"\" data-button-size=\"0.7\" style=\"font-size:0.7em!important;display:none;\" class=\"supsystic-social-sharing supsystic-social-sharing-package-flat supsystic-social-sharing-spacing supsystic-social-sharing-content supsystic-social-sharing-content-align-left\" data-text=\"\"><a data-networks=\"[]\" class=\"social-sharing-button sharer-flat sharer-flat-1 counter-standard without-counter tooltip-icon facebook\" target=\"_blank\" title=\"auf Facebook teilen\" href=\"http:\/\/www.facebook.com\/sharer.php?u=https%3A%2F%2Fmia.phtg.ch%2F%3Fp%3D638\" data-main-href=\"http:\/\/www.facebook.com\/sharer.php?u={url}\" data-nid=\"1\" data-name=\"\" data-pid=\"1\" data-post-id=\"638\" data-url=\"https:\/\/mia.phtg.ch\/wp-admin\/admin-ajax.php\" rel=\"nofollow\" data-mailto=\"\"><i class=\"fa-ssbs fa-ssbs-fw fa-ssbs-facebook\"><\/i><div class=\"counter-wrap standard\"><span class=\"counter\">1<\/span><\/div><\/a><a data-networks=\"[]\" class=\"social-sharing-button sharer-flat sharer-flat-1 counter-standard without-counter tooltip-icon twitter\" target=\"_blank\" title=\"auf Twitter teilen\" href=\"https:\/\/twitter.com\/share?url=https%3A%2F%2Fmia.phtg.ch%2F%3Fp%3D638&text=Summer+School+%C2%ABDigital+Teaching%C2%BB+an+der+PH+Luzern\" data-main-href=\"https:\/\/twitter.com\/share?url={url}&text={title}\" data-nid=\"2\" data-name=\"\" data-pid=\"1\" data-post-id=\"638\" data-url=\"https:\/\/mia.phtg.ch\/wp-admin\/admin-ajax.php\" rel=\"nofollow\" data-mailto=\"\"><i class=\"fa-ssbs fa-ssbs-fw fa-ssbs-twitter\"><\/i><div class=\"counter-wrap standard\"><span class=\"counter\">0<\/span><\/div><\/a><a data-networks=\"[]\" class=\"social-sharing-button sharer-flat sharer-flat-1 counter-standard without-counter tooltip-icon linkedin\" target=\"_blank\" title=\"auf Linkedin teilen\" href=\"https:\/\/www.linkedin.com\/shareArticle?mini=true&title=Summer+School+%C2%ABDigital+Teaching%C2%BB+an+der+PH+Luzern&url=https%3A%2F%2Fmia.phtg.ch%2F%3Fp%3D638\" data-main-href=\"https:\/\/www.linkedin.com\/shareArticle?mini=true&title={title}&url={url}\" data-nid=\"13\" data-name=\"\" data-pid=\"1\" data-post-id=\"638\" data-url=\"https:\/\/mia.phtg.ch\/wp-admin\/admin-ajax.php\" rel=\"nofollow\" data-mailto=\"\"><i class=\"fa-ssbs fa-ssbs-fw fa-ssbs-linkedin\"><\/i><div class=\"counter-wrap standard\"><span class=\"counter\">0<\/span><\/div><\/a><a data-networks=\"[]\" class=\"social-sharing-button sharer-flat sharer-flat-1 counter-standard without-counter tooltip-icon mail\" target=\"_blank\" title=\"per E-Mail teilen\" href=\"#\" data-main-href=\"#\" data-nid=\"16\" data-name=\"\" data-pid=\"1\" data-post-id=\"638\" data-url=\"https:\/\/mia.phtg.ch\/wp-admin\/admin-ajax.php\" rel=\"nofollow\" data-mailto=\"\"><i class=\"fa-ssbs fa-ssbs-fw fa-ssbs-envelope-o\"><\/i><div class=\"counter-wrap standard\"><span class=\"counter\">0<\/span><\/div><\/a><\/div>","protected":false},"author":11,"featured_media":675,"comment_status":"open","ping_status":"open","sticky":false,"template":"","format":"standard","meta":{"footnotes":""},"categories":[23,10,51],"tags":[130,89,129,48,42],"class_list":["post-638","post","type-post","status-publish","format-standard","has-post-thumbnail","hentry","category-informatik","category-medien","category-weiterbildung","tag-fuehrung","tag-making","tag-medienprojekt","tag-programmieren","tag-weiterbildung"],"_links":{"self":[{"href":"https:\/\/mia.phtg.ch\/index.php?rest_route=\/wp\/v2\/posts\/638","targetHints":{"allow":["GET"]}}],"collection":[{"href":"https:\/\/mia.phtg.ch\/index.php?rest_route=\/wp\/v2\/posts"}],"about":[{"href":"https:\/\/mia.phtg.ch\/index.php?rest_route=\/wp\/v2\/types\/post"}],"author":[{"embeddable":true,"href":"https:\/\/mia.phtg.ch\/index.php?rest_route=\/wp\/v2\/users\/11"}],"replies":[{"embeddable":true,"href":"https:\/\/mia.phtg.ch\/index.php?rest_route=%2Fwp%2Fv2%2Fcomments&post=638"}],"version-history":[{"count":12,"href":"https:\/\/mia.phtg.ch\/index.php?rest_route=\/wp\/v2\/posts\/638\/revisions"}],"predecessor-version":[{"id":4434,"href":"https:\/\/mia.phtg.ch\/index.php?rest_route=\/wp\/v2\/posts\/638\/revisions\/4434"}],"wp:featuredmedia":[{"embeddable":true,"href":"https:\/\/mia.phtg.ch\/index.php?rest_route=\/wp\/v2\/media\/675"}],"wp:attachment":[{"href":"https:\/\/mia.phtg.ch\/index.php?rest_route=%2Fwp%2Fv2%2Fmedia&parent=638"}],"wp:term":[{"taxonomy":"category","embeddable":true,"href":"https:\/\/mia.phtg.ch\/index.php?rest_route=%2Fwp%2Fv2%2Fcategories&post=638"},{"taxonomy":"post_tag","embeddable":true,"href":"https:\/\/mia.phtg.ch\/index.php?rest_route=%2Fwp%2Fv2%2Ftags&post=638"}],"curies":[{"name":"wp","href":"https:\/\/api.w.org\/{rel}","templated":true}]}}