{"id":648,"date":"2019-05-09T15:12:50","date_gmt":"2019-05-09T13:12:50","guid":{"rendered":"https:\/\/mia.phtg.ch\/?p=648"},"modified":"2019-05-09T15:13:26","modified_gmt":"2019-05-09T13:13:26","slug":"spotlight-schweiz-wettbewerb-zur-digitalen-transformation-in-der-schule","status":"publish","type":"post","link":"https:\/\/mia.phtg.ch\/?p=648","title":{"rendered":"Spotlight Schweiz | Wettbewerb zur Digitalen Transformation in der Schule"},"content":{"rendered":"\n<p>Gerne m\u00f6chten wir auf folgenden Wettbewerb aufmerksam machen:  <a rel=\"noreferrer noopener\" aria-label=\"Spotlight Schweiz (\u00f6ffnet in neuem Tab)\" href=\"https:\/\/hundred.org\/switzerland\" target=\"_blank\"><strong>Spotlight Schweiz<\/strong><\/a>. <\/p>\n\n\n\n<p>Bis am 5. Juli 2019 werden inspirierende Lehrpersonen gesucht, die zur digitalen Transformation der Schule beitragen. Aus den eingereichten Projekten mit Vorbildcharakter (in Planung oder bereits in der Durchf\u00fchrung) werden 10 ausgew\u00e4hlt, einem breiteren Publikum vorgestellt und mit einem Gesamtbeitrag von 120&#8217;000 CHF f\u00fcr die Weiterentwicklung unterst\u00fctzt. <br><br>Die Eingaben orientieren sich an den Kriterien: wirkungsvoll, skalierbar und innovativ. <\/p>\n\n\n\n<p>Das Projekt wird von unterschiedlichen Stiftungen ( z.B. von Stiftung Mercator Schweiz, Jacobs Foundation und Gebert R\u00fcf Stiftung) unterst\u00fctzt.  <\/p>\n\n\n\n<p>Mehr Infos zum Wettbewerb findet man auf folgenden Websiten: <\/p>\n\n\n\n<p><a rel=\"noreferrer noopener\" href=\"https:\/\/hundred.org\/switzerland\" target=\"_blank\"><strong>Projektwebsite: Spotlight Schweiz<\/strong><\/a><br><a rel=\"noreferrer noopener\" aria-label=\"Kurze Zusammenfassung: Blog PHZH (\u00f6ffnet in neuem Tab)\" href=\"https:\/\/phzh.ch\/de\/ueber-uns\/Medien\/News\/2019\/04\/wettbewerb-spotlight\/\" target=\"_blank\"><strong>Kurze Zusammenfassung: Blog PHZ<\/strong><\/a> <br><strong><a rel=\"noreferrer noopener\" aria-label=\"ausf\u00fchrlicher Pressebericht (\u00f6ffnet in neuem Tab)\" href=\"https:\/\/www.presseportal-schweiz.ch\/pressemeldungen\/start-fuer-spotlight-schweiz-digitale-transformation-der-schule\" target=\"_blank\">ausf\u00fchrlicher Pressebericht<\/a><\/strong><\/p>\n\n\n\n<p><a rel=\"noreferrer noopener\" href=\"https:\/\/www.presseportal-schweiz.ch\/pressemeldungen\/start-fuer-spotlight-schweiz-digitale-transformation-der-schule\" target=\"_blank\"><\/a><\/p>\n\n\n\n<p>F\u00fcr Details kann man sich auch direkt an Cristina Riesen (<a href=\"mailto:cristina@weareplaylab.net\">cristina@weareplaylab.net)<\/a> wenden. <br><\/p>\n\n\n\n<p><br><br><\/p>\n<div data-animation=\"no-animation\" data-icons-animation=\"no-animation\" data-overlay=\"\" data-change-size=\"\" data-button-size=\"0.7\" style=\"font-size:0.7em!important;display:none;\" class=\"supsystic-social-sharing supsystic-social-sharing-package-flat supsystic-social-sharing-spacing supsystic-social-sharing-content supsystic-social-sharing-content-align-left\" data-text=\"\"><a data-networks=\"[]\" class=\"social-sharing-button sharer-flat sharer-flat-1 counter-standard without-counter tooltip-icon facebook\" target=\"_blank\" title=\"auf Facebook teilen\" href=\"http:\/\/www.facebook.com\/sharer.php?u=https%3A%2F%2Fmia.phtg.ch%2F%3Fp%3D648\" data-main-href=\"http:\/\/www.facebook.com\/sharer.php?u={url}\" data-nid=\"1\" data-name=\"\" data-pid=\"1\" data-post-id=\"648\" data-url=\"https:\/\/mia.phtg.ch\/wp-admin\/admin-ajax.php\" rel=\"nofollow\" data-mailto=\"\"><i class=\"fa-ssbs fa-ssbs-fw fa-ssbs-facebook\"><\/i><div class=\"counter-wrap standard\"><span class=\"counter\">0<\/span><\/div><\/a><a data-networks=\"[]\" class=\"social-sharing-button sharer-flat sharer-flat-1 counter-standard without-counter tooltip-icon twitter\" target=\"_blank\" title=\"auf Twitter teilen\" href=\"https:\/\/twitter.com\/share?url=https%3A%2F%2Fmia.phtg.ch%2F%3Fp%3D648&text=Spotlight+Schweiz+%7C+Wettbewerb+zur+Digitalen+Transformation+in+der+Schule\" data-main-href=\"https:\/\/twitter.com\/share?url={url}&text={title}\" data-nid=\"2\" data-name=\"\" data-pid=\"1\" data-post-id=\"648\" data-url=\"https:\/\/mia.phtg.ch\/wp-admin\/admin-ajax.php\" rel=\"nofollow\" data-mailto=\"\"><i class=\"fa-ssbs fa-ssbs-fw fa-ssbs-twitter\"><\/i><div class=\"counter-wrap standard\"><span class=\"counter\">0<\/span><\/div><\/a><a data-networks=\"[]\" class=\"social-sharing-button sharer-flat sharer-flat-1 counter-standard without-counter tooltip-icon linkedin\" target=\"_blank\" title=\"auf Linkedin teilen\" href=\"https:\/\/www.linkedin.com\/shareArticle?mini=true&title=Spotlight+Schweiz+%7C+Wettbewerb+zur+Digitalen+Transformation+in+der+Schule&url=https%3A%2F%2Fmia.phtg.ch%2F%3Fp%3D648\" data-main-href=\"https:\/\/www.linkedin.com\/shareArticle?mini=true&title={title}&url={url}\" data-nid=\"13\" data-name=\"\" data-pid=\"1\" data-post-id=\"648\" data-url=\"https:\/\/mia.phtg.ch\/wp-admin\/admin-ajax.php\" rel=\"nofollow\" data-mailto=\"\"><i class=\"fa-ssbs fa-ssbs-fw fa-ssbs-linkedin\"><\/i><div class=\"counter-wrap standard\"><span class=\"counter\">0<\/span><\/div><\/a><a data-networks=\"[]\" class=\"social-sharing-button sharer-flat sharer-flat-1 counter-standard without-counter tooltip-icon mail\" target=\"_blank\" title=\"per E-Mail teilen\" href=\"#\" data-main-href=\"#\" data-nid=\"16\" data-name=\"\" data-pid=\"1\" data-post-id=\"648\" data-url=\"https:\/\/mia.phtg.ch\/wp-admin\/admin-ajax.php\" rel=\"nofollow\" data-mailto=\"\"><i class=\"fa-ssbs fa-ssbs-fw fa-ssbs-envelope-o\"><\/i><div class=\"counter-wrap standard\"><span class=\"counter\">0<\/span><\/div><\/a><\/div>","protected":false},"excerpt":{"rendered":"<p>Gerne m\u00f6chten wir auf folgenden Wettbewerb aufmerksam machen: Spotlight Schweiz. Bis am 5. Juli 2019 werden inspirierende Lehrpersonen gesucht, die zur digitalen Transformation der Schule&hellip;<\/p>\n<div data-animation=\"no-animation\" data-icons-animation=\"no-animation\" data-overlay=\"\" data-change-size=\"\" data-button-size=\"0.7\" style=\"font-size:0.7em!important;display:none;\" class=\"supsystic-social-sharing supsystic-social-sharing-package-flat supsystic-social-sharing-spacing supsystic-social-sharing-content supsystic-social-sharing-content-align-left\" data-text=\"\"><a data-networks=\"[]\" class=\"social-sharing-button sharer-flat sharer-flat-1 counter-standard without-counter tooltip-icon facebook\" target=\"_blank\" title=\"auf Facebook teilen\" href=\"http:\/\/www.facebook.com\/sharer.php?u=https%3A%2F%2Fmia.phtg.ch%2F%3Fp%3D648\" data-main-href=\"http:\/\/www.facebook.com\/sharer.php?u={url}\" data-nid=\"1\" data-name=\"\" data-pid=\"1\" data-post-id=\"648\" data-url=\"https:\/\/mia.phtg.ch\/wp-admin\/admin-ajax.php\" rel=\"nofollow\" data-mailto=\"\"><i class=\"fa-ssbs fa-ssbs-fw fa-ssbs-facebook\"><\/i><div class=\"counter-wrap standard\"><span class=\"counter\">0<\/span><\/div><\/a><a data-networks=\"[]\" class=\"social-sharing-button sharer-flat sharer-flat-1 counter-standard without-counter tooltip-icon twitter\" target=\"_blank\" title=\"auf Twitter teilen\" href=\"https:\/\/twitter.com\/share?url=https%3A%2F%2Fmia.phtg.ch%2F%3Fp%3D648&text=Spotlight+Schweiz+%7C+Wettbewerb+zur+Digitalen+Transformation+in+der+Schule\" data-main-href=\"https:\/\/twitter.com\/share?url={url}&text={title}\" data-nid=\"2\" data-name=\"\" data-pid=\"1\" data-post-id=\"648\" data-url=\"https:\/\/mia.phtg.ch\/wp-admin\/admin-ajax.php\" rel=\"nofollow\" data-mailto=\"\"><i class=\"fa-ssbs fa-ssbs-fw fa-ssbs-twitter\"><\/i><div class=\"counter-wrap standard\"><span class=\"counter\">0<\/span><\/div><\/a><a data-networks=\"[]\" class=\"social-sharing-button sharer-flat sharer-flat-1 counter-standard without-counter tooltip-icon linkedin\" target=\"_blank\" title=\"auf Linkedin teilen\" href=\"https:\/\/www.linkedin.com\/shareArticle?mini=true&title=Spotlight+Schweiz+%7C+Wettbewerb+zur+Digitalen+Transformation+in+der+Schule&url=https%3A%2F%2Fmia.phtg.ch%2F%3Fp%3D648\" data-main-href=\"https:\/\/www.linkedin.com\/shareArticle?mini=true&title={title}&url={url}\" data-nid=\"13\" data-name=\"\" data-pid=\"1\" data-post-id=\"648\" data-url=\"https:\/\/mia.phtg.ch\/wp-admin\/admin-ajax.php\" rel=\"nofollow\" data-mailto=\"\"><i class=\"fa-ssbs fa-ssbs-fw fa-ssbs-linkedin\"><\/i><div class=\"counter-wrap standard\"><span class=\"counter\">0<\/span><\/div><\/a><a data-networks=\"[]\" class=\"social-sharing-button sharer-flat sharer-flat-1 counter-standard without-counter tooltip-icon mail\" target=\"_blank\" title=\"per E-Mail teilen\" href=\"#\" data-main-href=\"#\" data-nid=\"16\" data-name=\"\" data-pid=\"1\" data-post-id=\"648\" data-url=\"https:\/\/mia.phtg.ch\/wp-admin\/admin-ajax.php\" rel=\"nofollow\" data-mailto=\"\"><i class=\"fa-ssbs fa-ssbs-fw fa-ssbs-envelope-o\"><\/i><div class=\"counter-wrap standard\"><span class=\"counter\">0<\/span><\/div><\/a><\/div>","protected":false},"author":14,"featured_media":683,"comment_status":"open","ping_status":"open","sticky":false,"template":"","format":"standard","meta":{"footnotes":""},"categories":[25,131,23,10,1,137],"tags":[134,133,135,136,132],"class_list":["post-648","post","type-post","status-publish","format-standard","has-post-thumbnail","hentry","category-anwendungskompetenzen","category-digitale-transformation","category-informatik","category-medien","category-uncategorized","category-unterricht","tag-innovation","tag-schweiz","tag-stiftung","tag-volksschule","tag-wettbewerb"],"_links":{"self":[{"href":"https:\/\/mia.phtg.ch\/index.php?rest_route=\/wp\/v2\/posts\/648","targetHints":{"allow":["GET"]}}],"collection":[{"href":"https:\/\/mia.phtg.ch\/index.php?rest_route=\/wp\/v2\/posts"}],"about":[{"href":"https:\/\/mia.phtg.ch\/index.php?rest_route=\/wp\/v2\/types\/post"}],"author":[{"embeddable":true,"href":"https:\/\/mia.phtg.ch\/index.php?rest_route=\/wp\/v2\/users\/14"}],"replies":[{"embeddable":true,"href":"https:\/\/mia.phtg.ch\/index.php?rest_route=%2Fwp%2Fv2%2Fcomments&post=648"}],"version-history":[{"count":7,"href":"https:\/\/mia.phtg.ch\/index.php?rest_route=\/wp\/v2\/posts\/648\/revisions"}],"predecessor-version":[{"id":689,"href":"https:\/\/mia.phtg.ch\/index.php?rest_route=\/wp\/v2\/posts\/648\/revisions\/689"}],"wp:featuredmedia":[{"embeddable":true,"href":"https:\/\/mia.phtg.ch\/index.php?rest_route=\/wp\/v2\/media\/683"}],"wp:attachment":[{"href":"https:\/\/mia.phtg.ch\/index.php?rest_route=%2Fwp%2Fv2%2Fmedia&parent=648"}],"wp:term":[{"taxonomy":"category","embeddable":true,"href":"https:\/\/mia.phtg.ch\/index.php?rest_route=%2Fwp%2Fv2%2Fcategories&post=648"},{"taxonomy":"post_tag","embeddable":true,"href":"https:\/\/mia.phtg.ch\/index.php?rest_route=%2Fwp%2Fv2%2Ftags&post=648"}],"curies":[{"name":"wp","href":"https:\/\/api.w.org\/{rel}","templated":true}]}}