{"id":747,"date":"2019-08-05T16:30:13","date_gmt":"2019-08-05T14:30:13","guid":{"rendered":"https:\/\/mia.phtg.ch\/?p=747"},"modified":"2019-08-05T17:05:18","modified_gmt":"2019-08-05T15:05:18","slug":"termine-mi","status":"publish","type":"post","link":"https:\/\/mia.phtg.ch\/?p=747","title":{"rendered":"Termine M&#038;I"},"content":{"rendered":"\n<p>Das neue Schuljahr ist in den Startl\u00f6chern, dementsprechend steht auch wieder die Planung f\u00fcr das n\u00e4chste Jahr an. Hier ein paar interessante Termine im Bereich Medien und Informatik f\u00fcr das Herbstsemester 2019 und dar\u00fcber hinaus :<\/p>\n\n\n\n<h4 class=\"wp-block-heading\">Weiterbildungen M&amp;I an der PHTG<\/h4>\n\n\n\n<p>11. September 2019: <a rel=\"noreferrer noopener\" aria-label=\"Kollaboratives Arbeiten am Beispiel von OneNote (Anmeldeschluss 15.08.19) (\u00f6ffnet in neuem Tab)\" href=\"https:\/\/www.phtg.ch\/weiterbildung\/uebersicht\/weiterbildungsfinder\/detail\/kurse\/3073-1921111-kollaboratives-arbeiten-am-beispiel-von-onenote\/backPid\/2666\/\" target=\"_blank\"><strong>Kollaboratives Arbeiten am Beispiel von OneNote (Anmeldeschluss 15.08.19)<\/strong><\/a><br>16. September 2019: <a rel=\"noreferrer noopener\" aria-label=\"Spiel und Spass mit Tablets im Kindergarten (Anmeldeschluss 15.8.19) (\u00f6ffnet in neuem Tab)\" href=\"https:\/\/www.phtg.ch\/weiterbildung\/uebersicht\/weiterbildungsfinder\/detail\/kurse\/3064-1921102-spiel-und-spass-mit-tablets-im-kindergarten\/backPid\/2666\/\" target=\"_blank\"><strong>Spiel und Spass mit Tablets im Kindergarten (Anmeldeschluss 15.08.19)<\/strong><\/a><br>25. September 2019: <a rel=\"noreferrer noopener\" aria-label=\"(Cyber-)Mobbing (Anmeldeschluss 31.08.19) (\u00f6ffnet in neuem Tab)\" href=\"https:\/\/www.phtg.ch\/weiterbildung\/uebersicht\/weiterbildungsfinder\/detail\/kurse\/3072-1921110-cyber-mobbing\/backPid\/2666\/\" target=\"_blank\"><strong>(Cyber-)Mobbing (Anmeldeschluss 31.08.19)<\/strong><\/a><br>06. November 2019: <strong><a rel=\"noreferrer noopener\" aria-label=\"Augmented Reality im Unterricht \u2013 ein Mehrwert! (Anmeldeschlus 31.08.19) (\u00f6ffnet in neuem Tab)\" href=\"https:\/\/www.phtg.ch\/weiterbildung\/uebersicht\/weiterbildungsfinder\/detail\/kurse\/3074-1921112-augmented-reality-im-unterricht-ein-mehrwert\/backPid\/2666\/\" target=\"_blank\">Augmented Reality im Unterricht \u2013 ein Mehrwert! (Anmeldeschlus 31.08.19)<\/a><\/strong><br>16. Januar 2020: <strong><a rel=\"noreferrer noopener\" aria-label=\"Digitaler Werkzeugkoffer #1 (Anmeldeschluss 15.11.19) (\u00f6ffnet in neuem Tab)\" href=\"https:\/\/www.phtg.ch\/weiterbildung\/uebersicht\/weiterbildungsfinder\/detail\/kurse\/3067-1921105-digitaler-werkzeugkoffer-1\/backPid\/2666\/\" target=\"_blank\">Digitaler Werkzeugkoffer #1 (Anmeldeschluss 15.11.19)<\/a><\/strong><br>22. Januar 2020: <strong><a rel=\"noreferrer noopener\" aria-label=\"Informatik be-greifen (Anmeldeschluss 30.11.2019) (\u00f6ffnet in neuem Tab)\" href=\"https:\/\/www.phtg.ch\/weiterbildung\/uebersicht\/weiterbildungsfinder\/detail\/kurse\/3065-1921103-informatik-be-greifen\/backPid\/2666\/\" target=\"_blank\">Informatik be-greifen (Anmeldeschluss 30.11.2019)<\/a><\/strong><br>05 Februar 2020:  <strong><a rel=\"noreferrer noopener\" aria-label=\" (\u00f6ffnet in neuem Tab)\" href=\"https:\/\/www.phtg.ch\/weiterbildung\/uebersicht\/weiterbildungsfinder\/detail\/kurse\/3068-1921106-digitaler-werkzeugkoffer-2\/backPid\/2666\/\" target=\"_blank\">Digitaler Werkzeugkoffer #2 (Anmeldeschluss 30.11.19)<\/a><\/strong> <br>04. M\u00e4rz 2020: <strong><a rel=\"noreferrer noopener\" aria-label=\"Handwerk 4.0 (\u00f6ffnet in neuem Tab)\" href=\"https:\/\/www.phtg.ch\/weiterbildung\/uebersicht\/weiterbildungsfinder\/detail\/kurse\/3069-1921107-handwerk-40\/backPid\/2666\/\" target=\"_blank\">Handwerk 4.0<\/a><\/strong><br>18.\/25. M\u00e4rz 2020: <a rel=\"noreferrer noopener\" aria-label=\"Smartphone-Kino (\u00f6ffnet in neuem Tab)\" href=\"https:\/\/www.phtg.ch\/weiterbildung\/uebersicht\/weiterbildungsfinder\/detail\/kurse\/3070-1921108-smartphone-kino\/backPid\/2666\/\" target=\"_blank\"><strong>Smartphone-Kino<\/strong><\/a><br>20. Mai 2020:<strong> <a rel=\"noreferrer noopener\" aria-label=\"Actionbound \u2013 die digitale Schnitzeljagd (\u00f6ffnet in neuem Tab)\" href=\"https:\/\/www.phtg.ch\/weiterbildung\/uebersicht\/weiterbildungsfinder\/detail\/kurse\/3071-1921109-actionbound-die-digitale-schnitzeljagd\/backPid\/2666\/\" target=\"_blank\">Actionbound \u2013 die digitale Schnitzeljagd<\/a><\/strong><br>03. Juni 2020: <strong><a rel=\"noreferrer noopener\" aria-label=\"APPatizers (\u00f6ffnet in neuem Tab)\" href=\"https:\/\/www.phtg.ch\/weiterbildung\/uebersicht\/weiterbildungsfinder\/detail\/kurse\/3066-1921104-appatizers\/backPid\/2666\/\" target=\"_blank\">APPatizers<\/a><\/strong><br><br>Eine \u00dcbersicht aller Angebote im Bereich Medien und Informatik kann&nbsp;<a rel=\"noreferrer noopener\" href=\"https:\/\/www.phtg.ch\/fileadmin\/dateiablage\/20_Weiterbildung\/Lehrpersonen\/Dokumente\/Kurse_INWB_20190614.pdf\" target=\"_blank\"><strong>hier<\/strong>&nbsp;<\/a>runtergeladen werden. <\/p>\n\n\n\n<h4 class=\"wp-block-heading\">MIA-Weiterbildungen<\/h4>\n\n\n\n<p><strong>MIA21 an der PHTG &#8211; Kompaktweiterbildungen <\/strong><br>ab September 2019: <strong><a rel=\"noreferrer noopener\" href=\"https:\/\/www.phtg.ch\/de\/weiterbildung\/uebersicht\/individuelle-weiterbildung\/medien-und-informatik\/mia21-an-der-phtg-kompaktweiterbildungen\/\" target=\"_blank\">Medien und Informatik, alle Zyklen<\/a><\/strong><br>ab Februar 2020:  <a rel=\"noreferrer noopener\" href=\"https:\/\/www.phtg.ch\/de\/weiterbildung\/uebersicht\/individuelle-weiterbildung\/medien-und-informatik\/mia21-an-der-phtg-kompaktweiterbildungen\/\" target=\"_blank\"><strong>Medien und Informatik, alle Zyklen <\/strong><\/a> <br><br><strong>Anwendungskompetenzen<\/strong><br>ab September 2019: <strong><a rel=\"noreferrer noopener\" aria-label=\"ab September 2019: Pr\u00e4sentieren mit digitalen Medien\u00a0Zyklus 2 + 3 (\u00f6ffnet in neuem Tab)\" href=\"https:\/\/www.phtg.ch\/de\/weiterbildung\/uebersicht\/individuelle-weiterbildung\/medien-und-informatik\/mia21-an-der-phtg-anwendungskompetenzen\/\" target=\"_blank\">Pr\u00e4sentieren mit digitalen Medien\u00a0Zyklus 2 + 3<\/a><\/strong><br>ab Februar 2020: <a rel=\"noreferrer noopener\" aria-label=\"I (\u00f6ffnet in neuem Tab)\" href=\"https:\/\/www.phtg.ch\/de\/weiterbildung\/uebersicht\/individuelle-weiterbildung\/medien-und-informatik\/mia21-an-der-phtg-anwendungskompetenzen\/\" target=\"_blank\"><strong>Informationsrecherche\u00a0Zyklus 2 + 3<\/strong><\/a><br><br><strong>f\u00fcr iScouts und Informatikverantwortliche<br><\/strong>ab Oktober 2019: <a rel=\"noreferrer noopener\" href=\"https:\/\/www.phtg.ch\/weiterbildung\/uebersicht\/weiterbildungsfinder\/detail\/kurse\/3004-mia1924901-mia21-iscout-fresh-up-angebot\/backPid\/2666\/\" target=\"_blank\"><strong>MIA21 &#8211; iScout-fresh-up Informatische Bildung<\/strong><\/a><br>ab April 2020:<strong> <a rel=\"noreferrer noopener\" href=\"https:\/\/www.phtg.ch\/weiterbildung\/uebersicht\/weiterbildungsfinder\/detail\/kurse\/3009-mia1924902-mia21-iscout-fresh-up-datenschutz\/backPid\/2666\/\" target=\"_blank\">MIA21 &#8211; iScout-fresh-up Datenschutz<\/a><\/strong> <\/p>\n\n\n\n<h4 class=\"wp-block-heading\">Veranstaltungen f\u00fcr Lehrpersonen<\/h4>\n\n\n\n<p>28. August 2019: <a rel=\"noreferrer noopener\" aria-label=\"Fachtagung educa.ch -  edu.Data.Lab - Welche Datennutzungskultur wollen wir in der Bildung? (\u00f6ffnet in neuem Tab)\" href=\"https:\/\/www.educa.ch\/de\/veranstaltungen\/fachtagung2019\" target=\"_blank\"><strong>Fachtagung educa.ch &#8211;  edu.Data.Lab &#8211; Welche Datennutzungskultur wollen wir in der Bildung?<\/strong><\/a><br> 26. Oktober 2019: <strong><a rel=\"noreferrer noopener\" href=\"https:\/\/barcamptools.eu\/pictscamp19\/\" target=\"_blank\">Barcamp <\/a><\/strong>f\u00fcr PICTS (und iScouts) <\/p>\n\n\n\n<h4 class=\"wp-block-heading\">Veranstaltungen f\u00fcr Schulklassen<\/h4>\n\n\n\n<p>05. &#8211; 20. Oktober 2019: <strong><a rel=\"noreferrer noopener\" aria-label=\"EU CodeWeek (\u00f6ffnet in neuem Tab)\" href=\"https:\/\/codeweek.eu\/\" target=\"_blank\">EU CodeWeek<\/a><\/strong><br>04. &#8211; 15. November 2019: <strong><a rel=\"noreferrer noopener\" href=\"https:\/\/informatik-biber.ch\/de\/\" target=\"_blank\">Informatikbiber-Wettbewerb<\/a><\/strong> <br>16. November 2019: <strong><a rel=\"noreferrer noopener\" href=\"https:\/\/www.robolympics.ch\/index.php?id=16207\" target=\"_blank\">Robolympics<\/a><\/strong> in Rapperswil <\/p>\n\n\n\n<p><a rel=\"noreferrer noopener\" href=\"https:\/\/www.lernfilm-festival.ch\/\" target=\"_blank\"><strong>Lernfilm-Festival<\/strong><\/a><br>&#8211; Online Ausschreibung: ab August 2019<br>&#8211; Eingabefrist Anfang April 2020<br>&#8211; Preisverleihung: Mitte\/Ende Mai 2020 <\/p>\n\n\n\n<p>Bildnachweis: Pixabay<\/p>\n<div data-animation=\"no-animation\" data-icons-animation=\"no-animation\" data-overlay=\"\" data-change-size=\"\" data-button-size=\"0.7\" style=\"font-size:0.7em!important;display:none;\" class=\"supsystic-social-sharing supsystic-social-sharing-package-flat supsystic-social-sharing-spacing supsystic-social-sharing-content supsystic-social-sharing-content-align-left\" data-text=\"\"><a data-networks=\"[]\" class=\"social-sharing-button sharer-flat sharer-flat-1 counter-standard without-counter tooltip-icon facebook\" target=\"_blank\" title=\"auf Facebook teilen\" href=\"http:\/\/www.facebook.com\/sharer.php?u=https%3A%2F%2Fmia.phtg.ch%2F%3Fp%3D747\" data-main-href=\"http:\/\/www.facebook.com\/sharer.php?u={url}\" data-nid=\"1\" data-name=\"\" data-pid=\"1\" data-post-id=\"747\" data-url=\"https:\/\/mia.phtg.ch\/wp-admin\/admin-ajax.php\" rel=\"nofollow\" data-mailto=\"\"><i class=\"fa-ssbs fa-ssbs-fw fa-ssbs-facebook\"><\/i><div class=\"counter-wrap standard\"><span class=\"counter\">0<\/span><\/div><\/a><a data-networks=\"[]\" class=\"social-sharing-button sharer-flat sharer-flat-1 counter-standard without-counter tooltip-icon twitter\" target=\"_blank\" title=\"auf Twitter teilen\" href=\"https:\/\/twitter.com\/share?url=https%3A%2F%2Fmia.phtg.ch%2F%3Fp%3D747&text=Termine+M%26%23038%3BI\" data-main-href=\"https:\/\/twitter.com\/share?url={url}&text={title}\" data-nid=\"2\" data-name=\"\" data-pid=\"1\" data-post-id=\"747\" data-url=\"https:\/\/mia.phtg.ch\/wp-admin\/admin-ajax.php\" rel=\"nofollow\" data-mailto=\"\"><i class=\"fa-ssbs fa-ssbs-fw fa-ssbs-twitter\"><\/i><div class=\"counter-wrap standard\"><span class=\"counter\">0<\/span><\/div><\/a><a data-networks=\"[]\" class=\"social-sharing-button sharer-flat sharer-flat-1 counter-standard without-counter tooltip-icon linkedin\" target=\"_blank\" title=\"auf Linkedin teilen\" href=\"https:\/\/www.linkedin.com\/shareArticle?mini=true&title=Termine+M%26%23038%3BI&url=https%3A%2F%2Fmia.phtg.ch%2F%3Fp%3D747\" data-main-href=\"https:\/\/www.linkedin.com\/shareArticle?mini=true&title={title}&url={url}\" data-nid=\"13\" data-name=\"\" data-pid=\"1\" data-post-id=\"747\" data-url=\"https:\/\/mia.phtg.ch\/wp-admin\/admin-ajax.php\" rel=\"nofollow\" data-mailto=\"\"><i class=\"fa-ssbs fa-ssbs-fw fa-ssbs-linkedin\"><\/i><div class=\"counter-wrap standard\"><span class=\"counter\">0<\/span><\/div><\/a><a data-networks=\"[]\" class=\"social-sharing-button sharer-flat sharer-flat-1 counter-standard without-counter tooltip-icon mail\" target=\"_blank\" title=\"per E-Mail teilen\" href=\"#\" data-main-href=\"#\" data-nid=\"16\" data-name=\"\" data-pid=\"1\" data-post-id=\"747\" data-url=\"https:\/\/mia.phtg.ch\/wp-admin\/admin-ajax.php\" rel=\"nofollow\" data-mailto=\"\"><i class=\"fa-ssbs fa-ssbs-fw fa-ssbs-envelope-o\"><\/i><div class=\"counter-wrap standard\"><span class=\"counter\">0<\/span><\/div><\/a><\/div>","protected":false},"excerpt":{"rendered":"<p>Das neue Schuljahr ist in den Startl\u00f6chern, dementsprechend steht auch wieder die Planung f\u00fcr das n\u00e4chste Jahr an. Hier ein paar interessante Termine im Bereich&hellip;<\/p>\n<div data-animation=\"no-animation\" data-icons-animation=\"no-animation\" data-overlay=\"\" data-change-size=\"\" data-button-size=\"0.7\" style=\"font-size:0.7em!important;display:none;\" class=\"supsystic-social-sharing supsystic-social-sharing-package-flat supsystic-social-sharing-spacing supsystic-social-sharing-content supsystic-social-sharing-content-align-left\" data-text=\"\"><a data-networks=\"[]\" class=\"social-sharing-button sharer-flat sharer-flat-1 counter-standard without-counter tooltip-icon facebook\" target=\"_blank\" title=\"auf Facebook teilen\" href=\"http:\/\/www.facebook.com\/sharer.php?u=https%3A%2F%2Fmia.phtg.ch%2F%3Fp%3D747\" data-main-href=\"http:\/\/www.facebook.com\/sharer.php?u={url}\" data-nid=\"1\" data-name=\"\" data-pid=\"1\" data-post-id=\"747\" data-url=\"https:\/\/mia.phtg.ch\/wp-admin\/admin-ajax.php\" rel=\"nofollow\" data-mailto=\"\"><i class=\"fa-ssbs fa-ssbs-fw fa-ssbs-facebook\"><\/i><div class=\"counter-wrap standard\"><span class=\"counter\">0<\/span><\/div><\/a><a data-networks=\"[]\" class=\"social-sharing-button sharer-flat sharer-flat-1 counter-standard without-counter tooltip-icon twitter\" target=\"_blank\" title=\"auf Twitter teilen\" href=\"https:\/\/twitter.com\/share?url=https%3A%2F%2Fmia.phtg.ch%2F%3Fp%3D747&text=Termine+M%26%23038%3BI\" data-main-href=\"https:\/\/twitter.com\/share?url={url}&text={title}\" data-nid=\"2\" data-name=\"\" data-pid=\"1\" data-post-id=\"747\" data-url=\"https:\/\/mia.phtg.ch\/wp-admin\/admin-ajax.php\" rel=\"nofollow\" data-mailto=\"\"><i class=\"fa-ssbs fa-ssbs-fw fa-ssbs-twitter\"><\/i><div class=\"counter-wrap standard\"><span class=\"counter\">0<\/span><\/div><\/a><a data-networks=\"[]\" class=\"social-sharing-button sharer-flat sharer-flat-1 counter-standard without-counter tooltip-icon linkedin\" target=\"_blank\" title=\"auf Linkedin teilen\" href=\"https:\/\/www.linkedin.com\/shareArticle?mini=true&title=Termine+M%26%23038%3BI&url=https%3A%2F%2Fmia.phtg.ch%2F%3Fp%3D747\" data-main-href=\"https:\/\/www.linkedin.com\/shareArticle?mini=true&title={title}&url={url}\" data-nid=\"13\" data-name=\"\" data-pid=\"1\" data-post-id=\"747\" data-url=\"https:\/\/mia.phtg.ch\/wp-admin\/admin-ajax.php\" rel=\"nofollow\" data-mailto=\"\"><i class=\"fa-ssbs fa-ssbs-fw fa-ssbs-linkedin\"><\/i><div class=\"counter-wrap standard\"><span class=\"counter\">0<\/span><\/div><\/a><a data-networks=\"[]\" class=\"social-sharing-button sharer-flat sharer-flat-1 counter-standard without-counter tooltip-icon mail\" target=\"_blank\" title=\"per E-Mail teilen\" href=\"#\" data-main-href=\"#\" data-nid=\"16\" data-name=\"\" data-pid=\"1\" data-post-id=\"747\" data-url=\"https:\/\/mia.phtg.ch\/wp-admin\/admin-ajax.php\" rel=\"nofollow\" data-mailto=\"\"><i class=\"fa-ssbs fa-ssbs-fw fa-ssbs-envelope-o\"><\/i><div class=\"counter-wrap standard\"><span class=\"counter\">0<\/span><\/div><\/a><\/div>","protected":false},"author":11,"featured_media":894,"comment_status":"open","ping_status":"open","sticky":false,"template":"","format":"standard","meta":{"footnotes":""},"categories":[23,10,24,11,22],"tags":[153,84,151,152],"class_list":["post-747","post","type-post","status-publish","format-standard","has-post-thumbnail","hentry","category-informatik","category-medien","category-mia","category-ressourcen","category-veranstaltungen","tag-mi","tag-mia","tag-planung","tag-semester"],"_links":{"self":[{"href":"https:\/\/mia.phtg.ch\/index.php?rest_route=\/wp\/v2\/posts\/747","targetHints":{"allow":["GET"]}}],"collection":[{"href":"https:\/\/mia.phtg.ch\/index.php?rest_route=\/wp\/v2\/posts"}],"about":[{"href":"https:\/\/mia.phtg.ch\/index.php?rest_route=\/wp\/v2\/types\/post"}],"author":[{"embeddable":true,"href":"https:\/\/mia.phtg.ch\/index.php?rest_route=\/wp\/v2\/users\/11"}],"replies":[{"embeddable":true,"href":"https:\/\/mia.phtg.ch\/index.php?rest_route=%2Fwp%2Fv2%2Fcomments&post=747"}],"version-history":[{"count":16,"href":"https:\/\/mia.phtg.ch\/index.php?rest_route=\/wp\/v2\/posts\/747\/revisions"}],"predecessor-version":[{"id":910,"href":"https:\/\/mia.phtg.ch\/index.php?rest_route=\/wp\/v2\/posts\/747\/revisions\/910"}],"wp:featuredmedia":[{"embeddable":true,"href":"https:\/\/mia.phtg.ch\/index.php?rest_route=\/wp\/v2\/media\/894"}],"wp:attachment":[{"href":"https:\/\/mia.phtg.ch\/index.php?rest_route=%2Fwp%2Fv2%2Fmedia&parent=747"}],"wp:term":[{"taxonomy":"category","embeddable":true,"href":"https:\/\/mia.phtg.ch\/index.php?rest_route=%2Fwp%2Fv2%2Fcategories&post=747"},{"taxonomy":"post_tag","embeddable":true,"href":"https:\/\/mia.phtg.ch\/index.php?rest_route=%2Fwp%2Fv2%2Ftags&post=747"}],"curies":[{"name":"wp","href":"https:\/\/api.w.org\/{rel}","templated":true}]}}