{"id":824,"date":"2019-07-16T10:45:54","date_gmt":"2019-07-16T08:45:54","guid":{"rendered":"https:\/\/mia.phtg.ch\/?p=824"},"modified":"2019-07-02T10:46:50","modified_gmt":"2019-07-02T08:46:50","slug":"selbsttest-zur-smartphone-nutzung","status":"publish","type":"post","link":"https:\/\/mia.phtg.ch\/?p=824","title":{"rendered":"Selbsttest zur Smartphone-Nutzung"},"content":{"rendered":"\n<p>Wie sehr wird unser Alltag durch das Smartphone beeinflusst? Der <strong><a rel=\"noreferrer noopener\" aria-label=\"Selbstest \u00abReSeT\u00bb (\u00f6ffnet in neuem Tab)\" href=\"https:\/\/www.medienanstalt-nrw.de\/foerderung\/medienkompetenz\/selbstbestimmte-smartphone-nutzung\/reset-der-test-zur-smartphone-nutzung.html\" target=\"_blank\">Selbstest \u00abReSeT\u00bb<\/a><\/strong>, der Universit\u00e4t Duisburg-Essen und der Landesanstalt f\u00fcr Medien NRW, schildert zw\u00f6lf Alltagssituationen und stellt jeweils drei m\u00f6gliche Reaktionen zur Auswahl. Dabei gibt es keine richtigen oder falschen Antworten. Der Test wurde im Rahmen eines <a rel=\"noreferrer noopener\" href=\"https:\/\/www.medienanstalt-nrw.de\/foerderung\/medienkompetenz\/selbstbestimmte-smartphone-nutzung\/smartphone-und-internetnutzungskompetenz-von-jugendlichen-unterstuetzen.html\" target=\"_blank\"><strong>Forschungsprojekts<\/strong> <\/a>entwickelt, welches das Ziel hatte, die Internetnutzungskompetenz der Jugendlichen zu unterst\u00fctzen. <\/p>\n\n\n\n<p>Die Fragen k\u00f6nnen von Sekundarsch\u00fclerinnen und -sch\u00fclern gut bearbeitet werden. Der <a rel=\"noreferrer noopener\" href=\"https:\/\/www.medienanstalt-nrw.de\/foerderung\/medienkompetenz\/selbstbestimmte-smartphone-nutzung\/reset-der-test-zur-smartphone-nutzung.html\" target=\"_blank\"><strong>Selbsttest<\/strong> <\/a>regt  zum Nachdenken und Diskutieren in der Klasse an, denn die  geschilderten Situationen sind vielen von uns hinl\u00e4nglich bekannt. Es bietet sich an, damit einzelne Aspekte des Kompetenzbereichs \u00ab<strong><a rel=\"noreferrer noopener\" href=\"https:\/\/tg.lehrplan.ch\/index.php?code=a|10|0|1|0|1\" target=\"_blank\">MI 1.1 Leben in der Mediengesellschaft<\/a><\/strong>\u00bb zu bearbeiten.<\/p>\n\n\n\n<p>Am Ende des Fragenkatalogs erh\u00e4lt man ein Feedback zur eigenen Smartphone-Nutzung. Dieses erfolgt in Form einer Einstufung innerhalb einer Punkteskala von 0 bis 120. Je weniger Punkte, desto st\u00e4rker wird der Alltag durch die Nutzung des Smartphones beeinflusst. Neben der Onlineversion steht auch eine <strong><a rel=\"noreferrer noopener\" href=\"https:\/\/www.medienanstalt-nrw.de\/fileadmin\/user_upload\/lfm-nrw\/Foerderung\/Forschung\/Dateien_Forschung\/ReSet-Fragebogen_Kopiervorlage_Final.pdf\" target=\"_blank\">Kopiervorlage<\/a><\/strong> des Selbsttests zur Verf\u00fcgung. <\/p>\n\n\n\n<p>\u00abDar\u00fcber hinaus ist der Test kein diagnostisches oder therapeutisches Testinstrument im klinischen Sinne. Vielmehr geht es darum, sich sein pers\u00f6nliches Handyverhalten vor Augen zu f\u00fchren und es hinsichtlich eigener Ma\u00dfst\u00e4be zu beurteilen.\u00bb<\/p>\n\n\n\n<p class=\"has-small-font-size\">Bild: Screenshot www.medienanstalt-nrw.de<\/p>\n<div data-animation=\"no-animation\" data-icons-animation=\"no-animation\" data-overlay=\"\" data-change-size=\"\" data-button-size=\"0.7\" style=\"font-size:0.7em!important;display:none;\" class=\"supsystic-social-sharing supsystic-social-sharing-package-flat supsystic-social-sharing-spacing supsystic-social-sharing-content supsystic-social-sharing-content-align-left\" data-text=\"\"><a data-networks=\"[]\" class=\"social-sharing-button sharer-flat sharer-flat-1 counter-standard without-counter tooltip-icon facebook\" target=\"_blank\" title=\"auf Facebook teilen\" href=\"http:\/\/www.facebook.com\/sharer.php?u=https%3A%2F%2Fmia.phtg.ch%2F%3Fp%3D824\" data-main-href=\"http:\/\/www.facebook.com\/sharer.php?u={url}\" data-nid=\"1\" data-name=\"\" data-pid=\"1\" data-post-id=\"824\" data-url=\"https:\/\/mia.phtg.ch\/wp-admin\/admin-ajax.php\" rel=\"nofollow\" data-mailto=\"\"><i class=\"fa-ssbs fa-ssbs-fw fa-ssbs-facebook\"><\/i><div class=\"counter-wrap standard\"><span class=\"counter\">0<\/span><\/div><\/a><a data-networks=\"[]\" class=\"social-sharing-button sharer-flat sharer-flat-1 counter-standard without-counter tooltip-icon twitter\" target=\"_blank\" title=\"auf Twitter teilen\" href=\"https:\/\/twitter.com\/share?url=https%3A%2F%2Fmia.phtg.ch%2F%3Fp%3D824&text=Selbsttest+zur+Smartphone-Nutzung\" data-main-href=\"https:\/\/twitter.com\/share?url={url}&text={title}\" data-nid=\"2\" data-name=\"\" data-pid=\"1\" data-post-id=\"824\" data-url=\"https:\/\/mia.phtg.ch\/wp-admin\/admin-ajax.php\" rel=\"nofollow\" data-mailto=\"\"><i class=\"fa-ssbs fa-ssbs-fw fa-ssbs-twitter\"><\/i><div class=\"counter-wrap standard\"><span class=\"counter\">0<\/span><\/div><\/a><a data-networks=\"[]\" class=\"social-sharing-button sharer-flat sharer-flat-1 counter-standard without-counter tooltip-icon linkedin\" target=\"_blank\" title=\"auf Linkedin teilen\" href=\"https:\/\/www.linkedin.com\/shareArticle?mini=true&title=Selbsttest+zur+Smartphone-Nutzung&url=https%3A%2F%2Fmia.phtg.ch%2F%3Fp%3D824\" data-main-href=\"https:\/\/www.linkedin.com\/shareArticle?mini=true&title={title}&url={url}\" data-nid=\"13\" data-name=\"\" data-pid=\"1\" data-post-id=\"824\" data-url=\"https:\/\/mia.phtg.ch\/wp-admin\/admin-ajax.php\" rel=\"nofollow\" data-mailto=\"\"><i class=\"fa-ssbs fa-ssbs-fw fa-ssbs-linkedin\"><\/i><div class=\"counter-wrap standard\"><span class=\"counter\">0<\/span><\/div><\/a><a data-networks=\"[]\" class=\"social-sharing-button sharer-flat sharer-flat-1 counter-standard without-counter tooltip-icon mail\" target=\"_blank\" title=\"per E-Mail teilen\" href=\"#\" data-main-href=\"#\" data-nid=\"16\" data-name=\"\" data-pid=\"1\" data-post-id=\"824\" data-url=\"https:\/\/mia.phtg.ch\/wp-admin\/admin-ajax.php\" rel=\"nofollow\" data-mailto=\"\"><i class=\"fa-ssbs fa-ssbs-fw fa-ssbs-envelope-o\"><\/i><div class=\"counter-wrap standard\"><span class=\"counter\">0<\/span><\/div><\/a><\/div>","protected":false},"excerpt":{"rendered":"<p>Wie sehr wird unser Alltag durch das Smartphone beeinflusst? Der Selbstest \u00abReSeT\u00bb, der Universit\u00e4t Duisburg-Essen und der Landesanstalt f\u00fcr Medien NRW, schildert zw\u00f6lf Alltagssituationen und&hellip;<\/p>\n<div data-animation=\"no-animation\" data-icons-animation=\"no-animation\" data-overlay=\"\" data-change-size=\"\" data-button-size=\"0.7\" style=\"font-size:0.7em!important;display:none;\" class=\"supsystic-social-sharing supsystic-social-sharing-package-flat supsystic-social-sharing-spacing supsystic-social-sharing-content supsystic-social-sharing-content-align-left\" data-text=\"\"><a data-networks=\"[]\" class=\"social-sharing-button sharer-flat sharer-flat-1 counter-standard without-counter tooltip-icon facebook\" target=\"_blank\" title=\"auf Facebook teilen\" href=\"http:\/\/www.facebook.com\/sharer.php?u=https%3A%2F%2Fmia.phtg.ch%2F%3Fp%3D824\" data-main-href=\"http:\/\/www.facebook.com\/sharer.php?u={url}\" data-nid=\"1\" data-name=\"\" data-pid=\"1\" data-post-id=\"824\" data-url=\"https:\/\/mia.phtg.ch\/wp-admin\/admin-ajax.php\" rel=\"nofollow\" data-mailto=\"\"><i class=\"fa-ssbs fa-ssbs-fw fa-ssbs-facebook\"><\/i><div class=\"counter-wrap standard\"><span class=\"counter\">0<\/span><\/div><\/a><a data-networks=\"[]\" class=\"social-sharing-button sharer-flat sharer-flat-1 counter-standard without-counter tooltip-icon twitter\" target=\"_blank\" title=\"auf Twitter teilen\" href=\"https:\/\/twitter.com\/share?url=https%3A%2F%2Fmia.phtg.ch%2F%3Fp%3D824&text=Selbsttest+zur+Smartphone-Nutzung\" data-main-href=\"https:\/\/twitter.com\/share?url={url}&text={title}\" data-nid=\"2\" data-name=\"\" data-pid=\"1\" data-post-id=\"824\" data-url=\"https:\/\/mia.phtg.ch\/wp-admin\/admin-ajax.php\" rel=\"nofollow\" data-mailto=\"\"><i class=\"fa-ssbs fa-ssbs-fw fa-ssbs-twitter\"><\/i><div class=\"counter-wrap standard\"><span class=\"counter\">0<\/span><\/div><\/a><a data-networks=\"[]\" class=\"social-sharing-button sharer-flat sharer-flat-1 counter-standard without-counter tooltip-icon linkedin\" target=\"_blank\" title=\"auf Linkedin teilen\" href=\"https:\/\/www.linkedin.com\/shareArticle?mini=true&title=Selbsttest+zur+Smartphone-Nutzung&url=https%3A%2F%2Fmia.phtg.ch%2F%3Fp%3D824\" data-main-href=\"https:\/\/www.linkedin.com\/shareArticle?mini=true&title={title}&url={url}\" data-nid=\"13\" data-name=\"\" data-pid=\"1\" data-post-id=\"824\" data-url=\"https:\/\/mia.phtg.ch\/wp-admin\/admin-ajax.php\" rel=\"nofollow\" data-mailto=\"\"><i class=\"fa-ssbs fa-ssbs-fw fa-ssbs-linkedin\"><\/i><div class=\"counter-wrap standard\"><span class=\"counter\">0<\/span><\/div><\/a><a data-networks=\"[]\" class=\"social-sharing-button sharer-flat sharer-flat-1 counter-standard without-counter tooltip-icon mail\" target=\"_blank\" title=\"per E-Mail teilen\" href=\"#\" data-main-href=\"#\" data-nid=\"16\" data-name=\"\" data-pid=\"1\" data-post-id=\"824\" data-url=\"https:\/\/mia.phtg.ch\/wp-admin\/admin-ajax.php\" rel=\"nofollow\" data-mailto=\"\"><i class=\"fa-ssbs fa-ssbs-fw fa-ssbs-envelope-o\"><\/i><div class=\"counter-wrap standard\"><span class=\"counter\">0<\/span><\/div><\/a><\/div>","protected":false},"author":17,"featured_media":825,"comment_status":"open","ping_status":"open","sticky":false,"template":"","format":"standard","meta":{"footnotes":""},"categories":[10,4,137],"tags":[123,73,75,162,125],"class_list":["post-824","post","type-post","status-publish","format-standard","has-post-thumbnail","hentry","category-medien","category-online","category-unterricht","tag-leben-in-der-mediengesellschaft","tag-mediennutzung","tag-smartphone","tag-sucht","tag-zyklus-3"],"_links":{"self":[{"href":"https:\/\/mia.phtg.ch\/index.php?rest_route=\/wp\/v2\/posts\/824","targetHints":{"allow":["GET"]}}],"collection":[{"href":"https:\/\/mia.phtg.ch\/index.php?rest_route=\/wp\/v2\/posts"}],"about":[{"href":"https:\/\/mia.phtg.ch\/index.php?rest_route=\/wp\/v2\/types\/post"}],"author":[{"embeddable":true,"href":"https:\/\/mia.phtg.ch\/index.php?rest_route=\/wp\/v2\/users\/17"}],"replies":[{"embeddable":true,"href":"https:\/\/mia.phtg.ch\/index.php?rest_route=%2Fwp%2Fv2%2Fcomments&post=824"}],"version-history":[{"count":21,"href":"https:\/\/mia.phtg.ch\/index.php?rest_route=\/wp\/v2\/posts\/824\/revisions"}],"predecessor-version":[{"id":883,"href":"https:\/\/mia.phtg.ch\/index.php?rest_route=\/wp\/v2\/posts\/824\/revisions\/883"}],"wp:featuredmedia":[{"embeddable":true,"href":"https:\/\/mia.phtg.ch\/index.php?rest_route=\/wp\/v2\/media\/825"}],"wp:attachment":[{"href":"https:\/\/mia.phtg.ch\/index.php?rest_route=%2Fwp%2Fv2%2Fmedia&parent=824"}],"wp:term":[{"taxonomy":"category","embeddable":true,"href":"https:\/\/mia.phtg.ch\/index.php?rest_route=%2Fwp%2Fv2%2Fcategories&post=824"},{"taxonomy":"post_tag","embeddable":true,"href":"https:\/\/mia.phtg.ch\/index.php?rest_route=%2Fwp%2Fv2%2Ftags&post=824"}],"curies":[{"name":"wp","href":"https:\/\/api.w.org\/{rel}","templated":true}]}}