{"id":958,"date":"2019-08-30T08:33:07","date_gmt":"2019-08-30T06:33:07","guid":{"rendered":"https:\/\/mia.phtg.ch\/?p=958"},"modified":"2019-08-30T08:35:51","modified_gmt":"2019-08-30T06:35:51","slug":"jamesfocus-bericht-2019-digitale-medien-im-unterricht","status":"publish","type":"post","link":"https:\/\/mia.phtg.ch\/?p=958","title":{"rendered":"JAMESfocus-Bericht 2019: Digitale Medien im Unterricht"},"content":{"rendered":"\n<p>Der im August 2019 erschienene&nbsp;<a rel=\"noreferrer noopener\" href=\"https:\/\/www.zhaw.ch\/storage\/psychologie\/upload\/forschung\/medienpsychologie\/james\/jamesfocus\/2019\/JAMESfocus_Digitale_Medien_im_Unterricht_de.pdf\" target=\"_blank\">JAMESfocus-Bericht<\/a>&nbsp;zeigt auf, welche Erfahrungen, Meinungen und allenfalls Bef\u00fcrchtungen die Lehrpersonen hinsichtlich digitaler Medien im Unterricht haben. W\u00e4hrend bisherige Berichte auf Angaben von Jugendlichen aus der JAMES-Erhebung basierten, wurden f\u00fcr den vorliegenden Bericht &#171;Digitale Medien im Unterricht&#187; zus\u00e4tzlich \u00fcber 100 Lehrerinnen und Lehrer der Sekundarstufe I und II befragt. Der Bericht erm\u00f6glicht, die Mediennutzung aus der Perspektive der Lehrpersonen zu betrachten.<\/p>\n\n\n\n<p>Im Rahmen der Einf\u00fchrung des LP21 wurde an vielen Schulen in die Hardware-Ausstattung investiert.&nbsp;Die digitalen Technologien pr\u00e4gen den Schulalltag immer st\u00e4rker. Bei solchen Ver\u00e4nderungen stehen die Lehrpersonen im Fokus, denn sie sollen bei der Unterrichtsgestaltung die Medien sinnvoll einsetzen und die Medienkompetenz der Sch\u00fclerinnen und Sch\u00fcler st\u00e4rken.<\/p>\n\n\n\n<p>Die erste Frage bezieht sich auf die technische Ausstattung in der Schule (Abb. 1). Computerr\u00e4ume und WLAN geh\u00f6ren in den meisten Schulen zur Grundausstattung. In den Klassenzimmern werden meist mobile Ger\u00e4te anstelle von Feststationen eingesetzt. Generell bezeichnen 61% der Befragten die technische Ausstattung an der Schule als eher gut oder sehr gut.<\/p>\n\n\n\n<figure class=\"wp-block-image\"><img loading=\"lazy\" decoding=\"async\" width=\"1024\" height=\"498\" src=\"https:\/\/mia.phtg.ch\/wp-content\/uploads\/2019\/08\/JAMES_TechnischeA-1024x498.png\" alt=\"\" class=\"wp-image-955\" srcset=\"https:\/\/mia.phtg.ch\/wp-content\/uploads\/2019\/08\/JAMES_TechnischeA-1024x498.png 1024w, https:\/\/mia.phtg.ch\/wp-content\/uploads\/2019\/08\/JAMES_TechnischeA-300x146.png 300w, https:\/\/mia.phtg.ch\/wp-content\/uploads\/2019\/08\/JAMES_TechnischeA-768x374.png 768w, https:\/\/mia.phtg.ch\/wp-content\/uploads\/2019\/08\/JAMES_TechnischeA.png 1464w\" sizes=\"auto, (max-width: 1024px) 100vw, 1024px\" \/><\/figure>\n\n\n\n<p>Abb.1: Technische Ausstattung in der Schule<\/p>\n\n\n\n<p><em>Quelle: JAMESfocus-Bericht 2019, S. 7<\/em><\/p>\n\n\n\n<p>Die zweite Frage m\u00f6chte aufzeigen, wie digitale Medien im Unterricht durch die Lehrpersonen oder Sch\u00fclerinnen und Sch\u00fcler genutzt werden. Die erste Auswertung zeigt, dass die Ger\u00e4te von Lehrpersonen h\u00e4ufig f\u00fcr Recherchen, Pr\u00e4sentationen und Erkl\u00e4rungen zu Hard- und Software&nbsp;eingesetzt werden.&nbsp;<\/p>\n\n\n\n<figure class=\"wp-block-image\"><img loading=\"lazy\" decoding=\"async\" width=\"1024\" height=\"333\" src=\"https:\/\/mia.phtg.ch\/wp-content\/uploads\/2019\/08\/JAMES_TaetigkeitLP-1024x333.png\" alt=\"\" class=\"wp-image-956\" srcset=\"https:\/\/mia.phtg.ch\/wp-content\/uploads\/2019\/08\/JAMES_TaetigkeitLP-1024x333.png 1024w, https:\/\/mia.phtg.ch\/wp-content\/uploads\/2019\/08\/JAMES_TaetigkeitLP-300x98.png 300w, https:\/\/mia.phtg.ch\/wp-content\/uploads\/2019\/08\/JAMES_TaetigkeitLP-768x250.png 768w, https:\/\/mia.phtg.ch\/wp-content\/uploads\/2019\/08\/JAMES_TaetigkeitLP.png 1462w\" sizes=\"auto, (max-width: 1024px) 100vw, 1024px\" \/><\/figure>\n\n\n\n<p>Abb.2: T\u00e4tigkeiten der Lehrpersonen mithilfe digitaler Ger\u00e4te <\/p>\n\n\n\n<p><em>Quelle: JAMESfocus-Bericht 2019, S. 10<\/em><\/p>\n\n\n\n<p>Die Lehrpersonen wurden auch befragt, wof\u00fcr die Sch\u00fclerinnen und Sch\u00fcler die digitalen Ger\u00e4te nutzen. Die Auswertung zeigt, dass auch hier Recherchieren oder Pr\u00e4sentieren am h\u00e4ufigsten genannt wurden. Die Arbeit mit Lernprogrammen und Lernplattformen, sowie das Produzieren von digitalen Inhalten wurden ebenfalls h\u00e4ufig genannt. Diese Kompetenzen sind im Lehrplanmodul &#171;Medien und Informatik&#187; im Bereich Anwendungskompetenzen verankert.&nbsp;<\/p>\n\n\n\n<p>Auff\u00e4llig ist hier, dass&nbsp;&nbsp;Deutschschweizer Sch\u00fclerinnen und Sch\u00fcler diese Arbeitsformen weit h\u00e4ufiger nutzen k\u00f6nnen als ihre Westschweizer Kolleginnen und Kollegen.<\/p>\n\n\n\n<figure class=\"wp-block-image\"><img loading=\"lazy\" decoding=\"async\" width=\"1024\" height=\"462\" src=\"https:\/\/mia.phtg.ch\/wp-content\/uploads\/2019\/08\/JAMES_Taetigkeit_SUS-1024x462.png\" alt=\"\" class=\"wp-image-957\" srcset=\"https:\/\/mia.phtg.ch\/wp-content\/uploads\/2019\/08\/JAMES_Taetigkeit_SUS-1024x462.png 1024w, https:\/\/mia.phtg.ch\/wp-content\/uploads\/2019\/08\/JAMES_Taetigkeit_SUS-300x135.png 300w, https:\/\/mia.phtg.ch\/wp-content\/uploads\/2019\/08\/JAMES_Taetigkeit_SUS-768x347.png 768w, https:\/\/mia.phtg.ch\/wp-content\/uploads\/2019\/08\/JAMES_Taetigkeit_SUS.png 1436w\" sizes=\"auto, (max-width: 1024px) 100vw, 1024px\" \/><\/figure>\n\n\n\n<p>Abb.3: T\u00e4tigkeiten der Sch\u00fcler\/innen mithilfe digitaler Ger\u00e4te<\/p>\n\n\n\n<p><em>Quelle: JAMESfocus-Bericht 2019, S. 11<\/em><\/p>\n\n\n\n<p>Der Bericht beleuchtet nebenbei viele weitere Fragen: Welche Chancen, Probleme (vgl. Abb. 4 und 5) und Herausforderungen bez\u00fcglich Lehrplanmodul \u00abMedien und Informatik\u00bb werden von den Lehrpersonen der Sekundarstufe genannt? Welche Vor- und Nachteile von digitalen Medien im Unterricht sehen die Lehrpersonen?<\/p>\n\n\n\n<p>Die vielseitige Anwendbarkeit der digitalen Ger\u00e4te erachten die meisten Lehrpersonen als grosses Plus. Zudem k\u00f6nne der verantwortungsvolle Umgang mit den digitalen Medien konkret in der Anwendung gelernt werden. Die Individualisierung des Lernens durch die Digitalisierung wird von 16 Befragten als Chance genannt.<\/p>\n\n\n\n<p>Die beiden Wortwolken zeigen die Themenfelder, wo Chancen und Probleme durch den Einsatz der digitalen Medien gesehen werden:<\/p>\n\n\n\n<figure class=\"wp-block-image\"><img loading=\"lazy\" decoding=\"async\" width=\"862\" height=\"211\" src=\"https:\/\/mia.phtg.ch\/wp-content\/uploads\/2019\/08\/Chancen.png\" alt=\"\" class=\"wp-image-982\" srcset=\"https:\/\/mia.phtg.ch\/wp-content\/uploads\/2019\/08\/Chancen.png 862w, https:\/\/mia.phtg.ch\/wp-content\/uploads\/2019\/08\/Chancen-300x73.png 300w, https:\/\/mia.phtg.ch\/wp-content\/uploads\/2019\/08\/Chancen-768x188.png 768w\" sizes=\"auto, (max-width: 862px) 100vw, 862px\" \/><\/figure>\n\n\n\n<p>Abb. 4: Chancen von digitalen Medien f\u00fcr den Unterricht<\/p>\n\n\n\n<figure class=\"wp-block-image\"><img loading=\"lazy\" decoding=\"async\" width=\"939\" height=\"309\" src=\"https:\/\/mia.phtg.ch\/wp-content\/uploads\/2019\/08\/Bildschirmfoto-2019-08-27-um-09.19.37.png\" alt=\"\" class=\"wp-image-933\" srcset=\"https:\/\/mia.phtg.ch\/wp-content\/uploads\/2019\/08\/Bildschirmfoto-2019-08-27-um-09.19.37.png 939w, https:\/\/mia.phtg.ch\/wp-content\/uploads\/2019\/08\/Bildschirmfoto-2019-08-27-um-09.19.37-300x99.png 300w, https:\/\/mia.phtg.ch\/wp-content\/uploads\/2019\/08\/Bildschirmfoto-2019-08-27-um-09.19.37-768x253.png 768w\" sizes=\"auto, (max-width: 939px) 100vw, 939px\" \/><\/figure>\n\n\n\n<p>Abb. 5: Probleme von digitalen Medien f\u00fcr den Unterricht<\/p>\n\n\n\n<p><em>Quelle: JAMESFocus-Bericht 2019, S. 15<\/em><\/p>\n\n\n\n<p>Nebst diesen offenen Fragen konnten die Lehrpersonen anhand vorgegebener Aussagen Stellung nehmen zu verschiedenen Vor- und Nachteilen, welche digitale Medien f\u00fcr den Unterricht haben k\u00f6nnen. Einige Lehrpersonen (47%) meinen, dass der Einsatz von digitalen Medien etwa gleich viele Vor- wie Nachteile mit sich bringt. 46% der Befragten sehen dabei mehr Vorteile, w\u00e4hrend 7% mehr Nachteile nennen.<\/p>\n\n\n\n<p>Der&nbsp;<a rel=\"noreferrer noopener\" href=\"https:\/\/www.zhaw.ch\/storage\/psychologie\/upload\/forschung\/medienpsychologie\/james\/jamesfocus\/2019\/JAMESfocus_Digitale_Medien_im_Unterricht_de.pdf\" target=\"_blank\">vollst\u00e4ndige Bericht<\/a>&nbsp;ist auf der Website der Z\u00fcrcher Hochschule f\u00fcr Angewandte Wissenschaften ZHAW zu finden.<\/p>\n\n\n\n<hr class=\"wp-block-separator\"\/>\n<div data-animation=\"no-animation\" data-icons-animation=\"no-animation\" data-overlay=\"\" data-change-size=\"\" data-button-size=\"0.7\" style=\"font-size:0.7em!important;display:none;\" class=\"supsystic-social-sharing supsystic-social-sharing-package-flat supsystic-social-sharing-spacing supsystic-social-sharing-content supsystic-social-sharing-content-align-left\" data-text=\"\"><a data-networks=\"[]\" class=\"social-sharing-button sharer-flat sharer-flat-1 counter-standard without-counter tooltip-icon facebook\" target=\"_blank\" title=\"auf Facebook teilen\" href=\"http:\/\/www.facebook.com\/sharer.php?u=https%3A%2F%2Fmia.phtg.ch%2F%3Fp%3D958\" data-main-href=\"http:\/\/www.facebook.com\/sharer.php?u={url}\" data-nid=\"1\" data-name=\"\" data-pid=\"1\" data-post-id=\"958\" data-url=\"https:\/\/mia.phtg.ch\/wp-admin\/admin-ajax.php\" rel=\"nofollow\" data-mailto=\"\"><i class=\"fa-ssbs fa-ssbs-fw fa-ssbs-facebook\"><\/i><div class=\"counter-wrap standard\"><span class=\"counter\">0<\/span><\/div><\/a><a data-networks=\"[]\" class=\"social-sharing-button sharer-flat sharer-flat-1 counter-standard without-counter tooltip-icon twitter\" target=\"_blank\" title=\"auf Twitter teilen\" href=\"https:\/\/twitter.com\/share?url=https%3A%2F%2Fmia.phtg.ch%2F%3Fp%3D958&text=JAMESfocus-Bericht+2019%3A+Digitale+Medien+im+Unterricht\" data-main-href=\"https:\/\/twitter.com\/share?url={url}&text={title}\" data-nid=\"2\" data-name=\"\" data-pid=\"1\" data-post-id=\"958\" data-url=\"https:\/\/mia.phtg.ch\/wp-admin\/admin-ajax.php\" rel=\"nofollow\" data-mailto=\"\"><i class=\"fa-ssbs fa-ssbs-fw fa-ssbs-twitter\"><\/i><div class=\"counter-wrap standard\"><span class=\"counter\">0<\/span><\/div><\/a><a data-networks=\"[]\" class=\"social-sharing-button sharer-flat sharer-flat-1 counter-standard without-counter tooltip-icon linkedin\" target=\"_blank\" title=\"auf Linkedin teilen\" href=\"https:\/\/www.linkedin.com\/shareArticle?mini=true&title=JAMESfocus-Bericht+2019%3A+Digitale+Medien+im+Unterricht&url=https%3A%2F%2Fmia.phtg.ch%2F%3Fp%3D958\" data-main-href=\"https:\/\/www.linkedin.com\/shareArticle?mini=true&title={title}&url={url}\" data-nid=\"13\" data-name=\"\" data-pid=\"1\" data-post-id=\"958\" data-url=\"https:\/\/mia.phtg.ch\/wp-admin\/admin-ajax.php\" rel=\"nofollow\" data-mailto=\"\"><i class=\"fa-ssbs fa-ssbs-fw fa-ssbs-linkedin\"><\/i><div class=\"counter-wrap standard\"><span class=\"counter\">0<\/span><\/div><\/a><a data-networks=\"[]\" class=\"social-sharing-button sharer-flat sharer-flat-1 counter-standard without-counter tooltip-icon mail\" target=\"_blank\" title=\"per E-Mail teilen\" href=\"#\" data-main-href=\"#\" data-nid=\"16\" data-name=\"\" data-pid=\"1\" data-post-id=\"958\" data-url=\"https:\/\/mia.phtg.ch\/wp-admin\/admin-ajax.php\" rel=\"nofollow\" data-mailto=\"\"><i class=\"fa-ssbs fa-ssbs-fw fa-ssbs-envelope-o\"><\/i><div class=\"counter-wrap standard\"><span class=\"counter\">0<\/span><\/div><\/a><\/div>","protected":false},"excerpt":{"rendered":"<p>Der im August 2019 erschienene&nbsp;JAMESfocus-Bericht&nbsp;zeigt auf, welche Erfahrungen, Meinungen und allenfalls Bef\u00fcrchtungen die Lehrpersonen hinsichtlich digitaler Medien im Unterricht haben. W\u00e4hrend bisherige Berichte auf Angaben&hellip;<\/p>\n<div data-animation=\"no-animation\" data-icons-animation=\"no-animation\" data-overlay=\"\" data-change-size=\"\" data-button-size=\"0.7\" style=\"font-size:0.7em!important;display:none;\" class=\"supsystic-social-sharing supsystic-social-sharing-package-flat supsystic-social-sharing-spacing supsystic-social-sharing-content supsystic-social-sharing-content-align-left\" data-text=\"\"><a data-networks=\"[]\" class=\"social-sharing-button sharer-flat sharer-flat-1 counter-standard without-counter tooltip-icon facebook\" target=\"_blank\" title=\"auf Facebook teilen\" href=\"http:\/\/www.facebook.com\/sharer.php?u=https%3A%2F%2Fmia.phtg.ch%2F%3Fp%3D958\" data-main-href=\"http:\/\/www.facebook.com\/sharer.php?u={url}\" data-nid=\"1\" data-name=\"\" data-pid=\"1\" data-post-id=\"958\" data-url=\"https:\/\/mia.phtg.ch\/wp-admin\/admin-ajax.php\" rel=\"nofollow\" data-mailto=\"\"><i class=\"fa-ssbs fa-ssbs-fw fa-ssbs-facebook\"><\/i><div class=\"counter-wrap standard\"><span class=\"counter\">0<\/span><\/div><\/a><a data-networks=\"[]\" class=\"social-sharing-button sharer-flat sharer-flat-1 counter-standard without-counter tooltip-icon twitter\" target=\"_blank\" title=\"auf Twitter teilen\" href=\"https:\/\/twitter.com\/share?url=https%3A%2F%2Fmia.phtg.ch%2F%3Fp%3D958&text=JAMESfocus-Bericht+2019%3A+Digitale+Medien+im+Unterricht\" data-main-href=\"https:\/\/twitter.com\/share?url={url}&text={title}\" data-nid=\"2\" data-name=\"\" data-pid=\"1\" data-post-id=\"958\" data-url=\"https:\/\/mia.phtg.ch\/wp-admin\/admin-ajax.php\" rel=\"nofollow\" data-mailto=\"\"><i class=\"fa-ssbs fa-ssbs-fw fa-ssbs-twitter\"><\/i><div class=\"counter-wrap standard\"><span class=\"counter\">0<\/span><\/div><\/a><a data-networks=\"[]\" class=\"social-sharing-button sharer-flat sharer-flat-1 counter-standard without-counter tooltip-icon linkedin\" target=\"_blank\" title=\"auf Linkedin teilen\" href=\"https:\/\/www.linkedin.com\/shareArticle?mini=true&title=JAMESfocus-Bericht+2019%3A+Digitale+Medien+im+Unterricht&url=https%3A%2F%2Fmia.phtg.ch%2F%3Fp%3D958\" data-main-href=\"https:\/\/www.linkedin.com\/shareArticle?mini=true&title={title}&url={url}\" data-nid=\"13\" data-name=\"\" data-pid=\"1\" data-post-id=\"958\" data-url=\"https:\/\/mia.phtg.ch\/wp-admin\/admin-ajax.php\" rel=\"nofollow\" data-mailto=\"\"><i class=\"fa-ssbs fa-ssbs-fw fa-ssbs-linkedin\"><\/i><div class=\"counter-wrap standard\"><span class=\"counter\">0<\/span><\/div><\/a><a data-networks=\"[]\" class=\"social-sharing-button sharer-flat sharer-flat-1 counter-standard without-counter tooltip-icon mail\" target=\"_blank\" title=\"per E-Mail teilen\" href=\"#\" data-main-href=\"#\" data-nid=\"16\" data-name=\"\" data-pid=\"1\" data-post-id=\"958\" data-url=\"https:\/\/mia.phtg.ch\/wp-admin\/admin-ajax.php\" rel=\"nofollow\" data-mailto=\"\"><i class=\"fa-ssbs fa-ssbs-fw fa-ssbs-envelope-o\"><\/i><div class=\"counter-wrap standard\"><span class=\"counter\">0<\/span><\/div><\/a><\/div>","protected":false},"author":17,"featured_media":934,"comment_status":"open","ping_status":"open","sticky":false,"template":"","format":"standard","meta":{"footnotes":""},"categories":[25,131,10,69,137],"tags":[108,16,70,81],"class_list":["post-958","post","type-post","status-publish","format-standard","has-post-thumbnail","hentry","category-anwendungskompetenzen","category-digitale-transformation","category-medien","category-studien","category-unterricht","tag-anwendungskompetenzen","tag-medien","tag-studie","tag-unterricht"],"_links":{"self":[{"href":"https:\/\/mia.phtg.ch\/index.php?rest_route=\/wp\/v2\/posts\/958","targetHints":{"allow":["GET"]}}],"collection":[{"href":"https:\/\/mia.phtg.ch\/index.php?rest_route=\/wp\/v2\/posts"}],"about":[{"href":"https:\/\/mia.phtg.ch\/index.php?rest_route=\/wp\/v2\/types\/post"}],"author":[{"embeddable":true,"href":"https:\/\/mia.phtg.ch\/index.php?rest_route=\/wp\/v2\/users\/17"}],"replies":[{"embeddable":true,"href":"https:\/\/mia.phtg.ch\/index.php?rest_route=%2Fwp%2Fv2%2Fcomments&post=958"}],"version-history":[{"count":21,"href":"https:\/\/mia.phtg.ch\/index.php?rest_route=\/wp\/v2\/posts\/958\/revisions"}],"predecessor-version":[{"id":987,"href":"https:\/\/mia.phtg.ch\/index.php?rest_route=\/wp\/v2\/posts\/958\/revisions\/987"}],"wp:featuredmedia":[{"embeddable":true,"href":"https:\/\/mia.phtg.ch\/index.php?rest_route=\/wp\/v2\/media\/934"}],"wp:attachment":[{"href":"https:\/\/mia.phtg.ch\/index.php?rest_route=%2Fwp%2Fv2%2Fmedia&parent=958"}],"wp:term":[{"taxonomy":"category","embeddable":true,"href":"https:\/\/mia.phtg.ch\/index.php?rest_route=%2Fwp%2Fv2%2Fcategories&post=958"},{"taxonomy":"post_tag","embeddable":true,"href":"https:\/\/mia.phtg.ch\/index.php?rest_route=%2Fwp%2Fv2%2Ftags&post=958"}],"curies":[{"name":"wp","href":"https:\/\/api.w.org\/{rel}","templated":true}]}}